{"id":2646,"date":"2018-09-19T05:37:40","date_gmt":"2018-09-19T05:37:40","guid":{"rendered":"http:\/\/volcanes.net\/?p=2646"},"modified":"2018-09-19T05:37:40","modified_gmt":"2018-09-19T05:37:40","slug":"el-edomex-impulsa-la-capacitacion-en-desarrollo-urbano-sustentable","status":"publish","type":"post","link":"https:\/\/volcanes.net\/?p=2646","title":{"rendered":"El #Edom\u00e9x impulsa la capacitaci\u00f3n en desarrollo urbano sustentable"},"content":{"rendered":"<div style=\"margin-top: 0px; margin-bottom: 0px;\" class=\"sharethis-inline-share-buttons\" ><\/div><p>El Gobierno del Estado de M\u00e9xico inici\u00f3 el taller \u201cL\u00edderes de Planeaci\u00f3n de la Movilidad Urbana\u201d, impartido por especialistas del Banco Mundial y el World Resources Institute (WRI), para analizar posibles estrategias que favorezcan la movilidad urbana sustentable.<\/p>\n<p>Luis Gilberto Lim\u00f3n Ch\u00e1vez, Secretario de Comunicaciones, dio la bienvenida a los 36 funcionarios de las Secretar\u00edas de Comunicaciones, Desarrollo Urbano y Metropolitano, Movilidad, Medio Ambiente, Finanzas y Obra P\u00fablica, as\u00ed como servidores p\u00fablicos de Aguascalientes, Sinaloa y Sonora, que participan en el taller.<\/p>\n<p>Destac\u00f3 que durante las ponencias, los funcionarios conocer\u00e1n estrategias para dise\u00f1ar, implementar y desarrollar proyectos de infraestructura con mayor efectividad.<\/p>\n<p>Lim\u00f3n Ch\u00e1vez dio la bienvenida a Adriana Lobo, Directora ejecutiva de WRI, y Abel L\u00f3pez Dodero, especialista en Transporte Urbano del Banco Mundial, quienes encabezan el panel de ponentes del taller, que tiene seis a\u00f1os en M\u00e9xico y se ha impartido en pa\u00edses de Asia y Am\u00e9rica Latina.<\/p>\n<p>Realizada en la sede del Colegio de Ingenieros Civiles del Estado de M\u00e9xico, la capacitaci\u00f3n contar\u00e1 con especialistas de talla internacional, quienes ayudar\u00e1n a explotar las \u00e1reas de oportunidad de planeaci\u00f3n, estructuraci\u00f3n, implementaci\u00f3n y administraci\u00f3n de proyectos de movilidad.<\/p>\n<p>La Directora ejecutiva del WRI exhort\u00f3 a los funcionarios a aprovechar las experiencias y adaptarlas a la realidad del Estado de M\u00e9xico para generar una movilidad sustentable.<\/p>\n<p>Entre las actividades que se desarrollar\u00e1n durante la semana destacan la visita al Mexicable de Ecatepec y el an\u00e1lisis de proyectos de movilidad sustentable aplicados en ciudades como Yakarta, Medell\u00edn, Sri Lanka o Delhi.<\/p>\n","protected":false},"excerpt":{"rendered":"<p>El Gobierno del Estado de M\u00e9xico inici\u00f3 el taller \u201cL\u00edderes de Planeaci\u00f3n de la Movilidad<\/p>\n","protected":false},"author":1,"featured_media":2647,"comment_status":"open","ping_status":"open","sticky":false,"template":"","format":"standard","meta":{"footnotes":""},"categories":[1],"tags":[4],"class_list":["post-2646","post","type-post","status-publish","format-standard","has-post-thumbnail","hentry","category-municipales","tag-gobierno-del-estado-de-mexico"],"yoast_head":"<!-- This site is optimized with the Yoast SEO plugin v25.3 - https:\/\/yoast.com\/wordpress\/plugins\/seo\/ -->\n<title>El #Edom\u00e9x impulsa la capacitaci\u00f3n en desarrollo urbano sustentable - Volcanes<\/title>\n<meta name=\"robots\" content=\"index, follow, max-snippet:-1, max-image-preview:large, max-video-preview:-1\" \/>\n<link rel=\"canonical\" href=\"https:\/\/volcanes.net\/?p=2646\" \/>\n<meta property=\"og:locale\" content=\"es_MX\" \/>\n<meta property=\"og:type\" content=\"article\" \/>\n<meta property=\"og:title\" content=\"El #Edom\u00e9x impulsa la capacitaci\u00f3n en desarrollo urbano sustentable - Volcanes\" \/>\n<meta property=\"og:description\" content=\"El Gobierno del Estado de M\u00e9xico inici\u00f3 el taller \u201cL\u00edderes de Planeaci\u00f3n de la Movilidad\" \/>\n<meta property=\"og:url\" content=\"https:\/\/volcanes.net\/?p=2646\" \/>\n<meta property=\"og:site_name\" content=\"Volcanes\" \/>\n<meta property=\"article:publisher\" content=\"https:\/\/www.facebook.com\/volcanes.net\/\" \/>\n<meta property=\"article:published_time\" content=\"2018-09-19T05:37:40+00:00\" \/>\n<meta property=\"og:image\" content=\"https:\/\/volcanes.net\/wp-content\/uploads\/2018\/09\/5acf0e32-d689-48a1-92a9-d60867356005-680x454.jpg\" \/>\n\t<meta property=\"og:image:width\" content=\"680\" \/>\n\t<meta property=\"og:image:height\" content=\"454\" \/>\n\t<meta property=\"og:image:type\" content=\"image\/jpeg\" \/>\n<meta name=\"author\" content=\"admin\" \/>\n<meta name=\"twitter:card\" content=\"summary_large_image\" \/>\n<meta name=\"twitter:label1\" content=\"Escrito por\" \/>\n\t<meta name=\"twitter:data1\" content=\"admin\" \/>\n\t<meta name=\"twitter:label2\" content=\"Tiempo de lectura\" \/>\n\t<meta name=\"twitter:data2\" content=\"1 minuto\" \/>\n<script type=\"application\/ld+json\" class=\"yoast-schema-graph\">{\"@context\":\"https:\/\/schema.org\",\"@graph\":[{\"@type\":\"Article\",\"@id\":\"https:\/\/volcanes.net\/?p=2646#article\",\"isPartOf\":{\"@id\":\"https:\/\/volcanes.net\/?p=2646\"},\"author\":{\"name\":\"admin\",\"@id\":\"https:\/\/volcanes.net\/#\/schema\/person\/4bf0f383940966a4abd53f5048c0e6b9\"},\"headline\":\"El #Edom\u00e9x impulsa la capacitaci\u00f3n en desarrollo urbano sustentable\",\"datePublished\":\"2018-09-19T05:37:40+00:00\",\"mainEntityOfPage\":{\"@id\":\"https:\/\/volcanes.net\/?p=2646\"},\"wordCount\":288,\"commentCount\":0,\"publisher\":{\"@id\":\"https:\/\/volcanes.net\/#organization\"},\"image\":{\"@id\":\"https:\/\/volcanes.net\/?p=2646#primaryimage\"},\"thumbnailUrl\":\"https:\/\/volcanes.net\/wp-content\/uploads\/2018\/09\/5acf0e32-d689-48a1-92a9-d60867356005-680x454.jpg\",\"keywords\":[\"Gobierno del Estado de M\u00e9xico\"],\"articleSection\":[\"Municipales\"],\"inLanguage\":\"es\",\"potentialAction\":[{\"@type\":\"CommentAction\",\"name\":\"Comment\",\"target\":[\"https:\/\/volcanes.net\/?p=2646#respond\"]}]},{\"@type\":\"WebPage\",\"@id\":\"https:\/\/volcanes.net\/?p=2646\",\"url\":\"https:\/\/volcanes.net\/?p=2646\",\"name\":\"El #Edom\u00e9x impulsa la capacitaci\u00f3n en desarrollo urbano sustentable - Volcanes\",\"isPartOf\":{\"@id\":\"https:\/\/volcanes.net\/#website\"},\"primaryImageOfPage\":{\"@id\":\"https:\/\/volcanes.net\/?p=2646#primaryimage\"},\"image\":{\"@id\":\"https:\/\/volcanes.net\/?p=2646#primaryimage\"},\"thumbnailUrl\":\"https:\/\/volcanes.net\/wp-content\/uploads\/2018\/09\/5acf0e32-d689-48a1-92a9-d60867356005-680x454.jpg\",\"datePublished\":\"2018-09-19T05:37:40+00:00\",\"breadcrumb\":{\"@id\":\"https:\/\/volcanes.net\/?p=2646#breadcrumb\"},\"inLanguage\":\"es\",\"potentialAction\":[{\"@type\":\"ReadAction\",\"target\":[\"https:\/\/volcanes.net\/?p=2646\"]}]},{\"@type\":\"ImageObject\",\"inLanguage\":\"es\",\"@id\":\"https:\/\/volcanes.net\/?p=2646#primaryimage\",\"url\":\"https:\/\/volcanes.net\/wp-content\/uploads\/2018\/09\/5acf0e32-d689-48a1-92a9-d60867356005-680x454.jpg\",\"contentUrl\":\"https:\/\/volcanes.net\/wp-content\/uploads\/2018\/09\/5acf0e32-d689-48a1-92a9-d60867356005-680x454.jpg\",\"width\":680,\"height\":454},{\"@type\":\"BreadcrumbList\",\"@id\":\"https:\/\/volcanes.net\/?p=2646#breadcrumb\",\"itemListElement\":[{\"@type\":\"ListItem\",\"position\":1,\"name\":\"Portada\",\"item\":\"https:\/\/volcanes.net\/\"},{\"@type\":\"ListItem\",\"position\":2,\"name\":\"El #Edom\u00e9x impulsa la capacitaci\u00f3n en desarrollo urbano sustentable\"}]},{\"@type\":\"WebSite\",\"@id\":\"https:\/\/volcanes.net\/#website\",\"url\":\"https:\/\/volcanes.net\/\",\"name\":\"Volcanes.Net\",\"description\":\"Periodismo Profesional\",\"publisher\":{\"@id\":\"https:\/\/volcanes.net\/#organization\"},\"potentialAction\":[{\"@type\":\"SearchAction\",\"target\":{\"@type\":\"EntryPoint\",\"urlTemplate\":\"https:\/\/volcanes.net\/?s={search_term_string}\"},\"query-input\":{\"@type\":\"PropertyValueSpecification\",\"valueRequired\":true,\"valueName\":\"search_term_string\"}}],\"inLanguage\":\"es\"},{\"@type\":\"Organization\",\"@id\":\"https:\/\/volcanes.net\/#organization\",\"name\":\"Grupo Volcanes\",\"url\":\"https:\/\/volcanes.net\/\",\"logo\":{\"@type\":\"ImageObject\",\"inLanguage\":\"es\",\"@id\":\"https:\/\/volcanes.net\/#\/schema\/logo\/image\/\",\"url\":\"http:\/\/volcanes.net\/wp-content\/uploads\/2017\/12\/Avatar2.jpg\",\"contentUrl\":\"http:\/\/volcanes.net\/wp-content\/uploads\/2017\/12\/Avatar2.jpg\",\"width\":378,\"height\":378,\"caption\":\"Grupo Volcanes\"},\"image\":{\"@id\":\"https:\/\/volcanes.net\/#\/schema\/logo\/image\/\"},\"sameAs\":[\"https:\/\/www.facebook.com\/volcanes.net\/\"]},{\"@type\":\"Person\",\"@id\":\"https:\/\/volcanes.net\/#\/schema\/person\/4bf0f383940966a4abd53f5048c0e6b9\",\"name\":\"admin\",\"image\":{\"@type\":\"ImageObject\",\"inLanguage\":\"es\",\"@id\":\"https:\/\/volcanes.net\/#\/schema\/person\/image\/\",\"url\":\"https:\/\/secure.gravatar.com\/avatar\/ca004e6cba8462b8cb7abc86e382930c?s=96&d=mm&r=g\",\"contentUrl\":\"https:\/\/secure.gravatar.com\/avatar\/ca004e6cba8462b8cb7abc86e382930c?s=96&d=mm&r=g\",\"caption\":\"admin\"}}]}<\/script>\n<!-- \/ Yoast SEO plugin. -->","yoast_head_json":{"title":"El #Edom\u00e9x impulsa la capacitaci\u00f3n en desarrollo urbano sustentable - Volcanes","robots":{"index":"index","follow":"follow","max-snippet":"max-snippet:-1","max-image-preview":"max-image-preview:large","max-video-preview":"max-video-preview:-1"},"canonical":"https:\/\/volcanes.net\/?p=2646","og_locale":"es_MX","og_type":"article","og_title":"El #Edom\u00e9x impulsa la capacitaci\u00f3n en desarrollo urbano sustentable - Volcanes","og_description":"El Gobierno del Estado de M\u00e9xico inici\u00f3 el taller \u201cL\u00edderes de Planeaci\u00f3n de la Movilidad","og_url":"https:\/\/volcanes.net\/?p=2646","og_site_name":"Volcanes","article_publisher":"https:\/\/www.facebook.com\/volcanes.net\/","article_published_time":"2018-09-19T05:37:40+00:00","og_image":[{"width":680,"height":454,"url":"https:\/\/volcanes.net\/wp-content\/uploads\/2018\/09\/5acf0e32-d689-48a1-92a9-d60867356005-680x454.jpg","type":"image\/jpeg"}],"author":"admin","twitter_card":"summary_large_image","twitter_misc":{"Escrito por":"admin","Tiempo de lectura":"1 minuto"},"schema":{"@context":"https:\/\/schema.org","@graph":[{"@type":"Article","@id":"https:\/\/volcanes.net\/?p=2646#article","isPartOf":{"@id":"https:\/\/volcanes.net\/?p=2646"},"author":{"name":"admin","@id":"https:\/\/volcanes.net\/#\/schema\/person\/4bf0f383940966a4abd53f5048c0e6b9"},"headline":"El #Edom\u00e9x impulsa la capacitaci\u00f3n en desarrollo urbano sustentable","datePublished":"2018-09-19T05:37:40+00:00","mainEntityOfPage":{"@id":"https:\/\/volcanes.net\/?p=2646"},"wordCount":288,"commentCount":0,"publisher":{"@id":"https:\/\/volcanes.net\/#organization"},"image":{"@id":"https:\/\/volcanes.net\/?p=2646#primaryimage"},"thumbnailUrl":"https:\/\/volcanes.net\/wp-content\/uploads\/2018\/09\/5acf0e32-d689-48a1-92a9-d60867356005-680x454.jpg","keywords":["Gobierno del Estado de M\u00e9xico"],"articleSection":["Municipales"],"inLanguage":"es","potentialAction":[{"@type":"CommentAction","name":"Comment","target":["https:\/\/volcanes.net\/?p=2646#respond"]}]},{"@type":"WebPage","@id":"https:\/\/volcanes.net\/?p=2646","url":"https:\/\/volcanes.net\/?p=2646","name":"El #Edom\u00e9x impulsa la capacitaci\u00f3n en desarrollo urbano sustentable - Volcanes","isPartOf":{"@id":"https:\/\/volcanes.net\/#website"},"primaryImageOfPage":{"@id":"https:\/\/volcanes.net\/?p=2646#primaryimage"},"image":{"@id":"https:\/\/volcanes.net\/?p=2646#primaryimage"},"thumbnailUrl":"https:\/\/volcanes.net\/wp-content\/uploads\/2018\/09\/5acf0e32-d689-48a1-92a9-d60867356005-680x454.jpg","datePublished":"2018-09-19T05:37:40+00:00","breadcrumb":{"@id":"https:\/\/volcanes.net\/?p=2646#breadcrumb"},"inLanguage":"es","potentialAction":[{"@type":"ReadAction","target":["https:\/\/volcanes.net\/?p=2646"]}]},{"@type":"ImageObject","inLanguage":"es","@id":"https:\/\/volcanes.net\/?p=2646#primaryimage","url":"https:\/\/volcanes.net\/wp-content\/uploads\/2018\/09\/5acf0e32-d689-48a1-92a9-d60867356005-680x454.jpg","contentUrl":"https:\/\/volcanes.net\/wp-content\/uploads\/2018\/09\/5acf0e32-d689-48a1-92a9-d60867356005-680x454.jpg","width":680,"height":454},{"@type":"BreadcrumbList","@id":"https:\/\/volcanes.net\/?p=2646#breadcrumb","itemListElement":[{"@type":"ListItem","position":1,"name":"Portada","item":"https:\/\/volcanes.net\/"},{"@type":"ListItem","position":2,"name":"El #Edom\u00e9x impulsa la capacitaci\u00f3n en desarrollo urbano sustentable"}]},{"@type":"WebSite","@id":"https:\/\/volcanes.net\/#website","url":"https:\/\/volcanes.net\/","name":"Volcanes.Net","description":"Periodismo Profesional","publisher":{"@id":"https:\/\/volcanes.net\/#organization"},"potentialAction":[{"@type":"SearchAction","target":{"@type":"EntryPoint","urlTemplate":"https:\/\/volcanes.net\/?s={search_term_string}"},"query-input":{"@type":"PropertyValueSpecification","valueRequired":true,"valueName":"search_term_string"}}],"inLanguage":"es"},{"@type":"Organization","@id":"https:\/\/volcanes.net\/#organization","name":"Grupo Volcanes","url":"https:\/\/volcanes.net\/","logo":{"@type":"ImageObject","inLanguage":"es","@id":"https:\/\/volcanes.net\/#\/schema\/logo\/image\/","url":"http:\/\/volcanes.net\/wp-content\/uploads\/2017\/12\/Avatar2.jpg","contentUrl":"http:\/\/volcanes.net\/wp-content\/uploads\/2017\/12\/Avatar2.jpg","width":378,"height":378,"caption":"Grupo Volcanes"},"image":{"@id":"https:\/\/volcanes.net\/#\/schema\/logo\/image\/"},"sameAs":["https:\/\/www.facebook.com\/volcanes.net\/"]},{"@type":"Person","@id":"https:\/\/volcanes.net\/#\/schema\/person\/4bf0f383940966a4abd53f5048c0e6b9","name":"admin","image":{"@type":"ImageObject","inLanguage":"es","@id":"https:\/\/volcanes.net\/#\/schema\/person\/image\/","url":"https:\/\/secure.gravatar.com\/avatar\/ca004e6cba8462b8cb7abc86e382930c?s=96&d=mm&r=g","contentUrl":"https:\/\/secure.gravatar.com\/avatar\/ca004e6cba8462b8cb7abc86e382930c?s=96&d=mm&r=g","caption":"admin"}}]}},"_links":{"self":[{"href":"https:\/\/volcanes.net\/index.php?rest_route=\/wp\/v2\/posts\/2646"}],"collection":[{"href":"https:\/\/volcanes.net\/index.php?rest_route=\/wp\/v2\/posts"}],"about":[{"href":"https:\/\/volcanes.net\/index.php?rest_route=\/wp\/v2\/types\/post"}],"author":[{"embeddable":true,"href":"https:\/\/volcanes.net\/index.php?rest_route=\/wp\/v2\/users\/1"}],"replies":[{"embeddable":true,"href":"https:\/\/volcanes.net\/index.php?rest_route=%2Fwp%2Fv2%2Fcomments&post=2646"}],"version-history":[{"count":1,"href":"https:\/\/volcanes.net\/index.php?rest_route=\/wp\/v2\/posts\/2646\/revisions"}],"predecessor-version":[{"id":2648,"href":"https:\/\/volcanes.net\/index.php?rest_route=\/wp\/v2\/posts\/2646\/revisions\/2648"}],"wp:featuredmedia":[{"embeddable":true,"href":"https:\/\/volcanes.net\/index.php?rest_route=\/wp\/v2\/media\/2647"}],"wp:attachment":[{"href":"https:\/\/volcanes.net\/index.php?rest_route=%2Fwp%2Fv2%2Fmedia&parent=2646"}],"wp:term":[{"taxonomy":"category","embeddable":true,"href":"https:\/\/volcanes.net\/index.php?rest_route=%2Fwp%2Fv2%2Fcategories&post=2646"},{"taxonomy":"post_tag","embeddable":true,"href":"https:\/\/volcanes.net\/index.php?rest_route=%2Fwp%2Fv2%2Ftags&post=2646"}],"curies":[{"name":"wp","href":"https:\/\/api.w.org\/{rel}","templated":true}]}}