{"id":2649,"date":"2018-09-19T05:39:17","date_gmt":"2018-09-19T05:39:17","guid":{"rendered":"http:\/\/volcanes.net\/?p=2649"},"modified":"2018-09-19T05:39:17","modified_gmt":"2018-09-19T05:39:17","slug":"alfredo-del-mazo-y-enrique-pena-entregan-el-centro-de-adiestramiento-de-la-marina-en-valledebravo","status":"publish","type":"post","link":"https:\/\/volcanes.net\/?p=2649","title":{"rendered":"Alfredo Del Mazo y Enrique Pe\u00f1a entregan el Centro de Adiestramiento de la Marina en #ValleDeBravo"},"content":{"rendered":"<div style=\"margin-top: 0px; margin-bottom: 0px;\" class=\"sharethis-inline-share-buttons\" ><\/div><p>El Gobernador Alfredo Del Mazo Maza asegur\u00f3 que el Estado de M\u00e9xico y la Marina comparten el prop\u00f3sito de hacer del pa\u00eds una naci\u00f3n de derechos y de libertades, de leyes firmes y de instituciones fuertes, por lo que celebr\u00f3 la apertura del Centro de Entrenamiento Avanzado de esta instituci\u00f3n, en Valle de Bravo, y dijo que para los mexiquenses es un orgullo contar con este nuevo espacio, donde se preparar\u00e1n las nuevas generaciones de Marinos.<\/p>\n<p>&#8220;En estas instalaciones, las generaciones actuales y futuras de Marinos se preparar\u00e1n para enfrentar nuestros desaf\u00edos presentes y futuros con la vocaci\u00f3n de servicio, lealtad y compromiso que hacen de la Armada de M\u00e9xico, una de las instituciones m\u00e1s queridas de nuestro pa\u00eds.<\/p>\n<p>&#8220;Contar con la presencia de la Marina, a trav\u00e9s de este Centro de Formaci\u00f3n de vanguardia en el Estado de M\u00e9xico, es un verdadero orgullo&#8221;, subray\u00f3 el mandatario estatal.<\/p>\n<p>Luego de recorrer las instalaciones de este centro, junto con el Presidente de la Rep\u00fablica, Enrique Pe\u00f1a Nieto, el Gobernador Del Mazo asegur\u00f3 que las Fuerzas Armadas son guardianes de la soberan\u00eda nacional, un pilar de la gobernabilidad y garantes del r\u00e9gimen democr\u00e1tico, por lo que cuentan con la admiraci\u00f3n, el respeto y el reconocimiento de los mexicanos.<\/p>\n<p>En presencia del Almirante Vidal Sober\u00f3n Sanz, Secretario de Marina y del General Salvador Cienfuegos Zepeda, Secretario de la Defensa Nacional, Alfredo Del Mazo reconoci\u00f3 la vocaci\u00f3n de servicio que distingue a la Armada de M\u00e9xico, la cual se ha puesto al servicio de los mexiquenses que enfrentan alguna contingencia relacionada con desastres naturales o de otra naturaleza.<\/p>\n<p>&#8220;Los mexiquenses hemos podido atestiguar, en muchas ocasiones, esos principios y valores que distinguen a los integrantes de las Fuerzas Armadas, en situaciones de riesgo o desastre, en acciones de apoyo a la seguridad p\u00fablica o en jornadas de trabajo social que mejoran la calidad de vida de los ciudadanos, ah\u00ed est\u00e1n siempre solidarios&#8221;, enfatiz\u00f3.<\/p>\n<p>El mandatario tambi\u00e9n reconoci\u00f3 al Presidente Enrique Pe\u00f1a por la construcci\u00f3n de este centro, lo que consider\u00f3 una muestra del respaldo que el Gobierno de la Rep\u00fablica ha dado en todo momento a la entidad mexiquense.<\/p>\n<p>&#8220;Se\u00f1or Presidente, a nombre de los mexiquenses quiero agradecerle la decisi\u00f3n de construir en el Estado de M\u00e9xico este Centro Especializado de Entrenamiento de la Marina. Su construcci\u00f3n aqu\u00ed, en el municipio de Valle de Bravo, es una muestra m\u00e1s de su respaldo, su confianza y el cari\u00f1o que tiene por su tierra&#8221;, indic\u00f3.<\/p>\n<p>En su oportunidad, el Presidente Enrique Pe\u00f1a, agradeci\u00f3 al Gobierno del Estado de M\u00e9xico por su aportaci\u00f3n para materializar esta infraestructura militar y destac\u00f3 el papel de la Marina en las tareas de seguridad, al haber participado en m\u00e1s de 50 mil operaciones en favor de la paz.<\/p>\n<p>Al t\u00e9rmino del evento ambos mandatarios conocieron, en maqueta, las caracter\u00edsticas del nuevo Centro, el cual implic\u00f3 cuatro a\u00f1os de construcci\u00f3n; consta de \u00e1reas de adiestramiento, pista de obst\u00e1culos, campo de tiro, pista de atletismo, gimnasio, multicanchas, as\u00ed como edificios para alojar y entrenar a 2 mil 500 efectivos, comedor, cl\u00ednica, estaci\u00f3n de bomberos, comedores, cl\u00ednica, simuladores t\u00e1cticos, adem\u00e1s de un \u00e1rea especial para la reproducci\u00f3n y adiestramiento de canes.<\/p>\n<p>El Secretario de Marina, Vidal Sober\u00f3n Sanz, agradeci\u00f3 al Estado de M\u00e9xico por el apoyo en la construcci\u00f3n de este lugar y consider\u00f3 de suma importancia tener esta infraestructura, ya que fortalece la capacidad estrat\u00e9gica de los marinos, y contribuye a la profesionalizaci\u00f3n del personal, con un enfoque de respeto a los derechos humanos.<\/p>\n<p>Al evento asistieron Rafael Pacchiano Alam\u00e1n, Secretario de Medio Ambiente y Recursos Naturales; Francisco Guzm\u00e1n Ortiz, Jefe de la Oficina de la Presidencia de la Rep\u00fablica; Roberto Ram\u00edrez de la Parra, Director General de la Comisi\u00f3n Nacional del Agua, Alberto El\u00edas Beltr\u00e1n, Subprocurador Jur\u00eddico y de Asuntos Internacionales de la PGR; Renato Sales Heredia, Comisionado Nacional de Seguridad, as\u00ed como autoridades estatales, municipales y mandos militares.<\/p>\n","protected":false},"excerpt":{"rendered":"<p>El Gobernador Alfredo Del Mazo Maza asegur\u00f3 que el Estado de M\u00e9xico y la Marina<\/p>\n","protected":false},"author":1,"featured_media":2650,"comment_status":"open","ping_status":"open","sticky":false,"template":"","format":"standard","meta":{"footnotes":""},"categories":[1],"tags":[44],"class_list":["post-2649","post","type-post","status-publish","format-standard","has-post-thumbnail","hentry","category-municipales","tag-gobierno-de-la-republica"],"yoast_head":"<!-- This site is optimized with the Yoast SEO plugin v25.3 - https:\/\/yoast.com\/wordpress\/plugins\/seo\/ -->\n<title>Alfredo Del Mazo y Enrique Pe\u00f1a entregan el Centro de Adiestramiento de la Marina en #ValleDeBravo - Volcanes<\/title>\n<meta name=\"robots\" content=\"index, follow, max-snippet:-1, max-image-preview:large, max-video-preview:-1\" \/>\n<link rel=\"canonical\" href=\"https:\/\/volcanes.net\/?p=2649\" \/>\n<meta property=\"og:locale\" content=\"es_MX\" \/>\n<meta property=\"og:type\" content=\"article\" \/>\n<meta property=\"og:title\" content=\"Alfredo Del Mazo y Enrique Pe\u00f1a entregan el Centro de Adiestramiento de la Marina en #ValleDeBravo - Volcanes\" \/>\n<meta property=\"og:description\" content=\"El Gobernador Alfredo Del Mazo Maza asegur\u00f3 que el Estado de M\u00e9xico y la Marina\" \/>\n<meta property=\"og:url\" content=\"https:\/\/volcanes.net\/?p=2649\" \/>\n<meta property=\"og:site_name\" content=\"Volcanes\" \/>\n<meta property=\"article:publisher\" content=\"https:\/\/www.facebook.com\/volcanes.net\/\" \/>\n<meta property=\"article:published_time\" content=\"2018-09-19T05:39:17+00:00\" \/>\n<meta property=\"og:image\" content=\"https:\/\/volcanes.net\/wp-content\/uploads\/2018\/09\/Alfredo-Del-Mazo-Centro-de-Adiestramiento-7-680x453.jpeg\" \/>\n\t<meta property=\"og:image:width\" content=\"680\" \/>\n\t<meta property=\"og:image:height\" content=\"453\" \/>\n\t<meta property=\"og:image:type\" content=\"image\/jpeg\" \/>\n<meta name=\"author\" content=\"admin\" \/>\n<meta name=\"twitter:card\" content=\"summary_large_image\" \/>\n<meta name=\"twitter:label1\" content=\"Escrito por\" \/>\n\t<meta name=\"twitter:data1\" content=\"admin\" \/>\n\t<meta name=\"twitter:label2\" content=\"Tiempo de lectura\" \/>\n\t<meta name=\"twitter:data2\" content=\"4 minutos\" \/>\n<script type=\"application\/ld+json\" class=\"yoast-schema-graph\">{\"@context\":\"https:\/\/schema.org\",\"@graph\":[{\"@type\":\"Article\",\"@id\":\"https:\/\/volcanes.net\/?p=2649#article\",\"isPartOf\":{\"@id\":\"https:\/\/volcanes.net\/?p=2649\"},\"author\":{\"name\":\"admin\",\"@id\":\"https:\/\/volcanes.net\/#\/schema\/person\/4bf0f383940966a4abd53f5048c0e6b9\"},\"headline\":\"Alfredo Del Mazo y Enrique Pe\u00f1a entregan el Centro de Adiestramiento de la Marina en #ValleDeBravo\",\"datePublished\":\"2018-09-19T05:39:17+00:00\",\"mainEntityOfPage\":{\"@id\":\"https:\/\/volcanes.net\/?p=2649\"},\"wordCount\":725,\"commentCount\":0,\"publisher\":{\"@id\":\"https:\/\/volcanes.net\/#organization\"},\"image\":{\"@id\":\"https:\/\/volcanes.net\/?p=2649#primaryimage\"},\"thumbnailUrl\":\"https:\/\/volcanes.net\/wp-content\/uploads\/2018\/09\/Alfredo-Del-Mazo-Centro-de-Adiestramiento-7-680x453.jpeg\",\"keywords\":[\"Gobierno de la Rep\u00fablica\"],\"articleSection\":[\"Municipales\"],\"inLanguage\":\"es\",\"potentialAction\":[{\"@type\":\"CommentAction\",\"name\":\"Comment\",\"target\":[\"https:\/\/volcanes.net\/?p=2649#respond\"]}]},{\"@type\":\"WebPage\",\"@id\":\"https:\/\/volcanes.net\/?p=2649\",\"url\":\"https:\/\/volcanes.net\/?p=2649\",\"name\":\"Alfredo Del Mazo y Enrique Pe\u00f1a entregan el Centro de Adiestramiento de la Marina en #ValleDeBravo - Volcanes\",\"isPartOf\":{\"@id\":\"https:\/\/volcanes.net\/#website\"},\"primaryImageOfPage\":{\"@id\":\"https:\/\/volcanes.net\/?p=2649#primaryimage\"},\"image\":{\"@id\":\"https:\/\/volcanes.net\/?p=2649#primaryimage\"},\"thumbnailUrl\":\"https:\/\/volcanes.net\/wp-content\/uploads\/2018\/09\/Alfredo-Del-Mazo-Centro-de-Adiestramiento-7-680x453.jpeg\",\"datePublished\":\"2018-09-19T05:39:17+00:00\",\"breadcrumb\":{\"@id\":\"https:\/\/volcanes.net\/?p=2649#breadcrumb\"},\"inLanguage\":\"es\",\"potentialAction\":[{\"@type\":\"ReadAction\",\"target\":[\"https:\/\/volcanes.net\/?p=2649\"]}]},{\"@type\":\"ImageObject\",\"inLanguage\":\"es\",\"@id\":\"https:\/\/volcanes.net\/?p=2649#primaryimage\",\"url\":\"https:\/\/volcanes.net\/wp-content\/uploads\/2018\/09\/Alfredo-Del-Mazo-Centro-de-Adiestramiento-7-680x453.jpeg\",\"contentUrl\":\"https:\/\/volcanes.net\/wp-content\/uploads\/2018\/09\/Alfredo-Del-Mazo-Centro-de-Adiestramiento-7-680x453.jpeg\",\"width\":680,\"height\":453},{\"@type\":\"BreadcrumbList\",\"@id\":\"https:\/\/volcanes.net\/?p=2649#breadcrumb\",\"itemListElement\":[{\"@type\":\"ListItem\",\"position\":1,\"name\":\"Portada\",\"item\":\"https:\/\/volcanes.net\/\"},{\"@type\":\"ListItem\",\"position\":2,\"name\":\"Alfredo Del Mazo y Enrique Pe\u00f1a entregan el Centro de Adiestramiento de la Marina en #ValleDeBravo\"}]},{\"@type\":\"WebSite\",\"@id\":\"https:\/\/volcanes.net\/#website\",\"url\":\"https:\/\/volcanes.net\/\",\"name\":\"Volcanes.Net\",\"description\":\"Periodismo Profesional\",\"publisher\":{\"@id\":\"https:\/\/volcanes.net\/#organization\"},\"potentialAction\":[{\"@type\":\"SearchAction\",\"target\":{\"@type\":\"EntryPoint\",\"urlTemplate\":\"https:\/\/volcanes.net\/?s={search_term_string}\"},\"query-input\":{\"@type\":\"PropertyValueSpecification\",\"valueRequired\":true,\"valueName\":\"search_term_string\"}}],\"inLanguage\":\"es\"},{\"@type\":\"Organization\",\"@id\":\"https:\/\/volcanes.net\/#organization\",\"name\":\"Grupo Volcanes\",\"url\":\"https:\/\/volcanes.net\/\",\"logo\":{\"@type\":\"ImageObject\",\"inLanguage\":\"es\",\"@id\":\"https:\/\/volcanes.net\/#\/schema\/logo\/image\/\",\"url\":\"http:\/\/volcanes.net\/wp-content\/uploads\/2017\/12\/Avatar2.jpg\",\"contentUrl\":\"http:\/\/volcanes.net\/wp-content\/uploads\/2017\/12\/Avatar2.jpg\",\"width\":378,\"height\":378,\"caption\":\"Grupo Volcanes\"},\"image\":{\"@id\":\"https:\/\/volcanes.net\/#\/schema\/logo\/image\/\"},\"sameAs\":[\"https:\/\/www.facebook.com\/volcanes.net\/\"]},{\"@type\":\"Person\",\"@id\":\"https:\/\/volcanes.net\/#\/schema\/person\/4bf0f383940966a4abd53f5048c0e6b9\",\"name\":\"admin\",\"image\":{\"@type\":\"ImageObject\",\"inLanguage\":\"es\",\"@id\":\"https:\/\/volcanes.net\/#\/schema\/person\/image\/\",\"url\":\"https:\/\/secure.gravatar.com\/avatar\/ca004e6cba8462b8cb7abc86e382930c?s=96&d=mm&r=g\",\"contentUrl\":\"https:\/\/secure.gravatar.com\/avatar\/ca004e6cba8462b8cb7abc86e382930c?s=96&d=mm&r=g\",\"caption\":\"admin\"}}]}<\/script>\n<!-- \/ Yoast SEO plugin. -->","yoast_head_json":{"title":"Alfredo Del Mazo y Enrique Pe\u00f1a entregan el Centro de Adiestramiento de la Marina en #ValleDeBravo - Volcanes","robots":{"index":"index","follow":"follow","max-snippet":"max-snippet:-1","max-image-preview":"max-image-preview:large","max-video-preview":"max-video-preview:-1"},"canonical":"https:\/\/volcanes.net\/?p=2649","og_locale":"es_MX","og_type":"article","og_title":"Alfredo Del Mazo y Enrique Pe\u00f1a entregan el Centro de Adiestramiento de la Marina en #ValleDeBravo - Volcanes","og_description":"El Gobernador Alfredo Del Mazo Maza asegur\u00f3 que el Estado de M\u00e9xico y la Marina","og_url":"https:\/\/volcanes.net\/?p=2649","og_site_name":"Volcanes","article_publisher":"https:\/\/www.facebook.com\/volcanes.net\/","article_published_time":"2018-09-19T05:39:17+00:00","og_image":[{"width":680,"height":453,"url":"https:\/\/volcanes.net\/wp-content\/uploads\/2018\/09\/Alfredo-Del-Mazo-Centro-de-Adiestramiento-7-680x453.jpeg","type":"image\/jpeg"}],"author":"admin","twitter_card":"summary_large_image","twitter_misc":{"Escrito por":"admin","Tiempo de lectura":"4 minutos"},"schema":{"@context":"https:\/\/schema.org","@graph":[{"@type":"Article","@id":"https:\/\/volcanes.net\/?p=2649#article","isPartOf":{"@id":"https:\/\/volcanes.net\/?p=2649"},"author":{"name":"admin","@id":"https:\/\/volcanes.net\/#\/schema\/person\/4bf0f383940966a4abd53f5048c0e6b9"},"headline":"Alfredo Del Mazo y Enrique Pe\u00f1a entregan el Centro de Adiestramiento de la Marina en #ValleDeBravo","datePublished":"2018-09-19T05:39:17+00:00","mainEntityOfPage":{"@id":"https:\/\/volcanes.net\/?p=2649"},"wordCount":725,"commentCount":0,"publisher":{"@id":"https:\/\/volcanes.net\/#organization"},"image":{"@id":"https:\/\/volcanes.net\/?p=2649#primaryimage"},"thumbnailUrl":"https:\/\/volcanes.net\/wp-content\/uploads\/2018\/09\/Alfredo-Del-Mazo-Centro-de-Adiestramiento-7-680x453.jpeg","keywords":["Gobierno de la Rep\u00fablica"],"articleSection":["Municipales"],"inLanguage":"es","potentialAction":[{"@type":"CommentAction","name":"Comment","target":["https:\/\/volcanes.net\/?p=2649#respond"]}]},{"@type":"WebPage","@id":"https:\/\/volcanes.net\/?p=2649","url":"https:\/\/volcanes.net\/?p=2649","name":"Alfredo Del Mazo y Enrique Pe\u00f1a entregan el Centro de Adiestramiento de la Marina en #ValleDeBravo - Volcanes","isPartOf":{"@id":"https:\/\/volcanes.net\/#website"},"primaryImageOfPage":{"@id":"https:\/\/volcanes.net\/?p=2649#primaryimage"},"image":{"@id":"https:\/\/volcanes.net\/?p=2649#primaryimage"},"thumbnailUrl":"https:\/\/volcanes.net\/wp-content\/uploads\/2018\/09\/Alfredo-Del-Mazo-Centro-de-Adiestramiento-7-680x453.jpeg","datePublished":"2018-09-19T05:39:17+00:00","breadcrumb":{"@id":"https:\/\/volcanes.net\/?p=2649#breadcrumb"},"inLanguage":"es","potentialAction":[{"@type":"ReadAction","target":["https:\/\/volcanes.net\/?p=2649"]}]},{"@type":"ImageObject","inLanguage":"es","@id":"https:\/\/volcanes.net\/?p=2649#primaryimage","url":"https:\/\/volcanes.net\/wp-content\/uploads\/2018\/09\/Alfredo-Del-Mazo-Centro-de-Adiestramiento-7-680x453.jpeg","contentUrl":"https:\/\/volcanes.net\/wp-content\/uploads\/2018\/09\/Alfredo-Del-Mazo-Centro-de-Adiestramiento-7-680x453.jpeg","width":680,"height":453},{"@type":"BreadcrumbList","@id":"https:\/\/volcanes.net\/?p=2649#breadcrumb","itemListElement":[{"@type":"ListItem","position":1,"name":"Portada","item":"https:\/\/volcanes.net\/"},{"@type":"ListItem","position":2,"name":"Alfredo Del Mazo y Enrique Pe\u00f1a entregan el Centro de Adiestramiento de la Marina en #ValleDeBravo"}]},{"@type":"WebSite","@id":"https:\/\/volcanes.net\/#website","url":"https:\/\/volcanes.net\/","name":"Volcanes.Net","description":"Periodismo Profesional","publisher":{"@id":"https:\/\/volcanes.net\/#organization"},"potentialAction":[{"@type":"SearchAction","target":{"@type":"EntryPoint","urlTemplate":"https:\/\/volcanes.net\/?s={search_term_string}"},"query-input":{"@type":"PropertyValueSpecification","valueRequired":true,"valueName":"search_term_string"}}],"inLanguage":"es"},{"@type":"Organization","@id":"https:\/\/volcanes.net\/#organization","name":"Grupo Volcanes","url":"https:\/\/volcanes.net\/","logo":{"@type":"ImageObject","inLanguage":"es","@id":"https:\/\/volcanes.net\/#\/schema\/logo\/image\/","url":"http:\/\/volcanes.net\/wp-content\/uploads\/2017\/12\/Avatar2.jpg","contentUrl":"http:\/\/volcanes.net\/wp-content\/uploads\/2017\/12\/Avatar2.jpg","width":378,"height":378,"caption":"Grupo Volcanes"},"image":{"@id":"https:\/\/volcanes.net\/#\/schema\/logo\/image\/"},"sameAs":["https:\/\/www.facebook.com\/volcanes.net\/"]},{"@type":"Person","@id":"https:\/\/volcanes.net\/#\/schema\/person\/4bf0f383940966a4abd53f5048c0e6b9","name":"admin","image":{"@type":"ImageObject","inLanguage":"es","@id":"https:\/\/volcanes.net\/#\/schema\/person\/image\/","url":"https:\/\/secure.gravatar.com\/avatar\/ca004e6cba8462b8cb7abc86e382930c?s=96&d=mm&r=g","contentUrl":"https:\/\/secure.gravatar.com\/avatar\/ca004e6cba8462b8cb7abc86e382930c?s=96&d=mm&r=g","caption":"admin"}}]}},"_links":{"self":[{"href":"https:\/\/volcanes.net\/index.php?rest_route=\/wp\/v2\/posts\/2649"}],"collection":[{"href":"https:\/\/volcanes.net\/index.php?rest_route=\/wp\/v2\/posts"}],"about":[{"href":"https:\/\/volcanes.net\/index.php?rest_route=\/wp\/v2\/types\/post"}],"author":[{"embeddable":true,"href":"https:\/\/volcanes.net\/index.php?rest_route=\/wp\/v2\/users\/1"}],"replies":[{"embeddable":true,"href":"https:\/\/volcanes.net\/index.php?rest_route=%2Fwp%2Fv2%2Fcomments&post=2649"}],"version-history":[{"count":1,"href":"https:\/\/volcanes.net\/index.php?rest_route=\/wp\/v2\/posts\/2649\/revisions"}],"predecessor-version":[{"id":2651,"href":"https:\/\/volcanes.net\/index.php?rest_route=\/wp\/v2\/posts\/2649\/revisions\/2651"}],"wp:featuredmedia":[{"embeddable":true,"href":"https:\/\/volcanes.net\/index.php?rest_route=\/wp\/v2\/media\/2650"}],"wp:attachment":[{"href":"https:\/\/volcanes.net\/index.php?rest_route=%2Fwp%2Fv2%2Fmedia&parent=2649"}],"wp:term":[{"taxonomy":"category","embeddable":true,"href":"https:\/\/volcanes.net\/index.php?rest_route=%2Fwp%2Fv2%2Fcategories&post=2649"},{"taxonomy":"post_tag","embeddable":true,"href":"https:\/\/volcanes.net\/index.php?rest_route=%2Fwp%2Fv2%2Ftags&post=2649"}],"curies":[{"name":"wp","href":"https:\/\/api.w.org\/{rel}","templated":true}]}}