{"id":265,"date":"2018-01-09T03:30:21","date_gmt":"2018-01-09T03:30:21","guid":{"rendered":"http:\/\/volcanes.net\/?p=265"},"modified":"2018-01-09T03:30:29","modified_gmt":"2018-01-09T03:30:29","slug":"decretan-la-legalidad-de-la-detencion-a-77-que-fueron-ingresadas-por-saqueos","status":"publish","type":"post","link":"https:\/\/volcanes.net\/?p=265","title":{"rendered":"Decretan la legalidad de la detenci\u00f3n a 77 que fueron ingresadas por saqueos"},"content":{"rendered":"<div style=\"margin-top: 0px; margin-bottom: 0px;\" class=\"sharethis-inline-share-buttons\" ><\/div><p style=\"font-weight: 400;\"><strong>Toluca, M\u00e9xico, 08 de enero de 2018.-<\/strong>\u00a0Derivado de las investigaciones realizadas por los robos registrados a tiendas departamentales localizadas diversos puntos de la entidad mexiquense, la Fiscal\u00eda General de Justicia informa que 83 de las 113 personas detenidas han sido ingresadas a penales estatales, y a 77 de \u00e9stas les ha sido decretada la legalidad de su detenci\u00f3n.<\/p>\n<p style=\"font-weight: 400;\">\u00a0\u00a0\u00a0\u00a0\u00a0\u00a0\u00a0\u00a0\u00a0 El Agente del Ministerio P\u00fablico, luego de recabar los elementos de prueba necesarios, determin\u00f3 ejercitar acci\u00f3n penal en contra de estas personas y las remiti\u00f3 ante la Autoridad Judicial con sede en los Centros Penitenciarios y de Reinserci\u00f3n Social de Otumba, Ecatepec, Cuautitl\u00e1n, Tlalnepantla, Zumpango y Texcoco.<\/p>\n<p style=\"font-weight: 400;\">\u00a0\u00a0\u00a0\u00a0\u00a0\u00a0\u00a0 Al Centro Penitenciario y de Reinserci\u00f3n Social de Ecatepec ingresaron 28 de las personas detenidas, 15 al Penal de Texcoco; 14 a Zumpango; 10 al Penal de Otumba, 10 a Cuautitl\u00e1n, y 6 a Tlalnepantla.<\/p>\n<p style=\"font-weight: 400;\">\u00a0\u00a0\u00a0\u00a0\u00a0\u00a0\u00a0\u00a0\u00a0\u00a0\u00a0 De las 83 personas que fueron ingresas a estos Penales, a 77 les fue decretada la legalidad de su detenci\u00f3n, a 60 se les fij\u00f3 prisi\u00f3n preventiva y a 17 m\u00e1s les fueron fijadas diversas medidas cautelares. El resto de las audiencias se desarrollar\u00e1 en el transcurso del d\u00eda.<\/p>\n<p style=\"font-weight: 400;\">\u00a0\u00a0\u00a0\u00a0\u00a0\u00a0\u00a0\u00a0\u00a0 Cabe se\u00f1alar que de las 113 personas que fueron detenidas 84 son adultos, uno de ellos fue ingresado en un nosocomio para recibir atenci\u00f3n m\u00e9dica, y 29 menores de edad. Del total de los adultos, 66 son hombres y 18 mujeres. En tanto que los menores son 22 hombres y 7 mujeres.<\/p>\n<p style=\"font-weight: 400;\">\u00a0\u00a0\u00a0\u00a0\u00a0\u00a0\u00a0\u00a0\u00a0\u00a0\u00a0 Por lo que hace a los 29 menores de edad, les fue decretada su libertad, de acuerdo con la Ley General de Justicia para Adolescentes, sin embargo se solicit\u00f3 audiencia para formular acusaci\u00f3n ante el Juez de Control.<\/p>\n<p style=\"font-weight: 400;\">\u00a0\u00a0\u00a0\u00a0\u00a0\u00a0\u00a0\u00a0\u00a0 La Fiscal\u00eda estatal reitera el pronunciamiento del Gobierno del Estado de M\u00e9xico de mantener y fortalecer la coordinaci\u00f3n y la colaboraci\u00f3n con las dependencias federales y municipales en materia de seguridad p\u00fablica, al considerar que al sumar esfuerzos los resultados se potencian y cumplen con el prop\u00f3sito superior de garantizar seguridad a las familias mexiquenses.<\/p>\n","protected":false},"excerpt":{"rendered":"<p>Toluca, M\u00e9xico, 08 de enero de 2018.-\u00a0Derivado de las investigaciones realizadas por los robos registrados<\/p>\n","protected":false},"author":1,"featured_media":266,"comment_status":"open","ping_status":"open","sticky":false,"template":"","format":"standard","meta":{"footnotes":""},"categories":[3],"tags":[42],"class_list":["post-265","post","type-post","status-publish","format-standard","has-post-thumbnail","hentry","category-estatales","tag-fgjem"],"yoast_head":"<!-- This site is optimized with the Yoast SEO plugin v25.3 - https:\/\/yoast.com\/wordpress\/plugins\/seo\/ -->\n<title>Decretan la legalidad de la detenci\u00f3n a 77 que fueron ingresadas por saqueos - Volcanes<\/title>\n<meta name=\"robots\" content=\"index, follow, max-snippet:-1, max-image-preview:large, max-video-preview:-1\" \/>\n<link rel=\"canonical\" href=\"https:\/\/volcanes.net\/?p=265\" \/>\n<meta property=\"og:locale\" content=\"es_MX\" \/>\n<meta property=\"og:type\" content=\"article\" \/>\n<meta property=\"og:title\" content=\"Decretan la legalidad de la detenci\u00f3n a 77 que fueron ingresadas por saqueos - Volcanes\" \/>\n<meta property=\"og:description\" content=\"Toluca, M\u00e9xico, 08 de enero de 2018.-\u00a0Derivado de las investigaciones realizadas por los robos registrados\" \/>\n<meta property=\"og:url\" content=\"https:\/\/volcanes.net\/?p=265\" \/>\n<meta property=\"og:site_name\" content=\"Volcanes\" \/>\n<meta property=\"article:publisher\" content=\"https:\/\/www.facebook.com\/volcanes.net\/\" \/>\n<meta property=\"article:published_time\" content=\"2018-01-09T03:30:21+00:00\" \/>\n<meta property=\"article:modified_time\" content=\"2018-01-09T03:30:29+00:00\" \/>\n<meta property=\"og:image\" content=\"https:\/\/volcanes.net\/wp-content\/uploads\/2018\/01\/fgjemarchivo.jpg\" \/>\n\t<meta property=\"og:image:width\" content=\"273\" \/>\n\t<meta property=\"og:image:height\" content=\"185\" \/>\n\t<meta property=\"og:image:type\" content=\"image\/jpeg\" \/>\n<meta name=\"author\" content=\"admin\" \/>\n<meta name=\"twitter:card\" content=\"summary_large_image\" \/>\n<meta name=\"twitter:label1\" content=\"Escrito por\" \/>\n\t<meta name=\"twitter:data1\" content=\"admin\" \/>\n\t<meta name=\"twitter:label2\" content=\"Tiempo de lectura\" \/>\n\t<meta name=\"twitter:data2\" content=\"2 minutos\" \/>\n<script type=\"application\/ld+json\" class=\"yoast-schema-graph\">{\"@context\":\"https:\/\/schema.org\",\"@graph\":[{\"@type\":\"Article\",\"@id\":\"https:\/\/volcanes.net\/?p=265#article\",\"isPartOf\":{\"@id\":\"https:\/\/volcanes.net\/?p=265\"},\"author\":{\"name\":\"admin\",\"@id\":\"https:\/\/volcanes.net\/#\/schema\/person\/4bf0f383940966a4abd53f5048c0e6b9\"},\"headline\":\"Decretan la legalidad de la detenci\u00f3n a 77 que fueron ingresadas por saqueos\",\"datePublished\":\"2018-01-09T03:30:21+00:00\",\"dateModified\":\"2018-01-09T03:30:29+00:00\",\"mainEntityOfPage\":{\"@id\":\"https:\/\/volcanes.net\/?p=265\"},\"wordCount\":349,\"commentCount\":0,\"publisher\":{\"@id\":\"https:\/\/volcanes.net\/#organization\"},\"image\":{\"@id\":\"https:\/\/volcanes.net\/?p=265#primaryimage\"},\"thumbnailUrl\":\"https:\/\/volcanes.net\/wp-content\/uploads\/2018\/01\/fgjemarchivo.jpg\",\"keywords\":[\"FGJEM\"],\"articleSection\":[\"Estatales\"],\"inLanguage\":\"es\",\"potentialAction\":[{\"@type\":\"CommentAction\",\"name\":\"Comment\",\"target\":[\"https:\/\/volcanes.net\/?p=265#respond\"]}]},{\"@type\":\"WebPage\",\"@id\":\"https:\/\/volcanes.net\/?p=265\",\"url\":\"https:\/\/volcanes.net\/?p=265\",\"name\":\"Decretan la legalidad de la detenci\u00f3n a 77 que fueron ingresadas por saqueos - Volcanes\",\"isPartOf\":{\"@id\":\"https:\/\/volcanes.net\/#website\"},\"primaryImageOfPage\":{\"@id\":\"https:\/\/volcanes.net\/?p=265#primaryimage\"},\"image\":{\"@id\":\"https:\/\/volcanes.net\/?p=265#primaryimage\"},\"thumbnailUrl\":\"https:\/\/volcanes.net\/wp-content\/uploads\/2018\/01\/fgjemarchivo.jpg\",\"datePublished\":\"2018-01-09T03:30:21+00:00\",\"dateModified\":\"2018-01-09T03:30:29+00:00\",\"breadcrumb\":{\"@id\":\"https:\/\/volcanes.net\/?p=265#breadcrumb\"},\"inLanguage\":\"es\",\"potentialAction\":[{\"@type\":\"ReadAction\",\"target\":[\"https:\/\/volcanes.net\/?p=265\"]}]},{\"@type\":\"ImageObject\",\"inLanguage\":\"es\",\"@id\":\"https:\/\/volcanes.net\/?p=265#primaryimage\",\"url\":\"https:\/\/volcanes.net\/wp-content\/uploads\/2018\/01\/fgjemarchivo.jpg\",\"contentUrl\":\"https:\/\/volcanes.net\/wp-content\/uploads\/2018\/01\/fgjemarchivo.jpg\",\"width\":273,\"height\":185},{\"@type\":\"BreadcrumbList\",\"@id\":\"https:\/\/volcanes.net\/?p=265#breadcrumb\",\"itemListElement\":[{\"@type\":\"ListItem\",\"position\":1,\"name\":\"Portada\",\"item\":\"https:\/\/volcanes.net\/\"},{\"@type\":\"ListItem\",\"position\":2,\"name\":\"Decretan la legalidad de la detenci\u00f3n a 77 que fueron ingresadas por saqueos\"}]},{\"@type\":\"WebSite\",\"@id\":\"https:\/\/volcanes.net\/#website\",\"url\":\"https:\/\/volcanes.net\/\",\"name\":\"Volcanes.Net\",\"description\":\"Periodismo Profesional\",\"publisher\":{\"@id\":\"https:\/\/volcanes.net\/#organization\"},\"potentialAction\":[{\"@type\":\"SearchAction\",\"target\":{\"@type\":\"EntryPoint\",\"urlTemplate\":\"https:\/\/volcanes.net\/?s={search_term_string}\"},\"query-input\":{\"@type\":\"PropertyValueSpecification\",\"valueRequired\":true,\"valueName\":\"search_term_string\"}}],\"inLanguage\":\"es\"},{\"@type\":\"Organization\",\"@id\":\"https:\/\/volcanes.net\/#organization\",\"name\":\"Grupo Volcanes\",\"url\":\"https:\/\/volcanes.net\/\",\"logo\":{\"@type\":\"ImageObject\",\"inLanguage\":\"es\",\"@id\":\"https:\/\/volcanes.net\/#\/schema\/logo\/image\/\",\"url\":\"http:\/\/volcanes.net\/wp-content\/uploads\/2017\/12\/Avatar2.jpg\",\"contentUrl\":\"http:\/\/volcanes.net\/wp-content\/uploads\/2017\/12\/Avatar2.jpg\",\"width\":378,\"height\":378,\"caption\":\"Grupo Volcanes\"},\"image\":{\"@id\":\"https:\/\/volcanes.net\/#\/schema\/logo\/image\/\"},\"sameAs\":[\"https:\/\/www.facebook.com\/volcanes.net\/\"]},{\"@type\":\"Person\",\"@id\":\"https:\/\/volcanes.net\/#\/schema\/person\/4bf0f383940966a4abd53f5048c0e6b9\",\"name\":\"admin\",\"image\":{\"@type\":\"ImageObject\",\"inLanguage\":\"es\",\"@id\":\"https:\/\/volcanes.net\/#\/schema\/person\/image\/\",\"url\":\"https:\/\/secure.gravatar.com\/avatar\/ca004e6cba8462b8cb7abc86e382930c?s=96&d=mm&r=g\",\"contentUrl\":\"https:\/\/secure.gravatar.com\/avatar\/ca004e6cba8462b8cb7abc86e382930c?s=96&d=mm&r=g\",\"caption\":\"admin\"}}]}<\/script>\n<!-- \/ Yoast SEO plugin. -->","yoast_head_json":{"title":"Decretan la legalidad de la detenci\u00f3n a 77 que fueron ingresadas por saqueos - Volcanes","robots":{"index":"index","follow":"follow","max-snippet":"max-snippet:-1","max-image-preview":"max-image-preview:large","max-video-preview":"max-video-preview:-1"},"canonical":"https:\/\/volcanes.net\/?p=265","og_locale":"es_MX","og_type":"article","og_title":"Decretan la legalidad de la detenci\u00f3n a 77 que fueron ingresadas por saqueos - Volcanes","og_description":"Toluca, M\u00e9xico, 08 de enero de 2018.-\u00a0Derivado de las investigaciones realizadas por los robos registrados","og_url":"https:\/\/volcanes.net\/?p=265","og_site_name":"Volcanes","article_publisher":"https:\/\/www.facebook.com\/volcanes.net\/","article_published_time":"2018-01-09T03:30:21+00:00","article_modified_time":"2018-01-09T03:30:29+00:00","og_image":[{"width":273,"height":185,"url":"https:\/\/volcanes.net\/wp-content\/uploads\/2018\/01\/fgjemarchivo.jpg","type":"image\/jpeg"}],"author":"admin","twitter_card":"summary_large_image","twitter_misc":{"Escrito por":"admin","Tiempo de lectura":"2 minutos"},"schema":{"@context":"https:\/\/schema.org","@graph":[{"@type":"Article","@id":"https:\/\/volcanes.net\/?p=265#article","isPartOf":{"@id":"https:\/\/volcanes.net\/?p=265"},"author":{"name":"admin","@id":"https:\/\/volcanes.net\/#\/schema\/person\/4bf0f383940966a4abd53f5048c0e6b9"},"headline":"Decretan la legalidad de la detenci\u00f3n a 77 que fueron ingresadas por saqueos","datePublished":"2018-01-09T03:30:21+00:00","dateModified":"2018-01-09T03:30:29+00:00","mainEntityOfPage":{"@id":"https:\/\/volcanes.net\/?p=265"},"wordCount":349,"commentCount":0,"publisher":{"@id":"https:\/\/volcanes.net\/#organization"},"image":{"@id":"https:\/\/volcanes.net\/?p=265#primaryimage"},"thumbnailUrl":"https:\/\/volcanes.net\/wp-content\/uploads\/2018\/01\/fgjemarchivo.jpg","keywords":["FGJEM"],"articleSection":["Estatales"],"inLanguage":"es","potentialAction":[{"@type":"CommentAction","name":"Comment","target":["https:\/\/volcanes.net\/?p=265#respond"]}]},{"@type":"WebPage","@id":"https:\/\/volcanes.net\/?p=265","url":"https:\/\/volcanes.net\/?p=265","name":"Decretan la legalidad de la detenci\u00f3n a 77 que fueron ingresadas por saqueos - Volcanes","isPartOf":{"@id":"https:\/\/volcanes.net\/#website"},"primaryImageOfPage":{"@id":"https:\/\/volcanes.net\/?p=265#primaryimage"},"image":{"@id":"https:\/\/volcanes.net\/?p=265#primaryimage"},"thumbnailUrl":"https:\/\/volcanes.net\/wp-content\/uploads\/2018\/01\/fgjemarchivo.jpg","datePublished":"2018-01-09T03:30:21+00:00","dateModified":"2018-01-09T03:30:29+00:00","breadcrumb":{"@id":"https:\/\/volcanes.net\/?p=265#breadcrumb"},"inLanguage":"es","potentialAction":[{"@type":"ReadAction","target":["https:\/\/volcanes.net\/?p=265"]}]},{"@type":"ImageObject","inLanguage":"es","@id":"https:\/\/volcanes.net\/?p=265#primaryimage","url":"https:\/\/volcanes.net\/wp-content\/uploads\/2018\/01\/fgjemarchivo.jpg","contentUrl":"https:\/\/volcanes.net\/wp-content\/uploads\/2018\/01\/fgjemarchivo.jpg","width":273,"height":185},{"@type":"BreadcrumbList","@id":"https:\/\/volcanes.net\/?p=265#breadcrumb","itemListElement":[{"@type":"ListItem","position":1,"name":"Portada","item":"https:\/\/volcanes.net\/"},{"@type":"ListItem","position":2,"name":"Decretan la legalidad de la detenci\u00f3n a 77 que fueron ingresadas por saqueos"}]},{"@type":"WebSite","@id":"https:\/\/volcanes.net\/#website","url":"https:\/\/volcanes.net\/","name":"Volcanes.Net","description":"Periodismo Profesional","publisher":{"@id":"https:\/\/volcanes.net\/#organization"},"potentialAction":[{"@type":"SearchAction","target":{"@type":"EntryPoint","urlTemplate":"https:\/\/volcanes.net\/?s={search_term_string}"},"query-input":{"@type":"PropertyValueSpecification","valueRequired":true,"valueName":"search_term_string"}}],"inLanguage":"es"},{"@type":"Organization","@id":"https:\/\/volcanes.net\/#organization","name":"Grupo Volcanes","url":"https:\/\/volcanes.net\/","logo":{"@type":"ImageObject","inLanguage":"es","@id":"https:\/\/volcanes.net\/#\/schema\/logo\/image\/","url":"http:\/\/volcanes.net\/wp-content\/uploads\/2017\/12\/Avatar2.jpg","contentUrl":"http:\/\/volcanes.net\/wp-content\/uploads\/2017\/12\/Avatar2.jpg","width":378,"height":378,"caption":"Grupo Volcanes"},"image":{"@id":"https:\/\/volcanes.net\/#\/schema\/logo\/image\/"},"sameAs":["https:\/\/www.facebook.com\/volcanes.net\/"]},{"@type":"Person","@id":"https:\/\/volcanes.net\/#\/schema\/person\/4bf0f383940966a4abd53f5048c0e6b9","name":"admin","image":{"@type":"ImageObject","inLanguage":"es","@id":"https:\/\/volcanes.net\/#\/schema\/person\/image\/","url":"https:\/\/secure.gravatar.com\/avatar\/ca004e6cba8462b8cb7abc86e382930c?s=96&d=mm&r=g","contentUrl":"https:\/\/secure.gravatar.com\/avatar\/ca004e6cba8462b8cb7abc86e382930c?s=96&d=mm&r=g","caption":"admin"}}]}},"_links":{"self":[{"href":"https:\/\/volcanes.net\/index.php?rest_route=\/wp\/v2\/posts\/265"}],"collection":[{"href":"https:\/\/volcanes.net\/index.php?rest_route=\/wp\/v2\/posts"}],"about":[{"href":"https:\/\/volcanes.net\/index.php?rest_route=\/wp\/v2\/types\/post"}],"author":[{"embeddable":true,"href":"https:\/\/volcanes.net\/index.php?rest_route=\/wp\/v2\/users\/1"}],"replies":[{"embeddable":true,"href":"https:\/\/volcanes.net\/index.php?rest_route=%2Fwp%2Fv2%2Fcomments&post=265"}],"version-history":[{"count":2,"href":"https:\/\/volcanes.net\/index.php?rest_route=\/wp\/v2\/posts\/265\/revisions"}],"predecessor-version":[{"id":268,"href":"https:\/\/volcanes.net\/index.php?rest_route=\/wp\/v2\/posts\/265\/revisions\/268"}],"wp:featuredmedia":[{"embeddable":true,"href":"https:\/\/volcanes.net\/index.php?rest_route=\/wp\/v2\/media\/266"}],"wp:attachment":[{"href":"https:\/\/volcanes.net\/index.php?rest_route=%2Fwp%2Fv2%2Fmedia&parent=265"}],"wp:term":[{"taxonomy":"category","embeddable":true,"href":"https:\/\/volcanes.net\/index.php?rest_route=%2Fwp%2Fv2%2Fcategories&post=265"},{"taxonomy":"post_tag","embeddable":true,"href":"https:\/\/volcanes.net\/index.php?rest_route=%2Fwp%2Fv2%2Ftags&post=265"}],"curies":[{"name":"wp","href":"https:\/\/api.w.org\/{rel}","templated":true}]}}