{"id":2655,"date":"2018-09-19T05:44:36","date_gmt":"2018-09-19T05:44:36","guid":{"rendered":"http:\/\/volcanes.net\/?p=2655"},"modified":"2018-09-19T05:44:36","modified_gmt":"2018-09-19T05:44:36","slug":"participara-la-legismex-en-el-macro-simulacro","status":"publish","type":"post","link":"https:\/\/volcanes.net\/?p=2655","title":{"rendered":"Participar\u00e1 la #Legismex en el macro simulacro"},"content":{"rendered":"<div style=\"margin-top: 0px; margin-bottom: 0px;\" class=\"sharethis-inline-share-buttons\" ><\/div><p>Con el prop\u00f3sito de fortalecer la cultura de prevenci\u00f3n de riesgos, la 60 Legislatura del Estado de M\u00e9xico se sumar\u00e1 al macrosimulacro que las autoridades del gobierno federal y de los gobiernos estatales organizaron para este 19 de septiembre, en memoria de las v\u00edctimas de los sismos ocurridos un d\u00eda como hoy en 1985 y en 2017.<\/p>\n<p>El personal de la Legislatura saldr\u00e1 de las instalaciones a las 13 horas con 16 minutos y 40 segundos, desarrollando las acciones que corresponden a un sismo de magnitud 7.2 grados, con epicentro a 35 kil\u00f3metros al este de Acatl\u00e1n de Osorio, Puebla, a 189 kil\u00f3metros de la Ciudad de M\u00e9xico y con duraci\u00f3n de 60 segundos.<\/p>\n<p>Como parte de las actividades conmemorativas de este 19 de septiembre, a las 13 horas con 14 minutos y 40 segundos se guardar\u00e1 un minuto de silencio en memoria de las v\u00edctimas de los sismos; un minuto despu\u00e9s sonar\u00e1 la alerta s\u00edsmica para iniciar el simulacro, y a su t\u00e9rmino, se levantar\u00e1 el brazo derecho con el pu\u00f1o cerrado como s\u00edmbolo de hermandad entre los mexicanos.<\/p>\n<p>La t\u00e1ctica que se pondr\u00e1 en pr\u00e1ctica ser\u00e1 de repliegue, es decir, que las personas deber\u00e1n permanecer en las partes de menor riesgo de las edificaciones y posteriormente realizar la evacuaci\u00f3n hacia los puntos de reuni\u00f3n.<\/p>\n<p>Cabe se\u00f1alar que en septiembre de 2016, la Legislatura aprob\u00f3, de manera un\u00e1nime, un exhorto a la Secretar\u00eda General de Gobierno del Estado de M\u00e9xico para que, a trav\u00e9s de la Coordinaci\u00f3n Estatal de Protecci\u00f3n Civil, promoviera que la entidad se sumara a este macrosimulacro a fin de fomentar la cultura de la prevenci\u00f3n.<\/p>\n<p>La Legislatura tambi\u00e9n aprob\u00f3, en noviembre de 2017, un exhorto a la Secretar\u00eda de Educaci\u00f3n para que organizara simulacros de sismos y emergencias en escuelas por lo menos una vez cada tres meses, para dar a conocer el inventario de los planteles afectados por los sismos de 2017 e informar las acciones emprendidas para apoyar a los damnificados.<\/p>\n<p>Como parte de las actividades de este 19 de septiembre, D\u00eda Nacional de Protecci\u00f3n Civil, desde las 7:19 horas se izar\u00e1 la bandera nacional a media asta en el z\u00f3calo de la Ciudad de M\u00e9xico, para recordar a las v\u00edctimas del sismo de 1985.<\/p>\n","protected":false},"excerpt":{"rendered":"<p>Con el prop\u00f3sito de fortalecer la cultura de prevenci\u00f3n de riesgos, la 60 Legislatura del<\/p>\n","protected":false},"author":1,"featured_media":2656,"comment_status":"open","ping_status":"open","sticky":false,"template":"","format":"standard","meta":{"footnotes":""},"categories":[1],"tags":[192],"class_list":["post-2655","post","type-post","status-publish","format-standard","has-post-thumbnail","hentry","category-municipales","tag-legislatura-edomex"],"yoast_head":"<!-- This site is optimized with the Yoast SEO plugin v25.3 - https:\/\/yoast.com\/wordpress\/plugins\/seo\/ -->\n<title>Participar\u00e1 la #Legismex en el macro simulacro - Volcanes<\/title>\n<meta name=\"robots\" content=\"index, follow, max-snippet:-1, max-image-preview:large, max-video-preview:-1\" \/>\n<link rel=\"canonical\" href=\"https:\/\/volcanes.net\/?p=2655\" \/>\n<meta property=\"og:locale\" content=\"es_MX\" \/>\n<meta property=\"og:type\" content=\"article\" \/>\n<meta property=\"og:title\" content=\"Participar\u00e1 la #Legismex en el macro simulacro - Volcanes\" \/>\n<meta property=\"og:description\" content=\"Con el prop\u00f3sito de fortalecer la cultura de prevenci\u00f3n de riesgos, la 60 Legislatura del\" \/>\n<meta property=\"og:url\" content=\"https:\/\/volcanes.net\/?p=2655\" \/>\n<meta property=\"og:site_name\" content=\"Volcanes\" \/>\n<meta property=\"article:publisher\" content=\"https:\/\/www.facebook.com\/volcanes.net\/\" \/>\n<meta property=\"article:published_time\" content=\"2018-09-19T05:44:36+00:00\" \/>\n<meta property=\"og:image\" content=\"https:\/\/volcanes.net\/wp-content\/uploads\/2018\/09\/0012.jpg\" \/>\n\t<meta property=\"og:image:width\" content=\"400\" \/>\n\t<meta property=\"og:image:height\" content=\"267\" \/>\n\t<meta property=\"og:image:type\" content=\"image\/jpeg\" \/>\n<meta name=\"author\" content=\"admin\" \/>\n<meta name=\"twitter:card\" content=\"summary_large_image\" \/>\n<meta name=\"twitter:label1\" content=\"Escrito por\" \/>\n\t<meta name=\"twitter:data1\" content=\"admin\" \/>\n\t<meta name=\"twitter:label2\" content=\"Tiempo de lectura\" \/>\n\t<meta name=\"twitter:data2\" content=\"2 minutos\" \/>\n<script type=\"application\/ld+json\" class=\"yoast-schema-graph\">{\"@context\":\"https:\/\/schema.org\",\"@graph\":[{\"@type\":\"Article\",\"@id\":\"https:\/\/volcanes.net\/?p=2655#article\",\"isPartOf\":{\"@id\":\"https:\/\/volcanes.net\/?p=2655\"},\"author\":{\"name\":\"admin\",\"@id\":\"https:\/\/volcanes.net\/#\/schema\/person\/4bf0f383940966a4abd53f5048c0e6b9\"},\"headline\":\"Participar\u00e1 la #Legismex en el macro simulacro\",\"datePublished\":\"2018-09-19T05:44:36+00:00\",\"mainEntityOfPage\":{\"@id\":\"https:\/\/volcanes.net\/?p=2655\"},\"wordCount\":395,\"commentCount\":0,\"publisher\":{\"@id\":\"https:\/\/volcanes.net\/#organization\"},\"image\":{\"@id\":\"https:\/\/volcanes.net\/?p=2655#primaryimage\"},\"thumbnailUrl\":\"https:\/\/volcanes.net\/wp-content\/uploads\/2018\/09\/0012.jpg\",\"keywords\":[\"Legislatura Edomex\"],\"articleSection\":[\"Municipales\"],\"inLanguage\":\"es\",\"potentialAction\":[{\"@type\":\"CommentAction\",\"name\":\"Comment\",\"target\":[\"https:\/\/volcanes.net\/?p=2655#respond\"]}]},{\"@type\":\"WebPage\",\"@id\":\"https:\/\/volcanes.net\/?p=2655\",\"url\":\"https:\/\/volcanes.net\/?p=2655\",\"name\":\"Participar\u00e1 la #Legismex en el macro simulacro - Volcanes\",\"isPartOf\":{\"@id\":\"https:\/\/volcanes.net\/#website\"},\"primaryImageOfPage\":{\"@id\":\"https:\/\/volcanes.net\/?p=2655#primaryimage\"},\"image\":{\"@id\":\"https:\/\/volcanes.net\/?p=2655#primaryimage\"},\"thumbnailUrl\":\"https:\/\/volcanes.net\/wp-content\/uploads\/2018\/09\/0012.jpg\",\"datePublished\":\"2018-09-19T05:44:36+00:00\",\"breadcrumb\":{\"@id\":\"https:\/\/volcanes.net\/?p=2655#breadcrumb\"},\"inLanguage\":\"es\",\"potentialAction\":[{\"@type\":\"ReadAction\",\"target\":[\"https:\/\/volcanes.net\/?p=2655\"]}]},{\"@type\":\"ImageObject\",\"inLanguage\":\"es\",\"@id\":\"https:\/\/volcanes.net\/?p=2655#primaryimage\",\"url\":\"https:\/\/volcanes.net\/wp-content\/uploads\/2018\/09\/0012.jpg\",\"contentUrl\":\"https:\/\/volcanes.net\/wp-content\/uploads\/2018\/09\/0012.jpg\",\"width\":400,\"height\":267},{\"@type\":\"BreadcrumbList\",\"@id\":\"https:\/\/volcanes.net\/?p=2655#breadcrumb\",\"itemListElement\":[{\"@type\":\"ListItem\",\"position\":1,\"name\":\"Portada\",\"item\":\"https:\/\/volcanes.net\/\"},{\"@type\":\"ListItem\",\"position\":2,\"name\":\"Participar\u00e1 la #Legismex en el macro simulacro\"}]},{\"@type\":\"WebSite\",\"@id\":\"https:\/\/volcanes.net\/#website\",\"url\":\"https:\/\/volcanes.net\/\",\"name\":\"Volcanes.Net\",\"description\":\"Periodismo Profesional\",\"publisher\":{\"@id\":\"https:\/\/volcanes.net\/#organization\"},\"potentialAction\":[{\"@type\":\"SearchAction\",\"target\":{\"@type\":\"EntryPoint\",\"urlTemplate\":\"https:\/\/volcanes.net\/?s={search_term_string}\"},\"query-input\":{\"@type\":\"PropertyValueSpecification\",\"valueRequired\":true,\"valueName\":\"search_term_string\"}}],\"inLanguage\":\"es\"},{\"@type\":\"Organization\",\"@id\":\"https:\/\/volcanes.net\/#organization\",\"name\":\"Grupo Volcanes\",\"url\":\"https:\/\/volcanes.net\/\",\"logo\":{\"@type\":\"ImageObject\",\"inLanguage\":\"es\",\"@id\":\"https:\/\/volcanes.net\/#\/schema\/logo\/image\/\",\"url\":\"http:\/\/volcanes.net\/wp-content\/uploads\/2017\/12\/Avatar2.jpg\",\"contentUrl\":\"http:\/\/volcanes.net\/wp-content\/uploads\/2017\/12\/Avatar2.jpg\",\"width\":378,\"height\":378,\"caption\":\"Grupo Volcanes\"},\"image\":{\"@id\":\"https:\/\/volcanes.net\/#\/schema\/logo\/image\/\"},\"sameAs\":[\"https:\/\/www.facebook.com\/volcanes.net\/\"]},{\"@type\":\"Person\",\"@id\":\"https:\/\/volcanes.net\/#\/schema\/person\/4bf0f383940966a4abd53f5048c0e6b9\",\"name\":\"admin\",\"image\":{\"@type\":\"ImageObject\",\"inLanguage\":\"es\",\"@id\":\"https:\/\/volcanes.net\/#\/schema\/person\/image\/\",\"url\":\"https:\/\/secure.gravatar.com\/avatar\/ca004e6cba8462b8cb7abc86e382930c?s=96&d=mm&r=g\",\"contentUrl\":\"https:\/\/secure.gravatar.com\/avatar\/ca004e6cba8462b8cb7abc86e382930c?s=96&d=mm&r=g\",\"caption\":\"admin\"}}]}<\/script>\n<!-- \/ Yoast SEO plugin. -->","yoast_head_json":{"title":"Participar\u00e1 la #Legismex en el macro simulacro - Volcanes","robots":{"index":"index","follow":"follow","max-snippet":"max-snippet:-1","max-image-preview":"max-image-preview:large","max-video-preview":"max-video-preview:-1"},"canonical":"https:\/\/volcanes.net\/?p=2655","og_locale":"es_MX","og_type":"article","og_title":"Participar\u00e1 la #Legismex en el macro simulacro - Volcanes","og_description":"Con el prop\u00f3sito de fortalecer la cultura de prevenci\u00f3n de riesgos, la 60 Legislatura del","og_url":"https:\/\/volcanes.net\/?p=2655","og_site_name":"Volcanes","article_publisher":"https:\/\/www.facebook.com\/volcanes.net\/","article_published_time":"2018-09-19T05:44:36+00:00","og_image":[{"width":400,"height":267,"url":"https:\/\/volcanes.net\/wp-content\/uploads\/2018\/09\/0012.jpg","type":"image\/jpeg"}],"author":"admin","twitter_card":"summary_large_image","twitter_misc":{"Escrito por":"admin","Tiempo de lectura":"2 minutos"},"schema":{"@context":"https:\/\/schema.org","@graph":[{"@type":"Article","@id":"https:\/\/volcanes.net\/?p=2655#article","isPartOf":{"@id":"https:\/\/volcanes.net\/?p=2655"},"author":{"name":"admin","@id":"https:\/\/volcanes.net\/#\/schema\/person\/4bf0f383940966a4abd53f5048c0e6b9"},"headline":"Participar\u00e1 la #Legismex en el macro simulacro","datePublished":"2018-09-19T05:44:36+00:00","mainEntityOfPage":{"@id":"https:\/\/volcanes.net\/?p=2655"},"wordCount":395,"commentCount":0,"publisher":{"@id":"https:\/\/volcanes.net\/#organization"},"image":{"@id":"https:\/\/volcanes.net\/?p=2655#primaryimage"},"thumbnailUrl":"https:\/\/volcanes.net\/wp-content\/uploads\/2018\/09\/0012.jpg","keywords":["Legislatura Edomex"],"articleSection":["Municipales"],"inLanguage":"es","potentialAction":[{"@type":"CommentAction","name":"Comment","target":["https:\/\/volcanes.net\/?p=2655#respond"]}]},{"@type":"WebPage","@id":"https:\/\/volcanes.net\/?p=2655","url":"https:\/\/volcanes.net\/?p=2655","name":"Participar\u00e1 la #Legismex en el macro simulacro - Volcanes","isPartOf":{"@id":"https:\/\/volcanes.net\/#website"},"primaryImageOfPage":{"@id":"https:\/\/volcanes.net\/?p=2655#primaryimage"},"image":{"@id":"https:\/\/volcanes.net\/?p=2655#primaryimage"},"thumbnailUrl":"https:\/\/volcanes.net\/wp-content\/uploads\/2018\/09\/0012.jpg","datePublished":"2018-09-19T05:44:36+00:00","breadcrumb":{"@id":"https:\/\/volcanes.net\/?p=2655#breadcrumb"},"inLanguage":"es","potentialAction":[{"@type":"ReadAction","target":["https:\/\/volcanes.net\/?p=2655"]}]},{"@type":"ImageObject","inLanguage":"es","@id":"https:\/\/volcanes.net\/?p=2655#primaryimage","url":"https:\/\/volcanes.net\/wp-content\/uploads\/2018\/09\/0012.jpg","contentUrl":"https:\/\/volcanes.net\/wp-content\/uploads\/2018\/09\/0012.jpg","width":400,"height":267},{"@type":"BreadcrumbList","@id":"https:\/\/volcanes.net\/?p=2655#breadcrumb","itemListElement":[{"@type":"ListItem","position":1,"name":"Portada","item":"https:\/\/volcanes.net\/"},{"@type":"ListItem","position":2,"name":"Participar\u00e1 la #Legismex en el macro simulacro"}]},{"@type":"WebSite","@id":"https:\/\/volcanes.net\/#website","url":"https:\/\/volcanes.net\/","name":"Volcanes.Net","description":"Periodismo Profesional","publisher":{"@id":"https:\/\/volcanes.net\/#organization"},"potentialAction":[{"@type":"SearchAction","target":{"@type":"EntryPoint","urlTemplate":"https:\/\/volcanes.net\/?s={search_term_string}"},"query-input":{"@type":"PropertyValueSpecification","valueRequired":true,"valueName":"search_term_string"}}],"inLanguage":"es"},{"@type":"Organization","@id":"https:\/\/volcanes.net\/#organization","name":"Grupo Volcanes","url":"https:\/\/volcanes.net\/","logo":{"@type":"ImageObject","inLanguage":"es","@id":"https:\/\/volcanes.net\/#\/schema\/logo\/image\/","url":"http:\/\/volcanes.net\/wp-content\/uploads\/2017\/12\/Avatar2.jpg","contentUrl":"http:\/\/volcanes.net\/wp-content\/uploads\/2017\/12\/Avatar2.jpg","width":378,"height":378,"caption":"Grupo Volcanes"},"image":{"@id":"https:\/\/volcanes.net\/#\/schema\/logo\/image\/"},"sameAs":["https:\/\/www.facebook.com\/volcanes.net\/"]},{"@type":"Person","@id":"https:\/\/volcanes.net\/#\/schema\/person\/4bf0f383940966a4abd53f5048c0e6b9","name":"admin","image":{"@type":"ImageObject","inLanguage":"es","@id":"https:\/\/volcanes.net\/#\/schema\/person\/image\/","url":"https:\/\/secure.gravatar.com\/avatar\/ca004e6cba8462b8cb7abc86e382930c?s=96&d=mm&r=g","contentUrl":"https:\/\/secure.gravatar.com\/avatar\/ca004e6cba8462b8cb7abc86e382930c?s=96&d=mm&r=g","caption":"admin"}}]}},"_links":{"self":[{"href":"https:\/\/volcanes.net\/index.php?rest_route=\/wp\/v2\/posts\/2655"}],"collection":[{"href":"https:\/\/volcanes.net\/index.php?rest_route=\/wp\/v2\/posts"}],"about":[{"href":"https:\/\/volcanes.net\/index.php?rest_route=\/wp\/v2\/types\/post"}],"author":[{"embeddable":true,"href":"https:\/\/volcanes.net\/index.php?rest_route=\/wp\/v2\/users\/1"}],"replies":[{"embeddable":true,"href":"https:\/\/volcanes.net\/index.php?rest_route=%2Fwp%2Fv2%2Fcomments&post=2655"}],"version-history":[{"count":1,"href":"https:\/\/volcanes.net\/index.php?rest_route=\/wp\/v2\/posts\/2655\/revisions"}],"predecessor-version":[{"id":2657,"href":"https:\/\/volcanes.net\/index.php?rest_route=\/wp\/v2\/posts\/2655\/revisions\/2657"}],"wp:featuredmedia":[{"embeddable":true,"href":"https:\/\/volcanes.net\/index.php?rest_route=\/wp\/v2\/media\/2656"}],"wp:attachment":[{"href":"https:\/\/volcanes.net\/index.php?rest_route=%2Fwp%2Fv2%2Fmedia&parent=2655"}],"wp:term":[{"taxonomy":"category","embeddable":true,"href":"https:\/\/volcanes.net\/index.php?rest_route=%2Fwp%2Fv2%2Fcategories&post=2655"},{"taxonomy":"post_tag","embeddable":true,"href":"https:\/\/volcanes.net\/index.php?rest_route=%2Fwp%2Fv2%2Ftags&post=2655"}],"curies":[{"name":"wp","href":"https:\/\/api.w.org\/{rel}","templated":true}]}}