{"id":2661,"date":"2018-09-19T05:48:42","date_gmt":"2018-09-19T05:48:42","guid":{"rendered":"http:\/\/volcanes.net\/?p=2661"},"modified":"2018-09-19T05:48:42","modified_gmt":"2018-09-19T05:48:42","slug":"mexico-es-ejemplo-a-nivel-mundial-por-transicion-democratica-lopez-obrador","status":"publish","type":"post","link":"https:\/\/volcanes.net\/?p=2661","title":{"rendered":"M\u00e9xico es ejemplo a nivel mundial por transici\u00f3n democr\u00e1tica: L\u00f3pez Obrador"},"content":{"rendered":"<div style=\"margin-top: 0px; margin-bottom: 0px;\" class=\"sharethis-inline-share-buttons\" ><\/div><p class=\"letter-capitular\">Al cumplirse el tercer d\u00eda de la gira del agradecimiento al voto ciudadano,\u00a0Andr\u00e9s Manuel L\u00f3pez Obrador\u00a0se\u00f1al\u00f3 que M\u00e9xico \u201ces un\u00a0ejemplo a nivel mundial\u00a0por la tranquilidad\u201d con la que se vive la\u00a0transici\u00f3n\u00a0en el gobierno de la Rep\u00fablica.<\/p>\n<p>Ante varios miles de\u00a0jaliscienses que se dieron cita en la Plaza de la Rep\u00fablica,pese a la fuerte tormenta que se registr\u00f3 la tarde de este martes en\u00a0Guadalajara,el presidente electo de M\u00e9xico destac\u00f3 que contrario a lo que se pensaba, hoy la madurez pol\u00edtica ha permitido vivir sin sobresaltos este episodio hist\u00f3rico.<\/p>\n<p>En su discurso, el futuro presidente destac\u00f3 que la etapa de la campa\u00f1a ya pas\u00f3, por lo que \u201cno debe haber pleito sino reconciliaci\u00f3n y unidad nacional.<\/p>\n<p>\u201cNada de pleito, no vamos a confrontarnos, tenemos que llevar esta transici\u00f3n de manera pac\u00edfica como lo hemos hecho, de forma respetuosa por el bien del pa\u00eds; miren, hemos actuado en forma respetuosa, con madurez pol\u00edtica y dec\u00edan que el cambio iba a generar inestabilidad.\u00a0Hemos logrado que haya confianza y al contrario, en vez de inestabilidad lo que hay es certidumbre;\u00a0M\u00e9xico es ejemplo a nivel mundial por la forma en la que estamos llevando a cabo esta transici\u00f3n pol\u00edtica democr\u00e1tica\u201d, subray\u00f3.<\/p>\n<p>En seguida, adelant\u00f3 que el a\u00f1o pr\u00f3ximo al iniciar el ciclo escolar\u00a0trasladar\u00e1 su residencia a Palacio Nacional, tal como lo hiciera en su tiempo el presidente de M\u00e9xico, Benito Ju\u00e1rez Garc\u00eda.<\/p>\n<p>\u201cMientras mi hijo Jes\u00fas Ernesto acaba la primaria, porque va en sexto, voy a seguir viviendo donde vivo ahora, que es la casa de ustedes y, una vez que ya termine mi hijo el sexto a\u00f1o, porque la escuela donde estudia ahora est\u00e1 cerca de la casa, terminando entonces, s\u00ed me voy a ir a vivir al Palacio Nacional, ah\u00ed voy a estar, donde vivi\u00f3 Ju\u00e1rez, donde muri\u00f3 Ju\u00e1rez\u201d, detall\u00f3 al recalcar que la Residencia Oficial de Los Pinos se va a convertir en un espacio para la cultura y el arte del pueblo de M\u00e9xico.<\/p>\n<p>En materia de\u00a0prioridades de gobierno para el estado de Jalisco, L\u00f3pez Obrador anunci\u00f3 que se construir\u00e1 la primera l\u00ednea del metro para la capital, se dar\u00e1 trabajo a 112 mil j\u00f3venes y se apoyar\u00e1 con recursos del programa Prospera a 187 mil familias en todo el estado.<\/p>\n<p>Finalmente, indic\u00f3 que se continuar\u00e1n con las obras de infraestructura que ya est\u00e1n en proceso de construcci\u00f3n, \u201cguste o no\u201d, porque no se puede tirar el dinero invertido a la basura.<\/p>\n","protected":false},"excerpt":{"rendered":"<p>Al cumplirse el tercer d\u00eda de la gira del agradecimiento al voto ciudadano,\u00a0Andr\u00e9s Manuel L\u00f3pez<\/p>\n","protected":false},"author":1,"featured_media":2662,"comment_status":"open","ping_status":"open","sticky":false,"template":"","format":"standard","meta":{"footnotes":""},"categories":[1],"tags":[7,89,57,9,73,77,63,15,182,91,133,6,85,196,75,21,197,14,71,16,22,81,92,41,43,46],"class_list":["post-2661","post","type-post","status-publish","format-standard","has-post-thumbnail","hentry","category-municipales","tag-amecameca","tag-atizapan","tag-ayapango","tag-chalco","tag-chimalhuacan","tag-coacalco","tag-ecatepec","tag-ecatzingo","tag-gobierno-de-transicion","tag-huixquilucan","tag-interes","tag-ixtapaluca","tag-izcalli","tag-lp","tag-naucalpan","tag-nezahualcoyotl","tag-nr","tag-ozumba","tag-tecamac","tag-tepetlixpa","tag-texcoco","tag-tlalmanalco","tag-tlalnepantla","tag-toluca","tag-tultitlan","tag-volcanes"],"yoast_head":"<!-- This site is optimized with the Yoast SEO plugin v25.3 - https:\/\/yoast.com\/wordpress\/plugins\/seo\/ -->\n<title>M\u00e9xico es ejemplo a nivel mundial por transici\u00f3n democr\u00e1tica: L\u00f3pez Obrador - Volcanes<\/title>\n<meta name=\"robots\" content=\"index, follow, max-snippet:-1, max-image-preview:large, max-video-preview:-1\" \/>\n<link rel=\"canonical\" href=\"https:\/\/volcanes.net\/?p=2661\" \/>\n<meta property=\"og:locale\" content=\"es_MX\" \/>\n<meta property=\"og:type\" content=\"article\" \/>\n<meta property=\"og:title\" content=\"M\u00e9xico es ejemplo a nivel mundial por transici\u00f3n democr\u00e1tica: L\u00f3pez Obrador - Volcanes\" \/>\n<meta property=\"og:description\" content=\"Al cumplirse el tercer d\u00eda de la gira del agradecimiento al voto ciudadano,\u00a0Andr\u00e9s Manuel L\u00f3pez\" \/>\n<meta property=\"og:url\" content=\"https:\/\/volcanes.net\/?p=2661\" \/>\n<meta property=\"og:site_name\" content=\"Volcanes\" \/>\n<meta property=\"article:publisher\" content=\"https:\/\/www.facebook.com\/volcanes.net\/\" \/>\n<meta property=\"article:published_time\" content=\"2018-09-19T05:48:42+00:00\" \/>\n<meta property=\"og:image\" content=\"https:\/\/volcanes.net\/wp-content\/uploads\/2018\/09\/amlo14.jpg\" \/>\n\t<meta property=\"og:image:width\" content=\"400\" \/>\n\t<meta property=\"og:image:height\" content=\"200\" \/>\n\t<meta property=\"og:image:type\" content=\"image\/jpeg\" \/>\n<meta name=\"author\" content=\"admin\" \/>\n<meta name=\"twitter:card\" content=\"summary_large_image\" \/>\n<meta name=\"twitter:label1\" content=\"Escrito por\" \/>\n\t<meta name=\"twitter:data1\" content=\"admin\" \/>\n\t<meta name=\"twitter:label2\" content=\"Tiempo de lectura\" \/>\n\t<meta name=\"twitter:data2\" content=\"2 minutos\" \/>\n<script type=\"application\/ld+json\" class=\"yoast-schema-graph\">{\"@context\":\"https:\/\/schema.org\",\"@graph\":[{\"@type\":\"Article\",\"@id\":\"https:\/\/volcanes.net\/?p=2661#article\",\"isPartOf\":{\"@id\":\"https:\/\/volcanes.net\/?p=2661\"},\"author\":{\"name\":\"admin\",\"@id\":\"https:\/\/volcanes.net\/#\/schema\/person\/4bf0f383940966a4abd53f5048c0e6b9\"},\"headline\":\"M\u00e9xico es ejemplo a nivel mundial por transici\u00f3n democr\u00e1tica: L\u00f3pez Obrador\",\"datePublished\":\"2018-09-19T05:48:42+00:00\",\"mainEntityOfPage\":{\"@id\":\"https:\/\/volcanes.net\/?p=2661\"},\"wordCount\":465,\"commentCount\":0,\"publisher\":{\"@id\":\"https:\/\/volcanes.net\/#organization\"},\"image\":{\"@id\":\"https:\/\/volcanes.net\/?p=2661#primaryimage\"},\"thumbnailUrl\":\"https:\/\/volcanes.net\/wp-content\/uploads\/2018\/09\/amlo14.jpg\",\"keywords\":[\"Amecameca\",\"Atizap\u00e1n\",\"Ayapango\",\"Chalco\",\"Chimalhuac\u00e1n\",\"Coacalco\",\"Ecatepec\",\"Ecatzingo\",\"Gobierno de Transici\u00f3n\",\"Huixquilucan\",\"Inter\u00e9s\",\"Ixtapaluca\",\"Izcalli\",\"LP\",\"Naucalpan\",\"Nezahualc\u00f3yotl\",\"NR\",\"Ozumba\",\"Tec\u00e1mac\",\"Tepetlixpa\",\"Texcoco\",\"Tlalmanalco\",\"Tlalnepantla\",\"Toluca\",\"Tultitl\u00e1n\",\"Volcanes\"],\"articleSection\":[\"Municipales\"],\"inLanguage\":\"es\",\"potentialAction\":[{\"@type\":\"CommentAction\",\"name\":\"Comment\",\"target\":[\"https:\/\/volcanes.net\/?p=2661#respond\"]}]},{\"@type\":\"WebPage\",\"@id\":\"https:\/\/volcanes.net\/?p=2661\",\"url\":\"https:\/\/volcanes.net\/?p=2661\",\"name\":\"M\u00e9xico es ejemplo a nivel mundial por transici\u00f3n democr\u00e1tica: L\u00f3pez Obrador - Volcanes\",\"isPartOf\":{\"@id\":\"https:\/\/volcanes.net\/#website\"},\"primaryImageOfPage\":{\"@id\":\"https:\/\/volcanes.net\/?p=2661#primaryimage\"},\"image\":{\"@id\":\"https:\/\/volcanes.net\/?p=2661#primaryimage\"},\"thumbnailUrl\":\"https:\/\/volcanes.net\/wp-content\/uploads\/2018\/09\/amlo14.jpg\",\"datePublished\":\"2018-09-19T05:48:42+00:00\",\"breadcrumb\":{\"@id\":\"https:\/\/volcanes.net\/?p=2661#breadcrumb\"},\"inLanguage\":\"es\",\"potentialAction\":[{\"@type\":\"ReadAction\",\"target\":[\"https:\/\/volcanes.net\/?p=2661\"]}]},{\"@type\":\"ImageObject\",\"inLanguage\":\"es\",\"@id\":\"https:\/\/volcanes.net\/?p=2661#primaryimage\",\"url\":\"https:\/\/volcanes.net\/wp-content\/uploads\/2018\/09\/amlo14.jpg\",\"contentUrl\":\"https:\/\/volcanes.net\/wp-content\/uploads\/2018\/09\/amlo14.jpg\",\"width\":400,\"height\":200},{\"@type\":\"BreadcrumbList\",\"@id\":\"https:\/\/volcanes.net\/?p=2661#breadcrumb\",\"itemListElement\":[{\"@type\":\"ListItem\",\"position\":1,\"name\":\"Portada\",\"item\":\"https:\/\/volcanes.net\/\"},{\"@type\":\"ListItem\",\"position\":2,\"name\":\"M\u00e9xico es ejemplo a nivel mundial por transici\u00f3n democr\u00e1tica: L\u00f3pez Obrador\"}]},{\"@type\":\"WebSite\",\"@id\":\"https:\/\/volcanes.net\/#website\",\"url\":\"https:\/\/volcanes.net\/\",\"name\":\"Volcanes.Net\",\"description\":\"Periodismo Profesional\",\"publisher\":{\"@id\":\"https:\/\/volcanes.net\/#organization\"},\"potentialAction\":[{\"@type\":\"SearchAction\",\"target\":{\"@type\":\"EntryPoint\",\"urlTemplate\":\"https:\/\/volcanes.net\/?s={search_term_string}\"},\"query-input\":{\"@type\":\"PropertyValueSpecification\",\"valueRequired\":true,\"valueName\":\"search_term_string\"}}],\"inLanguage\":\"es\"},{\"@type\":\"Organization\",\"@id\":\"https:\/\/volcanes.net\/#organization\",\"name\":\"Grupo Volcanes\",\"url\":\"https:\/\/volcanes.net\/\",\"logo\":{\"@type\":\"ImageObject\",\"inLanguage\":\"es\",\"@id\":\"https:\/\/volcanes.net\/#\/schema\/logo\/image\/\",\"url\":\"http:\/\/volcanes.net\/wp-content\/uploads\/2017\/12\/Avatar2.jpg\",\"contentUrl\":\"http:\/\/volcanes.net\/wp-content\/uploads\/2017\/12\/Avatar2.jpg\",\"width\":378,\"height\":378,\"caption\":\"Grupo Volcanes\"},\"image\":{\"@id\":\"https:\/\/volcanes.net\/#\/schema\/logo\/image\/\"},\"sameAs\":[\"https:\/\/www.facebook.com\/volcanes.net\/\"]},{\"@type\":\"Person\",\"@id\":\"https:\/\/volcanes.net\/#\/schema\/person\/4bf0f383940966a4abd53f5048c0e6b9\",\"name\":\"admin\",\"image\":{\"@type\":\"ImageObject\",\"inLanguage\":\"es\",\"@id\":\"https:\/\/volcanes.net\/#\/schema\/person\/image\/\",\"url\":\"https:\/\/secure.gravatar.com\/avatar\/ca004e6cba8462b8cb7abc86e382930c?s=96&d=mm&r=g\",\"contentUrl\":\"https:\/\/secure.gravatar.com\/avatar\/ca004e6cba8462b8cb7abc86e382930c?s=96&d=mm&r=g\",\"caption\":\"admin\"}}]}<\/script>\n<!-- \/ Yoast SEO plugin. -->","yoast_head_json":{"title":"M\u00e9xico es ejemplo a nivel mundial por transici\u00f3n democr\u00e1tica: L\u00f3pez Obrador - Volcanes","robots":{"index":"index","follow":"follow","max-snippet":"max-snippet:-1","max-image-preview":"max-image-preview:large","max-video-preview":"max-video-preview:-1"},"canonical":"https:\/\/volcanes.net\/?p=2661","og_locale":"es_MX","og_type":"article","og_title":"M\u00e9xico es ejemplo a nivel mundial por transici\u00f3n democr\u00e1tica: L\u00f3pez Obrador - Volcanes","og_description":"Al cumplirse el tercer d\u00eda de la gira del agradecimiento al voto ciudadano,\u00a0Andr\u00e9s Manuel L\u00f3pez","og_url":"https:\/\/volcanes.net\/?p=2661","og_site_name":"Volcanes","article_publisher":"https:\/\/www.facebook.com\/volcanes.net\/","article_published_time":"2018-09-19T05:48:42+00:00","og_image":[{"width":400,"height":200,"url":"https:\/\/volcanes.net\/wp-content\/uploads\/2018\/09\/amlo14.jpg","type":"image\/jpeg"}],"author":"admin","twitter_card":"summary_large_image","twitter_misc":{"Escrito por":"admin","Tiempo de lectura":"2 minutos"},"schema":{"@context":"https:\/\/schema.org","@graph":[{"@type":"Article","@id":"https:\/\/volcanes.net\/?p=2661#article","isPartOf":{"@id":"https:\/\/volcanes.net\/?p=2661"},"author":{"name":"admin","@id":"https:\/\/volcanes.net\/#\/schema\/person\/4bf0f383940966a4abd53f5048c0e6b9"},"headline":"M\u00e9xico es ejemplo a nivel mundial por transici\u00f3n democr\u00e1tica: L\u00f3pez Obrador","datePublished":"2018-09-19T05:48:42+00:00","mainEntityOfPage":{"@id":"https:\/\/volcanes.net\/?p=2661"},"wordCount":465,"commentCount":0,"publisher":{"@id":"https:\/\/volcanes.net\/#organization"},"image":{"@id":"https:\/\/volcanes.net\/?p=2661#primaryimage"},"thumbnailUrl":"https:\/\/volcanes.net\/wp-content\/uploads\/2018\/09\/amlo14.jpg","keywords":["Amecameca","Atizap\u00e1n","Ayapango","Chalco","Chimalhuac\u00e1n","Coacalco","Ecatepec","Ecatzingo","Gobierno de Transici\u00f3n","Huixquilucan","Inter\u00e9s","Ixtapaluca","Izcalli","LP","Naucalpan","Nezahualc\u00f3yotl","NR","Ozumba","Tec\u00e1mac","Tepetlixpa","Texcoco","Tlalmanalco","Tlalnepantla","Toluca","Tultitl\u00e1n","Volcanes"],"articleSection":["Municipales"],"inLanguage":"es","potentialAction":[{"@type":"CommentAction","name":"Comment","target":["https:\/\/volcanes.net\/?p=2661#respond"]}]},{"@type":"WebPage","@id":"https:\/\/volcanes.net\/?p=2661","url":"https:\/\/volcanes.net\/?p=2661","name":"M\u00e9xico es ejemplo a nivel mundial por transici\u00f3n democr\u00e1tica: L\u00f3pez Obrador - Volcanes","isPartOf":{"@id":"https:\/\/volcanes.net\/#website"},"primaryImageOfPage":{"@id":"https:\/\/volcanes.net\/?p=2661#primaryimage"},"image":{"@id":"https:\/\/volcanes.net\/?p=2661#primaryimage"},"thumbnailUrl":"https:\/\/volcanes.net\/wp-content\/uploads\/2018\/09\/amlo14.jpg","datePublished":"2018-09-19T05:48:42+00:00","breadcrumb":{"@id":"https:\/\/volcanes.net\/?p=2661#breadcrumb"},"inLanguage":"es","potentialAction":[{"@type":"ReadAction","target":["https:\/\/volcanes.net\/?p=2661"]}]},{"@type":"ImageObject","inLanguage":"es","@id":"https:\/\/volcanes.net\/?p=2661#primaryimage","url":"https:\/\/volcanes.net\/wp-content\/uploads\/2018\/09\/amlo14.jpg","contentUrl":"https:\/\/volcanes.net\/wp-content\/uploads\/2018\/09\/amlo14.jpg","width":400,"height":200},{"@type":"BreadcrumbList","@id":"https:\/\/volcanes.net\/?p=2661#breadcrumb","itemListElement":[{"@type":"ListItem","position":1,"name":"Portada","item":"https:\/\/volcanes.net\/"},{"@type":"ListItem","position":2,"name":"M\u00e9xico es ejemplo a nivel mundial por transici\u00f3n democr\u00e1tica: L\u00f3pez Obrador"}]},{"@type":"WebSite","@id":"https:\/\/volcanes.net\/#website","url":"https:\/\/volcanes.net\/","name":"Volcanes.Net","description":"Periodismo Profesional","publisher":{"@id":"https:\/\/volcanes.net\/#organization"},"potentialAction":[{"@type":"SearchAction","target":{"@type":"EntryPoint","urlTemplate":"https:\/\/volcanes.net\/?s={search_term_string}"},"query-input":{"@type":"PropertyValueSpecification","valueRequired":true,"valueName":"search_term_string"}}],"inLanguage":"es"},{"@type":"Organization","@id":"https:\/\/volcanes.net\/#organization","name":"Grupo Volcanes","url":"https:\/\/volcanes.net\/","logo":{"@type":"ImageObject","inLanguage":"es","@id":"https:\/\/volcanes.net\/#\/schema\/logo\/image\/","url":"http:\/\/volcanes.net\/wp-content\/uploads\/2017\/12\/Avatar2.jpg","contentUrl":"http:\/\/volcanes.net\/wp-content\/uploads\/2017\/12\/Avatar2.jpg","width":378,"height":378,"caption":"Grupo Volcanes"},"image":{"@id":"https:\/\/volcanes.net\/#\/schema\/logo\/image\/"},"sameAs":["https:\/\/www.facebook.com\/volcanes.net\/"]},{"@type":"Person","@id":"https:\/\/volcanes.net\/#\/schema\/person\/4bf0f383940966a4abd53f5048c0e6b9","name":"admin","image":{"@type":"ImageObject","inLanguage":"es","@id":"https:\/\/volcanes.net\/#\/schema\/person\/image\/","url":"https:\/\/secure.gravatar.com\/avatar\/ca004e6cba8462b8cb7abc86e382930c?s=96&d=mm&r=g","contentUrl":"https:\/\/secure.gravatar.com\/avatar\/ca004e6cba8462b8cb7abc86e382930c?s=96&d=mm&r=g","caption":"admin"}}]}},"_links":{"self":[{"href":"https:\/\/volcanes.net\/index.php?rest_route=\/wp\/v2\/posts\/2661"}],"collection":[{"href":"https:\/\/volcanes.net\/index.php?rest_route=\/wp\/v2\/posts"}],"about":[{"href":"https:\/\/volcanes.net\/index.php?rest_route=\/wp\/v2\/types\/post"}],"author":[{"embeddable":true,"href":"https:\/\/volcanes.net\/index.php?rest_route=\/wp\/v2\/users\/1"}],"replies":[{"embeddable":true,"href":"https:\/\/volcanes.net\/index.php?rest_route=%2Fwp%2Fv2%2Fcomments&post=2661"}],"version-history":[{"count":1,"href":"https:\/\/volcanes.net\/index.php?rest_route=\/wp\/v2\/posts\/2661\/revisions"}],"predecessor-version":[{"id":2663,"href":"https:\/\/volcanes.net\/index.php?rest_route=\/wp\/v2\/posts\/2661\/revisions\/2663"}],"wp:featuredmedia":[{"embeddable":true,"href":"https:\/\/volcanes.net\/index.php?rest_route=\/wp\/v2\/media\/2662"}],"wp:attachment":[{"href":"https:\/\/volcanes.net\/index.php?rest_route=%2Fwp%2Fv2%2Fmedia&parent=2661"}],"wp:term":[{"taxonomy":"category","embeddable":true,"href":"https:\/\/volcanes.net\/index.php?rest_route=%2Fwp%2Fv2%2Fcategories&post=2661"},{"taxonomy":"post_tag","embeddable":true,"href":"https:\/\/volcanes.net\/index.php?rest_route=%2Fwp%2Fv2%2Ftags&post=2661"}],"curies":[{"name":"wp","href":"https:\/\/api.w.org\/{rel}","templated":true}]}}