{"id":2676,"date":"2018-10-07T09:12:03","date_gmt":"2018-10-07T09:12:03","guid":{"rendered":"http:\/\/volcanes.net\/?p=2676"},"modified":"2018-10-07T09:12:03","modified_gmt":"2018-10-07T09:12:03","slug":"salvador-jimenez-esparza-dice-ser-victima-de-revanchismos","status":"publish","type":"post","link":"https:\/\/volcanes.net\/?p=2676","title":{"rendered":"Salvador Jimenez Esparza dice ser v\u00edctima de revanchismos"},"content":{"rendered":"<div style=\"margin-top: 0px; margin-bottom: 0px;\" class=\"sharethis-inline-share-buttons\" ><\/div><p>*** En entrevista exclusiva con VOZ DE ORIENTE, el ex notario e hijo del fallecido Senador y pol\u00edtico, H\u00e9ctor Xim\u00e9nez Gonz\u00e1lez, aclara p\u00fablicamente muchos rumores.<\/p>\n<p>*** Manifiesta que no fue detenido por la Fiscal\u00eda General de Justicia del Estado de M\u00e9xico.<\/p>\n<p>*** Dijo que luego de casi un a\u00f1o de que le retiraron el estaff, ya fue restituido como Notario P\u00fablico en Chalco.<\/p>\n<p>*** Present\u00f3 el fallo a su favor del Tribunal de Justicia Administrativa del Estado de M\u00e9xico.<\/p>\n<p>Por Ricardo Espejel.<\/p>\n<p>Chalco. M\u00e9x.&#8212; Salvador Xim\u00e9nez Esparza, aclara p\u00fablicamente que no hay ninguna orden de aprehensi\u00f3n en su contra, y desmiente los rumores que han circulado en relaci\u00f3n a qu\u00e9 fue detenido y se encontraba recluido en el penal de Huitzilzingo, Chalco.<\/p>\n<p>En entrevista exclusiva para el peri\u00f3dico Voz de Oriente, Xim\u00e9nez Esparza habla por primera ocasi\u00f3n y abiertamente sobre un tema que gener\u00f3 pol\u00e9mica y suspicacias el a\u00f1o pasado, cuando oficialmente le fue retirado el nombramiento como Notario P\u00fablico del Estado de M\u00e9xico.<\/p>\n<p>Manifest\u00f3 que ese hecho fue en base a denuncias an\u00f3nimas que lo involucraban con documentos falsos expedidos por la Notar\u00eda bajo su cargo. Sin embargo despu\u00e9s de muchos meses de pruebas, su defensa ha sido exitosa y se pudo comprobar su inocencia en ese caso.<\/p>\n<p>Abund\u00f3 que en d\u00edas pasados ya recibi\u00f3 una resoluci\u00f3n del Tribunal de Justicia Administrativa del Estado de M\u00e9xico donde se instruye al Colegio de Notarios para que se le restituya como Notario P\u00fablico n\u00famero 126 de Chalco.<\/p>\n<p>&#8220;Esta \u00faltima acci\u00f3n a m\u00ed favor, es la que ha generado el revanchismo en mi contra de parte de varios funcionarios del gobierno estatal y del mismo Colegio de Notarios, del Diario Oficial y hasta de una notaria publica de Chalco&#8221;.<\/p>\n<p>Y QUI\u00c9NES SON ELLOS, CITA SUS NOMBRES?, SE LE INQUIERE.<\/p>\n<p>SXE: &#8212; Los ataques y revanchismos provienen directamente del Director General de Legalizaci\u00f3n y del peri\u00f3dico oficial &#8220;Gaceta del Gobierno&#8221;, Aar\u00f3n Navas \u00c1lvarez, del Vicepresidente del Colegio de Notarios del Estado de M\u00e9xico, de apellido Covarrubias que es del municipio de Nezahualc\u00f3yotl y de la Notario P\u00fablico de Chalco, Silvia Elena Meza Gerez.<\/p>\n<p>Y SOBRE TU SUPUESTA DETENCI\u00d3N DEL PASADO JUEVES, QU\u00c9 ACLARAS?<\/p>\n<p>SXE: S\u00ed el pasado jueves llegaron a mi oficina donde ten\u00eda la Notar\u00eda elementos de la fiscal\u00eda, peritos y personal del Colegio de Notarios a realizar una orden de cateo expedida por un juez, supuestamente por una denuncia an\u00f3nima ante lo que era la Consejer\u00eda Jur\u00eddica y que se\u00f1alaba que en mi despacho se estaban realizando tr\u00e1mites notariales.<\/p>\n<p>Y ah\u00ed lo \u00fanico que encontraron fueron testimonios de actos anteriores, porque ah\u00ed era una Notar\u00eda, buscaban sellos, hologramas oficiales y protocolos, pero no hab\u00eda nada de esos documentos, puesto que ya se los hab\u00edan llevando en junio del a\u00f1o pasado cuando hicieron la requisici\u00f3n.<\/p>\n<p>Xim\u00e9nez Esparza aclar\u00f3 que la orden provino de Aar\u00f3n Navas, &#8220;porqu\u00e9 est\u00e1 molesto de que ya gan\u00e9 en una primera instancia la impugnaci\u00f3n y quer\u00edan cuadrarme una denuncia para inculparme, de que en mi oficina se segu\u00edan haciendo trabajos notariales, siendo todo falso y no encontraron nada que me inculpara&#8221;, asever\u00f3.<\/p>\n<p>Dijo que ahora \u00e9l demandar\u00e1 a este funcionario ante las instancias correspondientes. &#8221; He sido muy prudente pero ya se pas\u00f3 y me voy a defender&#8221;, asever\u00f3.<\/p>\n<p>ENTONCES NO FUISTE DETENIDO?<\/p>\n<p>SXE:. S\u00f3lo me presentaron ante el ministerio p\u00fablico de Chalco, por el supuesto delito de usurpaci\u00f3n de funciones. Pero ah\u00ed no me pudieron comprobar nada, me tomaron s\u00f3lo mi declaraci\u00f3n y me dejaron en libertad plena.<\/p>\n<p>Xim\u00e9nez aclar\u00f3 que \u00e9l va a hacer todo lo legal a su alcance para p\u00fablicamente limpiar su nombre. &#8221; Voy a actuar en consecuencia porqu\u00e9 est\u00e1s personas ya me est\u00e1n ocasionando mucho da\u00f1o y no lo voy a tolerar ni permitir de ninguna manera&#8221;, a\u00f1adi\u00f3.<\/p>\n<p>Dijo que cuenta con una resoluci\u00f3n a su favor y no est\u00e1 cometiendo ninguna anormalidad, seguir\u00e1 peleando para que lo restituyan como Notario P\u00fablico y cuenta con los elementos para lograrlo.<\/p>\n<p>&#8221; Ya me dieron la garant\u00eda de audiencia y la har\u00e1 valer ante las instancias correspondientes, pues la resoluci\u00f3n dice claramente que me restituyan como Notario, pues no he cometido ning\u00fan delito y me voy a defender&#8221;, asever\u00f3.<\/p>\n<p>Destac\u00f3 que adem\u00e1s de que ya gan\u00f3 una instancia, va a iniciar denuncias penales contra qui\u00e9n resulte responsable por est\u00e1s situaciones.<\/p>\n<p>Concluy\u00f3 agregando que no cesar\u00e1 en su empe\u00f1o para limpiar su nombre y dejar en claro que ha sido v\u00edctima y va a llegar a las \u00faltimas consecuencias.<\/p>\n","protected":false},"excerpt":{"rendered":"<p>*** En entrevista exclusiva con VOZ DE ORIENTE, el ex notario e hijo del fallecido<\/p>\n","protected":false},"author":1,"featured_media":2675,"comment_status":"open","ping_status":"open","sticky":false,"template":"","format":"standard","meta":{"footnotes":""},"categories":[1],"tags":[9],"class_list":["post-2676","post","type-post","status-publish","format-standard","has-post-thumbnail","hentry","category-municipales","tag-chalco"],"yoast_head":"<!-- This site is optimized with the Yoast SEO plugin v25.3 - https:\/\/yoast.com\/wordpress\/plugins\/seo\/ -->\n<title>Salvador Jimenez Esparza dice ser v\u00edctima de revanchismos - Volcanes<\/title>\n<meta name=\"robots\" content=\"index, follow, max-snippet:-1, max-image-preview:large, max-video-preview:-1\" \/>\n<link rel=\"canonical\" href=\"https:\/\/volcanes.net\/?p=2676\" \/>\n<meta property=\"og:locale\" content=\"es_MX\" \/>\n<meta property=\"og:type\" content=\"article\" \/>\n<meta property=\"og:title\" content=\"Salvador Jimenez Esparza dice ser v\u00edctima de revanchismos - Volcanes\" \/>\n<meta property=\"og:description\" content=\"*** En entrevista exclusiva con VOZ DE ORIENTE, el ex notario e hijo del fallecido\" \/>\n<meta property=\"og:url\" content=\"https:\/\/volcanes.net\/?p=2676\" \/>\n<meta property=\"og:site_name\" content=\"Volcanes\" \/>\n<meta property=\"article:publisher\" content=\"https:\/\/www.facebook.com\/volcanes.net\/\" \/>\n<meta property=\"article:published_time\" content=\"2018-10-07T09:12:03+00:00\" \/>\n<meta property=\"og:image\" content=\"https:\/\/volcanes.net\/wp-content\/uploads\/2018\/10\/FB_IMG_1538903364596.jpg\" \/>\n\t<meta property=\"og:image:width\" content=\"720\" \/>\n\t<meta property=\"og:image:height\" content=\"540\" \/>\n\t<meta property=\"og:image:type\" content=\"image\/jpeg\" \/>\n<meta name=\"author\" content=\"admin\" \/>\n<meta name=\"twitter:card\" content=\"summary_large_image\" \/>\n<meta name=\"twitter:label1\" content=\"Escrito por\" \/>\n\t<meta name=\"twitter:data1\" content=\"admin\" \/>\n\t<meta name=\"twitter:label2\" content=\"Tiempo de lectura\" \/>\n\t<meta name=\"twitter:data2\" content=\"4 minutos\" \/>\n<script type=\"application\/ld+json\" class=\"yoast-schema-graph\">{\"@context\":\"https:\/\/schema.org\",\"@graph\":[{\"@type\":\"Article\",\"@id\":\"https:\/\/volcanes.net\/?p=2676#article\",\"isPartOf\":{\"@id\":\"https:\/\/volcanes.net\/?p=2676\"},\"author\":{\"name\":\"admin\",\"@id\":\"https:\/\/volcanes.net\/#\/schema\/person\/4bf0f383940966a4abd53f5048c0e6b9\"},\"headline\":\"Salvador Jimenez Esparza dice ser v\u00edctima de revanchismos\",\"datePublished\":\"2018-10-07T09:12:03+00:00\",\"mainEntityOfPage\":{\"@id\":\"https:\/\/volcanes.net\/?p=2676\"},\"wordCount\":824,\"commentCount\":0,\"publisher\":{\"@id\":\"https:\/\/volcanes.net\/#organization\"},\"image\":{\"@id\":\"https:\/\/volcanes.net\/?p=2676#primaryimage\"},\"thumbnailUrl\":\"https:\/\/volcanes.net\/wp-content\/uploads\/2018\/10\/FB_IMG_1538903364596.jpg\",\"keywords\":[\"Chalco\"],\"articleSection\":[\"Municipales\"],\"inLanguage\":\"es\",\"potentialAction\":[{\"@type\":\"CommentAction\",\"name\":\"Comment\",\"target\":[\"https:\/\/volcanes.net\/?p=2676#respond\"]}]},{\"@type\":\"WebPage\",\"@id\":\"https:\/\/volcanes.net\/?p=2676\",\"url\":\"https:\/\/volcanes.net\/?p=2676\",\"name\":\"Salvador Jimenez Esparza dice ser v\u00edctima de revanchismos - Volcanes\",\"isPartOf\":{\"@id\":\"https:\/\/volcanes.net\/#website\"},\"primaryImageOfPage\":{\"@id\":\"https:\/\/volcanes.net\/?p=2676#primaryimage\"},\"image\":{\"@id\":\"https:\/\/volcanes.net\/?p=2676#primaryimage\"},\"thumbnailUrl\":\"https:\/\/volcanes.net\/wp-content\/uploads\/2018\/10\/FB_IMG_1538903364596.jpg\",\"datePublished\":\"2018-10-07T09:12:03+00:00\",\"breadcrumb\":{\"@id\":\"https:\/\/volcanes.net\/?p=2676#breadcrumb\"},\"inLanguage\":\"es\",\"potentialAction\":[{\"@type\":\"ReadAction\",\"target\":[\"https:\/\/volcanes.net\/?p=2676\"]}]},{\"@type\":\"ImageObject\",\"inLanguage\":\"es\",\"@id\":\"https:\/\/volcanes.net\/?p=2676#primaryimage\",\"url\":\"https:\/\/volcanes.net\/wp-content\/uploads\/2018\/10\/FB_IMG_1538903364596.jpg\",\"contentUrl\":\"https:\/\/volcanes.net\/wp-content\/uploads\/2018\/10\/FB_IMG_1538903364596.jpg\",\"width\":720,\"height\":540},{\"@type\":\"BreadcrumbList\",\"@id\":\"https:\/\/volcanes.net\/?p=2676#breadcrumb\",\"itemListElement\":[{\"@type\":\"ListItem\",\"position\":1,\"name\":\"Portada\",\"item\":\"https:\/\/volcanes.net\/\"},{\"@type\":\"ListItem\",\"position\":2,\"name\":\"Salvador Jimenez Esparza dice ser v\u00edctima de revanchismos\"}]},{\"@type\":\"WebSite\",\"@id\":\"https:\/\/volcanes.net\/#website\",\"url\":\"https:\/\/volcanes.net\/\",\"name\":\"Volcanes.Net\",\"description\":\"Periodismo Profesional\",\"publisher\":{\"@id\":\"https:\/\/volcanes.net\/#organization\"},\"potentialAction\":[{\"@type\":\"SearchAction\",\"target\":{\"@type\":\"EntryPoint\",\"urlTemplate\":\"https:\/\/volcanes.net\/?s={search_term_string}\"},\"query-input\":{\"@type\":\"PropertyValueSpecification\",\"valueRequired\":true,\"valueName\":\"search_term_string\"}}],\"inLanguage\":\"es\"},{\"@type\":\"Organization\",\"@id\":\"https:\/\/volcanes.net\/#organization\",\"name\":\"Grupo Volcanes\",\"url\":\"https:\/\/volcanes.net\/\",\"logo\":{\"@type\":\"ImageObject\",\"inLanguage\":\"es\",\"@id\":\"https:\/\/volcanes.net\/#\/schema\/logo\/image\/\",\"url\":\"http:\/\/volcanes.net\/wp-content\/uploads\/2017\/12\/Avatar2.jpg\",\"contentUrl\":\"http:\/\/volcanes.net\/wp-content\/uploads\/2017\/12\/Avatar2.jpg\",\"width\":378,\"height\":378,\"caption\":\"Grupo Volcanes\"},\"image\":{\"@id\":\"https:\/\/volcanes.net\/#\/schema\/logo\/image\/\"},\"sameAs\":[\"https:\/\/www.facebook.com\/volcanes.net\/\"]},{\"@type\":\"Person\",\"@id\":\"https:\/\/volcanes.net\/#\/schema\/person\/4bf0f383940966a4abd53f5048c0e6b9\",\"name\":\"admin\",\"image\":{\"@type\":\"ImageObject\",\"inLanguage\":\"es\",\"@id\":\"https:\/\/volcanes.net\/#\/schema\/person\/image\/\",\"url\":\"https:\/\/secure.gravatar.com\/avatar\/ca004e6cba8462b8cb7abc86e382930c?s=96&d=mm&r=g\",\"contentUrl\":\"https:\/\/secure.gravatar.com\/avatar\/ca004e6cba8462b8cb7abc86e382930c?s=96&d=mm&r=g\",\"caption\":\"admin\"}}]}<\/script>\n<!-- \/ Yoast SEO plugin. -->","yoast_head_json":{"title":"Salvador Jimenez Esparza dice ser v\u00edctima de revanchismos - Volcanes","robots":{"index":"index","follow":"follow","max-snippet":"max-snippet:-1","max-image-preview":"max-image-preview:large","max-video-preview":"max-video-preview:-1"},"canonical":"https:\/\/volcanes.net\/?p=2676","og_locale":"es_MX","og_type":"article","og_title":"Salvador Jimenez Esparza dice ser v\u00edctima de revanchismos - Volcanes","og_description":"*** En entrevista exclusiva con VOZ DE ORIENTE, el ex notario e hijo del fallecido","og_url":"https:\/\/volcanes.net\/?p=2676","og_site_name":"Volcanes","article_publisher":"https:\/\/www.facebook.com\/volcanes.net\/","article_published_time":"2018-10-07T09:12:03+00:00","og_image":[{"width":720,"height":540,"url":"https:\/\/volcanes.net\/wp-content\/uploads\/2018\/10\/FB_IMG_1538903364596.jpg","type":"image\/jpeg"}],"author":"admin","twitter_card":"summary_large_image","twitter_misc":{"Escrito por":"admin","Tiempo de lectura":"4 minutos"},"schema":{"@context":"https:\/\/schema.org","@graph":[{"@type":"Article","@id":"https:\/\/volcanes.net\/?p=2676#article","isPartOf":{"@id":"https:\/\/volcanes.net\/?p=2676"},"author":{"name":"admin","@id":"https:\/\/volcanes.net\/#\/schema\/person\/4bf0f383940966a4abd53f5048c0e6b9"},"headline":"Salvador Jimenez Esparza dice ser v\u00edctima de revanchismos","datePublished":"2018-10-07T09:12:03+00:00","mainEntityOfPage":{"@id":"https:\/\/volcanes.net\/?p=2676"},"wordCount":824,"commentCount":0,"publisher":{"@id":"https:\/\/volcanes.net\/#organization"},"image":{"@id":"https:\/\/volcanes.net\/?p=2676#primaryimage"},"thumbnailUrl":"https:\/\/volcanes.net\/wp-content\/uploads\/2018\/10\/FB_IMG_1538903364596.jpg","keywords":["Chalco"],"articleSection":["Municipales"],"inLanguage":"es","potentialAction":[{"@type":"CommentAction","name":"Comment","target":["https:\/\/volcanes.net\/?p=2676#respond"]}]},{"@type":"WebPage","@id":"https:\/\/volcanes.net\/?p=2676","url":"https:\/\/volcanes.net\/?p=2676","name":"Salvador Jimenez Esparza dice ser v\u00edctima de revanchismos - Volcanes","isPartOf":{"@id":"https:\/\/volcanes.net\/#website"},"primaryImageOfPage":{"@id":"https:\/\/volcanes.net\/?p=2676#primaryimage"},"image":{"@id":"https:\/\/volcanes.net\/?p=2676#primaryimage"},"thumbnailUrl":"https:\/\/volcanes.net\/wp-content\/uploads\/2018\/10\/FB_IMG_1538903364596.jpg","datePublished":"2018-10-07T09:12:03+00:00","breadcrumb":{"@id":"https:\/\/volcanes.net\/?p=2676#breadcrumb"},"inLanguage":"es","potentialAction":[{"@type":"ReadAction","target":["https:\/\/volcanes.net\/?p=2676"]}]},{"@type":"ImageObject","inLanguage":"es","@id":"https:\/\/volcanes.net\/?p=2676#primaryimage","url":"https:\/\/volcanes.net\/wp-content\/uploads\/2018\/10\/FB_IMG_1538903364596.jpg","contentUrl":"https:\/\/volcanes.net\/wp-content\/uploads\/2018\/10\/FB_IMG_1538903364596.jpg","width":720,"height":540},{"@type":"BreadcrumbList","@id":"https:\/\/volcanes.net\/?p=2676#breadcrumb","itemListElement":[{"@type":"ListItem","position":1,"name":"Portada","item":"https:\/\/volcanes.net\/"},{"@type":"ListItem","position":2,"name":"Salvador Jimenez Esparza dice ser v\u00edctima de revanchismos"}]},{"@type":"WebSite","@id":"https:\/\/volcanes.net\/#website","url":"https:\/\/volcanes.net\/","name":"Volcanes.Net","description":"Periodismo Profesional","publisher":{"@id":"https:\/\/volcanes.net\/#organization"},"potentialAction":[{"@type":"SearchAction","target":{"@type":"EntryPoint","urlTemplate":"https:\/\/volcanes.net\/?s={search_term_string}"},"query-input":{"@type":"PropertyValueSpecification","valueRequired":true,"valueName":"search_term_string"}}],"inLanguage":"es"},{"@type":"Organization","@id":"https:\/\/volcanes.net\/#organization","name":"Grupo Volcanes","url":"https:\/\/volcanes.net\/","logo":{"@type":"ImageObject","inLanguage":"es","@id":"https:\/\/volcanes.net\/#\/schema\/logo\/image\/","url":"http:\/\/volcanes.net\/wp-content\/uploads\/2017\/12\/Avatar2.jpg","contentUrl":"http:\/\/volcanes.net\/wp-content\/uploads\/2017\/12\/Avatar2.jpg","width":378,"height":378,"caption":"Grupo Volcanes"},"image":{"@id":"https:\/\/volcanes.net\/#\/schema\/logo\/image\/"},"sameAs":["https:\/\/www.facebook.com\/volcanes.net\/"]},{"@type":"Person","@id":"https:\/\/volcanes.net\/#\/schema\/person\/4bf0f383940966a4abd53f5048c0e6b9","name":"admin","image":{"@type":"ImageObject","inLanguage":"es","@id":"https:\/\/volcanes.net\/#\/schema\/person\/image\/","url":"https:\/\/secure.gravatar.com\/avatar\/ca004e6cba8462b8cb7abc86e382930c?s=96&d=mm&r=g","contentUrl":"https:\/\/secure.gravatar.com\/avatar\/ca004e6cba8462b8cb7abc86e382930c?s=96&d=mm&r=g","caption":"admin"}}]}},"_links":{"self":[{"href":"https:\/\/volcanes.net\/index.php?rest_route=\/wp\/v2\/posts\/2676"}],"collection":[{"href":"https:\/\/volcanes.net\/index.php?rest_route=\/wp\/v2\/posts"}],"about":[{"href":"https:\/\/volcanes.net\/index.php?rest_route=\/wp\/v2\/types\/post"}],"author":[{"embeddable":true,"href":"https:\/\/volcanes.net\/index.php?rest_route=\/wp\/v2\/users\/1"}],"replies":[{"embeddable":true,"href":"https:\/\/volcanes.net\/index.php?rest_route=%2Fwp%2Fv2%2Fcomments&post=2676"}],"version-history":[{"count":1,"href":"https:\/\/volcanes.net\/index.php?rest_route=\/wp\/v2\/posts\/2676\/revisions"}],"predecessor-version":[{"id":2677,"href":"https:\/\/volcanes.net\/index.php?rest_route=\/wp\/v2\/posts\/2676\/revisions\/2677"}],"wp:featuredmedia":[{"embeddable":true,"href":"https:\/\/volcanes.net\/index.php?rest_route=\/wp\/v2\/media\/2675"}],"wp:attachment":[{"href":"https:\/\/volcanes.net\/index.php?rest_route=%2Fwp%2Fv2%2Fmedia&parent=2676"}],"wp:term":[{"taxonomy":"category","embeddable":true,"href":"https:\/\/volcanes.net\/index.php?rest_route=%2Fwp%2Fv2%2Fcategories&post=2676"},{"taxonomy":"post_tag","embeddable":true,"href":"https:\/\/volcanes.net\/index.php?rest_route=%2Fwp%2Fv2%2Ftags&post=2676"}],"curies":[{"name":"wp","href":"https:\/\/api.w.org\/{rel}","templated":true}]}}