{"id":2682,"date":"2018-10-11T05:46:05","date_gmt":"2018-10-11T05:46:05","guid":{"rendered":"http:\/\/volcanes.net\/?p=2682"},"modified":"2018-10-11T05:46:05","modified_gmt":"2018-10-11T05:46:05","slug":"ejidatarios-encaran-a-futuro-secretario-de-comunicaciones-en-recorrido-por-zona-afectada-por-nuevo-aeropuerto","status":"publish","type":"post","link":"https:\/\/volcanes.net\/?p=2682","title":{"rendered":"Ejidatarios encaran a futuro Secretario de comunicaciones en recorrido por zona afectada por nuevo aeropuerto"},"content":{"rendered":"<div style=\"margin-top: 0px; margin-bottom: 0px;\" class=\"sharethis-inline-share-buttons\" ><\/div><p>Jos\u00e9 Cruz Garc\u00eda O.<\/p>\n<p>SAN SALVADOR ATENCO, Edomex. 10 de octubre 2018.- Integrantes del nuevo gabinete federal, encabezados por el futuro titular de la Secretar\u00eda de Comunicaciones y Transportes, Javier Jim\u00e9nez Espri\u00fa, y un grupo de Ejidatarios que se oponen a la construcci\u00f3n del Nuevo Aeropuerto en sus tierras, realizaron un recorrido por los lugares que han sido afectados por la edificaci\u00f3n de la magna obra, previo a la consulta ciudadana que se llevar\u00e1 a cabo del 24 al 28 de de octubre de este a\u00f1o.<span id=\"more-229563\"><\/span><\/p>\n<p>Al rededor de las 8 de ma\u00f1ana, la caravana que se concentr\u00f3 a las afueras de la Universidad de Chapingo, sali\u00f3 con rumbo a las zonas que ya han sido devastadas.<\/p>\n<p>Fue en el primer punto del recorrido, la zona conocida como Tlaminca, en el municipio de Texcoco, en el que algunos Ejidatarios encararon al futuro Secretario, Jim\u00e9nez Espri\u00fa para cuestionarle sobre la decisi\u00f3n del Presidente Electo de considerar una Consulta Ciudadana para poder tomar una decisi\u00f3n.<\/p>\n<p>\u201cSi el Aeropuerto sigue, van a matar nuestra salud, van a matar nuestras culturas, van a enterrar todo lo que ya enterraron, inclusive ya hay muertos en este movimiento y eso con una consulta, no se puede solucionar\u201d, dijeron los vecinos.<\/p>\n<p>En entrevista, de manera pac\u00edfica, pero firme, el lider del Frente de Pueblos en Defensa de la Tierra de San Salvador Atenco (FPDT) Ignacio del Valle, concediendo al Nuevo Gobierno el beneficio de la duda, advirti\u00f3 que<br \/>\nellos continuar\u00e1n con su lucha\u2026<\/p>\n<p>\u201cLo que hemos implementado siempre, alzando la voz, hablando con la verdad, el camino lo sabemos, lo hemos recorrido, desde luego en otras condiciones, pero si ser\u00eda decepcionante que heredara el nuevo gobierno, este proyecto que nace en la corrupci\u00f3n se mantiene en la corrupci\u00f3n y que decepcionante ser\u00eda que heredara este proyecto\u201d.<\/p>\n<p>Durante el recorrido denominado \u201cEl Paseo de la Muerte\u201d, que se prolong\u00f3 durante m\u00e1s de 7 horas constataron las graves da\u00f1os y la devastaci\u00f3n ecol\u00f3gica que ha dejado la construcci\u00f3n del nuevo aeropuerto en esta zona.<\/p>\n<p>El recorrido continuo por los puntos aleda\u00f1os que han sufrido afectaciones importantes como Santo Tom\u00e1s Apipilhuasco, en Tepetlaoxtoc; San\u00a0Agust\u00edn Actipac, en Teotihuac\u00e1n,<br \/>\nTezoyuca, concluyendo en San Salvador Atenco.<\/p>\n","protected":false},"excerpt":{"rendered":"<p>Jos\u00e9 Cruz Garc\u00eda O. SAN SALVADOR ATENCO, Edomex. 10 de octubre 2018.- Integrantes del nuevo<\/p>\n","protected":false},"author":1,"featured_media":2683,"comment_status":"open","ping_status":"open","sticky":false,"template":"","format":"standard","meta":{"footnotes":""},"categories":[1],"tags":[22],"class_list":["post-2682","post","type-post","status-publish","format-standard","has-post-thumbnail","hentry","category-municipales","tag-texcoco"],"yoast_head":"<!-- This site is optimized with the Yoast SEO plugin v25.3 - https:\/\/yoast.com\/wordpress\/plugins\/seo\/ -->\n<title>Ejidatarios encaran a futuro Secretario de comunicaciones en recorrido por zona afectada por nuevo aeropuerto - Volcanes<\/title>\n<meta name=\"robots\" content=\"index, follow, max-snippet:-1, max-image-preview:large, max-video-preview:-1\" \/>\n<link rel=\"canonical\" href=\"https:\/\/volcanes.net\/?p=2682\" \/>\n<meta property=\"og:locale\" content=\"es_MX\" \/>\n<meta property=\"og:type\" content=\"article\" \/>\n<meta property=\"og:title\" content=\"Ejidatarios encaran a futuro Secretario de comunicaciones en recorrido por zona afectada por nuevo aeropuerto - Volcanes\" \/>\n<meta property=\"og:description\" content=\"Jos\u00e9 Cruz Garc\u00eda O. SAN SALVADOR ATENCO, Edomex. 10 de octubre 2018.- Integrantes del nuevo\" \/>\n<meta property=\"og:url\" content=\"https:\/\/volcanes.net\/?p=2682\" \/>\n<meta property=\"og:site_name\" content=\"Volcanes\" \/>\n<meta property=\"article:publisher\" content=\"https:\/\/www.facebook.com\/volcanes.net\/\" \/>\n<meta property=\"article:published_time\" content=\"2018-10-11T05:46:05+00:00\" \/>\n<meta property=\"og:image\" content=\"https:\/\/volcanes.net\/wp-content\/uploads\/2018\/10\/WhatsApp-Image-2018-10-10-at-2.47.30-PM-e1539236636828.jpeg\" \/>\n\t<meta property=\"og:image:width\" content=\"720\" \/>\n\t<meta property=\"og:image:height\" content=\"630\" \/>\n\t<meta property=\"og:image:type\" content=\"image\/jpeg\" \/>\n<meta name=\"author\" content=\"admin\" \/>\n<meta name=\"twitter:card\" content=\"summary_large_image\" \/>\n<meta name=\"twitter:label1\" content=\"Escrito por\" \/>\n\t<meta name=\"twitter:data1\" content=\"admin\" \/>\n\t<meta name=\"twitter:label2\" content=\"Tiempo de lectura\" \/>\n\t<meta name=\"twitter:data2\" content=\"2 minutos\" \/>\n<script type=\"application\/ld+json\" class=\"yoast-schema-graph\">{\"@context\":\"https:\/\/schema.org\",\"@graph\":[{\"@type\":\"Article\",\"@id\":\"https:\/\/volcanes.net\/?p=2682#article\",\"isPartOf\":{\"@id\":\"https:\/\/volcanes.net\/?p=2682\"},\"author\":{\"name\":\"admin\",\"@id\":\"https:\/\/volcanes.net\/#\/schema\/person\/4bf0f383940966a4abd53f5048c0e6b9\"},\"headline\":\"Ejidatarios encaran a futuro Secretario de comunicaciones en recorrido por zona afectada por nuevo aeropuerto\",\"datePublished\":\"2018-10-11T05:46:05+00:00\",\"mainEntityOfPage\":{\"@id\":\"https:\/\/volcanes.net\/?p=2682\"},\"wordCount\":399,\"commentCount\":0,\"publisher\":{\"@id\":\"https:\/\/volcanes.net\/#organization\"},\"image\":{\"@id\":\"https:\/\/volcanes.net\/?p=2682#primaryimage\"},\"thumbnailUrl\":\"https:\/\/volcanes.net\/wp-content\/uploads\/2018\/10\/WhatsApp-Image-2018-10-10-at-2.47.30-PM-e1539236636828.jpeg\",\"keywords\":[\"Texcoco\"],\"articleSection\":[\"Municipales\"],\"inLanguage\":\"es\",\"potentialAction\":[{\"@type\":\"CommentAction\",\"name\":\"Comment\",\"target\":[\"https:\/\/volcanes.net\/?p=2682#respond\"]}]},{\"@type\":\"WebPage\",\"@id\":\"https:\/\/volcanes.net\/?p=2682\",\"url\":\"https:\/\/volcanes.net\/?p=2682\",\"name\":\"Ejidatarios encaran a futuro Secretario de comunicaciones en recorrido por zona afectada por nuevo aeropuerto - Volcanes\",\"isPartOf\":{\"@id\":\"https:\/\/volcanes.net\/#website\"},\"primaryImageOfPage\":{\"@id\":\"https:\/\/volcanes.net\/?p=2682#primaryimage\"},\"image\":{\"@id\":\"https:\/\/volcanes.net\/?p=2682#primaryimage\"},\"thumbnailUrl\":\"https:\/\/volcanes.net\/wp-content\/uploads\/2018\/10\/WhatsApp-Image-2018-10-10-at-2.47.30-PM-e1539236636828.jpeg\",\"datePublished\":\"2018-10-11T05:46:05+00:00\",\"breadcrumb\":{\"@id\":\"https:\/\/volcanes.net\/?p=2682#breadcrumb\"},\"inLanguage\":\"es\",\"potentialAction\":[{\"@type\":\"ReadAction\",\"target\":[\"https:\/\/volcanes.net\/?p=2682\"]}]},{\"@type\":\"ImageObject\",\"inLanguage\":\"es\",\"@id\":\"https:\/\/volcanes.net\/?p=2682#primaryimage\",\"url\":\"https:\/\/volcanes.net\/wp-content\/uploads\/2018\/10\/WhatsApp-Image-2018-10-10-at-2.47.30-PM-e1539236636828.jpeg\",\"contentUrl\":\"https:\/\/volcanes.net\/wp-content\/uploads\/2018\/10\/WhatsApp-Image-2018-10-10-at-2.47.30-PM-e1539236636828.jpeg\",\"width\":720,\"height\":630},{\"@type\":\"BreadcrumbList\",\"@id\":\"https:\/\/volcanes.net\/?p=2682#breadcrumb\",\"itemListElement\":[{\"@type\":\"ListItem\",\"position\":1,\"name\":\"Portada\",\"item\":\"https:\/\/volcanes.net\/\"},{\"@type\":\"ListItem\",\"position\":2,\"name\":\"Ejidatarios encaran a futuro Secretario de comunicaciones en recorrido por zona afectada por nuevo aeropuerto\"}]},{\"@type\":\"WebSite\",\"@id\":\"https:\/\/volcanes.net\/#website\",\"url\":\"https:\/\/volcanes.net\/\",\"name\":\"Volcanes.Net\",\"description\":\"Periodismo Profesional\",\"publisher\":{\"@id\":\"https:\/\/volcanes.net\/#organization\"},\"potentialAction\":[{\"@type\":\"SearchAction\",\"target\":{\"@type\":\"EntryPoint\",\"urlTemplate\":\"https:\/\/volcanes.net\/?s={search_term_string}\"},\"query-input\":{\"@type\":\"PropertyValueSpecification\",\"valueRequired\":true,\"valueName\":\"search_term_string\"}}],\"inLanguage\":\"es\"},{\"@type\":\"Organization\",\"@id\":\"https:\/\/volcanes.net\/#organization\",\"name\":\"Grupo Volcanes\",\"url\":\"https:\/\/volcanes.net\/\",\"logo\":{\"@type\":\"ImageObject\",\"inLanguage\":\"es\",\"@id\":\"https:\/\/volcanes.net\/#\/schema\/logo\/image\/\",\"url\":\"http:\/\/volcanes.net\/wp-content\/uploads\/2017\/12\/Avatar2.jpg\",\"contentUrl\":\"http:\/\/volcanes.net\/wp-content\/uploads\/2017\/12\/Avatar2.jpg\",\"width\":378,\"height\":378,\"caption\":\"Grupo Volcanes\"},\"image\":{\"@id\":\"https:\/\/volcanes.net\/#\/schema\/logo\/image\/\"},\"sameAs\":[\"https:\/\/www.facebook.com\/volcanes.net\/\"]},{\"@type\":\"Person\",\"@id\":\"https:\/\/volcanes.net\/#\/schema\/person\/4bf0f383940966a4abd53f5048c0e6b9\",\"name\":\"admin\",\"image\":{\"@type\":\"ImageObject\",\"inLanguage\":\"es\",\"@id\":\"https:\/\/volcanes.net\/#\/schema\/person\/image\/\",\"url\":\"https:\/\/secure.gravatar.com\/avatar\/ca004e6cba8462b8cb7abc86e382930c?s=96&d=mm&r=g\",\"contentUrl\":\"https:\/\/secure.gravatar.com\/avatar\/ca004e6cba8462b8cb7abc86e382930c?s=96&d=mm&r=g\",\"caption\":\"admin\"}}]}<\/script>\n<!-- \/ Yoast SEO plugin. -->","yoast_head_json":{"title":"Ejidatarios encaran a futuro Secretario de comunicaciones en recorrido por zona afectada por nuevo aeropuerto - Volcanes","robots":{"index":"index","follow":"follow","max-snippet":"max-snippet:-1","max-image-preview":"max-image-preview:large","max-video-preview":"max-video-preview:-1"},"canonical":"https:\/\/volcanes.net\/?p=2682","og_locale":"es_MX","og_type":"article","og_title":"Ejidatarios encaran a futuro Secretario de comunicaciones en recorrido por zona afectada por nuevo aeropuerto - Volcanes","og_description":"Jos\u00e9 Cruz Garc\u00eda O. SAN SALVADOR ATENCO, Edomex. 10 de octubre 2018.- Integrantes del nuevo","og_url":"https:\/\/volcanes.net\/?p=2682","og_site_name":"Volcanes","article_publisher":"https:\/\/www.facebook.com\/volcanes.net\/","article_published_time":"2018-10-11T05:46:05+00:00","og_image":[{"width":720,"height":630,"url":"https:\/\/volcanes.net\/wp-content\/uploads\/2018\/10\/WhatsApp-Image-2018-10-10-at-2.47.30-PM-e1539236636828.jpeg","type":"image\/jpeg"}],"author":"admin","twitter_card":"summary_large_image","twitter_misc":{"Escrito por":"admin","Tiempo de lectura":"2 minutos"},"schema":{"@context":"https:\/\/schema.org","@graph":[{"@type":"Article","@id":"https:\/\/volcanes.net\/?p=2682#article","isPartOf":{"@id":"https:\/\/volcanes.net\/?p=2682"},"author":{"name":"admin","@id":"https:\/\/volcanes.net\/#\/schema\/person\/4bf0f383940966a4abd53f5048c0e6b9"},"headline":"Ejidatarios encaran a futuro Secretario de comunicaciones en recorrido por zona afectada por nuevo aeropuerto","datePublished":"2018-10-11T05:46:05+00:00","mainEntityOfPage":{"@id":"https:\/\/volcanes.net\/?p=2682"},"wordCount":399,"commentCount":0,"publisher":{"@id":"https:\/\/volcanes.net\/#organization"},"image":{"@id":"https:\/\/volcanes.net\/?p=2682#primaryimage"},"thumbnailUrl":"https:\/\/volcanes.net\/wp-content\/uploads\/2018\/10\/WhatsApp-Image-2018-10-10-at-2.47.30-PM-e1539236636828.jpeg","keywords":["Texcoco"],"articleSection":["Municipales"],"inLanguage":"es","potentialAction":[{"@type":"CommentAction","name":"Comment","target":["https:\/\/volcanes.net\/?p=2682#respond"]}]},{"@type":"WebPage","@id":"https:\/\/volcanes.net\/?p=2682","url":"https:\/\/volcanes.net\/?p=2682","name":"Ejidatarios encaran a futuro Secretario de comunicaciones en recorrido por zona afectada por nuevo aeropuerto - Volcanes","isPartOf":{"@id":"https:\/\/volcanes.net\/#website"},"primaryImageOfPage":{"@id":"https:\/\/volcanes.net\/?p=2682#primaryimage"},"image":{"@id":"https:\/\/volcanes.net\/?p=2682#primaryimage"},"thumbnailUrl":"https:\/\/volcanes.net\/wp-content\/uploads\/2018\/10\/WhatsApp-Image-2018-10-10-at-2.47.30-PM-e1539236636828.jpeg","datePublished":"2018-10-11T05:46:05+00:00","breadcrumb":{"@id":"https:\/\/volcanes.net\/?p=2682#breadcrumb"},"inLanguage":"es","potentialAction":[{"@type":"ReadAction","target":["https:\/\/volcanes.net\/?p=2682"]}]},{"@type":"ImageObject","inLanguage":"es","@id":"https:\/\/volcanes.net\/?p=2682#primaryimage","url":"https:\/\/volcanes.net\/wp-content\/uploads\/2018\/10\/WhatsApp-Image-2018-10-10-at-2.47.30-PM-e1539236636828.jpeg","contentUrl":"https:\/\/volcanes.net\/wp-content\/uploads\/2018\/10\/WhatsApp-Image-2018-10-10-at-2.47.30-PM-e1539236636828.jpeg","width":720,"height":630},{"@type":"BreadcrumbList","@id":"https:\/\/volcanes.net\/?p=2682#breadcrumb","itemListElement":[{"@type":"ListItem","position":1,"name":"Portada","item":"https:\/\/volcanes.net\/"},{"@type":"ListItem","position":2,"name":"Ejidatarios encaran a futuro Secretario de comunicaciones en recorrido por zona afectada por nuevo aeropuerto"}]},{"@type":"WebSite","@id":"https:\/\/volcanes.net\/#website","url":"https:\/\/volcanes.net\/","name":"Volcanes.Net","description":"Periodismo Profesional","publisher":{"@id":"https:\/\/volcanes.net\/#organization"},"potentialAction":[{"@type":"SearchAction","target":{"@type":"EntryPoint","urlTemplate":"https:\/\/volcanes.net\/?s={search_term_string}"},"query-input":{"@type":"PropertyValueSpecification","valueRequired":true,"valueName":"search_term_string"}}],"inLanguage":"es"},{"@type":"Organization","@id":"https:\/\/volcanes.net\/#organization","name":"Grupo Volcanes","url":"https:\/\/volcanes.net\/","logo":{"@type":"ImageObject","inLanguage":"es","@id":"https:\/\/volcanes.net\/#\/schema\/logo\/image\/","url":"http:\/\/volcanes.net\/wp-content\/uploads\/2017\/12\/Avatar2.jpg","contentUrl":"http:\/\/volcanes.net\/wp-content\/uploads\/2017\/12\/Avatar2.jpg","width":378,"height":378,"caption":"Grupo Volcanes"},"image":{"@id":"https:\/\/volcanes.net\/#\/schema\/logo\/image\/"},"sameAs":["https:\/\/www.facebook.com\/volcanes.net\/"]},{"@type":"Person","@id":"https:\/\/volcanes.net\/#\/schema\/person\/4bf0f383940966a4abd53f5048c0e6b9","name":"admin","image":{"@type":"ImageObject","inLanguage":"es","@id":"https:\/\/volcanes.net\/#\/schema\/person\/image\/","url":"https:\/\/secure.gravatar.com\/avatar\/ca004e6cba8462b8cb7abc86e382930c?s=96&d=mm&r=g","contentUrl":"https:\/\/secure.gravatar.com\/avatar\/ca004e6cba8462b8cb7abc86e382930c?s=96&d=mm&r=g","caption":"admin"}}]}},"_links":{"self":[{"href":"https:\/\/volcanes.net\/index.php?rest_route=\/wp\/v2\/posts\/2682"}],"collection":[{"href":"https:\/\/volcanes.net\/index.php?rest_route=\/wp\/v2\/posts"}],"about":[{"href":"https:\/\/volcanes.net\/index.php?rest_route=\/wp\/v2\/types\/post"}],"author":[{"embeddable":true,"href":"https:\/\/volcanes.net\/index.php?rest_route=\/wp\/v2\/users\/1"}],"replies":[{"embeddable":true,"href":"https:\/\/volcanes.net\/index.php?rest_route=%2Fwp%2Fv2%2Fcomments&post=2682"}],"version-history":[{"count":1,"href":"https:\/\/volcanes.net\/index.php?rest_route=\/wp\/v2\/posts\/2682\/revisions"}],"predecessor-version":[{"id":2684,"href":"https:\/\/volcanes.net\/index.php?rest_route=\/wp\/v2\/posts\/2682\/revisions\/2684"}],"wp:featuredmedia":[{"embeddable":true,"href":"https:\/\/volcanes.net\/index.php?rest_route=\/wp\/v2\/media\/2683"}],"wp:attachment":[{"href":"https:\/\/volcanes.net\/index.php?rest_route=%2Fwp%2Fv2%2Fmedia&parent=2682"}],"wp:term":[{"taxonomy":"category","embeddable":true,"href":"https:\/\/volcanes.net\/index.php?rest_route=%2Fwp%2Fv2%2Fcategories&post=2682"},{"taxonomy":"post_tag","embeddable":true,"href":"https:\/\/volcanes.net\/index.php?rest_route=%2Fwp%2Fv2%2Ftags&post=2682"}],"curies":[{"name":"wp","href":"https:\/\/api.w.org\/{rel}","templated":true}]}}