{"id":2706,"date":"2018-10-18T04:08:02","date_gmt":"2018-10-18T04:08:02","guid":{"rendered":"http:\/\/volcanes.net\/?p=2706"},"modified":"2018-10-18T04:09:16","modified_gmt":"2018-10-18T04:09:16","slug":"marchan-y-bloquean-autopista-habitantes-de-valle-de-chalco","status":"publish","type":"post","link":"https:\/\/volcanes.net\/?p=2706","title":{"rendered":"Marchan y bloquean autopista habitantes de Valle de Chalco"},"content":{"rendered":"<div style=\"margin-top: 0px; margin-bottom: 0px;\" class=\"sharethis-inline-share-buttons\" ><\/div><p>Jos\u00e9 Cruz Garcia O<\/p>\n<p>M\u00e1s de 2000 habitantes de Valle de Chalco Solidaridad, mantuvieron bloqueados por m\u00e1s de dos horas carriles laterales de la autopista M\u00e9xico-Puebla, en demanda a los gobiernos Federal y Estatal de que cumplan con promesas de obras en su municipio.<\/p>\n<p>Encabezados por el Presidente Municipal, Ram\u00f3n Montalvo Hern\u00e1ndez, marcharon y bloquearon la carriles laterales de la carretera en direcci\u00f3n a Puebla.<\/p>\n<p>Se apostaron a la altura del punto conocido como Caseta Vieja, en d\u00f3nde el mun\u00edcipe ante los medios de comunicaci\u00f3n, exigi\u00f3 al gobierno federal la construcci\u00f3n de un puente vehicular, el cu\u00e1l sirva para permitir el paso sobre la autopista del municipio de Valle de Chalco al municipio de Ixtapaluca.<\/p>\n<p>Adem\u00e1s solicit\u00f3 la entrega por parte de la federaci\u00f3n de 200 armas que ya pagaron desde hace m\u00e1s de 2 a\u00f1os y a la fecha no les entregan.<\/p>\n<p>Al gobierno estatal, le pidi\u00f3 autorizar los permisos para la perforaci\u00f3n de un Pozo de Agua, as\u00ed como la construcci\u00f3n \u00f3 el permiso para construir un Centro de Salud.<br \/>\nOtros puntos de su pliego petitorio son, la repavimentaci\u00f3n en los tramos inconclusos en la lateral de la autopista, la cancelaci\u00f3n de permisos para modificar uso de suelo y el reconocimiento de la reserva ecologica en la zona del cerro de Xico, as\u00ed mismo, de la zona arqueol\u00f3gica.<\/p>\n<p>Por breves minutos, los manifestantes bloquearon la totalidad de carriles en el sentido hacia Puebla, sin embargo, la mayor parte del tiempo, la manifestaci\u00f3n fue pac\u00edfica, sin afectar de manera importante la circulaci\u00f3n.<br \/>\nRam\u00f3n Montalvo, alcalde de Valle de Chalco, emplaz\u00f3 al gobierno federal, que si en tres d\u00edas no le da soluci\u00f3n a sus demandas, entonces s\u00ed, bloquear\u00edan en su totalidad la Autopista M\u00e9xico-Puebla.<\/p>\n","protected":false},"excerpt":{"rendered":"<p>Jos\u00e9 Cruz Garcia O M\u00e1s de 2000 habitantes de Valle de Chalco Solidaridad, mantuvieron bloqueados<\/p>\n","protected":false},"author":1,"featured_media":2705,"comment_status":"open","ping_status":"open","sticky":false,"template":"","format":"standard","meta":{"footnotes":""},"categories":[1],"tags":[9,6,5,46],"class_list":["post-2706","post","type-post","status-publish","format-standard","has-post-thumbnail","hentry","category-municipales","tag-chalco","tag-ixtapaluca","tag-valle-de-chalco","tag-volcanes"],"yoast_head":"<!-- This site is optimized with the Yoast SEO plugin v25.3 - https:\/\/yoast.com\/wordpress\/plugins\/seo\/ -->\n<title>Marchan y bloquean autopista habitantes de Valle de Chalco - Volcanes<\/title>\n<meta name=\"robots\" content=\"index, follow, max-snippet:-1, max-image-preview:large, max-video-preview:-1\" \/>\n<link rel=\"canonical\" href=\"https:\/\/volcanes.net\/?p=2706\" \/>\n<meta property=\"og:locale\" content=\"es_MX\" \/>\n<meta property=\"og:type\" content=\"article\" \/>\n<meta property=\"og:title\" content=\"Marchan y bloquean autopista habitantes de Valle de Chalco - Volcanes\" \/>\n<meta property=\"og:description\" content=\"Jos\u00e9 Cruz Garcia O M\u00e1s de 2000 habitantes de Valle de Chalco Solidaridad, mantuvieron bloqueados\" \/>\n<meta property=\"og:url\" content=\"https:\/\/volcanes.net\/?p=2706\" \/>\n<meta property=\"og:site_name\" content=\"Volcanes\" \/>\n<meta property=\"article:publisher\" content=\"https:\/\/www.facebook.com\/volcanes.net\/\" \/>\n<meta property=\"article:published_time\" content=\"2018-10-18T04:08:02+00:00\" \/>\n<meta property=\"article:modified_time\" content=\"2018-10-18T04:09:16+00:00\" \/>\n<meta property=\"og:image\" content=\"https:\/\/volcanes.net\/wp-content\/uploads\/2018\/10\/IMG-20181017-WA0043.jpg\" \/>\n\t<meta property=\"og:image:width\" content=\"1040\" \/>\n\t<meta property=\"og:image:height\" content=\"584\" \/>\n\t<meta property=\"og:image:type\" content=\"image\/jpeg\" \/>\n<meta name=\"author\" content=\"admin\" \/>\n<meta name=\"twitter:card\" content=\"summary_large_image\" \/>\n<meta name=\"twitter:label1\" content=\"Escrito por\" \/>\n\t<meta name=\"twitter:data1\" content=\"admin\" \/>\n\t<meta name=\"twitter:label2\" content=\"Tiempo de lectura\" \/>\n\t<meta name=\"twitter:data2\" content=\"2 minutos\" \/>\n<script type=\"application\/ld+json\" class=\"yoast-schema-graph\">{\"@context\":\"https:\/\/schema.org\",\"@graph\":[{\"@type\":\"Article\",\"@id\":\"https:\/\/volcanes.net\/?p=2706#article\",\"isPartOf\":{\"@id\":\"https:\/\/volcanes.net\/?p=2706\"},\"author\":{\"name\":\"admin\",\"@id\":\"https:\/\/volcanes.net\/#\/schema\/person\/4bf0f383940966a4abd53f5048c0e6b9\"},\"headline\":\"Marchan y bloquean autopista habitantes de Valle de Chalco\",\"datePublished\":\"2018-10-18T04:08:02+00:00\",\"dateModified\":\"2018-10-18T04:09:16+00:00\",\"mainEntityOfPage\":{\"@id\":\"https:\/\/volcanes.net\/?p=2706\"},\"wordCount\":318,\"commentCount\":0,\"publisher\":{\"@id\":\"https:\/\/volcanes.net\/#organization\"},\"image\":{\"@id\":\"https:\/\/volcanes.net\/?p=2706#primaryimage\"},\"thumbnailUrl\":\"https:\/\/volcanes.net\/wp-content\/uploads\/2018\/10\/IMG-20181017-WA0043.jpg\",\"keywords\":[\"Chalco\",\"Ixtapaluca\",\"Valle de Chalco\",\"Volcanes\"],\"articleSection\":[\"Municipales\"],\"inLanguage\":\"es\",\"potentialAction\":[{\"@type\":\"CommentAction\",\"name\":\"Comment\",\"target\":[\"https:\/\/volcanes.net\/?p=2706#respond\"]}]},{\"@type\":\"WebPage\",\"@id\":\"https:\/\/volcanes.net\/?p=2706\",\"url\":\"https:\/\/volcanes.net\/?p=2706\",\"name\":\"Marchan y bloquean autopista habitantes de Valle de Chalco - Volcanes\",\"isPartOf\":{\"@id\":\"https:\/\/volcanes.net\/#website\"},\"primaryImageOfPage\":{\"@id\":\"https:\/\/volcanes.net\/?p=2706#primaryimage\"},\"image\":{\"@id\":\"https:\/\/volcanes.net\/?p=2706#primaryimage\"},\"thumbnailUrl\":\"https:\/\/volcanes.net\/wp-content\/uploads\/2018\/10\/IMG-20181017-WA0043.jpg\",\"datePublished\":\"2018-10-18T04:08:02+00:00\",\"dateModified\":\"2018-10-18T04:09:16+00:00\",\"breadcrumb\":{\"@id\":\"https:\/\/volcanes.net\/?p=2706#breadcrumb\"},\"inLanguage\":\"es\",\"potentialAction\":[{\"@type\":\"ReadAction\",\"target\":[\"https:\/\/volcanes.net\/?p=2706\"]}]},{\"@type\":\"ImageObject\",\"inLanguage\":\"es\",\"@id\":\"https:\/\/volcanes.net\/?p=2706#primaryimage\",\"url\":\"https:\/\/volcanes.net\/wp-content\/uploads\/2018\/10\/IMG-20181017-WA0043.jpg\",\"contentUrl\":\"https:\/\/volcanes.net\/wp-content\/uploads\/2018\/10\/IMG-20181017-WA0043.jpg\",\"width\":1040,\"height\":584},{\"@type\":\"BreadcrumbList\",\"@id\":\"https:\/\/volcanes.net\/?p=2706#breadcrumb\",\"itemListElement\":[{\"@type\":\"ListItem\",\"position\":1,\"name\":\"Portada\",\"item\":\"https:\/\/volcanes.net\/\"},{\"@type\":\"ListItem\",\"position\":2,\"name\":\"Marchan y bloquean autopista habitantes de Valle de Chalco\"}]},{\"@type\":\"WebSite\",\"@id\":\"https:\/\/volcanes.net\/#website\",\"url\":\"https:\/\/volcanes.net\/\",\"name\":\"Volcanes.Net\",\"description\":\"Periodismo Profesional\",\"publisher\":{\"@id\":\"https:\/\/volcanes.net\/#organization\"},\"potentialAction\":[{\"@type\":\"SearchAction\",\"target\":{\"@type\":\"EntryPoint\",\"urlTemplate\":\"https:\/\/volcanes.net\/?s={search_term_string}\"},\"query-input\":{\"@type\":\"PropertyValueSpecification\",\"valueRequired\":true,\"valueName\":\"search_term_string\"}}],\"inLanguage\":\"es\"},{\"@type\":\"Organization\",\"@id\":\"https:\/\/volcanes.net\/#organization\",\"name\":\"Grupo Volcanes\",\"url\":\"https:\/\/volcanes.net\/\",\"logo\":{\"@type\":\"ImageObject\",\"inLanguage\":\"es\",\"@id\":\"https:\/\/volcanes.net\/#\/schema\/logo\/image\/\",\"url\":\"http:\/\/volcanes.net\/wp-content\/uploads\/2017\/12\/Avatar2.jpg\",\"contentUrl\":\"http:\/\/volcanes.net\/wp-content\/uploads\/2017\/12\/Avatar2.jpg\",\"width\":378,\"height\":378,\"caption\":\"Grupo Volcanes\"},\"image\":{\"@id\":\"https:\/\/volcanes.net\/#\/schema\/logo\/image\/\"},\"sameAs\":[\"https:\/\/www.facebook.com\/volcanes.net\/\"]},{\"@type\":\"Person\",\"@id\":\"https:\/\/volcanes.net\/#\/schema\/person\/4bf0f383940966a4abd53f5048c0e6b9\",\"name\":\"admin\",\"image\":{\"@type\":\"ImageObject\",\"inLanguage\":\"es\",\"@id\":\"https:\/\/volcanes.net\/#\/schema\/person\/image\/\",\"url\":\"https:\/\/secure.gravatar.com\/avatar\/ca004e6cba8462b8cb7abc86e382930c?s=96&d=mm&r=g\",\"contentUrl\":\"https:\/\/secure.gravatar.com\/avatar\/ca004e6cba8462b8cb7abc86e382930c?s=96&d=mm&r=g\",\"caption\":\"admin\"}}]}<\/script>\n<!-- \/ Yoast SEO plugin. -->","yoast_head_json":{"title":"Marchan y bloquean autopista habitantes de Valle de Chalco - Volcanes","robots":{"index":"index","follow":"follow","max-snippet":"max-snippet:-1","max-image-preview":"max-image-preview:large","max-video-preview":"max-video-preview:-1"},"canonical":"https:\/\/volcanes.net\/?p=2706","og_locale":"es_MX","og_type":"article","og_title":"Marchan y bloquean autopista habitantes de Valle de Chalco - Volcanes","og_description":"Jos\u00e9 Cruz Garcia O M\u00e1s de 2000 habitantes de Valle de Chalco Solidaridad, mantuvieron bloqueados","og_url":"https:\/\/volcanes.net\/?p=2706","og_site_name":"Volcanes","article_publisher":"https:\/\/www.facebook.com\/volcanes.net\/","article_published_time":"2018-10-18T04:08:02+00:00","article_modified_time":"2018-10-18T04:09:16+00:00","og_image":[{"width":1040,"height":584,"url":"https:\/\/volcanes.net\/wp-content\/uploads\/2018\/10\/IMG-20181017-WA0043.jpg","type":"image\/jpeg"}],"author":"admin","twitter_card":"summary_large_image","twitter_misc":{"Escrito por":"admin","Tiempo de lectura":"2 minutos"},"schema":{"@context":"https:\/\/schema.org","@graph":[{"@type":"Article","@id":"https:\/\/volcanes.net\/?p=2706#article","isPartOf":{"@id":"https:\/\/volcanes.net\/?p=2706"},"author":{"name":"admin","@id":"https:\/\/volcanes.net\/#\/schema\/person\/4bf0f383940966a4abd53f5048c0e6b9"},"headline":"Marchan y bloquean autopista habitantes de Valle de Chalco","datePublished":"2018-10-18T04:08:02+00:00","dateModified":"2018-10-18T04:09:16+00:00","mainEntityOfPage":{"@id":"https:\/\/volcanes.net\/?p=2706"},"wordCount":318,"commentCount":0,"publisher":{"@id":"https:\/\/volcanes.net\/#organization"},"image":{"@id":"https:\/\/volcanes.net\/?p=2706#primaryimage"},"thumbnailUrl":"https:\/\/volcanes.net\/wp-content\/uploads\/2018\/10\/IMG-20181017-WA0043.jpg","keywords":["Chalco","Ixtapaluca","Valle de Chalco","Volcanes"],"articleSection":["Municipales"],"inLanguage":"es","potentialAction":[{"@type":"CommentAction","name":"Comment","target":["https:\/\/volcanes.net\/?p=2706#respond"]}]},{"@type":"WebPage","@id":"https:\/\/volcanes.net\/?p=2706","url":"https:\/\/volcanes.net\/?p=2706","name":"Marchan y bloquean autopista habitantes de Valle de Chalco - Volcanes","isPartOf":{"@id":"https:\/\/volcanes.net\/#website"},"primaryImageOfPage":{"@id":"https:\/\/volcanes.net\/?p=2706#primaryimage"},"image":{"@id":"https:\/\/volcanes.net\/?p=2706#primaryimage"},"thumbnailUrl":"https:\/\/volcanes.net\/wp-content\/uploads\/2018\/10\/IMG-20181017-WA0043.jpg","datePublished":"2018-10-18T04:08:02+00:00","dateModified":"2018-10-18T04:09:16+00:00","breadcrumb":{"@id":"https:\/\/volcanes.net\/?p=2706#breadcrumb"},"inLanguage":"es","potentialAction":[{"@type":"ReadAction","target":["https:\/\/volcanes.net\/?p=2706"]}]},{"@type":"ImageObject","inLanguage":"es","@id":"https:\/\/volcanes.net\/?p=2706#primaryimage","url":"https:\/\/volcanes.net\/wp-content\/uploads\/2018\/10\/IMG-20181017-WA0043.jpg","contentUrl":"https:\/\/volcanes.net\/wp-content\/uploads\/2018\/10\/IMG-20181017-WA0043.jpg","width":1040,"height":584},{"@type":"BreadcrumbList","@id":"https:\/\/volcanes.net\/?p=2706#breadcrumb","itemListElement":[{"@type":"ListItem","position":1,"name":"Portada","item":"https:\/\/volcanes.net\/"},{"@type":"ListItem","position":2,"name":"Marchan y bloquean autopista habitantes de Valle de Chalco"}]},{"@type":"WebSite","@id":"https:\/\/volcanes.net\/#website","url":"https:\/\/volcanes.net\/","name":"Volcanes.Net","description":"Periodismo Profesional","publisher":{"@id":"https:\/\/volcanes.net\/#organization"},"potentialAction":[{"@type":"SearchAction","target":{"@type":"EntryPoint","urlTemplate":"https:\/\/volcanes.net\/?s={search_term_string}"},"query-input":{"@type":"PropertyValueSpecification","valueRequired":true,"valueName":"search_term_string"}}],"inLanguage":"es"},{"@type":"Organization","@id":"https:\/\/volcanes.net\/#organization","name":"Grupo Volcanes","url":"https:\/\/volcanes.net\/","logo":{"@type":"ImageObject","inLanguage":"es","@id":"https:\/\/volcanes.net\/#\/schema\/logo\/image\/","url":"http:\/\/volcanes.net\/wp-content\/uploads\/2017\/12\/Avatar2.jpg","contentUrl":"http:\/\/volcanes.net\/wp-content\/uploads\/2017\/12\/Avatar2.jpg","width":378,"height":378,"caption":"Grupo Volcanes"},"image":{"@id":"https:\/\/volcanes.net\/#\/schema\/logo\/image\/"},"sameAs":["https:\/\/www.facebook.com\/volcanes.net\/"]},{"@type":"Person","@id":"https:\/\/volcanes.net\/#\/schema\/person\/4bf0f383940966a4abd53f5048c0e6b9","name":"admin","image":{"@type":"ImageObject","inLanguage":"es","@id":"https:\/\/volcanes.net\/#\/schema\/person\/image\/","url":"https:\/\/secure.gravatar.com\/avatar\/ca004e6cba8462b8cb7abc86e382930c?s=96&d=mm&r=g","contentUrl":"https:\/\/secure.gravatar.com\/avatar\/ca004e6cba8462b8cb7abc86e382930c?s=96&d=mm&r=g","caption":"admin"}}]}},"_links":{"self":[{"href":"https:\/\/volcanes.net\/index.php?rest_route=\/wp\/v2\/posts\/2706"}],"collection":[{"href":"https:\/\/volcanes.net\/index.php?rest_route=\/wp\/v2\/posts"}],"about":[{"href":"https:\/\/volcanes.net\/index.php?rest_route=\/wp\/v2\/types\/post"}],"author":[{"embeddable":true,"href":"https:\/\/volcanes.net\/index.php?rest_route=\/wp\/v2\/users\/1"}],"replies":[{"embeddable":true,"href":"https:\/\/volcanes.net\/index.php?rest_route=%2Fwp%2Fv2%2Fcomments&post=2706"}],"version-history":[{"count":2,"href":"https:\/\/volcanes.net\/index.php?rest_route=\/wp\/v2\/posts\/2706\/revisions"}],"predecessor-version":[{"id":2708,"href":"https:\/\/volcanes.net\/index.php?rest_route=\/wp\/v2\/posts\/2706\/revisions\/2708"}],"wp:featuredmedia":[{"embeddable":true,"href":"https:\/\/volcanes.net\/index.php?rest_route=\/wp\/v2\/media\/2705"}],"wp:attachment":[{"href":"https:\/\/volcanes.net\/index.php?rest_route=%2Fwp%2Fv2%2Fmedia&parent=2706"}],"wp:term":[{"taxonomy":"category","embeddable":true,"href":"https:\/\/volcanes.net\/index.php?rest_route=%2Fwp%2Fv2%2Fcategories&post=2706"},{"taxonomy":"post_tag","embeddable":true,"href":"https:\/\/volcanes.net\/index.php?rest_route=%2Fwp%2Fv2%2Ftags&post=2706"}],"curies":[{"name":"wp","href":"https:\/\/api.w.org\/{rel}","templated":true}]}}