{"id":2710,"date":"2018-10-18T04:48:37","date_gmt":"2018-10-18T04:48:37","guid":{"rendered":"http:\/\/volcanes.net\/?p=2710"},"modified":"2018-10-18T04:48:37","modified_gmt":"2018-10-18T04:48:37","slug":"dan-ultimo-adios-a-valeria-en-melchor-ocampo","status":"publish","type":"post","link":"https:\/\/volcanes.net\/?p=2710","title":{"rendered":"Dan \u00faltimo adi\u00f3s a Valeria en Melchor Ocampo"},"content":{"rendered":"<div style=\"margin-top: 0px; margin-bottom: 0px;\" class=\"sharethis-inline-share-buttons\" ><\/div><p>Jos\u00e9 Cruz Garc\u00eda O<\/p>\n<p>Con aplausos, oraciones y expresiones de dolor y coraje, familiares, amigos y vecinos, despidieron a la ni\u00f1a Valeria, luego de que fue hallada sin vida el pasado lunes, en un predio bald\u00edo de la colonia El Mirador, en el municipio de Melchor Ocampo, Estado de M\u00e9xico.<\/p>\n<p>Al medio d\u00eda de este mi\u00e9rcoles, el p\u00e1rroco del pueblo realiz\u00f3 la misa de cuerpo presente, en la iglesia de Santa Mar\u00eda Visitaci\u00f3n.<\/p>\n<p>Durante la homil\u00eda, el p\u00e1rroco Juan expres\u00f3 la profunda tristeza que significa para la comunidad, la muerte de Valeria.<\/p>\n<p>Al t\u00e9rmino de la misa, decenas de persona con globos blancos, en su mayor\u00eda ni\u00f1os y alumnos de la Escuela Primaria Ni\u00f1os H\u00e9roes y de la Secundaria Emilio Abreu, d\u00f3nde estudiar\u00e1 Valeria en este municipio, acompa\u00f1aron el cuerpo de la peque\u00f1a Valeria, a su \u00faltima morada.<\/p>\n<p>Algunos compa\u00f1eros de primero de secundaria, grupo &#8220;A&#8221;, expresaron su cari\u00f1o hacia Valeria.<\/p>\n<p>As\u00ed lo expres\u00f3 \u00c1ngel Antonio L\u00f3pez Guerrero&#8230;<br \/>\n*&#8221;La quiero mucho y que nunca la voy a olvidar&#8230;Era muy amiga de nosotros la vamos a guardar en nuestro coraz\u00f3n&#8221;.*<\/p>\n<p>Durante el cortejo funebre, caminaron unos 20 minutos rumbo al pante\u00f3n Dolores, en este mismo municipio, ah\u00ed dieron el \u00faltimo adi\u00f3s a Valeria.<\/p>\n<p>El padre de Valeria, Jorge Eduardo Rivera, coment\u00f3 que los videos que se dieron a conocer por parte de c\u00e1maras que se encontraban en una casa particular, podr\u00eda ayudar a dar con los responsables..<\/p>\n<p>*&#8221;Una se\u00f1ora que tiene c\u00e1maras en su casa, ella fue la que nos facilit\u00f3 los videos, nosotros no sab\u00edamos&#8221;.*<\/p>\n<p>Sin embargo, hasta el momento no hay personas detenidas por estos hechos.<\/p>\n<p>Vecinos se\u00f1alaron que el d\u00eda de ma\u00f1ana estar\u00e1n en las instalaciones del palacio municipal para exigir el esclarecimiento del caso.<\/p>\n","protected":false},"excerpt":{"rendered":"<p>Jos\u00e9 Cruz Garc\u00eda O Con aplausos, oraciones y expresiones de dolor y coraje, familiares, amigos<\/p>\n","protected":false},"author":1,"featured_media":2709,"comment_status":"open","ping_status":"open","sticky":false,"template":"","format":"standard","meta":{"footnotes":""},"categories":[1],"tags":[85,180,43],"class_list":["post-2710","post","type-post","status-publish","format-standard","has-post-thumbnail","hentry","category-municipales","tag-izcalli","tag-tultepec","tag-tultitlan"],"yoast_head":"<!-- This site is optimized with the Yoast SEO plugin v25.3 - https:\/\/yoast.com\/wordpress\/plugins\/seo\/ -->\n<title>Dan \u00faltimo adi\u00f3s a Valeria en Melchor Ocampo - Volcanes<\/title>\n<meta name=\"robots\" content=\"index, follow, max-snippet:-1, max-image-preview:large, max-video-preview:-1\" \/>\n<link rel=\"canonical\" href=\"https:\/\/volcanes.net\/?p=2710\" \/>\n<meta property=\"og:locale\" content=\"es_MX\" \/>\n<meta property=\"og:type\" content=\"article\" \/>\n<meta property=\"og:title\" content=\"Dan \u00faltimo adi\u00f3s a Valeria en Melchor Ocampo - Volcanes\" \/>\n<meta property=\"og:description\" content=\"Jos\u00e9 Cruz Garc\u00eda O Con aplausos, oraciones y expresiones de dolor y coraje, familiares, amigos\" \/>\n<meta property=\"og:url\" content=\"https:\/\/volcanes.net\/?p=2710\" \/>\n<meta property=\"og:site_name\" content=\"Volcanes\" \/>\n<meta property=\"article:publisher\" content=\"https:\/\/www.facebook.com\/volcanes.net\/\" \/>\n<meta property=\"article:published_time\" content=\"2018-10-18T04:48:37+00:00\" \/>\n<meta property=\"og:image\" content=\"https:\/\/volcanes.net\/wp-content\/uploads\/2018\/10\/IMG-20181017-WA0055.jpg\" \/>\n\t<meta property=\"og:image:width\" content=\"1167\" \/>\n\t<meta property=\"og:image:height\" content=\"641\" \/>\n\t<meta property=\"og:image:type\" content=\"image\/jpeg\" \/>\n<meta name=\"author\" content=\"admin\" \/>\n<meta name=\"twitter:card\" content=\"summary_large_image\" \/>\n<meta name=\"twitter:label1\" content=\"Escrito por\" \/>\n\t<meta name=\"twitter:data1\" content=\"admin\" \/>\n\t<meta name=\"twitter:label2\" content=\"Tiempo de lectura\" \/>\n\t<meta name=\"twitter:data2\" content=\"2 minutos\" \/>\n<script type=\"application\/ld+json\" class=\"yoast-schema-graph\">{\"@context\":\"https:\/\/schema.org\",\"@graph\":[{\"@type\":\"Article\",\"@id\":\"https:\/\/volcanes.net\/?p=2710#article\",\"isPartOf\":{\"@id\":\"https:\/\/volcanes.net\/?p=2710\"},\"author\":{\"name\":\"admin\",\"@id\":\"https:\/\/volcanes.net\/#\/schema\/person\/4bf0f383940966a4abd53f5048c0e6b9\"},\"headline\":\"Dan \u00faltimo adi\u00f3s a Valeria en Melchor Ocampo\",\"datePublished\":\"2018-10-18T04:48:37+00:00\",\"mainEntityOfPage\":{\"@id\":\"https:\/\/volcanes.net\/?p=2710\"},\"wordCount\":330,\"commentCount\":0,\"publisher\":{\"@id\":\"https:\/\/volcanes.net\/#organization\"},\"image\":{\"@id\":\"https:\/\/volcanes.net\/?p=2710#primaryimage\"},\"thumbnailUrl\":\"https:\/\/volcanes.net\/wp-content\/uploads\/2018\/10\/IMG-20181017-WA0055.jpg\",\"keywords\":[\"Izcalli\",\"Tultepec\",\"Tultitl\u00e1n\"],\"articleSection\":[\"Municipales\"],\"inLanguage\":\"es\",\"potentialAction\":[{\"@type\":\"CommentAction\",\"name\":\"Comment\",\"target\":[\"https:\/\/volcanes.net\/?p=2710#respond\"]}]},{\"@type\":\"WebPage\",\"@id\":\"https:\/\/volcanes.net\/?p=2710\",\"url\":\"https:\/\/volcanes.net\/?p=2710\",\"name\":\"Dan \u00faltimo adi\u00f3s a Valeria en Melchor Ocampo - Volcanes\",\"isPartOf\":{\"@id\":\"https:\/\/volcanes.net\/#website\"},\"primaryImageOfPage\":{\"@id\":\"https:\/\/volcanes.net\/?p=2710#primaryimage\"},\"image\":{\"@id\":\"https:\/\/volcanes.net\/?p=2710#primaryimage\"},\"thumbnailUrl\":\"https:\/\/volcanes.net\/wp-content\/uploads\/2018\/10\/IMG-20181017-WA0055.jpg\",\"datePublished\":\"2018-10-18T04:48:37+00:00\",\"breadcrumb\":{\"@id\":\"https:\/\/volcanes.net\/?p=2710#breadcrumb\"},\"inLanguage\":\"es\",\"potentialAction\":[{\"@type\":\"ReadAction\",\"target\":[\"https:\/\/volcanes.net\/?p=2710\"]}]},{\"@type\":\"ImageObject\",\"inLanguage\":\"es\",\"@id\":\"https:\/\/volcanes.net\/?p=2710#primaryimage\",\"url\":\"https:\/\/volcanes.net\/wp-content\/uploads\/2018\/10\/IMG-20181017-WA0055.jpg\",\"contentUrl\":\"https:\/\/volcanes.net\/wp-content\/uploads\/2018\/10\/IMG-20181017-WA0055.jpg\",\"width\":1167,\"height\":641},{\"@type\":\"BreadcrumbList\",\"@id\":\"https:\/\/volcanes.net\/?p=2710#breadcrumb\",\"itemListElement\":[{\"@type\":\"ListItem\",\"position\":1,\"name\":\"Portada\",\"item\":\"https:\/\/volcanes.net\/\"},{\"@type\":\"ListItem\",\"position\":2,\"name\":\"Dan \u00faltimo adi\u00f3s a Valeria en Melchor Ocampo\"}]},{\"@type\":\"WebSite\",\"@id\":\"https:\/\/volcanes.net\/#website\",\"url\":\"https:\/\/volcanes.net\/\",\"name\":\"Volcanes.Net\",\"description\":\"Periodismo Profesional\",\"publisher\":{\"@id\":\"https:\/\/volcanes.net\/#organization\"},\"potentialAction\":[{\"@type\":\"SearchAction\",\"target\":{\"@type\":\"EntryPoint\",\"urlTemplate\":\"https:\/\/volcanes.net\/?s={search_term_string}\"},\"query-input\":{\"@type\":\"PropertyValueSpecification\",\"valueRequired\":true,\"valueName\":\"search_term_string\"}}],\"inLanguage\":\"es\"},{\"@type\":\"Organization\",\"@id\":\"https:\/\/volcanes.net\/#organization\",\"name\":\"Grupo Volcanes\",\"url\":\"https:\/\/volcanes.net\/\",\"logo\":{\"@type\":\"ImageObject\",\"inLanguage\":\"es\",\"@id\":\"https:\/\/volcanes.net\/#\/schema\/logo\/image\/\",\"url\":\"http:\/\/volcanes.net\/wp-content\/uploads\/2017\/12\/Avatar2.jpg\",\"contentUrl\":\"http:\/\/volcanes.net\/wp-content\/uploads\/2017\/12\/Avatar2.jpg\",\"width\":378,\"height\":378,\"caption\":\"Grupo Volcanes\"},\"image\":{\"@id\":\"https:\/\/volcanes.net\/#\/schema\/logo\/image\/\"},\"sameAs\":[\"https:\/\/www.facebook.com\/volcanes.net\/\"]},{\"@type\":\"Person\",\"@id\":\"https:\/\/volcanes.net\/#\/schema\/person\/4bf0f383940966a4abd53f5048c0e6b9\",\"name\":\"admin\",\"image\":{\"@type\":\"ImageObject\",\"inLanguage\":\"es\",\"@id\":\"https:\/\/volcanes.net\/#\/schema\/person\/image\/\",\"url\":\"https:\/\/secure.gravatar.com\/avatar\/ca004e6cba8462b8cb7abc86e382930c?s=96&d=mm&r=g\",\"contentUrl\":\"https:\/\/secure.gravatar.com\/avatar\/ca004e6cba8462b8cb7abc86e382930c?s=96&d=mm&r=g\",\"caption\":\"admin\"}}]}<\/script>\n<!-- \/ Yoast SEO plugin. -->","yoast_head_json":{"title":"Dan \u00faltimo adi\u00f3s a Valeria en Melchor Ocampo - Volcanes","robots":{"index":"index","follow":"follow","max-snippet":"max-snippet:-1","max-image-preview":"max-image-preview:large","max-video-preview":"max-video-preview:-1"},"canonical":"https:\/\/volcanes.net\/?p=2710","og_locale":"es_MX","og_type":"article","og_title":"Dan \u00faltimo adi\u00f3s a Valeria en Melchor Ocampo - Volcanes","og_description":"Jos\u00e9 Cruz Garc\u00eda O Con aplausos, oraciones y expresiones de dolor y coraje, familiares, amigos","og_url":"https:\/\/volcanes.net\/?p=2710","og_site_name":"Volcanes","article_publisher":"https:\/\/www.facebook.com\/volcanes.net\/","article_published_time":"2018-10-18T04:48:37+00:00","og_image":[{"width":1167,"height":641,"url":"https:\/\/volcanes.net\/wp-content\/uploads\/2018\/10\/IMG-20181017-WA0055.jpg","type":"image\/jpeg"}],"author":"admin","twitter_card":"summary_large_image","twitter_misc":{"Escrito por":"admin","Tiempo de lectura":"2 minutos"},"schema":{"@context":"https:\/\/schema.org","@graph":[{"@type":"Article","@id":"https:\/\/volcanes.net\/?p=2710#article","isPartOf":{"@id":"https:\/\/volcanes.net\/?p=2710"},"author":{"name":"admin","@id":"https:\/\/volcanes.net\/#\/schema\/person\/4bf0f383940966a4abd53f5048c0e6b9"},"headline":"Dan \u00faltimo adi\u00f3s a Valeria en Melchor Ocampo","datePublished":"2018-10-18T04:48:37+00:00","mainEntityOfPage":{"@id":"https:\/\/volcanes.net\/?p=2710"},"wordCount":330,"commentCount":0,"publisher":{"@id":"https:\/\/volcanes.net\/#organization"},"image":{"@id":"https:\/\/volcanes.net\/?p=2710#primaryimage"},"thumbnailUrl":"https:\/\/volcanes.net\/wp-content\/uploads\/2018\/10\/IMG-20181017-WA0055.jpg","keywords":["Izcalli","Tultepec","Tultitl\u00e1n"],"articleSection":["Municipales"],"inLanguage":"es","potentialAction":[{"@type":"CommentAction","name":"Comment","target":["https:\/\/volcanes.net\/?p=2710#respond"]}]},{"@type":"WebPage","@id":"https:\/\/volcanes.net\/?p=2710","url":"https:\/\/volcanes.net\/?p=2710","name":"Dan \u00faltimo adi\u00f3s a Valeria en Melchor Ocampo - Volcanes","isPartOf":{"@id":"https:\/\/volcanes.net\/#website"},"primaryImageOfPage":{"@id":"https:\/\/volcanes.net\/?p=2710#primaryimage"},"image":{"@id":"https:\/\/volcanes.net\/?p=2710#primaryimage"},"thumbnailUrl":"https:\/\/volcanes.net\/wp-content\/uploads\/2018\/10\/IMG-20181017-WA0055.jpg","datePublished":"2018-10-18T04:48:37+00:00","breadcrumb":{"@id":"https:\/\/volcanes.net\/?p=2710#breadcrumb"},"inLanguage":"es","potentialAction":[{"@type":"ReadAction","target":["https:\/\/volcanes.net\/?p=2710"]}]},{"@type":"ImageObject","inLanguage":"es","@id":"https:\/\/volcanes.net\/?p=2710#primaryimage","url":"https:\/\/volcanes.net\/wp-content\/uploads\/2018\/10\/IMG-20181017-WA0055.jpg","contentUrl":"https:\/\/volcanes.net\/wp-content\/uploads\/2018\/10\/IMG-20181017-WA0055.jpg","width":1167,"height":641},{"@type":"BreadcrumbList","@id":"https:\/\/volcanes.net\/?p=2710#breadcrumb","itemListElement":[{"@type":"ListItem","position":1,"name":"Portada","item":"https:\/\/volcanes.net\/"},{"@type":"ListItem","position":2,"name":"Dan \u00faltimo adi\u00f3s a Valeria en Melchor Ocampo"}]},{"@type":"WebSite","@id":"https:\/\/volcanes.net\/#website","url":"https:\/\/volcanes.net\/","name":"Volcanes.Net","description":"Periodismo Profesional","publisher":{"@id":"https:\/\/volcanes.net\/#organization"},"potentialAction":[{"@type":"SearchAction","target":{"@type":"EntryPoint","urlTemplate":"https:\/\/volcanes.net\/?s={search_term_string}"},"query-input":{"@type":"PropertyValueSpecification","valueRequired":true,"valueName":"search_term_string"}}],"inLanguage":"es"},{"@type":"Organization","@id":"https:\/\/volcanes.net\/#organization","name":"Grupo Volcanes","url":"https:\/\/volcanes.net\/","logo":{"@type":"ImageObject","inLanguage":"es","@id":"https:\/\/volcanes.net\/#\/schema\/logo\/image\/","url":"http:\/\/volcanes.net\/wp-content\/uploads\/2017\/12\/Avatar2.jpg","contentUrl":"http:\/\/volcanes.net\/wp-content\/uploads\/2017\/12\/Avatar2.jpg","width":378,"height":378,"caption":"Grupo Volcanes"},"image":{"@id":"https:\/\/volcanes.net\/#\/schema\/logo\/image\/"},"sameAs":["https:\/\/www.facebook.com\/volcanes.net\/"]},{"@type":"Person","@id":"https:\/\/volcanes.net\/#\/schema\/person\/4bf0f383940966a4abd53f5048c0e6b9","name":"admin","image":{"@type":"ImageObject","inLanguage":"es","@id":"https:\/\/volcanes.net\/#\/schema\/person\/image\/","url":"https:\/\/secure.gravatar.com\/avatar\/ca004e6cba8462b8cb7abc86e382930c?s=96&d=mm&r=g","contentUrl":"https:\/\/secure.gravatar.com\/avatar\/ca004e6cba8462b8cb7abc86e382930c?s=96&d=mm&r=g","caption":"admin"}}]}},"_links":{"self":[{"href":"https:\/\/volcanes.net\/index.php?rest_route=\/wp\/v2\/posts\/2710"}],"collection":[{"href":"https:\/\/volcanes.net\/index.php?rest_route=\/wp\/v2\/posts"}],"about":[{"href":"https:\/\/volcanes.net\/index.php?rest_route=\/wp\/v2\/types\/post"}],"author":[{"embeddable":true,"href":"https:\/\/volcanes.net\/index.php?rest_route=\/wp\/v2\/users\/1"}],"replies":[{"embeddable":true,"href":"https:\/\/volcanes.net\/index.php?rest_route=%2Fwp%2Fv2%2Fcomments&post=2710"}],"version-history":[{"count":1,"href":"https:\/\/volcanes.net\/index.php?rest_route=\/wp\/v2\/posts\/2710\/revisions"}],"predecessor-version":[{"id":2711,"href":"https:\/\/volcanes.net\/index.php?rest_route=\/wp\/v2\/posts\/2710\/revisions\/2711"}],"wp:featuredmedia":[{"embeddable":true,"href":"https:\/\/volcanes.net\/index.php?rest_route=\/wp\/v2\/media\/2709"}],"wp:attachment":[{"href":"https:\/\/volcanes.net\/index.php?rest_route=%2Fwp%2Fv2%2Fmedia&parent=2710"}],"wp:term":[{"taxonomy":"category","embeddable":true,"href":"https:\/\/volcanes.net\/index.php?rest_route=%2Fwp%2Fv2%2Fcategories&post=2710"},{"taxonomy":"post_tag","embeddable":true,"href":"https:\/\/volcanes.net\/index.php?rest_route=%2Fwp%2Fv2%2Ftags&post=2710"}],"curies":[{"name":"wp","href":"https:\/\/api.w.org\/{rel}","templated":true}]}}