{"id":2723,"date":"2018-10-19T12:25:10","date_gmt":"2018-10-19T12:25:10","guid":{"rendered":"http:\/\/volcanes.net\/?p=2723"},"modified":"2018-10-19T12:25:10","modified_gmt":"2018-10-19T12:25:10","slug":"cumplimenta-fgjem-una-orden-de-aprehension-en-contra-de-un-sujeto-que-habria-asesinados-una-menor-en-melchor-ocampo","status":"publish","type":"post","link":"https:\/\/volcanes.net\/?p=2723","title":{"rendered":"Cumplimenta FGJEM una orden de aprehensi\u00f3n en contra de un sujeto que habr\u00eda asesinados una menor en Melchor Ocampo"},"content":{"rendered":"<div style=\"margin-top: 0px; margin-bottom: 0px;\" class=\"sharethis-inline-share-buttons\" ><\/div><p>Jos\u00e9 Cruz Garc\u00eda O.<\/p>\n<p>Melchor Ocampo, M\u00e9xico, 18 de octubre de 2018.- Derivado de una indagatoria iniciada por la muerte de una ni\u00f1a de 12 a\u00f1os de edad, en el municipio de Melchor Ocampo, Agentes de Investigaci\u00f3n de la Fiscal\u00eda General de Justicia del Estado de M\u00e9xico (FGJEM) cumplimentaron una orden de aprehensi\u00f3n, por el delito de feminicidio, en contra de Jes\u00fas \u201cN\u201d, de 50 a\u00f1os de edad, quien es investigado por estos hechos.<\/p>\n<p>Une vez que esta Instituci\u00f3n tom\u00f3 conocimiento de este delito, el personal de actuaciones realiz\u00f3 diversas diligencias y reuni\u00f3 los elementos de prueba necesarios para solicitar a un Juez librar una orden de aprehensi\u00f3n por el delito de feminicidio en contra de este sujeto, la cual fue otorgada y cumplimentada la noche de este jueves.<\/p>\n<p>Este individuo fue ingresado al Centro Penitenciario y de Reinserci\u00f3n Social de Cuautitl\u00e1n M\u00e9xico, en donde qued\u00f3 a disposici\u00f3n de la Autoridad Judicial, quien habr\u00e1 de determinar su situaci\u00f3n legal, sin embargo se le debe considerar inocente hasta que sea dictada una sentencia condenatoria en su contra.<\/p>\n<p>Cabe mencionar que este sujeto tiene antecedentes penales ya que estuvo recluido en un Centro Penitenciario y de Reinserci\u00f3n Social estatal por el delito de violaci\u00f3n.<\/p>\n","protected":false},"excerpt":{"rendered":"<p>Jos\u00e9 Cruz Garc\u00eda O. Melchor Ocampo, M\u00e9xico, 18 de octubre de 2018.- Derivado de una<\/p>\n","protected":false},"author":1,"featured_media":2715,"comment_status":"open","ping_status":"open","sticky":false,"template":"","format":"standard","meta":{"footnotes":""},"categories":[1],"tags":[63,199,180,43],"class_list":["post-2723","post","type-post","status-publish","format-standard","has-post-thumbnail","hentry","category-municipales","tag-ecatepec","tag-melchor-ocampo","tag-tultepec","tag-tultitlan"],"yoast_head":"<!-- This site is optimized with the Yoast SEO plugin v25.3 - https:\/\/yoast.com\/wordpress\/plugins\/seo\/ -->\n<title>Cumplimenta FGJEM una orden de aprehensi\u00f3n en contra de un sujeto que habr\u00eda asesinados una menor en Melchor Ocampo - Volcanes<\/title>\n<meta name=\"robots\" content=\"index, follow, max-snippet:-1, max-image-preview:large, max-video-preview:-1\" \/>\n<link rel=\"canonical\" href=\"https:\/\/volcanes.net\/?p=2723\" \/>\n<meta property=\"og:locale\" content=\"es_MX\" \/>\n<meta property=\"og:type\" content=\"article\" \/>\n<meta property=\"og:title\" content=\"Cumplimenta FGJEM una orden de aprehensi\u00f3n en contra de un sujeto que habr\u00eda asesinados una menor en Melchor Ocampo - Volcanes\" \/>\n<meta property=\"og:description\" content=\"Jos\u00e9 Cruz Garc\u00eda O. Melchor Ocampo, M\u00e9xico, 18 de octubre de 2018.- Derivado de una\" \/>\n<meta property=\"og:url\" content=\"https:\/\/volcanes.net\/?p=2723\" \/>\n<meta property=\"og:site_name\" content=\"Volcanes\" \/>\n<meta property=\"article:publisher\" content=\"https:\/\/www.facebook.com\/volcanes.net\/\" \/>\n<meta property=\"article:published_time\" content=\"2018-10-19T12:25:10+00:00\" \/>\n<meta property=\"og:image\" content=\"https:\/\/volcanes.net\/wp-content\/uploads\/2018\/10\/IMG-20181019-WA0001.jpg\" \/>\n\t<meta property=\"og:image:width\" content=\"500\" \/>\n\t<meta property=\"og:image:height\" content=\"685\" \/>\n\t<meta property=\"og:image:type\" content=\"image\/jpeg\" \/>\n<meta name=\"author\" content=\"admin\" \/>\n<meta name=\"twitter:card\" content=\"summary_large_image\" \/>\n<meta name=\"twitter:label1\" content=\"Escrito por\" \/>\n\t<meta name=\"twitter:data1\" content=\"admin\" \/>\n\t<meta name=\"twitter:label2\" content=\"Tiempo de lectura\" \/>\n\t<meta name=\"twitter:data2\" content=\"1 minuto\" \/>\n<script type=\"application\/ld+json\" class=\"yoast-schema-graph\">{\"@context\":\"https:\/\/schema.org\",\"@graph\":[{\"@type\":\"Article\",\"@id\":\"https:\/\/volcanes.net\/?p=2723#article\",\"isPartOf\":{\"@id\":\"https:\/\/volcanes.net\/?p=2723\"},\"author\":{\"name\":\"admin\",\"@id\":\"https:\/\/volcanes.net\/#\/schema\/person\/4bf0f383940966a4abd53f5048c0e6b9\"},\"headline\":\"Cumplimenta FGJEM una orden de aprehensi\u00f3n en contra de un sujeto que habr\u00eda asesinados una menor en Melchor Ocampo\",\"datePublished\":\"2018-10-19T12:25:10+00:00\",\"mainEntityOfPage\":{\"@id\":\"https:\/\/volcanes.net\/?p=2723\"},\"wordCount\":239,\"commentCount\":0,\"publisher\":{\"@id\":\"https:\/\/volcanes.net\/#organization\"},\"image\":{\"@id\":\"https:\/\/volcanes.net\/?p=2723#primaryimage\"},\"thumbnailUrl\":\"https:\/\/volcanes.net\/wp-content\/uploads\/2018\/10\/IMG-20181019-WA0001.jpg\",\"keywords\":[\"Ecatepec\",\"Melchor Ocampo\",\"Tultepec\",\"Tultitl\u00e1n\"],\"articleSection\":[\"Municipales\"],\"inLanguage\":\"es\",\"potentialAction\":[{\"@type\":\"CommentAction\",\"name\":\"Comment\",\"target\":[\"https:\/\/volcanes.net\/?p=2723#respond\"]}]},{\"@type\":\"WebPage\",\"@id\":\"https:\/\/volcanes.net\/?p=2723\",\"url\":\"https:\/\/volcanes.net\/?p=2723\",\"name\":\"Cumplimenta FGJEM una orden de aprehensi\u00f3n en contra de un sujeto que habr\u00eda asesinados una menor en Melchor Ocampo - Volcanes\",\"isPartOf\":{\"@id\":\"https:\/\/volcanes.net\/#website\"},\"primaryImageOfPage\":{\"@id\":\"https:\/\/volcanes.net\/?p=2723#primaryimage\"},\"image\":{\"@id\":\"https:\/\/volcanes.net\/?p=2723#primaryimage\"},\"thumbnailUrl\":\"https:\/\/volcanes.net\/wp-content\/uploads\/2018\/10\/IMG-20181019-WA0001.jpg\",\"datePublished\":\"2018-10-19T12:25:10+00:00\",\"breadcrumb\":{\"@id\":\"https:\/\/volcanes.net\/?p=2723#breadcrumb\"},\"inLanguage\":\"es\",\"potentialAction\":[{\"@type\":\"ReadAction\",\"target\":[\"https:\/\/volcanes.net\/?p=2723\"]}]},{\"@type\":\"ImageObject\",\"inLanguage\":\"es\",\"@id\":\"https:\/\/volcanes.net\/?p=2723#primaryimage\",\"url\":\"https:\/\/volcanes.net\/wp-content\/uploads\/2018\/10\/IMG-20181019-WA0001.jpg\",\"contentUrl\":\"https:\/\/volcanes.net\/wp-content\/uploads\/2018\/10\/IMG-20181019-WA0001.jpg\",\"width\":500,\"height\":685},{\"@type\":\"BreadcrumbList\",\"@id\":\"https:\/\/volcanes.net\/?p=2723#breadcrumb\",\"itemListElement\":[{\"@type\":\"ListItem\",\"position\":1,\"name\":\"Portada\",\"item\":\"https:\/\/volcanes.net\/\"},{\"@type\":\"ListItem\",\"position\":2,\"name\":\"Cumplimenta FGJEM una orden de aprehensi\u00f3n en contra de un sujeto que habr\u00eda asesinados una menor en Melchor Ocampo\"}]},{\"@type\":\"WebSite\",\"@id\":\"https:\/\/volcanes.net\/#website\",\"url\":\"https:\/\/volcanes.net\/\",\"name\":\"Volcanes.Net\",\"description\":\"Periodismo Profesional\",\"publisher\":{\"@id\":\"https:\/\/volcanes.net\/#organization\"},\"potentialAction\":[{\"@type\":\"SearchAction\",\"target\":{\"@type\":\"EntryPoint\",\"urlTemplate\":\"https:\/\/volcanes.net\/?s={search_term_string}\"},\"query-input\":{\"@type\":\"PropertyValueSpecification\",\"valueRequired\":true,\"valueName\":\"search_term_string\"}}],\"inLanguage\":\"es\"},{\"@type\":\"Organization\",\"@id\":\"https:\/\/volcanes.net\/#organization\",\"name\":\"Grupo Volcanes\",\"url\":\"https:\/\/volcanes.net\/\",\"logo\":{\"@type\":\"ImageObject\",\"inLanguage\":\"es\",\"@id\":\"https:\/\/volcanes.net\/#\/schema\/logo\/image\/\",\"url\":\"http:\/\/volcanes.net\/wp-content\/uploads\/2017\/12\/Avatar2.jpg\",\"contentUrl\":\"http:\/\/volcanes.net\/wp-content\/uploads\/2017\/12\/Avatar2.jpg\",\"width\":378,\"height\":378,\"caption\":\"Grupo Volcanes\"},\"image\":{\"@id\":\"https:\/\/volcanes.net\/#\/schema\/logo\/image\/\"},\"sameAs\":[\"https:\/\/www.facebook.com\/volcanes.net\/\"]},{\"@type\":\"Person\",\"@id\":\"https:\/\/volcanes.net\/#\/schema\/person\/4bf0f383940966a4abd53f5048c0e6b9\",\"name\":\"admin\",\"image\":{\"@type\":\"ImageObject\",\"inLanguage\":\"es\",\"@id\":\"https:\/\/volcanes.net\/#\/schema\/person\/image\/\",\"url\":\"https:\/\/secure.gravatar.com\/avatar\/ca004e6cba8462b8cb7abc86e382930c?s=96&d=mm&r=g\",\"contentUrl\":\"https:\/\/secure.gravatar.com\/avatar\/ca004e6cba8462b8cb7abc86e382930c?s=96&d=mm&r=g\",\"caption\":\"admin\"}}]}<\/script>\n<!-- \/ Yoast SEO plugin. -->","yoast_head_json":{"title":"Cumplimenta FGJEM una orden de aprehensi\u00f3n en contra de un sujeto que habr\u00eda asesinados una menor en Melchor Ocampo - Volcanes","robots":{"index":"index","follow":"follow","max-snippet":"max-snippet:-1","max-image-preview":"max-image-preview:large","max-video-preview":"max-video-preview:-1"},"canonical":"https:\/\/volcanes.net\/?p=2723","og_locale":"es_MX","og_type":"article","og_title":"Cumplimenta FGJEM una orden de aprehensi\u00f3n en contra de un sujeto que habr\u00eda asesinados una menor en Melchor Ocampo - Volcanes","og_description":"Jos\u00e9 Cruz Garc\u00eda O. Melchor Ocampo, M\u00e9xico, 18 de octubre de 2018.- Derivado de una","og_url":"https:\/\/volcanes.net\/?p=2723","og_site_name":"Volcanes","article_publisher":"https:\/\/www.facebook.com\/volcanes.net\/","article_published_time":"2018-10-19T12:25:10+00:00","og_image":[{"width":500,"height":685,"url":"https:\/\/volcanes.net\/wp-content\/uploads\/2018\/10\/IMG-20181019-WA0001.jpg","type":"image\/jpeg"}],"author":"admin","twitter_card":"summary_large_image","twitter_misc":{"Escrito por":"admin","Tiempo de lectura":"1 minuto"},"schema":{"@context":"https:\/\/schema.org","@graph":[{"@type":"Article","@id":"https:\/\/volcanes.net\/?p=2723#article","isPartOf":{"@id":"https:\/\/volcanes.net\/?p=2723"},"author":{"name":"admin","@id":"https:\/\/volcanes.net\/#\/schema\/person\/4bf0f383940966a4abd53f5048c0e6b9"},"headline":"Cumplimenta FGJEM una orden de aprehensi\u00f3n en contra de un sujeto que habr\u00eda asesinados una menor en Melchor Ocampo","datePublished":"2018-10-19T12:25:10+00:00","mainEntityOfPage":{"@id":"https:\/\/volcanes.net\/?p=2723"},"wordCount":239,"commentCount":0,"publisher":{"@id":"https:\/\/volcanes.net\/#organization"},"image":{"@id":"https:\/\/volcanes.net\/?p=2723#primaryimage"},"thumbnailUrl":"https:\/\/volcanes.net\/wp-content\/uploads\/2018\/10\/IMG-20181019-WA0001.jpg","keywords":["Ecatepec","Melchor Ocampo","Tultepec","Tultitl\u00e1n"],"articleSection":["Municipales"],"inLanguage":"es","potentialAction":[{"@type":"CommentAction","name":"Comment","target":["https:\/\/volcanes.net\/?p=2723#respond"]}]},{"@type":"WebPage","@id":"https:\/\/volcanes.net\/?p=2723","url":"https:\/\/volcanes.net\/?p=2723","name":"Cumplimenta FGJEM una orden de aprehensi\u00f3n en contra de un sujeto que habr\u00eda asesinados una menor en Melchor Ocampo - Volcanes","isPartOf":{"@id":"https:\/\/volcanes.net\/#website"},"primaryImageOfPage":{"@id":"https:\/\/volcanes.net\/?p=2723#primaryimage"},"image":{"@id":"https:\/\/volcanes.net\/?p=2723#primaryimage"},"thumbnailUrl":"https:\/\/volcanes.net\/wp-content\/uploads\/2018\/10\/IMG-20181019-WA0001.jpg","datePublished":"2018-10-19T12:25:10+00:00","breadcrumb":{"@id":"https:\/\/volcanes.net\/?p=2723#breadcrumb"},"inLanguage":"es","potentialAction":[{"@type":"ReadAction","target":["https:\/\/volcanes.net\/?p=2723"]}]},{"@type":"ImageObject","inLanguage":"es","@id":"https:\/\/volcanes.net\/?p=2723#primaryimage","url":"https:\/\/volcanes.net\/wp-content\/uploads\/2018\/10\/IMG-20181019-WA0001.jpg","contentUrl":"https:\/\/volcanes.net\/wp-content\/uploads\/2018\/10\/IMG-20181019-WA0001.jpg","width":500,"height":685},{"@type":"BreadcrumbList","@id":"https:\/\/volcanes.net\/?p=2723#breadcrumb","itemListElement":[{"@type":"ListItem","position":1,"name":"Portada","item":"https:\/\/volcanes.net\/"},{"@type":"ListItem","position":2,"name":"Cumplimenta FGJEM una orden de aprehensi\u00f3n en contra de un sujeto que habr\u00eda asesinados una menor en Melchor Ocampo"}]},{"@type":"WebSite","@id":"https:\/\/volcanes.net\/#website","url":"https:\/\/volcanes.net\/","name":"Volcanes.Net","description":"Periodismo Profesional","publisher":{"@id":"https:\/\/volcanes.net\/#organization"},"potentialAction":[{"@type":"SearchAction","target":{"@type":"EntryPoint","urlTemplate":"https:\/\/volcanes.net\/?s={search_term_string}"},"query-input":{"@type":"PropertyValueSpecification","valueRequired":true,"valueName":"search_term_string"}}],"inLanguage":"es"},{"@type":"Organization","@id":"https:\/\/volcanes.net\/#organization","name":"Grupo Volcanes","url":"https:\/\/volcanes.net\/","logo":{"@type":"ImageObject","inLanguage":"es","@id":"https:\/\/volcanes.net\/#\/schema\/logo\/image\/","url":"http:\/\/volcanes.net\/wp-content\/uploads\/2017\/12\/Avatar2.jpg","contentUrl":"http:\/\/volcanes.net\/wp-content\/uploads\/2017\/12\/Avatar2.jpg","width":378,"height":378,"caption":"Grupo Volcanes"},"image":{"@id":"https:\/\/volcanes.net\/#\/schema\/logo\/image\/"},"sameAs":["https:\/\/www.facebook.com\/volcanes.net\/"]},{"@type":"Person","@id":"https:\/\/volcanes.net\/#\/schema\/person\/4bf0f383940966a4abd53f5048c0e6b9","name":"admin","image":{"@type":"ImageObject","inLanguage":"es","@id":"https:\/\/volcanes.net\/#\/schema\/person\/image\/","url":"https:\/\/secure.gravatar.com\/avatar\/ca004e6cba8462b8cb7abc86e382930c?s=96&d=mm&r=g","contentUrl":"https:\/\/secure.gravatar.com\/avatar\/ca004e6cba8462b8cb7abc86e382930c?s=96&d=mm&r=g","caption":"admin"}}]}},"_links":{"self":[{"href":"https:\/\/volcanes.net\/index.php?rest_route=\/wp\/v2\/posts\/2723"}],"collection":[{"href":"https:\/\/volcanes.net\/index.php?rest_route=\/wp\/v2\/posts"}],"about":[{"href":"https:\/\/volcanes.net\/index.php?rest_route=\/wp\/v2\/types\/post"}],"author":[{"embeddable":true,"href":"https:\/\/volcanes.net\/index.php?rest_route=\/wp\/v2\/users\/1"}],"replies":[{"embeddable":true,"href":"https:\/\/volcanes.net\/index.php?rest_route=%2Fwp%2Fv2%2Fcomments&post=2723"}],"version-history":[{"count":1,"href":"https:\/\/volcanes.net\/index.php?rest_route=\/wp\/v2\/posts\/2723\/revisions"}],"predecessor-version":[{"id":2724,"href":"https:\/\/volcanes.net\/index.php?rest_route=\/wp\/v2\/posts\/2723\/revisions\/2724"}],"wp:featuredmedia":[{"embeddable":true,"href":"https:\/\/volcanes.net\/index.php?rest_route=\/wp\/v2\/media\/2715"}],"wp:attachment":[{"href":"https:\/\/volcanes.net\/index.php?rest_route=%2Fwp%2Fv2%2Fmedia&parent=2723"}],"wp:term":[{"taxonomy":"category","embeddable":true,"href":"https:\/\/volcanes.net\/index.php?rest_route=%2Fwp%2Fv2%2Fcategories&post=2723"},{"taxonomy":"post_tag","embeddable":true,"href":"https:\/\/volcanes.net\/index.php?rest_route=%2Fwp%2Fv2%2Ftags&post=2723"}],"curies":[{"name":"wp","href":"https:\/\/api.w.org\/{rel}","templated":true}]}}