{"id":2738,"date":"2018-10-23T19:49:33","date_gmt":"2018-10-23T19:49:33","guid":{"rendered":"http:\/\/volcanes.net\/?p=2738"},"modified":"2018-10-23T19:49:33","modified_gmt":"2018-10-23T19:49:33","slug":"mantiene-la-sedesol-apoyos-a-damnificados-en-zonas-afectadas-por-lluvias","status":"publish","type":"post","link":"https:\/\/volcanes.net\/?p=2738","title":{"rendered":"Mantiene la Sedesol apoyos a damnificados en zonas afectadas por lluvias"},"content":{"rendered":"<div style=\"margin-top: 0px; margin-bottom: 0px;\" class=\"sharethis-inline-share-buttons\" ><\/div><p>El secretario de Desarrollo Social, Eviel P\u00e9rez Maga\u00f1a, realiz\u00f3 este martes un recorrido por diversos municipios del estado de Oaxaca que resultaron afectados por las fuertes lluvias generadas por el frente fr\u00edo n\u00famero 6 y la tormenta tropical \u201cVicente\u201d.<\/p>\n<p>&nbsp;<\/p>\n<p>El funcionario asegur\u00f3 que por instrucciones del Presidente Enrique Pe\u00f1a Nieto, la Secretar\u00eda de Desarrollo Social (Sedesol) desplegar\u00e1 diversas acciones con el prop\u00f3sito de brindar apoyo a los damnificados por el desbordamiento del r\u00edo Papaloapan, que provoc\u00f3 da\u00f1os a los habitantes de los municipios de San Juan Bautista Tuxtepec, San Jos\u00e9 Chiltepec, Santa Mar\u00eda Jacatepec, Valle Nacional y Ayotzintepec.<\/p>\n<p>&nbsp;<\/p>\n<p>Dijo que la prioridad es garantizar la alimentaci\u00f3n de los habitantes que sufrieron los estragos de las inundaciones en las colonias tanto del medio urbano como del rural.<\/p>\n<p>&nbsp;<\/p>\n<p>En este sentido, dijo, Diconsa y Liconsa se encargar\u00e1n de distribuir productos de la canasta b\u00e1sica, as\u00ed como leche y agua potable a los damnificados durante la etapa de emergencia, en la cual participan, de manera coordinada, autoridades de los tres \u00f3rdenes de gobierno. Revel\u00f3 que Liconsa ha distribuido 22 mil litros de agua potable aunado al compromiso de garantizar el suministro de leche fortificada en albergues.<\/p>\n<p>&nbsp;<\/p>\n<p>El titular de la Sedesol inici\u00f3 su recorrido en San Juan Bautista Valle Nacional, donde en compa\u00f1\u00eda del presidente municipal, \u00c1lvaro Hern\u00e1ndez M\u00e9ndez, expres\u00f3 que \u201cel gobierno de la Rep\u00fablica tiene la determinaci\u00f3n de brindar todo tipo de apoyo a los damnificados\u201d, para lo cual, dijo, la Sedesol pondr\u00e1 en marcha el Programa de Empleo Temporal Inmediato (PETI) con el prop\u00f3sito de fortalecer el ingreso de las familias en las comunidades que sufrieron da\u00f1os por el fen\u00f3meno clim\u00e1tico.<\/p>\n<p>&nbsp;<\/p>\n<p>En la colonia Emiliano Zapata del municipio de Santa Mar\u00eda Jacatepec, P\u00e9rez Maga\u00f1a, dijo que se tendr\u00e1 especial cuidado en el funcionamiento de los albergues y comedores comunitarios que han sido instalados en diferentes puntos de la localidad, a fin de ofrecer bebidas y alimentos calientes en apoyo de los grupos m\u00e1s vulnerables, especialmente los ni\u00f1os, mujeres, adultos mayores y personas con discapacidad.<\/p>\n<p>&nbsp;<\/p>\n<p>El responsable de la pol\u00edtica social del pa\u00eds estuvo tambi\u00e9n en la colonia Nueva Florencia del municipio San Juan Bautista Tuxtepec, donde supervis\u00f3 la entrega de apoyos.<\/p>\n<p>&nbsp;<\/p>\n<p>P\u00e9rez Maga\u00f1a inform\u00f3, durante su recorrido por esta zona, que las lluvias dejaron sentir su fuerza en 169 municipios, principalmente en las regiones de la Costa, Istmo de Tehuantepec, Sierra Norte y Cuenca del Papaloapan.<\/p>\n<p>&nbsp;<\/p>\n<p>Hizo notar que el mal tiempo tambi\u00e9n provoc\u00f3 da\u00f1os en cultivos de pl\u00e1tano y ma\u00edz, as\u00ed como en la infraestructura carretera, concretamente en la que va de Tuxtepec a Oaxaca.<\/p>\n<p>&nbsp;<\/p>\n<p>Inform\u00f3 que el gobierno de la Rep\u00fablica realiza su mayor esfuerzo por restablecer la comunicaci\u00f3n en todas las comunidades que sufren el bloqueo a consecuencia de deslaves.<\/p>\n<p>&nbsp;<\/p>\n<p>Record\u00f3 que, la Secretar\u00eda de Gobernaci\u00f3n emiti\u00f3 la declaratoria de emergencia en 15 municipios del estado.gobi<\/p>\n","protected":false},"excerpt":{"rendered":"<p>El secretario de Desarrollo Social, Eviel P\u00e9rez Maga\u00f1a, realiz\u00f3 este martes un recorrido por diversos<\/p>\n","protected":false},"author":1,"featured_media":2739,"comment_status":"open","ping_status":"open","sticky":false,"template":"","format":"standard","meta":{"footnotes":""},"categories":[1],"tags":[44],"class_list":["post-2738","post","type-post","status-publish","format-standard","has-post-thumbnail","hentry","category-municipales","tag-gobierno-de-la-republica"],"yoast_head":"<!-- This site is optimized with the Yoast SEO plugin v25.3 - https:\/\/yoast.com\/wordpress\/plugins\/seo\/ -->\n<title>Mantiene la Sedesol apoyos a damnificados en zonas afectadas por lluvias - Volcanes<\/title>\n<meta name=\"robots\" content=\"index, follow, max-snippet:-1, max-image-preview:large, max-video-preview:-1\" \/>\n<link rel=\"canonical\" href=\"https:\/\/volcanes.net\/?p=2738\" \/>\n<meta property=\"og:locale\" content=\"es_MX\" \/>\n<meta property=\"og:type\" content=\"article\" \/>\n<meta property=\"og:title\" content=\"Mantiene la Sedesol apoyos a damnificados en zonas afectadas por lluvias - Volcanes\" \/>\n<meta property=\"og:description\" content=\"El secretario de Desarrollo Social, Eviel P\u00e9rez Maga\u00f1a, realiz\u00f3 este martes un recorrido por diversos\" \/>\n<meta property=\"og:url\" content=\"https:\/\/volcanes.net\/?p=2738\" \/>\n<meta property=\"og:site_name\" content=\"Volcanes\" \/>\n<meta property=\"article:publisher\" content=\"https:\/\/www.facebook.com\/volcanes.net\/\" \/>\n<meta property=\"article:published_time\" content=\"2018-10-23T19:49:33+00:00\" \/>\n<meta property=\"og:image\" content=\"https:\/\/volcanes.net\/wp-content\/uploads\/2018\/10\/FOTO-3-Mantiene-la-Sedesol-apoyos-a-damnificados-en-zonas-afectadas-por-lluvias-e1540324611691.jpg\" \/>\n\t<meta property=\"og:image:width\" content=\"400\" \/>\n\t<meta property=\"og:image:height\" content=\"267\" \/>\n\t<meta property=\"og:image:type\" content=\"image\/jpeg\" \/>\n<meta name=\"author\" content=\"admin\" \/>\n<meta name=\"twitter:card\" content=\"summary_large_image\" \/>\n<meta name=\"twitter:label1\" content=\"Escrito por\" \/>\n\t<meta name=\"twitter:data1\" content=\"admin\" \/>\n\t<meta name=\"twitter:label2\" content=\"Tiempo de lectura\" \/>\n\t<meta name=\"twitter:data2\" content=\"3 minutos\" \/>\n<script type=\"application\/ld+json\" class=\"yoast-schema-graph\">{\"@context\":\"https:\/\/schema.org\",\"@graph\":[{\"@type\":\"Article\",\"@id\":\"https:\/\/volcanes.net\/?p=2738#article\",\"isPartOf\":{\"@id\":\"https:\/\/volcanes.net\/?p=2738\"},\"author\":{\"name\":\"admin\",\"@id\":\"https:\/\/volcanes.net\/#\/schema\/person\/4bf0f383940966a4abd53f5048c0e6b9\"},\"headline\":\"Mantiene la Sedesol apoyos a damnificados en zonas afectadas por lluvias\",\"datePublished\":\"2018-10-23T19:49:33+00:00\",\"mainEntityOfPage\":{\"@id\":\"https:\/\/volcanes.net\/?p=2738\"},\"wordCount\":527,\"commentCount\":0,\"publisher\":{\"@id\":\"https:\/\/volcanes.net\/#organization\"},\"image\":{\"@id\":\"https:\/\/volcanes.net\/?p=2738#primaryimage\"},\"thumbnailUrl\":\"https:\/\/volcanes.net\/wp-content\/uploads\/2018\/10\/FOTO-3-Mantiene-la-Sedesol-apoyos-a-damnificados-en-zonas-afectadas-por-lluvias-e1540324611691.jpg\",\"keywords\":[\"Gobierno de la Rep\u00fablica\"],\"articleSection\":[\"Municipales\"],\"inLanguage\":\"es\",\"potentialAction\":[{\"@type\":\"CommentAction\",\"name\":\"Comment\",\"target\":[\"https:\/\/volcanes.net\/?p=2738#respond\"]}]},{\"@type\":\"WebPage\",\"@id\":\"https:\/\/volcanes.net\/?p=2738\",\"url\":\"https:\/\/volcanes.net\/?p=2738\",\"name\":\"Mantiene la Sedesol apoyos a damnificados en zonas afectadas por lluvias - Volcanes\",\"isPartOf\":{\"@id\":\"https:\/\/volcanes.net\/#website\"},\"primaryImageOfPage\":{\"@id\":\"https:\/\/volcanes.net\/?p=2738#primaryimage\"},\"image\":{\"@id\":\"https:\/\/volcanes.net\/?p=2738#primaryimage\"},\"thumbnailUrl\":\"https:\/\/volcanes.net\/wp-content\/uploads\/2018\/10\/FOTO-3-Mantiene-la-Sedesol-apoyos-a-damnificados-en-zonas-afectadas-por-lluvias-e1540324611691.jpg\",\"datePublished\":\"2018-10-23T19:49:33+00:00\",\"breadcrumb\":{\"@id\":\"https:\/\/volcanes.net\/?p=2738#breadcrumb\"},\"inLanguage\":\"es\",\"potentialAction\":[{\"@type\":\"ReadAction\",\"target\":[\"https:\/\/volcanes.net\/?p=2738\"]}]},{\"@type\":\"ImageObject\",\"inLanguage\":\"es\",\"@id\":\"https:\/\/volcanes.net\/?p=2738#primaryimage\",\"url\":\"https:\/\/volcanes.net\/wp-content\/uploads\/2018\/10\/FOTO-3-Mantiene-la-Sedesol-apoyos-a-damnificados-en-zonas-afectadas-por-lluvias-e1540324611691.jpg\",\"contentUrl\":\"https:\/\/volcanes.net\/wp-content\/uploads\/2018\/10\/FOTO-3-Mantiene-la-Sedesol-apoyos-a-damnificados-en-zonas-afectadas-por-lluvias-e1540324611691.jpg\",\"width\":400,\"height\":267},{\"@type\":\"BreadcrumbList\",\"@id\":\"https:\/\/volcanes.net\/?p=2738#breadcrumb\",\"itemListElement\":[{\"@type\":\"ListItem\",\"position\":1,\"name\":\"Portada\",\"item\":\"https:\/\/volcanes.net\/\"},{\"@type\":\"ListItem\",\"position\":2,\"name\":\"Mantiene la Sedesol apoyos a damnificados en zonas afectadas por lluvias\"}]},{\"@type\":\"WebSite\",\"@id\":\"https:\/\/volcanes.net\/#website\",\"url\":\"https:\/\/volcanes.net\/\",\"name\":\"Volcanes.Net\",\"description\":\"Periodismo Profesional\",\"publisher\":{\"@id\":\"https:\/\/volcanes.net\/#organization\"},\"potentialAction\":[{\"@type\":\"SearchAction\",\"target\":{\"@type\":\"EntryPoint\",\"urlTemplate\":\"https:\/\/volcanes.net\/?s={search_term_string}\"},\"query-input\":{\"@type\":\"PropertyValueSpecification\",\"valueRequired\":true,\"valueName\":\"search_term_string\"}}],\"inLanguage\":\"es\"},{\"@type\":\"Organization\",\"@id\":\"https:\/\/volcanes.net\/#organization\",\"name\":\"Grupo Volcanes\",\"url\":\"https:\/\/volcanes.net\/\",\"logo\":{\"@type\":\"ImageObject\",\"inLanguage\":\"es\",\"@id\":\"https:\/\/volcanes.net\/#\/schema\/logo\/image\/\",\"url\":\"http:\/\/volcanes.net\/wp-content\/uploads\/2017\/12\/Avatar2.jpg\",\"contentUrl\":\"http:\/\/volcanes.net\/wp-content\/uploads\/2017\/12\/Avatar2.jpg\",\"width\":378,\"height\":378,\"caption\":\"Grupo Volcanes\"},\"image\":{\"@id\":\"https:\/\/volcanes.net\/#\/schema\/logo\/image\/\"},\"sameAs\":[\"https:\/\/www.facebook.com\/volcanes.net\/\"]},{\"@type\":\"Person\",\"@id\":\"https:\/\/volcanes.net\/#\/schema\/person\/4bf0f383940966a4abd53f5048c0e6b9\",\"name\":\"admin\",\"image\":{\"@type\":\"ImageObject\",\"inLanguage\":\"es\",\"@id\":\"https:\/\/volcanes.net\/#\/schema\/person\/image\/\",\"url\":\"https:\/\/secure.gravatar.com\/avatar\/ca004e6cba8462b8cb7abc86e382930c?s=96&d=mm&r=g\",\"contentUrl\":\"https:\/\/secure.gravatar.com\/avatar\/ca004e6cba8462b8cb7abc86e382930c?s=96&d=mm&r=g\",\"caption\":\"admin\"}}]}<\/script>\n<!-- \/ Yoast SEO plugin. -->","yoast_head_json":{"title":"Mantiene la Sedesol apoyos a damnificados en zonas afectadas por lluvias - Volcanes","robots":{"index":"index","follow":"follow","max-snippet":"max-snippet:-1","max-image-preview":"max-image-preview:large","max-video-preview":"max-video-preview:-1"},"canonical":"https:\/\/volcanes.net\/?p=2738","og_locale":"es_MX","og_type":"article","og_title":"Mantiene la Sedesol apoyos a damnificados en zonas afectadas por lluvias - Volcanes","og_description":"El secretario de Desarrollo Social, Eviel P\u00e9rez Maga\u00f1a, realiz\u00f3 este martes un recorrido por diversos","og_url":"https:\/\/volcanes.net\/?p=2738","og_site_name":"Volcanes","article_publisher":"https:\/\/www.facebook.com\/volcanes.net\/","article_published_time":"2018-10-23T19:49:33+00:00","og_image":[{"width":400,"height":267,"url":"https:\/\/volcanes.net\/wp-content\/uploads\/2018\/10\/FOTO-3-Mantiene-la-Sedesol-apoyos-a-damnificados-en-zonas-afectadas-por-lluvias-e1540324611691.jpg","type":"image\/jpeg"}],"author":"admin","twitter_card":"summary_large_image","twitter_misc":{"Escrito por":"admin","Tiempo de lectura":"3 minutos"},"schema":{"@context":"https:\/\/schema.org","@graph":[{"@type":"Article","@id":"https:\/\/volcanes.net\/?p=2738#article","isPartOf":{"@id":"https:\/\/volcanes.net\/?p=2738"},"author":{"name":"admin","@id":"https:\/\/volcanes.net\/#\/schema\/person\/4bf0f383940966a4abd53f5048c0e6b9"},"headline":"Mantiene la Sedesol apoyos a damnificados en zonas afectadas por lluvias","datePublished":"2018-10-23T19:49:33+00:00","mainEntityOfPage":{"@id":"https:\/\/volcanes.net\/?p=2738"},"wordCount":527,"commentCount":0,"publisher":{"@id":"https:\/\/volcanes.net\/#organization"},"image":{"@id":"https:\/\/volcanes.net\/?p=2738#primaryimage"},"thumbnailUrl":"https:\/\/volcanes.net\/wp-content\/uploads\/2018\/10\/FOTO-3-Mantiene-la-Sedesol-apoyos-a-damnificados-en-zonas-afectadas-por-lluvias-e1540324611691.jpg","keywords":["Gobierno de la Rep\u00fablica"],"articleSection":["Municipales"],"inLanguage":"es","potentialAction":[{"@type":"CommentAction","name":"Comment","target":["https:\/\/volcanes.net\/?p=2738#respond"]}]},{"@type":"WebPage","@id":"https:\/\/volcanes.net\/?p=2738","url":"https:\/\/volcanes.net\/?p=2738","name":"Mantiene la Sedesol apoyos a damnificados en zonas afectadas por lluvias - Volcanes","isPartOf":{"@id":"https:\/\/volcanes.net\/#website"},"primaryImageOfPage":{"@id":"https:\/\/volcanes.net\/?p=2738#primaryimage"},"image":{"@id":"https:\/\/volcanes.net\/?p=2738#primaryimage"},"thumbnailUrl":"https:\/\/volcanes.net\/wp-content\/uploads\/2018\/10\/FOTO-3-Mantiene-la-Sedesol-apoyos-a-damnificados-en-zonas-afectadas-por-lluvias-e1540324611691.jpg","datePublished":"2018-10-23T19:49:33+00:00","breadcrumb":{"@id":"https:\/\/volcanes.net\/?p=2738#breadcrumb"},"inLanguage":"es","potentialAction":[{"@type":"ReadAction","target":["https:\/\/volcanes.net\/?p=2738"]}]},{"@type":"ImageObject","inLanguage":"es","@id":"https:\/\/volcanes.net\/?p=2738#primaryimage","url":"https:\/\/volcanes.net\/wp-content\/uploads\/2018\/10\/FOTO-3-Mantiene-la-Sedesol-apoyos-a-damnificados-en-zonas-afectadas-por-lluvias-e1540324611691.jpg","contentUrl":"https:\/\/volcanes.net\/wp-content\/uploads\/2018\/10\/FOTO-3-Mantiene-la-Sedesol-apoyos-a-damnificados-en-zonas-afectadas-por-lluvias-e1540324611691.jpg","width":400,"height":267},{"@type":"BreadcrumbList","@id":"https:\/\/volcanes.net\/?p=2738#breadcrumb","itemListElement":[{"@type":"ListItem","position":1,"name":"Portada","item":"https:\/\/volcanes.net\/"},{"@type":"ListItem","position":2,"name":"Mantiene la Sedesol apoyos a damnificados en zonas afectadas por lluvias"}]},{"@type":"WebSite","@id":"https:\/\/volcanes.net\/#website","url":"https:\/\/volcanes.net\/","name":"Volcanes.Net","description":"Periodismo Profesional","publisher":{"@id":"https:\/\/volcanes.net\/#organization"},"potentialAction":[{"@type":"SearchAction","target":{"@type":"EntryPoint","urlTemplate":"https:\/\/volcanes.net\/?s={search_term_string}"},"query-input":{"@type":"PropertyValueSpecification","valueRequired":true,"valueName":"search_term_string"}}],"inLanguage":"es"},{"@type":"Organization","@id":"https:\/\/volcanes.net\/#organization","name":"Grupo Volcanes","url":"https:\/\/volcanes.net\/","logo":{"@type":"ImageObject","inLanguage":"es","@id":"https:\/\/volcanes.net\/#\/schema\/logo\/image\/","url":"http:\/\/volcanes.net\/wp-content\/uploads\/2017\/12\/Avatar2.jpg","contentUrl":"http:\/\/volcanes.net\/wp-content\/uploads\/2017\/12\/Avatar2.jpg","width":378,"height":378,"caption":"Grupo Volcanes"},"image":{"@id":"https:\/\/volcanes.net\/#\/schema\/logo\/image\/"},"sameAs":["https:\/\/www.facebook.com\/volcanes.net\/"]},{"@type":"Person","@id":"https:\/\/volcanes.net\/#\/schema\/person\/4bf0f383940966a4abd53f5048c0e6b9","name":"admin","image":{"@type":"ImageObject","inLanguage":"es","@id":"https:\/\/volcanes.net\/#\/schema\/person\/image\/","url":"https:\/\/secure.gravatar.com\/avatar\/ca004e6cba8462b8cb7abc86e382930c?s=96&d=mm&r=g","contentUrl":"https:\/\/secure.gravatar.com\/avatar\/ca004e6cba8462b8cb7abc86e382930c?s=96&d=mm&r=g","caption":"admin"}}]}},"_links":{"self":[{"href":"https:\/\/volcanes.net\/index.php?rest_route=\/wp\/v2\/posts\/2738"}],"collection":[{"href":"https:\/\/volcanes.net\/index.php?rest_route=\/wp\/v2\/posts"}],"about":[{"href":"https:\/\/volcanes.net\/index.php?rest_route=\/wp\/v2\/types\/post"}],"author":[{"embeddable":true,"href":"https:\/\/volcanes.net\/index.php?rest_route=\/wp\/v2\/users\/1"}],"replies":[{"embeddable":true,"href":"https:\/\/volcanes.net\/index.php?rest_route=%2Fwp%2Fv2%2Fcomments&post=2738"}],"version-history":[{"count":1,"href":"https:\/\/volcanes.net\/index.php?rest_route=\/wp\/v2\/posts\/2738\/revisions"}],"predecessor-version":[{"id":2740,"href":"https:\/\/volcanes.net\/index.php?rest_route=\/wp\/v2\/posts\/2738\/revisions\/2740"}],"wp:featuredmedia":[{"embeddable":true,"href":"https:\/\/volcanes.net\/index.php?rest_route=\/wp\/v2\/media\/2739"}],"wp:attachment":[{"href":"https:\/\/volcanes.net\/index.php?rest_route=%2Fwp%2Fv2%2Fmedia&parent=2738"}],"wp:term":[{"taxonomy":"category","embeddable":true,"href":"https:\/\/volcanes.net\/index.php?rest_route=%2Fwp%2Fv2%2Fcategories&post=2738"},{"taxonomy":"post_tag","embeddable":true,"href":"https:\/\/volcanes.net\/index.php?rest_route=%2Fwp%2Fv2%2Ftags&post=2738"}],"curies":[{"name":"wp","href":"https:\/\/api.w.org\/{rel}","templated":true}]}}