{"id":2750,"date":"2018-10-27T04:28:45","date_gmt":"2018-10-27T04:28:45","guid":{"rendered":"http:\/\/volcanes.net\/?p=2750"},"modified":"2018-10-27T04:28:45","modified_gmt":"2018-10-27T04:28:45","slug":"rescatan-a-menor-secuestrado-en-yecapixtla","status":"publish","type":"post","link":"https:\/\/volcanes.net\/?p=2750","title":{"rendered":"Rescatan a menor secuestrado en Yecapixtla"},"content":{"rendered":"<div style=\"margin-top: 0px; margin-bottom: 0px;\" class=\"sharethis-inline-share-buttons\" ><\/div><p>Mario Vega R.<\/p>\n<p>En despliegue t\u00e1ctico, agentes adscritos al Grupo FUSI\u00d3N UECS de la Fiscal\u00eda Especializada en Combate al Secuestro y Extorsi\u00f3n, lograron la liberaci\u00f3n de un infante de dos a\u00f1os secuestrado en el Municipio de Yecapixtla y el aseguramiento de cuatro mujeres, entre ellas la propia madre del menor.<\/p>\n<p>Fue durante la noche del pasado martes 23 de octubre que a trav\u00e9s del n\u00famero de emergencias 911, se report\u00f3 a la madre del menor en crisis nerviosa, encontr\u00e1ndola elementos de la Polic\u00eda Morelos en la carretera M\u00e9xico\u2013Cuautla, a quienes refiri\u00f3 que momentos antes, a las afueras de su domicilio ubicado en el Municipio de Yecapixtla, dos hombres armados se hab\u00edan llevado a su hijo de 2 a\u00f1os a bordo de una combi color blanco.<\/p>\n<p>Refiri\u00f3 a los elementos que estaba recibiendo llamadas telef\u00f3nicas en donde le solicitaban dos millones de pesos como rescate, no obstante lo anterior, la mujer se neg\u00f3 a denunciar los hechos ante las autoridades, sin embargo, el padre del menor acudi\u00f3 a las instalaciones de la UECS para solicitar el apoyo.<\/p>\n<p>Derivado de lo anterior, se activaron los protocolos de investigaci\u00f3n para la atenci\u00f3n del caso de secuestro. Derivado de las investigaciones iniciadas y del an\u00e1lisis de la informaci\u00f3n obtenida durante el proceso de negociaci\u00f3n, se logr\u00f3 establecer la presunta participaci\u00f3n de familiares del infante en el secuestro.<\/p>\n<p>Con los datos obtenidos, el Grupo Fusi\u00f3n-UECS, integrado por elementos de la Fiscal\u00eda General del Estado de Morelos (FG), Comisi\u00f3n Estatal de Seguridad (CES Morelos), de la Agencia de Investigaci\u00f3n Criminal de la PGR (AIC-PGR), realizaron un despliegue operativo en el Municipio de Ocuituco, en donde se logr\u00f3 ubicar un domicilio en donde tras una intervenci\u00f3n t\u00e1ctica pudo ser rescatado el menor y se logr\u00f3 el aseguramiento de la madre del mismo as\u00ed como tres t\u00edas.<\/p>\n<p>Las detenidas son Maricela \u201cN\u201d de 43 a\u00f1os de edad, Iris Cristal \u201cN\u201d de 21 a\u00f1os, Anallely \u201cN\u201d de 19 a\u00f1os y Guadalupe \u201cN\u201d de 25 a\u00f1os de edad, \u00e9sta \u00faltima madre del infante. Las cuatro mujeres fueron puestas a disposici\u00f3n del Agente del Ministerio P\u00fablico de la Fiscal\u00eda Especializada en Combate al Secuestro y Extorsi\u00f3n, sin embargo, se presumen inocentes y ser\u00e1n tratadas como tales en todas las etapas del procedimiento, mientras no se declare su responsabilidad, mediante sentencia emitida por el \u00f3rgano jurisdiccional, esto con base en el Art\u00edculo 13 del C\u00f3digo Nacional de Procedimientos Penales.<\/p>\n<p>La Fiscal\u00eda General del Estado, garantiza la intervenci\u00f3n oportuna para la atenci\u00f3n de este tipo de casos que laceran a la sociedad, quien puede denunciar de manera an\u00f3nima al correo electr\u00f3nico denuncia.secuestros@morelos.gob.mx, o directamente en las instalaciones de la UECS ubicadas en Boulevard Cuauhn\u00e1huac n\u00famero 103, Colonia Flores Mag\u00f3n, en el Municipio de Cuernavaca, o al Tel\u00e9fono (01777) 317-82-78 y 317-83-87, o bien, a trav\u00e9s del servicio de mensajer\u00eda de WhatsApp al n\u00famero 777-453-8343.<\/p>\n","protected":false},"excerpt":{"rendered":"<p>Mario Vega R. En despliegue t\u00e1ctico, agentes adscritos al Grupo FUSI\u00d3N UECS de la Fiscal\u00eda<\/p>\n","protected":false},"author":1,"featured_media":2751,"comment_status":"open","ping_status":"open","sticky":false,"template":"","format":"standard","meta":{"footnotes":""},"categories":[1],"tags":[198],"class_list":["post-2750","post","type-post","status-publish","format-standard","has-post-thumbnail","hentry","category-municipales","tag-morelos"],"yoast_head":"<!-- This site is optimized with the Yoast SEO plugin v25.3 - https:\/\/yoast.com\/wordpress\/plugins\/seo\/ -->\n<title>Rescatan a menor secuestrado en Yecapixtla - Volcanes<\/title>\n<meta name=\"robots\" content=\"index, follow, max-snippet:-1, max-image-preview:large, max-video-preview:-1\" \/>\n<link rel=\"canonical\" href=\"https:\/\/volcanes.net\/?p=2750\" \/>\n<meta property=\"og:locale\" content=\"es_MX\" \/>\n<meta property=\"og:type\" content=\"article\" \/>\n<meta property=\"og:title\" content=\"Rescatan a menor secuestrado en Yecapixtla - Volcanes\" \/>\n<meta property=\"og:description\" content=\"Mario Vega R. En despliegue t\u00e1ctico, agentes adscritos al Grupo FUSI\u00d3N UECS de la Fiscal\u00eda\" \/>\n<meta property=\"og:url\" content=\"https:\/\/volcanes.net\/?p=2750\" \/>\n<meta property=\"og:site_name\" content=\"Volcanes\" \/>\n<meta property=\"article:publisher\" content=\"https:\/\/www.facebook.com\/volcanes.net\/\" \/>\n<meta property=\"article:published_time\" content=\"2018-10-27T04:28:45+00:00\" \/>\n<meta property=\"og:image\" content=\"https:\/\/volcanes.net\/wp-content\/uploads\/2018\/10\/IMG_9862-e1540614505867.jpg\" \/>\n\t<meta property=\"og:image:width\" content=\"500\" \/>\n\t<meta property=\"og:image:height\" content=\"408\" \/>\n\t<meta property=\"og:image:type\" content=\"image\/jpeg\" \/>\n<meta name=\"author\" content=\"admin\" \/>\n<meta name=\"twitter:card\" content=\"summary_large_image\" \/>\n<meta name=\"twitter:label1\" content=\"Escrito por\" \/>\n\t<meta name=\"twitter:data1\" content=\"admin\" \/>\n\t<meta name=\"twitter:label2\" content=\"Tiempo de lectura\" \/>\n\t<meta name=\"twitter:data2\" content=\"3 minutos\" \/>\n<script type=\"application\/ld+json\" class=\"yoast-schema-graph\">{\"@context\":\"https:\/\/schema.org\",\"@graph\":[{\"@type\":\"Article\",\"@id\":\"https:\/\/volcanes.net\/?p=2750#article\",\"isPartOf\":{\"@id\":\"https:\/\/volcanes.net\/?p=2750\"},\"author\":{\"name\":\"admin\",\"@id\":\"https:\/\/volcanes.net\/#\/schema\/person\/4bf0f383940966a4abd53f5048c0e6b9\"},\"headline\":\"Rescatan a menor secuestrado en Yecapixtla\",\"datePublished\":\"2018-10-27T04:28:45+00:00\",\"mainEntityOfPage\":{\"@id\":\"https:\/\/volcanes.net\/?p=2750\"},\"wordCount\":525,\"commentCount\":0,\"publisher\":{\"@id\":\"https:\/\/volcanes.net\/#organization\"},\"image\":{\"@id\":\"https:\/\/volcanes.net\/?p=2750#primaryimage\"},\"thumbnailUrl\":\"https:\/\/volcanes.net\/wp-content\/uploads\/2018\/10\/IMG_9862-e1540614505867.jpg\",\"keywords\":[\"Morelos\"],\"articleSection\":[\"Municipales\"],\"inLanguage\":\"es\",\"potentialAction\":[{\"@type\":\"CommentAction\",\"name\":\"Comment\",\"target\":[\"https:\/\/volcanes.net\/?p=2750#respond\"]}]},{\"@type\":\"WebPage\",\"@id\":\"https:\/\/volcanes.net\/?p=2750\",\"url\":\"https:\/\/volcanes.net\/?p=2750\",\"name\":\"Rescatan a menor secuestrado en Yecapixtla - Volcanes\",\"isPartOf\":{\"@id\":\"https:\/\/volcanes.net\/#website\"},\"primaryImageOfPage\":{\"@id\":\"https:\/\/volcanes.net\/?p=2750#primaryimage\"},\"image\":{\"@id\":\"https:\/\/volcanes.net\/?p=2750#primaryimage\"},\"thumbnailUrl\":\"https:\/\/volcanes.net\/wp-content\/uploads\/2018\/10\/IMG_9862-e1540614505867.jpg\",\"datePublished\":\"2018-10-27T04:28:45+00:00\",\"breadcrumb\":{\"@id\":\"https:\/\/volcanes.net\/?p=2750#breadcrumb\"},\"inLanguage\":\"es\",\"potentialAction\":[{\"@type\":\"ReadAction\",\"target\":[\"https:\/\/volcanes.net\/?p=2750\"]}]},{\"@type\":\"ImageObject\",\"inLanguage\":\"es\",\"@id\":\"https:\/\/volcanes.net\/?p=2750#primaryimage\",\"url\":\"https:\/\/volcanes.net\/wp-content\/uploads\/2018\/10\/IMG_9862-e1540614505867.jpg\",\"contentUrl\":\"https:\/\/volcanes.net\/wp-content\/uploads\/2018\/10\/IMG_9862-e1540614505867.jpg\",\"width\":500,\"height\":408},{\"@type\":\"BreadcrumbList\",\"@id\":\"https:\/\/volcanes.net\/?p=2750#breadcrumb\",\"itemListElement\":[{\"@type\":\"ListItem\",\"position\":1,\"name\":\"Portada\",\"item\":\"https:\/\/volcanes.net\/\"},{\"@type\":\"ListItem\",\"position\":2,\"name\":\"Rescatan a menor secuestrado en Yecapixtla\"}]},{\"@type\":\"WebSite\",\"@id\":\"https:\/\/volcanes.net\/#website\",\"url\":\"https:\/\/volcanes.net\/\",\"name\":\"Volcanes.Net\",\"description\":\"Periodismo Profesional\",\"publisher\":{\"@id\":\"https:\/\/volcanes.net\/#organization\"},\"potentialAction\":[{\"@type\":\"SearchAction\",\"target\":{\"@type\":\"EntryPoint\",\"urlTemplate\":\"https:\/\/volcanes.net\/?s={search_term_string}\"},\"query-input\":{\"@type\":\"PropertyValueSpecification\",\"valueRequired\":true,\"valueName\":\"search_term_string\"}}],\"inLanguage\":\"es\"},{\"@type\":\"Organization\",\"@id\":\"https:\/\/volcanes.net\/#organization\",\"name\":\"Grupo Volcanes\",\"url\":\"https:\/\/volcanes.net\/\",\"logo\":{\"@type\":\"ImageObject\",\"inLanguage\":\"es\",\"@id\":\"https:\/\/volcanes.net\/#\/schema\/logo\/image\/\",\"url\":\"http:\/\/volcanes.net\/wp-content\/uploads\/2017\/12\/Avatar2.jpg\",\"contentUrl\":\"http:\/\/volcanes.net\/wp-content\/uploads\/2017\/12\/Avatar2.jpg\",\"width\":378,\"height\":378,\"caption\":\"Grupo Volcanes\"},\"image\":{\"@id\":\"https:\/\/volcanes.net\/#\/schema\/logo\/image\/\"},\"sameAs\":[\"https:\/\/www.facebook.com\/volcanes.net\/\"]},{\"@type\":\"Person\",\"@id\":\"https:\/\/volcanes.net\/#\/schema\/person\/4bf0f383940966a4abd53f5048c0e6b9\",\"name\":\"admin\",\"image\":{\"@type\":\"ImageObject\",\"inLanguage\":\"es\",\"@id\":\"https:\/\/volcanes.net\/#\/schema\/person\/image\/\",\"url\":\"https:\/\/secure.gravatar.com\/avatar\/ca004e6cba8462b8cb7abc86e382930c?s=96&d=mm&r=g\",\"contentUrl\":\"https:\/\/secure.gravatar.com\/avatar\/ca004e6cba8462b8cb7abc86e382930c?s=96&d=mm&r=g\",\"caption\":\"admin\"}}]}<\/script>\n<!-- \/ Yoast SEO plugin. -->","yoast_head_json":{"title":"Rescatan a menor secuestrado en Yecapixtla - Volcanes","robots":{"index":"index","follow":"follow","max-snippet":"max-snippet:-1","max-image-preview":"max-image-preview:large","max-video-preview":"max-video-preview:-1"},"canonical":"https:\/\/volcanes.net\/?p=2750","og_locale":"es_MX","og_type":"article","og_title":"Rescatan a menor secuestrado en Yecapixtla - Volcanes","og_description":"Mario Vega R. En despliegue t\u00e1ctico, agentes adscritos al Grupo FUSI\u00d3N UECS de la Fiscal\u00eda","og_url":"https:\/\/volcanes.net\/?p=2750","og_site_name":"Volcanes","article_publisher":"https:\/\/www.facebook.com\/volcanes.net\/","article_published_time":"2018-10-27T04:28:45+00:00","og_image":[{"width":500,"height":408,"url":"https:\/\/volcanes.net\/wp-content\/uploads\/2018\/10\/IMG_9862-e1540614505867.jpg","type":"image\/jpeg"}],"author":"admin","twitter_card":"summary_large_image","twitter_misc":{"Escrito por":"admin","Tiempo de lectura":"3 minutos"},"schema":{"@context":"https:\/\/schema.org","@graph":[{"@type":"Article","@id":"https:\/\/volcanes.net\/?p=2750#article","isPartOf":{"@id":"https:\/\/volcanes.net\/?p=2750"},"author":{"name":"admin","@id":"https:\/\/volcanes.net\/#\/schema\/person\/4bf0f383940966a4abd53f5048c0e6b9"},"headline":"Rescatan a menor secuestrado en Yecapixtla","datePublished":"2018-10-27T04:28:45+00:00","mainEntityOfPage":{"@id":"https:\/\/volcanes.net\/?p=2750"},"wordCount":525,"commentCount":0,"publisher":{"@id":"https:\/\/volcanes.net\/#organization"},"image":{"@id":"https:\/\/volcanes.net\/?p=2750#primaryimage"},"thumbnailUrl":"https:\/\/volcanes.net\/wp-content\/uploads\/2018\/10\/IMG_9862-e1540614505867.jpg","keywords":["Morelos"],"articleSection":["Municipales"],"inLanguage":"es","potentialAction":[{"@type":"CommentAction","name":"Comment","target":["https:\/\/volcanes.net\/?p=2750#respond"]}]},{"@type":"WebPage","@id":"https:\/\/volcanes.net\/?p=2750","url":"https:\/\/volcanes.net\/?p=2750","name":"Rescatan a menor secuestrado en Yecapixtla - Volcanes","isPartOf":{"@id":"https:\/\/volcanes.net\/#website"},"primaryImageOfPage":{"@id":"https:\/\/volcanes.net\/?p=2750#primaryimage"},"image":{"@id":"https:\/\/volcanes.net\/?p=2750#primaryimage"},"thumbnailUrl":"https:\/\/volcanes.net\/wp-content\/uploads\/2018\/10\/IMG_9862-e1540614505867.jpg","datePublished":"2018-10-27T04:28:45+00:00","breadcrumb":{"@id":"https:\/\/volcanes.net\/?p=2750#breadcrumb"},"inLanguage":"es","potentialAction":[{"@type":"ReadAction","target":["https:\/\/volcanes.net\/?p=2750"]}]},{"@type":"ImageObject","inLanguage":"es","@id":"https:\/\/volcanes.net\/?p=2750#primaryimage","url":"https:\/\/volcanes.net\/wp-content\/uploads\/2018\/10\/IMG_9862-e1540614505867.jpg","contentUrl":"https:\/\/volcanes.net\/wp-content\/uploads\/2018\/10\/IMG_9862-e1540614505867.jpg","width":500,"height":408},{"@type":"BreadcrumbList","@id":"https:\/\/volcanes.net\/?p=2750#breadcrumb","itemListElement":[{"@type":"ListItem","position":1,"name":"Portada","item":"https:\/\/volcanes.net\/"},{"@type":"ListItem","position":2,"name":"Rescatan a menor secuestrado en Yecapixtla"}]},{"@type":"WebSite","@id":"https:\/\/volcanes.net\/#website","url":"https:\/\/volcanes.net\/","name":"Volcanes.Net","description":"Periodismo Profesional","publisher":{"@id":"https:\/\/volcanes.net\/#organization"},"potentialAction":[{"@type":"SearchAction","target":{"@type":"EntryPoint","urlTemplate":"https:\/\/volcanes.net\/?s={search_term_string}"},"query-input":{"@type":"PropertyValueSpecification","valueRequired":true,"valueName":"search_term_string"}}],"inLanguage":"es"},{"@type":"Organization","@id":"https:\/\/volcanes.net\/#organization","name":"Grupo Volcanes","url":"https:\/\/volcanes.net\/","logo":{"@type":"ImageObject","inLanguage":"es","@id":"https:\/\/volcanes.net\/#\/schema\/logo\/image\/","url":"http:\/\/volcanes.net\/wp-content\/uploads\/2017\/12\/Avatar2.jpg","contentUrl":"http:\/\/volcanes.net\/wp-content\/uploads\/2017\/12\/Avatar2.jpg","width":378,"height":378,"caption":"Grupo Volcanes"},"image":{"@id":"https:\/\/volcanes.net\/#\/schema\/logo\/image\/"},"sameAs":["https:\/\/www.facebook.com\/volcanes.net\/"]},{"@type":"Person","@id":"https:\/\/volcanes.net\/#\/schema\/person\/4bf0f383940966a4abd53f5048c0e6b9","name":"admin","image":{"@type":"ImageObject","inLanguage":"es","@id":"https:\/\/volcanes.net\/#\/schema\/person\/image\/","url":"https:\/\/secure.gravatar.com\/avatar\/ca004e6cba8462b8cb7abc86e382930c?s=96&d=mm&r=g","contentUrl":"https:\/\/secure.gravatar.com\/avatar\/ca004e6cba8462b8cb7abc86e382930c?s=96&d=mm&r=g","caption":"admin"}}]}},"_links":{"self":[{"href":"https:\/\/volcanes.net\/index.php?rest_route=\/wp\/v2\/posts\/2750"}],"collection":[{"href":"https:\/\/volcanes.net\/index.php?rest_route=\/wp\/v2\/posts"}],"about":[{"href":"https:\/\/volcanes.net\/index.php?rest_route=\/wp\/v2\/types\/post"}],"author":[{"embeddable":true,"href":"https:\/\/volcanes.net\/index.php?rest_route=\/wp\/v2\/users\/1"}],"replies":[{"embeddable":true,"href":"https:\/\/volcanes.net\/index.php?rest_route=%2Fwp%2Fv2%2Fcomments&post=2750"}],"version-history":[{"count":1,"href":"https:\/\/volcanes.net\/index.php?rest_route=\/wp\/v2\/posts\/2750\/revisions"}],"predecessor-version":[{"id":2752,"href":"https:\/\/volcanes.net\/index.php?rest_route=\/wp\/v2\/posts\/2750\/revisions\/2752"}],"wp:featuredmedia":[{"embeddable":true,"href":"https:\/\/volcanes.net\/index.php?rest_route=\/wp\/v2\/media\/2751"}],"wp:attachment":[{"href":"https:\/\/volcanes.net\/index.php?rest_route=%2Fwp%2Fv2%2Fmedia&parent=2750"}],"wp:term":[{"taxonomy":"category","embeddable":true,"href":"https:\/\/volcanes.net\/index.php?rest_route=%2Fwp%2Fv2%2Fcategories&post=2750"},{"taxonomy":"post_tag","embeddable":true,"href":"https:\/\/volcanes.net\/index.php?rest_route=%2Fwp%2Fv2%2Ftags&post=2750"}],"curies":[{"name":"wp","href":"https:\/\/api.w.org\/{rel}","templated":true}]}}