{"id":2754,"date":"2018-10-29T20:36:37","date_gmt":"2018-10-29T20:36:37","guid":{"rendered":"http:\/\/volcanes.net\/?p=2754"},"modified":"2018-10-29T20:36:37","modified_gmt":"2018-10-29T20:36:37","slug":"vinculan-a-proceso-a-sujeto-investigado-por-la-violacion-de-dos-menores-de-edad","status":"publish","type":"post","link":"https:\/\/volcanes.net\/?p=2754","title":{"rendered":"Vinculan a proceso a sujeto investigado por la violaci\u00f3n de dos menores de edad"},"content":{"rendered":"<div style=\"margin-top: 0px; margin-bottom: 0px;\" class=\"sharethis-inline-share-buttons\" ><\/div><ul>\n<li style=\"font-weight: 400\"><em>Este sujeto fue detenido hace unos d\u00edas por personal de esta Instituci\u00f3n y se le investiga por su probable participaci\u00f3n en la muerte de una menor de 12 a\u00f1os en Melchor Ocampo, delito por el cual tambi\u00e9n est\u00e1 vinculado a proceso.\u00a0<\/em><\/li>\n<li style=\"font-weight: 400\"><em>Con estas dos vinculaciones a proceso por violaci\u00f3n, suma ya tres procesos legales en su contra<\/em>.<\/li>\n<\/ul>\n<p style=\"font-weight: 400\"><strong>Cuautitl\u00e1n, M\u00e9xico, 29 de octubre de 2018.-<\/strong>\u00a0El Representante Social de la Fiscal\u00eda General de Justicia del Estado de M\u00e9xico (FGJEM) acredit\u00f3 la probable participaci\u00f3n de Jes\u00fas \u201cN\u201d, de 50 a\u00f1os de edad, en la violaci\u00f3n de dos menores de edad, de 8 y 13 a\u00f1os respectivamente, il\u00edcitos por los cuales la Autoridad Judicial con sede en Cuautitl\u00e1n lo vincul\u00f3 a proceso.<\/p>\n<p style=\"font-weight: 400\">\u00a0\u00a0\u00a0\u00a0\u00a0\u00a0\u00a0\u00a0\u00a0\u00a0\u00a0 Este sujeto fue aprehendido el pasado 18 de octubre por el feminicidio de una menor de 12 a\u00f1os de edad, por lo que desde esa fecha se encuentra interno en el Centro Penitenciario y de Reinserci\u00f3n Social de Cuautitl\u00e1n M\u00e9xico, en donde qued\u00f3 a disposici\u00f3n de la Autoridad Judicial, quien d\u00edas despu\u00e9s, el 24 de octubre lo vincul\u00f3 a proceso por este delito.<\/p>\n<p style=\"font-weight: 400\">\u00a0\u00a0\u00a0\u00a0\u00a0\u00a0\u00a0\u00a0\u00a0\u00a0\u00a0 \u00a0Aunado a ello, esta Instituci\u00f3n continu\u00f3 con las investigaciones en contra de este individuo, y estableci\u00f3 su probable participaci\u00f3n en la violaci\u00f3n de una menor de ocho a\u00f1os de edad, quien es su nieta, por lo que el Agente del Ministerio P\u00fablico solicit\u00f3 a un Juez librar una orden de aprehensi\u00f3n en su contra, la cual fue otorgada y cumplimentada en reclusi\u00f3n por elementos de la FGJEM.<\/p>\n<p style=\"font-weight: 400\">\u00a0\u00a0\u00a0\u00a0\u00a0\u00a0\u00a0\u00a0\u00a0\u00a0\u00a0 Este il\u00edcito habr\u00eda ocurrido el pasado 13 de octubre, en el interior de un inmueble ubicado en el Barrio San Juan Xocotla, en el municipio de Tultepec, sitio al que arrib\u00f3 este sujeto y habr\u00eda aprovechado que su nieta se encontraba sola, puesto que los padres de \u00e9sta hab\u00edan salido y la condujo a una de las habitaciones de la vivienda, en donde la habr\u00eda agredido sexualmente. Este sujeto fue vinculado a proceso por el delito de violaci\u00f3n equiparada en agravio de su nieta.<\/p>\n<p style=\"font-weight: 400\">\u00a0\u00a0\u00a0\u00a0\u00a0\u00a0\u00a0\u00a0\u00a0\u00a0\u00a0 Adem\u00e1s el Agente del Ministerio P\u00fablico estableci\u00f3, de igual forma, la probable participaci\u00f3n de Jes\u00fas \u201cN\u201d en otra violaci\u00f3n registrada el pasado 9 de octubre, en la que la v\u00edctima una menor de 13 a\u00f1os de edad, vecina del municipio de Melchor Ocampo, tambi\u00e9n fue agredida sexualmente, por este delito de igual forma fue cumplimentada una orden de aprehensi\u00f3n en reclusi\u00f3n en su contra, y fue vinculado a proceso.<\/p>\n<p style=\"font-weight: 400\">\u00a0\u00a0\u00a0\u00a0\u00a0\u00a0\u00a0\u00a0\u00a0\u00a0\u00a0 Esta violaci\u00f3n ocurri\u00f3 en la colonia El Mirador, cuando la v\u00edctima caminaba por un terreno bald\u00edo ya que se dirig\u00eda a su casa, pero fue interceptada por este sujeto, quien la habr\u00eda amagado con un arma de fuego y la condujo hasta otro sitio, en donde la habr\u00eda agredido sexualmente, para luego huir.<\/p>\n<p style=\"font-weight: 400\">\u00a0\u00a0\u00a0\u00a0\u00a0\u00a0\u00a0\u00a0\u00a0\u00a0\u00a0 Cabe mencionar que con estas dos vinculaciones a proceso por violaci\u00f3n, y la hecha anteriormente por feminicidio este sujeto suma ya tres procesos legales en su contra, sin embargo, se le debe considerar inocente hasta que sea dictada una sentencia condenatoria en su contra.<\/p>\n<p style=\"font-weight: 400\">\u00a0\u00a0\u00a0\u00a0\u00a0\u00a0\u00a0\u00a0\u00a0\u00a0\u00a0 La Fiscal\u00eda General de Justicia mexiquense hace un llamado a la ciudadan\u00eda para que en caso de que reconozca a este sujeto como probable part\u00edcipe de alg\u00fan otro il\u00edcito, sea denunciado a trav\u00e9s del correo electr\u00f3nico\u00a0<a href=\"mailto:cerotolerancia@edomex.gob.mx\">cerotolerancia@edomex.gob.mx<\/a>, al n\u00famero telef\u00f3nico 01 800 7028770, o bien, por medio de la aplicaci\u00f3n FGJEdomex, la cual est\u00e1 disponible de manera gratuita para todos los tel\u00e9fonos inteligentes de los sistemas iOS y Android.<\/p>\n","protected":false},"excerpt":{"rendered":"<p>Este sujeto fue detenido hace unos d\u00edas por personal de esta Instituci\u00f3n y se le<\/p>\n","protected":false},"author":1,"featured_media":2715,"comment_status":"open","ping_status":"open","sticky":false,"template":"","format":"standard","meta":{"footnotes":""},"categories":[1],"tags":[180],"class_list":["post-2754","post","type-post","status-publish","format-standard","has-post-thumbnail","hentry","category-municipales","tag-tultepec"],"yoast_head":"<!-- This site is optimized with the Yoast SEO plugin v25.3 - https:\/\/yoast.com\/wordpress\/plugins\/seo\/ -->\n<title>Vinculan a proceso a sujeto investigado por la violaci\u00f3n de dos menores de edad - Volcanes<\/title>\n<meta name=\"robots\" content=\"index, follow, max-snippet:-1, max-image-preview:large, max-video-preview:-1\" \/>\n<link rel=\"canonical\" href=\"https:\/\/volcanes.net\/?p=2754\" \/>\n<meta property=\"og:locale\" content=\"es_MX\" \/>\n<meta property=\"og:type\" content=\"article\" \/>\n<meta property=\"og:title\" content=\"Vinculan a proceso a sujeto investigado por la violaci\u00f3n de dos menores de edad - Volcanes\" \/>\n<meta property=\"og:description\" content=\"Este sujeto fue detenido hace unos d\u00edas por personal de esta Instituci\u00f3n y se le\" \/>\n<meta property=\"og:url\" content=\"https:\/\/volcanes.net\/?p=2754\" \/>\n<meta property=\"og:site_name\" content=\"Volcanes\" \/>\n<meta property=\"article:publisher\" content=\"https:\/\/www.facebook.com\/volcanes.net\/\" \/>\n<meta property=\"article:published_time\" content=\"2018-10-29T20:36:37+00:00\" \/>\n<meta property=\"og:image\" content=\"https:\/\/volcanes.net\/wp-content\/uploads\/2018\/10\/IMG-20181019-WA0001.jpg\" \/>\n\t<meta property=\"og:image:width\" content=\"500\" \/>\n\t<meta property=\"og:image:height\" content=\"685\" \/>\n\t<meta property=\"og:image:type\" content=\"image\/jpeg\" \/>\n<meta name=\"author\" content=\"admin\" \/>\n<meta name=\"twitter:card\" content=\"summary_large_image\" \/>\n<meta name=\"twitter:label1\" content=\"Escrito por\" \/>\n\t<meta name=\"twitter:data1\" content=\"admin\" \/>\n\t<meta name=\"twitter:label2\" content=\"Tiempo de lectura\" \/>\n\t<meta name=\"twitter:data2\" content=\"3 minutos\" \/>\n<script type=\"application\/ld+json\" class=\"yoast-schema-graph\">{\"@context\":\"https:\/\/schema.org\",\"@graph\":[{\"@type\":\"Article\",\"@id\":\"https:\/\/volcanes.net\/?p=2754#article\",\"isPartOf\":{\"@id\":\"https:\/\/volcanes.net\/?p=2754\"},\"author\":{\"name\":\"admin\",\"@id\":\"https:\/\/volcanes.net\/#\/schema\/person\/4bf0f383940966a4abd53f5048c0e6b9\"},\"headline\":\"Vinculan a proceso a sujeto investigado por la violaci\u00f3n de dos menores de edad\",\"datePublished\":\"2018-10-29T20:36:37+00:00\",\"mainEntityOfPage\":{\"@id\":\"https:\/\/volcanes.net\/?p=2754\"},\"wordCount\":637,\"commentCount\":0,\"publisher\":{\"@id\":\"https:\/\/volcanes.net\/#organization\"},\"image\":{\"@id\":\"https:\/\/volcanes.net\/?p=2754#primaryimage\"},\"thumbnailUrl\":\"https:\/\/volcanes.net\/wp-content\/uploads\/2018\/10\/IMG-20181019-WA0001.jpg\",\"keywords\":[\"Tultepec\"],\"articleSection\":[\"Municipales\"],\"inLanguage\":\"es\",\"potentialAction\":[{\"@type\":\"CommentAction\",\"name\":\"Comment\",\"target\":[\"https:\/\/volcanes.net\/?p=2754#respond\"]}]},{\"@type\":\"WebPage\",\"@id\":\"https:\/\/volcanes.net\/?p=2754\",\"url\":\"https:\/\/volcanes.net\/?p=2754\",\"name\":\"Vinculan a proceso a sujeto investigado por la violaci\u00f3n de dos menores de edad - Volcanes\",\"isPartOf\":{\"@id\":\"https:\/\/volcanes.net\/#website\"},\"primaryImageOfPage\":{\"@id\":\"https:\/\/volcanes.net\/?p=2754#primaryimage\"},\"image\":{\"@id\":\"https:\/\/volcanes.net\/?p=2754#primaryimage\"},\"thumbnailUrl\":\"https:\/\/volcanes.net\/wp-content\/uploads\/2018\/10\/IMG-20181019-WA0001.jpg\",\"datePublished\":\"2018-10-29T20:36:37+00:00\",\"breadcrumb\":{\"@id\":\"https:\/\/volcanes.net\/?p=2754#breadcrumb\"},\"inLanguage\":\"es\",\"potentialAction\":[{\"@type\":\"ReadAction\",\"target\":[\"https:\/\/volcanes.net\/?p=2754\"]}]},{\"@type\":\"ImageObject\",\"inLanguage\":\"es\",\"@id\":\"https:\/\/volcanes.net\/?p=2754#primaryimage\",\"url\":\"https:\/\/volcanes.net\/wp-content\/uploads\/2018\/10\/IMG-20181019-WA0001.jpg\",\"contentUrl\":\"https:\/\/volcanes.net\/wp-content\/uploads\/2018\/10\/IMG-20181019-WA0001.jpg\",\"width\":500,\"height\":685},{\"@type\":\"BreadcrumbList\",\"@id\":\"https:\/\/volcanes.net\/?p=2754#breadcrumb\",\"itemListElement\":[{\"@type\":\"ListItem\",\"position\":1,\"name\":\"Portada\",\"item\":\"https:\/\/volcanes.net\/\"},{\"@type\":\"ListItem\",\"position\":2,\"name\":\"Vinculan a proceso a sujeto investigado por la violaci\u00f3n de dos menores de edad\"}]},{\"@type\":\"WebSite\",\"@id\":\"https:\/\/volcanes.net\/#website\",\"url\":\"https:\/\/volcanes.net\/\",\"name\":\"Volcanes.Net\",\"description\":\"Periodismo Profesional\",\"publisher\":{\"@id\":\"https:\/\/volcanes.net\/#organization\"},\"potentialAction\":[{\"@type\":\"SearchAction\",\"target\":{\"@type\":\"EntryPoint\",\"urlTemplate\":\"https:\/\/volcanes.net\/?s={search_term_string}\"},\"query-input\":{\"@type\":\"PropertyValueSpecification\",\"valueRequired\":true,\"valueName\":\"search_term_string\"}}],\"inLanguage\":\"es\"},{\"@type\":\"Organization\",\"@id\":\"https:\/\/volcanes.net\/#organization\",\"name\":\"Grupo Volcanes\",\"url\":\"https:\/\/volcanes.net\/\",\"logo\":{\"@type\":\"ImageObject\",\"inLanguage\":\"es\",\"@id\":\"https:\/\/volcanes.net\/#\/schema\/logo\/image\/\",\"url\":\"http:\/\/volcanes.net\/wp-content\/uploads\/2017\/12\/Avatar2.jpg\",\"contentUrl\":\"http:\/\/volcanes.net\/wp-content\/uploads\/2017\/12\/Avatar2.jpg\",\"width\":378,\"height\":378,\"caption\":\"Grupo Volcanes\"},\"image\":{\"@id\":\"https:\/\/volcanes.net\/#\/schema\/logo\/image\/\"},\"sameAs\":[\"https:\/\/www.facebook.com\/volcanes.net\/\"]},{\"@type\":\"Person\",\"@id\":\"https:\/\/volcanes.net\/#\/schema\/person\/4bf0f383940966a4abd53f5048c0e6b9\",\"name\":\"admin\",\"image\":{\"@type\":\"ImageObject\",\"inLanguage\":\"es\",\"@id\":\"https:\/\/volcanes.net\/#\/schema\/person\/image\/\",\"url\":\"https:\/\/secure.gravatar.com\/avatar\/ca004e6cba8462b8cb7abc86e382930c?s=96&d=mm&r=g\",\"contentUrl\":\"https:\/\/secure.gravatar.com\/avatar\/ca004e6cba8462b8cb7abc86e382930c?s=96&d=mm&r=g\",\"caption\":\"admin\"}}]}<\/script>\n<!-- \/ Yoast SEO plugin. -->","yoast_head_json":{"title":"Vinculan a proceso a sujeto investigado por la violaci\u00f3n de dos menores de edad - Volcanes","robots":{"index":"index","follow":"follow","max-snippet":"max-snippet:-1","max-image-preview":"max-image-preview:large","max-video-preview":"max-video-preview:-1"},"canonical":"https:\/\/volcanes.net\/?p=2754","og_locale":"es_MX","og_type":"article","og_title":"Vinculan a proceso a sujeto investigado por la violaci\u00f3n de dos menores de edad - Volcanes","og_description":"Este sujeto fue detenido hace unos d\u00edas por personal de esta Instituci\u00f3n y se le","og_url":"https:\/\/volcanes.net\/?p=2754","og_site_name":"Volcanes","article_publisher":"https:\/\/www.facebook.com\/volcanes.net\/","article_published_time":"2018-10-29T20:36:37+00:00","og_image":[{"width":500,"height":685,"url":"https:\/\/volcanes.net\/wp-content\/uploads\/2018\/10\/IMG-20181019-WA0001.jpg","type":"image\/jpeg"}],"author":"admin","twitter_card":"summary_large_image","twitter_misc":{"Escrito por":"admin","Tiempo de lectura":"3 minutos"},"schema":{"@context":"https:\/\/schema.org","@graph":[{"@type":"Article","@id":"https:\/\/volcanes.net\/?p=2754#article","isPartOf":{"@id":"https:\/\/volcanes.net\/?p=2754"},"author":{"name":"admin","@id":"https:\/\/volcanes.net\/#\/schema\/person\/4bf0f383940966a4abd53f5048c0e6b9"},"headline":"Vinculan a proceso a sujeto investigado por la violaci\u00f3n de dos menores de edad","datePublished":"2018-10-29T20:36:37+00:00","mainEntityOfPage":{"@id":"https:\/\/volcanes.net\/?p=2754"},"wordCount":637,"commentCount":0,"publisher":{"@id":"https:\/\/volcanes.net\/#organization"},"image":{"@id":"https:\/\/volcanes.net\/?p=2754#primaryimage"},"thumbnailUrl":"https:\/\/volcanes.net\/wp-content\/uploads\/2018\/10\/IMG-20181019-WA0001.jpg","keywords":["Tultepec"],"articleSection":["Municipales"],"inLanguage":"es","potentialAction":[{"@type":"CommentAction","name":"Comment","target":["https:\/\/volcanes.net\/?p=2754#respond"]}]},{"@type":"WebPage","@id":"https:\/\/volcanes.net\/?p=2754","url":"https:\/\/volcanes.net\/?p=2754","name":"Vinculan a proceso a sujeto investigado por la violaci\u00f3n de dos menores de edad - Volcanes","isPartOf":{"@id":"https:\/\/volcanes.net\/#website"},"primaryImageOfPage":{"@id":"https:\/\/volcanes.net\/?p=2754#primaryimage"},"image":{"@id":"https:\/\/volcanes.net\/?p=2754#primaryimage"},"thumbnailUrl":"https:\/\/volcanes.net\/wp-content\/uploads\/2018\/10\/IMG-20181019-WA0001.jpg","datePublished":"2018-10-29T20:36:37+00:00","breadcrumb":{"@id":"https:\/\/volcanes.net\/?p=2754#breadcrumb"},"inLanguage":"es","potentialAction":[{"@type":"ReadAction","target":["https:\/\/volcanes.net\/?p=2754"]}]},{"@type":"ImageObject","inLanguage":"es","@id":"https:\/\/volcanes.net\/?p=2754#primaryimage","url":"https:\/\/volcanes.net\/wp-content\/uploads\/2018\/10\/IMG-20181019-WA0001.jpg","contentUrl":"https:\/\/volcanes.net\/wp-content\/uploads\/2018\/10\/IMG-20181019-WA0001.jpg","width":500,"height":685},{"@type":"BreadcrumbList","@id":"https:\/\/volcanes.net\/?p=2754#breadcrumb","itemListElement":[{"@type":"ListItem","position":1,"name":"Portada","item":"https:\/\/volcanes.net\/"},{"@type":"ListItem","position":2,"name":"Vinculan a proceso a sujeto investigado por la violaci\u00f3n de dos menores de edad"}]},{"@type":"WebSite","@id":"https:\/\/volcanes.net\/#website","url":"https:\/\/volcanes.net\/","name":"Volcanes.Net","description":"Periodismo Profesional","publisher":{"@id":"https:\/\/volcanes.net\/#organization"},"potentialAction":[{"@type":"SearchAction","target":{"@type":"EntryPoint","urlTemplate":"https:\/\/volcanes.net\/?s={search_term_string}"},"query-input":{"@type":"PropertyValueSpecification","valueRequired":true,"valueName":"search_term_string"}}],"inLanguage":"es"},{"@type":"Organization","@id":"https:\/\/volcanes.net\/#organization","name":"Grupo Volcanes","url":"https:\/\/volcanes.net\/","logo":{"@type":"ImageObject","inLanguage":"es","@id":"https:\/\/volcanes.net\/#\/schema\/logo\/image\/","url":"http:\/\/volcanes.net\/wp-content\/uploads\/2017\/12\/Avatar2.jpg","contentUrl":"http:\/\/volcanes.net\/wp-content\/uploads\/2017\/12\/Avatar2.jpg","width":378,"height":378,"caption":"Grupo Volcanes"},"image":{"@id":"https:\/\/volcanes.net\/#\/schema\/logo\/image\/"},"sameAs":["https:\/\/www.facebook.com\/volcanes.net\/"]},{"@type":"Person","@id":"https:\/\/volcanes.net\/#\/schema\/person\/4bf0f383940966a4abd53f5048c0e6b9","name":"admin","image":{"@type":"ImageObject","inLanguage":"es","@id":"https:\/\/volcanes.net\/#\/schema\/person\/image\/","url":"https:\/\/secure.gravatar.com\/avatar\/ca004e6cba8462b8cb7abc86e382930c?s=96&d=mm&r=g","contentUrl":"https:\/\/secure.gravatar.com\/avatar\/ca004e6cba8462b8cb7abc86e382930c?s=96&d=mm&r=g","caption":"admin"}}]}},"_links":{"self":[{"href":"https:\/\/volcanes.net\/index.php?rest_route=\/wp\/v2\/posts\/2754"}],"collection":[{"href":"https:\/\/volcanes.net\/index.php?rest_route=\/wp\/v2\/posts"}],"about":[{"href":"https:\/\/volcanes.net\/index.php?rest_route=\/wp\/v2\/types\/post"}],"author":[{"embeddable":true,"href":"https:\/\/volcanes.net\/index.php?rest_route=\/wp\/v2\/users\/1"}],"replies":[{"embeddable":true,"href":"https:\/\/volcanes.net\/index.php?rest_route=%2Fwp%2Fv2%2Fcomments&post=2754"}],"version-history":[{"count":1,"href":"https:\/\/volcanes.net\/index.php?rest_route=\/wp\/v2\/posts\/2754\/revisions"}],"predecessor-version":[{"id":2755,"href":"https:\/\/volcanes.net\/index.php?rest_route=\/wp\/v2\/posts\/2754\/revisions\/2755"}],"wp:featuredmedia":[{"embeddable":true,"href":"https:\/\/volcanes.net\/index.php?rest_route=\/wp\/v2\/media\/2715"}],"wp:attachment":[{"href":"https:\/\/volcanes.net\/index.php?rest_route=%2Fwp%2Fv2%2Fmedia&parent=2754"}],"wp:term":[{"taxonomy":"category","embeddable":true,"href":"https:\/\/volcanes.net\/index.php?rest_route=%2Fwp%2Fv2%2Fcategories&post=2754"},{"taxonomy":"post_tag","embeddable":true,"href":"https:\/\/volcanes.net\/index.php?rest_route=%2Fwp%2Fv2%2Ftags&post=2754"}],"curies":[{"name":"wp","href":"https:\/\/api.w.org\/{rel}","templated":true}]}}