{"id":2756,"date":"2018-10-29T20:45:29","date_gmt":"2018-10-29T20:45:29","guid":{"rendered":"http:\/\/volcanes.net\/?p=2756"},"modified":"2018-10-29T20:45:29","modified_gmt":"2018-10-29T20:45:29","slug":"procesan-a-cinco-sujetos-de-la-banda-de-los-toxicos-por-robo-a-transporte-publico-en-tecamac","status":"publish","type":"post","link":"https:\/\/volcanes.net\/?p=2756","title":{"rendered":"Procesan a cinco sujetos de la banda de los &#8220;toxicos&#8221; por robo a transporte p\u00fablico en Tec\u00e1mac"},"content":{"rendered":"<div style=\"margin-top: 0px; margin-bottom: 0px;\" class=\"sharethis-inline-share-buttons\" ><\/div><ul>\n<li style=\"font-weight: 400\"><em>Los probables asaltantes, as\u00ed como tres menores de edad, fueron detenidos mediante una movilizaci\u00f3n realizada por elementos de la FGJEM.<\/em><\/li>\n<\/ul>\n<p style=\"font-weight: 400\"><strong>Toluca, M\u00e9xico, 29 de octubre de 2018.-<\/strong>Cinco sujetos, quienes al parecer son integrantes de una banda delictiva que se hace llamar \u201cLos T\u00f3xicos\u201d dedicada al robo con violencia a transporte p\u00fablico de pasajeros en la regi\u00f3n oriente de la entidad mexiquense, fueron vinculados a proceso, luego de que el Agente del Ministerio P\u00fablico de la Fiscal\u00eda General de Justicia del Estado de M\u00e9xico (FGJEM), acredit\u00f3 su probable participaci\u00f3n en estos hechos.<\/p>\n<p style=\"font-weight: 400\">\u00a0\u00a0\u00a0\u00a0\u00a0\u00a0\u00a0\u00a0\u00a0\u00a0\u00a0 Roberto\u00a0 \u201cN\u201d, de 26 a\u00f1os de edad;\u00a0 Jos\u00e9 Luis \u201cN\u201d, de 29\u00a0 a\u00f1os; Francisco \u201cN\u201d, de 46 a\u00f1os; Iv\u00e1n \u201cN\u201d de 26 a\u00f1os; Luis Fernando \u201cN\u201d, de 18 a\u00f1os, as\u00ed como tres menores de edad, fueron detenidos hace unos d\u00edas mediante un operativo realizado en el municipio de Tec\u00e1mac.<\/p>\n<p style=\"font-weight: 400\">\u00a0\u00a0\u00a0\u00a0\u00a0\u00a0\u00a0\u00a0\u00a0\u00a0\u00a0 La movilizaci\u00f3n que dio como resultado el aseguramiento de estos individuos fue hecha por elementos de la Fiscal\u00eda Regional de Tec\u00e1mac, luego de las denuncias publicadas en redes sociales, donde se registr\u00f3 un asalto a una unidad de transporte p\u00fablico cuando circulaba por calles del pueblo de Los Reyes Acozac.<\/p>\n<p style=\"font-weight: 400\">\u00a0\u00a0\u00a0\u00a0\u00a0\u00a0\u00a0\u00a0\u00a0\u00a0\u00a0 En una primera movilizaci\u00f3n Polic\u00edas de Investigaci\u00f3n de esta Instituci\u00f3n realizaron un operativo en la carretera Los Reyes-Zumpango, luego de que varias personas solicitaron su auxilio, ya que momentos antes cuando viajaban a bordo de un veh\u00edculo de transporte p\u00fablico hab\u00edan sido v\u00edctimas del delito de robo.<\/p>\n<p style=\"font-weight: 400\">\u00a0\u00a0\u00a0\u00a0\u00a0\u00a0\u00a0\u00a0\u00a0\u00a0\u00a0 Por ello, los servidores p\u00fablicos se desplegaron en la zona y llevaron a cabo la detenci\u00f3n de seis sujetos quienes fueron se\u00f1alados como las personas que las despojaron de sus pertenencias y de dinero en efectivo.<\/p>\n<p style=\"font-weight: 400\">\u00a0\u00a0\u00a0\u00a0\u00a0\u00a0\u00a0\u00a0\u00a0 Tras realizarles una revisi\u00f3n les fueron asegurados varios tel\u00e9fonos celulares, dinero, as\u00ed como un arma de fuego, dos armas punzocortantes\u00a0 y cuatro pistolas de di\u00e1bolos.<\/p>\n<p style=\"font-weight: 400\">\u00a0\u00a0\u00a0\u00a0\u00a0\u00a0\u00a0\u00a0\u00a0 Al continuar con las investigaciones, elementos de la Fiscal\u00eda mexiquense detuvieron en la\u00a0 colonia Los H\u00e9roes Tec\u00e1mac, a dos sujetos m\u00e1s identificados como Iv\u00e1n \u201cN\u201d y Luis Fernando \u201cN\u201d, quienes viajaban en una motocicleta e interceptaron a un transe\u00fante, a quien despojaron de sus pertenencias, cuando caminaba por la carretera Lecher\u00eda-Texcoco.<\/p>\n<p style=\"font-weight: 400\">\u00a0\u00a0\u00a0\u00a0\u00a0\u00a0\u00a0\u00a0\u00a0 Estos sujetos refirieron tambi\u00e9n su participaci\u00f3n en eventos delictivos de robo a transporte p\u00fablico en el municipio de Tec\u00e1mac. Adem\u00e1s Francisco \u201cN\u201d, quien conduc\u00eda la unidad de servicio p\u00fablico donde se registr\u00f3 el asalto, dijo ser padre de uno de los probables asaltantes que aparece en redes sociales amagando con un arma de fuego a los pasajeros, asimismo revel\u00f3 que su participaci\u00f3n es la de avisar al grupo delictivo en donde subir para realizar los asaltos.<\/p>\n<p style=\"font-weight: 400\">\u00a0\u00a0\u00a0\u00a0\u00a0\u00a0\u00a0\u00a0\u00a0 Las investigaciones de la Fiscal\u00eda Regional de Tec\u00e1mac, tambi\u00e9n indican que uno de los menores de edad detenidos se encuentra sujeto a medida cautelar de presentaci\u00f3n peri\u00f3dica ante el Juzgado Especializado de Menores de Tlalnepantla por su probable participaci\u00f3n en los delitos de portaci\u00f3n de arma de fuego y robo a transporte p\u00fablico.<\/p>\n<p style=\"font-weight: 400\">\u00a0\u00a0\u00a0\u00a0\u00a0\u00a0\u00a0\u00a0\u00a0 En tanto que Roberto \u201cN\u201d, dijo que adem\u00e1s de participar en los eventos de robo a transporte p\u00fablico de pasajeros, tambi\u00e9n se dedica a vender droga en el pueblo de Los Reyes Acozac, en Tec\u00e1mac.<\/p>\n<p style=\"font-weight: 400\">\u00a0\u00a0\u00a0\u00a0\u00a0\u00a0\u00a0\u00a0\u00a0\u00a0\u00a0 Los cinco adultos fueron presentados ante el Agente del Ministerio P\u00fablico, quien integr\u00f3 la carpeta de investigaci\u00f3n respectiva y posteriormente fueron ingresados al Centro Penitenciario y de Reinserci\u00f3n Social de Ecatepec, en donde un Juez los vincul\u00f3 a proceso. En tanto los tres menores de edad, fueron remitidos a la Fiscal\u00eda Especializada en Adolescentes de Ecatepec, donde se resolver\u00e1 su situaci\u00f3n jur\u00eddica, sin embargo, se les debe considerar inocentes hasta que sea dictada una sentencia condenatoria en su contra.<\/p>\n<p style=\"font-weight: 400\">\u00a0\u00a0\u00a0\u00a0\u00a0\u00a0\u00a0\u00a0\u00a0 La Fiscal\u00eda General de Justicia estatal hace un llamado a la ciudadan\u00eda para que en caso de que reconozca a estos sujetos como probables part\u00edcipes de alg\u00fan otro il\u00edcito, sean denunciados a trav\u00e9s del correo electr\u00f3nico\u00a0<a href=\"mailto:cerotolerancia@edomex.gob.mx\">cerotolerancia@edomex.gob.mx<\/a>, al n\u00famero telef\u00f3nico 01 800 7028770, o bien, por medio de la aplicaci\u00f3n FGJEdomex, la cual est\u00e1 disponible de manera gratuita para todos los tel\u00e9fonos inteligentes de los sistemas iOS y Android.<\/p>\n","protected":false},"excerpt":{"rendered":"<p>Los probables asaltantes, as\u00ed como tres menores de edad, fueron detenidos mediante una movilizaci\u00f3n realizada<\/p>\n","protected":false},"author":1,"featured_media":2757,"comment_status":"open","ping_status":"open","sticky":false,"template":"","format":"standard","meta":{"footnotes":""},"categories":[1],"tags":[71],"class_list":["post-2756","post","type-post","status-publish","format-standard","has-post-thumbnail","hentry","category-municipales","tag-tecamac"],"yoast_head":"<!-- This site is optimized with the Yoast SEO plugin v25.3 - https:\/\/yoast.com\/wordpress\/plugins\/seo\/ -->\n<title>Procesan a cinco sujetos de la banda de los &quot;toxicos&quot; por robo a transporte p\u00fablico en Tec\u00e1mac - Volcanes<\/title>\n<meta name=\"robots\" content=\"index, follow, max-snippet:-1, max-image-preview:large, max-video-preview:-1\" \/>\n<link rel=\"canonical\" href=\"https:\/\/volcanes.net\/?p=2756\" \/>\n<meta property=\"og:locale\" content=\"es_MX\" \/>\n<meta property=\"og:type\" content=\"article\" \/>\n<meta property=\"og:title\" content=\"Procesan a cinco sujetos de la banda de los &quot;toxicos&quot; por robo a transporte p\u00fablico en Tec\u00e1mac - Volcanes\" \/>\n<meta property=\"og:description\" content=\"Los probables asaltantes, as\u00ed como tres menores de edad, fueron detenidos mediante una movilizaci\u00f3n realizada\" \/>\n<meta property=\"og:url\" content=\"https:\/\/volcanes.net\/?p=2756\" \/>\n<meta property=\"og:site_name\" content=\"Volcanes\" \/>\n<meta property=\"article:publisher\" content=\"https:\/\/www.facebook.com\/volcanes.net\/\" \/>\n<meta property=\"article:published_time\" content=\"2018-10-29T20:45:29+00:00\" \/>\n<meta property=\"og:image\" content=\"https:\/\/volcanes.net\/wp-content\/uploads\/2018\/10\/FOTO-C1060.jpg\" \/>\n\t<meta property=\"og:image:width\" content=\"400\" \/>\n\t<meta property=\"og:image:height\" content=\"266\" \/>\n\t<meta property=\"og:image:type\" content=\"image\/jpeg\" \/>\n<meta name=\"author\" content=\"admin\" \/>\n<meta name=\"twitter:card\" content=\"summary_large_image\" \/>\n<meta name=\"twitter:label1\" content=\"Escrito por\" \/>\n\t<meta name=\"twitter:data1\" content=\"admin\" \/>\n\t<meta name=\"twitter:label2\" content=\"Tiempo de lectura\" \/>\n\t<meta name=\"twitter:data2\" content=\"4 minutos\" \/>\n<script type=\"application\/ld+json\" class=\"yoast-schema-graph\">{\"@context\":\"https:\/\/schema.org\",\"@graph\":[{\"@type\":\"Article\",\"@id\":\"https:\/\/volcanes.net\/?p=2756#article\",\"isPartOf\":{\"@id\":\"https:\/\/volcanes.net\/?p=2756\"},\"author\":{\"name\":\"admin\",\"@id\":\"https:\/\/volcanes.net\/#\/schema\/person\/4bf0f383940966a4abd53f5048c0e6b9\"},\"headline\":\"Procesan a cinco sujetos de la banda de los &#8220;toxicos&#8221; por robo a transporte p\u00fablico en Tec\u00e1mac\",\"datePublished\":\"2018-10-29T20:45:29+00:00\",\"mainEntityOfPage\":{\"@id\":\"https:\/\/volcanes.net\/?p=2756\"},\"wordCount\":753,\"commentCount\":0,\"publisher\":{\"@id\":\"https:\/\/volcanes.net\/#organization\"},\"image\":{\"@id\":\"https:\/\/volcanes.net\/?p=2756#primaryimage\"},\"thumbnailUrl\":\"https:\/\/volcanes.net\/wp-content\/uploads\/2018\/10\/FOTO-C1060.jpg\",\"keywords\":[\"Tec\u00e1mac\"],\"articleSection\":[\"Municipales\"],\"inLanguage\":\"es\",\"potentialAction\":[{\"@type\":\"CommentAction\",\"name\":\"Comment\",\"target\":[\"https:\/\/volcanes.net\/?p=2756#respond\"]}]},{\"@type\":\"WebPage\",\"@id\":\"https:\/\/volcanes.net\/?p=2756\",\"url\":\"https:\/\/volcanes.net\/?p=2756\",\"name\":\"Procesan a cinco sujetos de la banda de los \\\"toxicos\\\" por robo a transporte p\u00fablico en Tec\u00e1mac - Volcanes\",\"isPartOf\":{\"@id\":\"https:\/\/volcanes.net\/#website\"},\"primaryImageOfPage\":{\"@id\":\"https:\/\/volcanes.net\/?p=2756#primaryimage\"},\"image\":{\"@id\":\"https:\/\/volcanes.net\/?p=2756#primaryimage\"},\"thumbnailUrl\":\"https:\/\/volcanes.net\/wp-content\/uploads\/2018\/10\/FOTO-C1060.jpg\",\"datePublished\":\"2018-10-29T20:45:29+00:00\",\"breadcrumb\":{\"@id\":\"https:\/\/volcanes.net\/?p=2756#breadcrumb\"},\"inLanguage\":\"es\",\"potentialAction\":[{\"@type\":\"ReadAction\",\"target\":[\"https:\/\/volcanes.net\/?p=2756\"]}]},{\"@type\":\"ImageObject\",\"inLanguage\":\"es\",\"@id\":\"https:\/\/volcanes.net\/?p=2756#primaryimage\",\"url\":\"https:\/\/volcanes.net\/wp-content\/uploads\/2018\/10\/FOTO-C1060.jpg\",\"contentUrl\":\"https:\/\/volcanes.net\/wp-content\/uploads\/2018\/10\/FOTO-C1060.jpg\",\"width\":400,\"height\":266},{\"@type\":\"BreadcrumbList\",\"@id\":\"https:\/\/volcanes.net\/?p=2756#breadcrumb\",\"itemListElement\":[{\"@type\":\"ListItem\",\"position\":1,\"name\":\"Portada\",\"item\":\"https:\/\/volcanes.net\/\"},{\"@type\":\"ListItem\",\"position\":2,\"name\":\"Procesan a cinco sujetos de la banda de los &#8220;toxicos&#8221; por robo a transporte p\u00fablico en Tec\u00e1mac\"}]},{\"@type\":\"WebSite\",\"@id\":\"https:\/\/volcanes.net\/#website\",\"url\":\"https:\/\/volcanes.net\/\",\"name\":\"Volcanes.Net\",\"description\":\"Periodismo Profesional\",\"publisher\":{\"@id\":\"https:\/\/volcanes.net\/#organization\"},\"potentialAction\":[{\"@type\":\"SearchAction\",\"target\":{\"@type\":\"EntryPoint\",\"urlTemplate\":\"https:\/\/volcanes.net\/?s={search_term_string}\"},\"query-input\":{\"@type\":\"PropertyValueSpecification\",\"valueRequired\":true,\"valueName\":\"search_term_string\"}}],\"inLanguage\":\"es\"},{\"@type\":\"Organization\",\"@id\":\"https:\/\/volcanes.net\/#organization\",\"name\":\"Grupo Volcanes\",\"url\":\"https:\/\/volcanes.net\/\",\"logo\":{\"@type\":\"ImageObject\",\"inLanguage\":\"es\",\"@id\":\"https:\/\/volcanes.net\/#\/schema\/logo\/image\/\",\"url\":\"http:\/\/volcanes.net\/wp-content\/uploads\/2017\/12\/Avatar2.jpg\",\"contentUrl\":\"http:\/\/volcanes.net\/wp-content\/uploads\/2017\/12\/Avatar2.jpg\",\"width\":378,\"height\":378,\"caption\":\"Grupo Volcanes\"},\"image\":{\"@id\":\"https:\/\/volcanes.net\/#\/schema\/logo\/image\/\"},\"sameAs\":[\"https:\/\/www.facebook.com\/volcanes.net\/\"]},{\"@type\":\"Person\",\"@id\":\"https:\/\/volcanes.net\/#\/schema\/person\/4bf0f383940966a4abd53f5048c0e6b9\",\"name\":\"admin\",\"image\":{\"@type\":\"ImageObject\",\"inLanguage\":\"es\",\"@id\":\"https:\/\/volcanes.net\/#\/schema\/person\/image\/\",\"url\":\"https:\/\/secure.gravatar.com\/avatar\/ca004e6cba8462b8cb7abc86e382930c?s=96&d=mm&r=g\",\"contentUrl\":\"https:\/\/secure.gravatar.com\/avatar\/ca004e6cba8462b8cb7abc86e382930c?s=96&d=mm&r=g\",\"caption\":\"admin\"}}]}<\/script>\n<!-- \/ Yoast SEO plugin. -->","yoast_head_json":{"title":"Procesan a cinco sujetos de la banda de los \"toxicos\" por robo a transporte p\u00fablico en Tec\u00e1mac - Volcanes","robots":{"index":"index","follow":"follow","max-snippet":"max-snippet:-1","max-image-preview":"max-image-preview:large","max-video-preview":"max-video-preview:-1"},"canonical":"https:\/\/volcanes.net\/?p=2756","og_locale":"es_MX","og_type":"article","og_title":"Procesan a cinco sujetos de la banda de los \"toxicos\" por robo a transporte p\u00fablico en Tec\u00e1mac - Volcanes","og_description":"Los probables asaltantes, as\u00ed como tres menores de edad, fueron detenidos mediante una movilizaci\u00f3n realizada","og_url":"https:\/\/volcanes.net\/?p=2756","og_site_name":"Volcanes","article_publisher":"https:\/\/www.facebook.com\/volcanes.net\/","article_published_time":"2018-10-29T20:45:29+00:00","og_image":[{"width":400,"height":266,"url":"https:\/\/volcanes.net\/wp-content\/uploads\/2018\/10\/FOTO-C1060.jpg","type":"image\/jpeg"}],"author":"admin","twitter_card":"summary_large_image","twitter_misc":{"Escrito por":"admin","Tiempo de lectura":"4 minutos"},"schema":{"@context":"https:\/\/schema.org","@graph":[{"@type":"Article","@id":"https:\/\/volcanes.net\/?p=2756#article","isPartOf":{"@id":"https:\/\/volcanes.net\/?p=2756"},"author":{"name":"admin","@id":"https:\/\/volcanes.net\/#\/schema\/person\/4bf0f383940966a4abd53f5048c0e6b9"},"headline":"Procesan a cinco sujetos de la banda de los &#8220;toxicos&#8221; por robo a transporte p\u00fablico en Tec\u00e1mac","datePublished":"2018-10-29T20:45:29+00:00","mainEntityOfPage":{"@id":"https:\/\/volcanes.net\/?p=2756"},"wordCount":753,"commentCount":0,"publisher":{"@id":"https:\/\/volcanes.net\/#organization"},"image":{"@id":"https:\/\/volcanes.net\/?p=2756#primaryimage"},"thumbnailUrl":"https:\/\/volcanes.net\/wp-content\/uploads\/2018\/10\/FOTO-C1060.jpg","keywords":["Tec\u00e1mac"],"articleSection":["Municipales"],"inLanguage":"es","potentialAction":[{"@type":"CommentAction","name":"Comment","target":["https:\/\/volcanes.net\/?p=2756#respond"]}]},{"@type":"WebPage","@id":"https:\/\/volcanes.net\/?p=2756","url":"https:\/\/volcanes.net\/?p=2756","name":"Procesan a cinco sujetos de la banda de los \"toxicos\" por robo a transporte p\u00fablico en Tec\u00e1mac - Volcanes","isPartOf":{"@id":"https:\/\/volcanes.net\/#website"},"primaryImageOfPage":{"@id":"https:\/\/volcanes.net\/?p=2756#primaryimage"},"image":{"@id":"https:\/\/volcanes.net\/?p=2756#primaryimage"},"thumbnailUrl":"https:\/\/volcanes.net\/wp-content\/uploads\/2018\/10\/FOTO-C1060.jpg","datePublished":"2018-10-29T20:45:29+00:00","breadcrumb":{"@id":"https:\/\/volcanes.net\/?p=2756#breadcrumb"},"inLanguage":"es","potentialAction":[{"@type":"ReadAction","target":["https:\/\/volcanes.net\/?p=2756"]}]},{"@type":"ImageObject","inLanguage":"es","@id":"https:\/\/volcanes.net\/?p=2756#primaryimage","url":"https:\/\/volcanes.net\/wp-content\/uploads\/2018\/10\/FOTO-C1060.jpg","contentUrl":"https:\/\/volcanes.net\/wp-content\/uploads\/2018\/10\/FOTO-C1060.jpg","width":400,"height":266},{"@type":"BreadcrumbList","@id":"https:\/\/volcanes.net\/?p=2756#breadcrumb","itemListElement":[{"@type":"ListItem","position":1,"name":"Portada","item":"https:\/\/volcanes.net\/"},{"@type":"ListItem","position":2,"name":"Procesan a cinco sujetos de la banda de los &#8220;toxicos&#8221; por robo a transporte p\u00fablico en Tec\u00e1mac"}]},{"@type":"WebSite","@id":"https:\/\/volcanes.net\/#website","url":"https:\/\/volcanes.net\/","name":"Volcanes.Net","description":"Periodismo Profesional","publisher":{"@id":"https:\/\/volcanes.net\/#organization"},"potentialAction":[{"@type":"SearchAction","target":{"@type":"EntryPoint","urlTemplate":"https:\/\/volcanes.net\/?s={search_term_string}"},"query-input":{"@type":"PropertyValueSpecification","valueRequired":true,"valueName":"search_term_string"}}],"inLanguage":"es"},{"@type":"Organization","@id":"https:\/\/volcanes.net\/#organization","name":"Grupo Volcanes","url":"https:\/\/volcanes.net\/","logo":{"@type":"ImageObject","inLanguage":"es","@id":"https:\/\/volcanes.net\/#\/schema\/logo\/image\/","url":"http:\/\/volcanes.net\/wp-content\/uploads\/2017\/12\/Avatar2.jpg","contentUrl":"http:\/\/volcanes.net\/wp-content\/uploads\/2017\/12\/Avatar2.jpg","width":378,"height":378,"caption":"Grupo Volcanes"},"image":{"@id":"https:\/\/volcanes.net\/#\/schema\/logo\/image\/"},"sameAs":["https:\/\/www.facebook.com\/volcanes.net\/"]},{"@type":"Person","@id":"https:\/\/volcanes.net\/#\/schema\/person\/4bf0f383940966a4abd53f5048c0e6b9","name":"admin","image":{"@type":"ImageObject","inLanguage":"es","@id":"https:\/\/volcanes.net\/#\/schema\/person\/image\/","url":"https:\/\/secure.gravatar.com\/avatar\/ca004e6cba8462b8cb7abc86e382930c?s=96&d=mm&r=g","contentUrl":"https:\/\/secure.gravatar.com\/avatar\/ca004e6cba8462b8cb7abc86e382930c?s=96&d=mm&r=g","caption":"admin"}}]}},"_links":{"self":[{"href":"https:\/\/volcanes.net\/index.php?rest_route=\/wp\/v2\/posts\/2756"}],"collection":[{"href":"https:\/\/volcanes.net\/index.php?rest_route=\/wp\/v2\/posts"}],"about":[{"href":"https:\/\/volcanes.net\/index.php?rest_route=\/wp\/v2\/types\/post"}],"author":[{"embeddable":true,"href":"https:\/\/volcanes.net\/index.php?rest_route=\/wp\/v2\/users\/1"}],"replies":[{"embeddable":true,"href":"https:\/\/volcanes.net\/index.php?rest_route=%2Fwp%2Fv2%2Fcomments&post=2756"}],"version-history":[{"count":1,"href":"https:\/\/volcanes.net\/index.php?rest_route=\/wp\/v2\/posts\/2756\/revisions"}],"predecessor-version":[{"id":2758,"href":"https:\/\/volcanes.net\/index.php?rest_route=\/wp\/v2\/posts\/2756\/revisions\/2758"}],"wp:featuredmedia":[{"embeddable":true,"href":"https:\/\/volcanes.net\/index.php?rest_route=\/wp\/v2\/media\/2757"}],"wp:attachment":[{"href":"https:\/\/volcanes.net\/index.php?rest_route=%2Fwp%2Fv2%2Fmedia&parent=2756"}],"wp:term":[{"taxonomy":"category","embeddable":true,"href":"https:\/\/volcanes.net\/index.php?rest_route=%2Fwp%2Fv2%2Fcategories&post=2756"},{"taxonomy":"post_tag","embeddable":true,"href":"https:\/\/volcanes.net\/index.php?rest_route=%2Fwp%2Fv2%2Ftags&post=2756"}],"curies":[{"name":"wp","href":"https:\/\/api.w.org\/{rel}","templated":true}]}}