{"id":2759,"date":"2018-10-29T20:53:46","date_gmt":"2018-10-29T20:53:46","guid":{"rendered":"http:\/\/volcanes.net\/?p=2759"},"modified":"2018-10-29T20:53:46","modified_gmt":"2018-10-29T20:53:46","slug":"vinculan-a-proceso-a-sujeto-investigado-por-el-delito-de-robo-con-violencia","status":"publish","type":"post","link":"https:\/\/volcanes.net\/?p=2759","title":{"rendered":"Vinculan a proceso a sujeto investigado por el delito de robo con violencia"},"content":{"rendered":"<div style=\"margin-top: 0px; margin-bottom: 0px;\" class=\"sharethis-inline-share-buttons\" ><\/div><ul>\n<li style=\"font-weight: 400\"><em>Fue detenido en compa\u00f1\u00eda de un menor de edad.<\/em><\/li>\n<li style=\"font-weight: 400\"><em>\u00c9stos ingresaron a una tienda Coppel, en el municipio de Tlalnepantla, de donde habr\u00edan sustra\u00eddo mercanc\u00eda consistente en equipos de telefon\u00eda celular.<\/em><\/li>\n<\/ul>\n<p style=\"font-weight: 400\"><strong>Tlalnepantla, M\u00e9xico, 29 de octubre de 2018.-<\/strong>\u00a0Mediante un operativo implementado en este municipio, elementos de la Fiscal\u00eda General de Justicia del Estado de M\u00e9xico (FGJEM) detuvieron a dos sujetos, uno de ellos menor de edad, por su probable participaci\u00f3n en el delito de robo con violencia en agravio de la tienda Coppel.<\/p>\n<p style=\"font-weight: 400\">\u00a0\u00a0\u00a0\u00a0\u00a0\u00a0\u00a0\u00a0\u00a0\u00a0\u00a0 El sujeto asegurado identificado como Francisco \u201cN\u201d, fue vinculado a proceso, luego de que el Representante Social de esta Instituci\u00f3n acredit\u00f3 su probable participaci\u00f3n en el delito de robo con violencia, en tanto que Enrique \u201cN\u201d quien es menor de edad, fue remitido ante la Fiscal\u00eda Especializada del Adolescente en Tlalnepantla.<\/p>\n<p style=\"font-weight: 400\">\u00a0\u00a0\u00a0\u00a0\u00a0\u00a0\u00a0\u00a0\u00a0\u00a0\u00a0 Los imputados enfrentan cargos por el robo con violencia a una tienda Coppel, ubicada en la Plaza Pabell\u00f3n Rio de los Remedios, situada en la avenida Rio de los Remedios del Fraccionamiento Industrial San Juan Ixhuatepec de este municipio.<\/p>\n<p style=\"font-weight: 400\">\u00a0\u00a0\u00a0\u00a0\u00a0\u00a0\u00a0\u00a0\u00a0\u00a0\u00a0 Los hechos se registraron el pasado 17 de octubre, cuando los probables asaltantes y otros cuatro sujetos arribaron al sitio, y con armas de fuego habr\u00edan amagado a los empleados, para luego apoderarse de equipos de telefon\u00eda celular.<\/p>\n<p style=\"font-weight: 400\">\u00a0\u00a0\u00a0\u00a0\u00a0\u00a0\u00a0\u00a0\u00a0\u00a0\u00a0 Derivado de estos hechos elementos de la Fiscal\u00eda Regional de Tlalnepantla fueron alertados, por lo que de inmediato implementaron un operativo en la zona que permiti\u00f3 la detenci\u00f3n de dos sujetos<\/p>\n<p style=\"font-weight: 400\">\u00a0\u00a0\u00a0\u00a0\u00a0\u00a0\u00a0\u00a0\u00a0 Tras ser detenidos, Francisco \u201cN\u201d fue presentado ante el Agente del Ministerio P\u00fablico, y luego ingresado al Centro Penitenciario y de Reinserci\u00f3n Social de Tlalnepantla, donde un Juez resolvi\u00f3 iniciar el proceso legal en su contra, adem\u00e1s decret\u00f3 un mes para el cierre de investigaci\u00f3n. En tanto que la situaci\u00f3n legal del menor ser\u00e1 resuelta por la Fiscal\u00eda Especializada del Adolescente en Tlalnepantla.<\/p>\n<p style=\"font-weight: 400\">\u00a0\u00a0\u00a0\u00a0\u00a0\u00a0\u00a0\u00a0\u00a0 Sin embargo se les debe considerar inocentes hasta que sea dictada una sentencia condenatoria en su contra.<\/p>\n<p style=\"font-weight: 400\">\u00a0\u00a0\u00a0\u00a0\u00a0\u00a0\u00a0\u00a0\u00a0\u00a0\u00a0\u00a0La Fiscal\u00eda General de Justicia estatal hace un llamado a la ciudadan\u00eda para que en caso de que reconozca a estos individuos como probables part\u00edcipes de alg\u00fan otro il\u00edcito, sean denunciados a trav\u00e9s del correo electr\u00f3nico\u00a0<a href=\"mailto:cerotolerancia@edomex.gob.mx\">cerotolerancia@edomex.gob.mx<\/a>, al n\u00famero telef\u00f3nico 01 800 7028770, o bien, por medio de la aplicaci\u00f3n FGJEdomex, la cual est\u00e1 disponible de manera gratuita para todos los tel\u00e9fonos inteligentes de los sistemas iOS y Android.<\/p>\n","protected":false},"excerpt":{"rendered":"<p>Fue detenido en compa\u00f1\u00eda de un menor de edad. \u00c9stos ingresaron a una tienda Coppel,<\/p>\n","protected":false},"author":1,"featured_media":2760,"comment_status":"open","ping_status":"open","sticky":false,"template":"","format":"standard","meta":{"footnotes":""},"categories":[1],"tags":[92],"class_list":["post-2759","post","type-post","status-publish","format-standard","has-post-thumbnail","hentry","category-municipales","tag-tlalnepantla"],"yoast_head":"<!-- This site is optimized with the Yoast SEO plugin v25.3 - https:\/\/yoast.com\/wordpress\/plugins\/seo\/ -->\n<title>Vinculan a proceso a sujeto investigado por el delito de robo con violencia - Volcanes<\/title>\n<meta name=\"robots\" content=\"index, follow, max-snippet:-1, max-image-preview:large, max-video-preview:-1\" \/>\n<link rel=\"canonical\" href=\"https:\/\/volcanes.net\/?p=2759\" \/>\n<meta property=\"og:locale\" content=\"es_MX\" \/>\n<meta property=\"og:type\" content=\"article\" \/>\n<meta property=\"og:title\" content=\"Vinculan a proceso a sujeto investigado por el delito de robo con violencia - Volcanes\" \/>\n<meta property=\"og:description\" content=\"Fue detenido en compa\u00f1\u00eda de un menor de edad. \u00c9stos ingresaron a una tienda Coppel,\" \/>\n<meta property=\"og:url\" content=\"https:\/\/volcanes.net\/?p=2759\" \/>\n<meta property=\"og:site_name\" content=\"Volcanes\" \/>\n<meta property=\"article:publisher\" content=\"https:\/\/www.facebook.com\/volcanes.net\/\" \/>\n<meta property=\"article:published_time\" content=\"2018-10-29T20:53:46+00:00\" \/>\n<meta property=\"og:image\" content=\"https:\/\/volcanes.net\/wp-content\/uploads\/2018\/10\/FOTO-C1059.jpg\" \/>\n\t<meta property=\"og:image:width\" content=\"400\" \/>\n\t<meta property=\"og:image:height\" content=\"548\" \/>\n\t<meta property=\"og:image:type\" content=\"image\/jpeg\" \/>\n<meta name=\"author\" content=\"admin\" \/>\n<meta name=\"twitter:card\" content=\"summary_large_image\" \/>\n<meta name=\"twitter:label1\" content=\"Escrito por\" \/>\n\t<meta name=\"twitter:data1\" content=\"admin\" \/>\n\t<meta name=\"twitter:label2\" content=\"Tiempo de lectura\" \/>\n\t<meta name=\"twitter:data2\" content=\"2 minutos\" \/>\n<script type=\"application\/ld+json\" class=\"yoast-schema-graph\">{\"@context\":\"https:\/\/schema.org\",\"@graph\":[{\"@type\":\"Article\",\"@id\":\"https:\/\/volcanes.net\/?p=2759#article\",\"isPartOf\":{\"@id\":\"https:\/\/volcanes.net\/?p=2759\"},\"author\":{\"name\":\"admin\",\"@id\":\"https:\/\/volcanes.net\/#\/schema\/person\/4bf0f383940966a4abd53f5048c0e6b9\"},\"headline\":\"Vinculan a proceso a sujeto investigado por el delito de robo con violencia\",\"datePublished\":\"2018-10-29T20:53:46+00:00\",\"mainEntityOfPage\":{\"@id\":\"https:\/\/volcanes.net\/?p=2759\"},\"wordCount\":437,\"commentCount\":0,\"publisher\":{\"@id\":\"https:\/\/volcanes.net\/#organization\"},\"image\":{\"@id\":\"https:\/\/volcanes.net\/?p=2759#primaryimage\"},\"thumbnailUrl\":\"https:\/\/volcanes.net\/wp-content\/uploads\/2018\/10\/FOTO-C1059.jpg\",\"keywords\":[\"Tlalnepantla\"],\"articleSection\":[\"Municipales\"],\"inLanguage\":\"es\",\"potentialAction\":[{\"@type\":\"CommentAction\",\"name\":\"Comment\",\"target\":[\"https:\/\/volcanes.net\/?p=2759#respond\"]}]},{\"@type\":\"WebPage\",\"@id\":\"https:\/\/volcanes.net\/?p=2759\",\"url\":\"https:\/\/volcanes.net\/?p=2759\",\"name\":\"Vinculan a proceso a sujeto investigado por el delito de robo con violencia - Volcanes\",\"isPartOf\":{\"@id\":\"https:\/\/volcanes.net\/#website\"},\"primaryImageOfPage\":{\"@id\":\"https:\/\/volcanes.net\/?p=2759#primaryimage\"},\"image\":{\"@id\":\"https:\/\/volcanes.net\/?p=2759#primaryimage\"},\"thumbnailUrl\":\"https:\/\/volcanes.net\/wp-content\/uploads\/2018\/10\/FOTO-C1059.jpg\",\"datePublished\":\"2018-10-29T20:53:46+00:00\",\"breadcrumb\":{\"@id\":\"https:\/\/volcanes.net\/?p=2759#breadcrumb\"},\"inLanguage\":\"es\",\"potentialAction\":[{\"@type\":\"ReadAction\",\"target\":[\"https:\/\/volcanes.net\/?p=2759\"]}]},{\"@type\":\"ImageObject\",\"inLanguage\":\"es\",\"@id\":\"https:\/\/volcanes.net\/?p=2759#primaryimage\",\"url\":\"https:\/\/volcanes.net\/wp-content\/uploads\/2018\/10\/FOTO-C1059.jpg\",\"contentUrl\":\"https:\/\/volcanes.net\/wp-content\/uploads\/2018\/10\/FOTO-C1059.jpg\",\"width\":400,\"height\":548},{\"@type\":\"BreadcrumbList\",\"@id\":\"https:\/\/volcanes.net\/?p=2759#breadcrumb\",\"itemListElement\":[{\"@type\":\"ListItem\",\"position\":1,\"name\":\"Portada\",\"item\":\"https:\/\/volcanes.net\/\"},{\"@type\":\"ListItem\",\"position\":2,\"name\":\"Vinculan a proceso a sujeto investigado por el delito de robo con violencia\"}]},{\"@type\":\"WebSite\",\"@id\":\"https:\/\/volcanes.net\/#website\",\"url\":\"https:\/\/volcanes.net\/\",\"name\":\"Volcanes.Net\",\"description\":\"Periodismo Profesional\",\"publisher\":{\"@id\":\"https:\/\/volcanes.net\/#organization\"},\"potentialAction\":[{\"@type\":\"SearchAction\",\"target\":{\"@type\":\"EntryPoint\",\"urlTemplate\":\"https:\/\/volcanes.net\/?s={search_term_string}\"},\"query-input\":{\"@type\":\"PropertyValueSpecification\",\"valueRequired\":true,\"valueName\":\"search_term_string\"}}],\"inLanguage\":\"es\"},{\"@type\":\"Organization\",\"@id\":\"https:\/\/volcanes.net\/#organization\",\"name\":\"Grupo Volcanes\",\"url\":\"https:\/\/volcanes.net\/\",\"logo\":{\"@type\":\"ImageObject\",\"inLanguage\":\"es\",\"@id\":\"https:\/\/volcanes.net\/#\/schema\/logo\/image\/\",\"url\":\"http:\/\/volcanes.net\/wp-content\/uploads\/2017\/12\/Avatar2.jpg\",\"contentUrl\":\"http:\/\/volcanes.net\/wp-content\/uploads\/2017\/12\/Avatar2.jpg\",\"width\":378,\"height\":378,\"caption\":\"Grupo Volcanes\"},\"image\":{\"@id\":\"https:\/\/volcanes.net\/#\/schema\/logo\/image\/\"},\"sameAs\":[\"https:\/\/www.facebook.com\/volcanes.net\/\"]},{\"@type\":\"Person\",\"@id\":\"https:\/\/volcanes.net\/#\/schema\/person\/4bf0f383940966a4abd53f5048c0e6b9\",\"name\":\"admin\",\"image\":{\"@type\":\"ImageObject\",\"inLanguage\":\"es\",\"@id\":\"https:\/\/volcanes.net\/#\/schema\/person\/image\/\",\"url\":\"https:\/\/secure.gravatar.com\/avatar\/ca004e6cba8462b8cb7abc86e382930c?s=96&d=mm&r=g\",\"contentUrl\":\"https:\/\/secure.gravatar.com\/avatar\/ca004e6cba8462b8cb7abc86e382930c?s=96&d=mm&r=g\",\"caption\":\"admin\"}}]}<\/script>\n<!-- \/ Yoast SEO plugin. -->","yoast_head_json":{"title":"Vinculan a proceso a sujeto investigado por el delito de robo con violencia - Volcanes","robots":{"index":"index","follow":"follow","max-snippet":"max-snippet:-1","max-image-preview":"max-image-preview:large","max-video-preview":"max-video-preview:-1"},"canonical":"https:\/\/volcanes.net\/?p=2759","og_locale":"es_MX","og_type":"article","og_title":"Vinculan a proceso a sujeto investigado por el delito de robo con violencia - Volcanes","og_description":"Fue detenido en compa\u00f1\u00eda de un menor de edad. \u00c9stos ingresaron a una tienda Coppel,","og_url":"https:\/\/volcanes.net\/?p=2759","og_site_name":"Volcanes","article_publisher":"https:\/\/www.facebook.com\/volcanes.net\/","article_published_time":"2018-10-29T20:53:46+00:00","og_image":[{"width":400,"height":548,"url":"https:\/\/volcanes.net\/wp-content\/uploads\/2018\/10\/FOTO-C1059.jpg","type":"image\/jpeg"}],"author":"admin","twitter_card":"summary_large_image","twitter_misc":{"Escrito por":"admin","Tiempo de lectura":"2 minutos"},"schema":{"@context":"https:\/\/schema.org","@graph":[{"@type":"Article","@id":"https:\/\/volcanes.net\/?p=2759#article","isPartOf":{"@id":"https:\/\/volcanes.net\/?p=2759"},"author":{"name":"admin","@id":"https:\/\/volcanes.net\/#\/schema\/person\/4bf0f383940966a4abd53f5048c0e6b9"},"headline":"Vinculan a proceso a sujeto investigado por el delito de robo con violencia","datePublished":"2018-10-29T20:53:46+00:00","mainEntityOfPage":{"@id":"https:\/\/volcanes.net\/?p=2759"},"wordCount":437,"commentCount":0,"publisher":{"@id":"https:\/\/volcanes.net\/#organization"},"image":{"@id":"https:\/\/volcanes.net\/?p=2759#primaryimage"},"thumbnailUrl":"https:\/\/volcanes.net\/wp-content\/uploads\/2018\/10\/FOTO-C1059.jpg","keywords":["Tlalnepantla"],"articleSection":["Municipales"],"inLanguage":"es","potentialAction":[{"@type":"CommentAction","name":"Comment","target":["https:\/\/volcanes.net\/?p=2759#respond"]}]},{"@type":"WebPage","@id":"https:\/\/volcanes.net\/?p=2759","url":"https:\/\/volcanes.net\/?p=2759","name":"Vinculan a proceso a sujeto investigado por el delito de robo con violencia - Volcanes","isPartOf":{"@id":"https:\/\/volcanes.net\/#website"},"primaryImageOfPage":{"@id":"https:\/\/volcanes.net\/?p=2759#primaryimage"},"image":{"@id":"https:\/\/volcanes.net\/?p=2759#primaryimage"},"thumbnailUrl":"https:\/\/volcanes.net\/wp-content\/uploads\/2018\/10\/FOTO-C1059.jpg","datePublished":"2018-10-29T20:53:46+00:00","breadcrumb":{"@id":"https:\/\/volcanes.net\/?p=2759#breadcrumb"},"inLanguage":"es","potentialAction":[{"@type":"ReadAction","target":["https:\/\/volcanes.net\/?p=2759"]}]},{"@type":"ImageObject","inLanguage":"es","@id":"https:\/\/volcanes.net\/?p=2759#primaryimage","url":"https:\/\/volcanes.net\/wp-content\/uploads\/2018\/10\/FOTO-C1059.jpg","contentUrl":"https:\/\/volcanes.net\/wp-content\/uploads\/2018\/10\/FOTO-C1059.jpg","width":400,"height":548},{"@type":"BreadcrumbList","@id":"https:\/\/volcanes.net\/?p=2759#breadcrumb","itemListElement":[{"@type":"ListItem","position":1,"name":"Portada","item":"https:\/\/volcanes.net\/"},{"@type":"ListItem","position":2,"name":"Vinculan a proceso a sujeto investigado por el delito de robo con violencia"}]},{"@type":"WebSite","@id":"https:\/\/volcanes.net\/#website","url":"https:\/\/volcanes.net\/","name":"Volcanes.Net","description":"Periodismo Profesional","publisher":{"@id":"https:\/\/volcanes.net\/#organization"},"potentialAction":[{"@type":"SearchAction","target":{"@type":"EntryPoint","urlTemplate":"https:\/\/volcanes.net\/?s={search_term_string}"},"query-input":{"@type":"PropertyValueSpecification","valueRequired":true,"valueName":"search_term_string"}}],"inLanguage":"es"},{"@type":"Organization","@id":"https:\/\/volcanes.net\/#organization","name":"Grupo Volcanes","url":"https:\/\/volcanes.net\/","logo":{"@type":"ImageObject","inLanguage":"es","@id":"https:\/\/volcanes.net\/#\/schema\/logo\/image\/","url":"http:\/\/volcanes.net\/wp-content\/uploads\/2017\/12\/Avatar2.jpg","contentUrl":"http:\/\/volcanes.net\/wp-content\/uploads\/2017\/12\/Avatar2.jpg","width":378,"height":378,"caption":"Grupo Volcanes"},"image":{"@id":"https:\/\/volcanes.net\/#\/schema\/logo\/image\/"},"sameAs":["https:\/\/www.facebook.com\/volcanes.net\/"]},{"@type":"Person","@id":"https:\/\/volcanes.net\/#\/schema\/person\/4bf0f383940966a4abd53f5048c0e6b9","name":"admin","image":{"@type":"ImageObject","inLanguage":"es","@id":"https:\/\/volcanes.net\/#\/schema\/person\/image\/","url":"https:\/\/secure.gravatar.com\/avatar\/ca004e6cba8462b8cb7abc86e382930c?s=96&d=mm&r=g","contentUrl":"https:\/\/secure.gravatar.com\/avatar\/ca004e6cba8462b8cb7abc86e382930c?s=96&d=mm&r=g","caption":"admin"}}]}},"_links":{"self":[{"href":"https:\/\/volcanes.net\/index.php?rest_route=\/wp\/v2\/posts\/2759"}],"collection":[{"href":"https:\/\/volcanes.net\/index.php?rest_route=\/wp\/v2\/posts"}],"about":[{"href":"https:\/\/volcanes.net\/index.php?rest_route=\/wp\/v2\/types\/post"}],"author":[{"embeddable":true,"href":"https:\/\/volcanes.net\/index.php?rest_route=\/wp\/v2\/users\/1"}],"replies":[{"embeddable":true,"href":"https:\/\/volcanes.net\/index.php?rest_route=%2Fwp%2Fv2%2Fcomments&post=2759"}],"version-history":[{"count":1,"href":"https:\/\/volcanes.net\/index.php?rest_route=\/wp\/v2\/posts\/2759\/revisions"}],"predecessor-version":[{"id":2761,"href":"https:\/\/volcanes.net\/index.php?rest_route=\/wp\/v2\/posts\/2759\/revisions\/2761"}],"wp:featuredmedia":[{"embeddable":true,"href":"https:\/\/volcanes.net\/index.php?rest_route=\/wp\/v2\/media\/2760"}],"wp:attachment":[{"href":"https:\/\/volcanes.net\/index.php?rest_route=%2Fwp%2Fv2%2Fmedia&parent=2759"}],"wp:term":[{"taxonomy":"category","embeddable":true,"href":"https:\/\/volcanes.net\/index.php?rest_route=%2Fwp%2Fv2%2Fcategories&post=2759"},{"taxonomy":"post_tag","embeddable":true,"href":"https:\/\/volcanes.net\/index.php?rest_route=%2Fwp%2Fv2%2Ftags&post=2759"}],"curies":[{"name":"wp","href":"https:\/\/api.w.org\/{rel}","templated":true}]}}