{"id":2762,"date":"2018-10-29T20:58:27","date_gmt":"2018-10-29T20:58:27","guid":{"rendered":"http:\/\/volcanes.net\/?p=2762"},"modified":"2018-10-29T20:58:27","modified_gmt":"2018-10-29T20:58:27","slug":"condenan-a-50-anos-de-carcel-a-dos-secuestradores","status":"publish","type":"post","link":"https:\/\/volcanes.net\/?p=2762","title":{"rendered":"Condenan a 50 a\u00f1os de c\u00e1rcel a dos secuestradores"},"content":{"rendered":"<div style=\"margin-top: 0px; margin-bottom: 0px;\" class=\"sharethis-inline-share-buttons\" ><\/div><p style=\"font-weight: 400\"><strong>Toluca, M\u00e9xico, 29 de octubre de 2018.-<\/strong>\u00a0Un Juez del Distrito Judicial de Ixtlahuaca dict\u00f3 una condena de 50 a\u00f1os de prisi\u00f3n para Ed\u00e9n Gardu\u00f1o Gardu\u00f1o y Catarino Cruz Celedonio, luego de que el Agente del Ministerio P\u00fablico de la Fiscal\u00eda General de Justicia del Estado de M\u00e9xico (FGJEM) acredit\u00f3 su participaci\u00f3n en el delito de secuestro.<\/p>\n<p style=\"font-weight: 400\">\u00a0\u00a0\u00a0\u00a0\u00a0\u00a0\u00a0\u00a0\u00a0\u00a0\u00a0 Ambas personas fueron detenidas en el mes de febrero del a\u00f1o 2016, mediante un operativo realizado por elementos de la entonces Procuradur\u00eda General de Justicia del Estado de M\u00e9xico, y en el cual tambi\u00e9n se logr\u00f3 la liberaci\u00f3n de un hombre, quien se encontraba secuestrado en un inmueble del municipio de Jocotitl\u00e1n.<\/p>\n<p style=\"font-weight: 400\">\u00a0\u00a0\u00a0\u00a0\u00a0\u00a0\u00a0\u00a0\u00a0\u00a0\u00a0 Las investigaciones realizadas por personal de esta Instituci\u00f3n permitieron establecer que el d\u00eda 5 de febrero del a\u00f1o 2016, la v\u00edctima quien era chofer de una unidad de transporte p\u00fablico taxi, fue citado por una persona en el barrio Los Corrales, aparentemente para hacer un servicio de transporte.<\/p>\n<p style=\"font-weight: 400\">\u00a0\u00a0\u00a0\u00a0\u00a0\u00a0\u00a0\u00a0\u00a0\u00a0\u00a0 Al llegar al lugar se encontraban tres personas, quienes lo sometieron y lo trasladaron a un inmueble de la comunidad de El Potrero, en Jocotltl\u00e1n, en donde lo mantuvieron cautivo. En tanto que estos sujetos se comunicaron con los familiares del hombre, a quienes les hicieron saber que lo ten\u00edan secuestrado y les exigieron una suma econ\u00f3mica para su liberaci\u00f3n.<\/p>\n<p style=\"font-weight: 400\">\u00a0\u00a0\u00a0\u00a0\u00a0\u00a0\u00a0\u00a0\u00a0\u00a0\u00a0 Los familiares de la v\u00edctima denunciaron los hechos ante el Agente del Ministerio P\u00fablico y Polic\u00edas de Investigaci\u00f3n se encargaron de realizar diversas indoarias para identificar el lugar donde se encontraba la v\u00edctima privada de la libertad, as\u00ed como a los probables secuestradores.<\/p>\n<p style=\"font-weight: 400\">\u00a0\u00a0\u00a0\u00a0\u00a0\u00a0\u00a0\u00a0\u00a0\u00a0\u00a0 Con la informaci\u00f3n recabada, los servidores p\u00fablicos realizaron una movilizaci\u00f3n en el mencionado municipio, que dio como resultado la liberaci\u00f3n del hombre secuestrado y la detenci\u00f3n de Gardu\u00f1o Gardu\u00f1o y Cruz Celedonio.<\/p>\n<p style=\"font-weight: 400\">\u00a0\u00a0\u00a0\u00a0\u00a0\u00a0\u00a0\u00a0\u00a0\u00a0\u00a0 Los dos sujetos detenidos fueron presentados ante el Ministerio P\u00fablico, quien luego los remiti\u00f3 ante un Juez en el Centro Penitenciario y de Reinserci\u00f3n Social de Ixtlahuaca, autoridad que luego de revisar los elementos de prueba recabados y aportados por esta Representaci\u00f3n Social y previo proceso legal, les dict\u00f3 esta condena.<\/p>\n<p style=\"font-weight: 400\">\u00a0\u00a0\u00a0\u00a0\u00a0\u00a0\u00a0\u00a0\u00a0\u00a0\u00a0 Adem\u00e1s estos individuos deber\u00e1n pagar multas de 162 mil 600 pesos, aunado a que sus derechos civiles y pol\u00edticos quedaron suspendidos.<\/p>\n<p style=\"font-weight: 400\">\u00a0\u00a0\u00a0\u00a0\u00a0\u00a0\u00a0\u00a0\u00a0\u00a0\u00a0 La Fiscal\u00eda General de Justicia estatal exhorta a la ciudadan\u00eda a denunciar cualquier hecho delictivo a trav\u00e9s del correo electr\u00f3nico<a href=\"mailto:cerotolerancia@edomex.gob.mx\">cerotolerancia@edomex.gob.mx<\/a>, al n\u00famero telef\u00f3nico 01 800 7028770, o bien, por medio de la aplicaci\u00f3n FGJEdomex, la cual est\u00e1 disponible de manera gratuita para todos los tel\u00e9fonos inteligentes de los sistemas iOS y Android.<\/p>\n","protected":false},"excerpt":{"rendered":"<p>Toluca, M\u00e9xico, 29 de octubre de 2018.-\u00a0Un Juez del Distrito Judicial de Ixtlahuaca dict\u00f3 una<\/p>\n","protected":false},"author":1,"featured_media":2763,"comment_status":"open","ping_status":"open","sticky":false,"template":"","format":"standard","meta":{"footnotes":""},"categories":[1],"tags":[185],"class_list":["post-2762","post","type-post","status-publish","format-standard","has-post-thumbnail","hentry","category-municipales","tag-ixtlahuaca"],"yoast_head":"<!-- This site is optimized with the Yoast SEO plugin v25.3 - https:\/\/yoast.com\/wordpress\/plugins\/seo\/ -->\n<title>Condenan a 50 a\u00f1os de c\u00e1rcel a dos secuestradores - Volcanes<\/title>\n<meta name=\"robots\" content=\"index, follow, max-snippet:-1, max-image-preview:large, max-video-preview:-1\" \/>\n<link rel=\"canonical\" href=\"https:\/\/volcanes.net\/?p=2762\" \/>\n<meta property=\"og:locale\" content=\"es_MX\" \/>\n<meta property=\"og:type\" content=\"article\" \/>\n<meta property=\"og:title\" content=\"Condenan a 50 a\u00f1os de c\u00e1rcel a dos secuestradores - Volcanes\" \/>\n<meta property=\"og:description\" content=\"Toluca, M\u00e9xico, 29 de octubre de 2018.-\u00a0Un Juez del Distrito Judicial de Ixtlahuaca dict\u00f3 una\" \/>\n<meta property=\"og:url\" content=\"https:\/\/volcanes.net\/?p=2762\" \/>\n<meta property=\"og:site_name\" content=\"Volcanes\" \/>\n<meta property=\"article:publisher\" content=\"https:\/\/www.facebook.com\/volcanes.net\/\" \/>\n<meta property=\"article:published_time\" content=\"2018-10-29T20:58:27+00:00\" \/>\n<meta property=\"og:image\" content=\"https:\/\/volcanes.net\/wp-content\/uploads\/2018\/10\/FOTO-C1058.jpg\" \/>\n\t<meta property=\"og:image:width\" content=\"400\" \/>\n\t<meta property=\"og:image:height\" content=\"265\" \/>\n\t<meta property=\"og:image:type\" content=\"image\/jpeg\" \/>\n<meta name=\"author\" content=\"admin\" \/>\n<meta name=\"twitter:card\" content=\"summary_large_image\" \/>\n<meta name=\"twitter:label1\" content=\"Escrito por\" \/>\n\t<meta name=\"twitter:data1\" content=\"admin\" \/>\n\t<meta name=\"twitter:label2\" content=\"Tiempo de lectura\" \/>\n\t<meta name=\"twitter:data2\" content=\"2 minutos\" \/>\n<script type=\"application\/ld+json\" class=\"yoast-schema-graph\">{\"@context\":\"https:\/\/schema.org\",\"@graph\":[{\"@type\":\"Article\",\"@id\":\"https:\/\/volcanes.net\/?p=2762#article\",\"isPartOf\":{\"@id\":\"https:\/\/volcanes.net\/?p=2762\"},\"author\":{\"name\":\"admin\",\"@id\":\"https:\/\/volcanes.net\/#\/schema\/person\/4bf0f383940966a4abd53f5048c0e6b9\"},\"headline\":\"Condenan a 50 a\u00f1os de c\u00e1rcel a dos secuestradores\",\"datePublished\":\"2018-10-29T20:58:27+00:00\",\"mainEntityOfPage\":{\"@id\":\"https:\/\/volcanes.net\/?p=2762\"},\"wordCount\":470,\"commentCount\":0,\"publisher\":{\"@id\":\"https:\/\/volcanes.net\/#organization\"},\"image\":{\"@id\":\"https:\/\/volcanes.net\/?p=2762#primaryimage\"},\"thumbnailUrl\":\"https:\/\/volcanes.net\/wp-content\/uploads\/2018\/10\/FOTO-C1058.jpg\",\"keywords\":[\"Ixtlahuaca\"],\"articleSection\":[\"Municipales\"],\"inLanguage\":\"es\",\"potentialAction\":[{\"@type\":\"CommentAction\",\"name\":\"Comment\",\"target\":[\"https:\/\/volcanes.net\/?p=2762#respond\"]}]},{\"@type\":\"WebPage\",\"@id\":\"https:\/\/volcanes.net\/?p=2762\",\"url\":\"https:\/\/volcanes.net\/?p=2762\",\"name\":\"Condenan a 50 a\u00f1os de c\u00e1rcel a dos secuestradores - Volcanes\",\"isPartOf\":{\"@id\":\"https:\/\/volcanes.net\/#website\"},\"primaryImageOfPage\":{\"@id\":\"https:\/\/volcanes.net\/?p=2762#primaryimage\"},\"image\":{\"@id\":\"https:\/\/volcanes.net\/?p=2762#primaryimage\"},\"thumbnailUrl\":\"https:\/\/volcanes.net\/wp-content\/uploads\/2018\/10\/FOTO-C1058.jpg\",\"datePublished\":\"2018-10-29T20:58:27+00:00\",\"breadcrumb\":{\"@id\":\"https:\/\/volcanes.net\/?p=2762#breadcrumb\"},\"inLanguage\":\"es\",\"potentialAction\":[{\"@type\":\"ReadAction\",\"target\":[\"https:\/\/volcanes.net\/?p=2762\"]}]},{\"@type\":\"ImageObject\",\"inLanguage\":\"es\",\"@id\":\"https:\/\/volcanes.net\/?p=2762#primaryimage\",\"url\":\"https:\/\/volcanes.net\/wp-content\/uploads\/2018\/10\/FOTO-C1058.jpg\",\"contentUrl\":\"https:\/\/volcanes.net\/wp-content\/uploads\/2018\/10\/FOTO-C1058.jpg\",\"width\":400,\"height\":265},{\"@type\":\"BreadcrumbList\",\"@id\":\"https:\/\/volcanes.net\/?p=2762#breadcrumb\",\"itemListElement\":[{\"@type\":\"ListItem\",\"position\":1,\"name\":\"Portada\",\"item\":\"https:\/\/volcanes.net\/\"},{\"@type\":\"ListItem\",\"position\":2,\"name\":\"Condenan a 50 a\u00f1os de c\u00e1rcel a dos secuestradores\"}]},{\"@type\":\"WebSite\",\"@id\":\"https:\/\/volcanes.net\/#website\",\"url\":\"https:\/\/volcanes.net\/\",\"name\":\"Volcanes.Net\",\"description\":\"Periodismo Profesional\",\"publisher\":{\"@id\":\"https:\/\/volcanes.net\/#organization\"},\"potentialAction\":[{\"@type\":\"SearchAction\",\"target\":{\"@type\":\"EntryPoint\",\"urlTemplate\":\"https:\/\/volcanes.net\/?s={search_term_string}\"},\"query-input\":{\"@type\":\"PropertyValueSpecification\",\"valueRequired\":true,\"valueName\":\"search_term_string\"}}],\"inLanguage\":\"es\"},{\"@type\":\"Organization\",\"@id\":\"https:\/\/volcanes.net\/#organization\",\"name\":\"Grupo Volcanes\",\"url\":\"https:\/\/volcanes.net\/\",\"logo\":{\"@type\":\"ImageObject\",\"inLanguage\":\"es\",\"@id\":\"https:\/\/volcanes.net\/#\/schema\/logo\/image\/\",\"url\":\"http:\/\/volcanes.net\/wp-content\/uploads\/2017\/12\/Avatar2.jpg\",\"contentUrl\":\"http:\/\/volcanes.net\/wp-content\/uploads\/2017\/12\/Avatar2.jpg\",\"width\":378,\"height\":378,\"caption\":\"Grupo Volcanes\"},\"image\":{\"@id\":\"https:\/\/volcanes.net\/#\/schema\/logo\/image\/\"},\"sameAs\":[\"https:\/\/www.facebook.com\/volcanes.net\/\"]},{\"@type\":\"Person\",\"@id\":\"https:\/\/volcanes.net\/#\/schema\/person\/4bf0f383940966a4abd53f5048c0e6b9\",\"name\":\"admin\",\"image\":{\"@type\":\"ImageObject\",\"inLanguage\":\"es\",\"@id\":\"https:\/\/volcanes.net\/#\/schema\/person\/image\/\",\"url\":\"https:\/\/secure.gravatar.com\/avatar\/ca004e6cba8462b8cb7abc86e382930c?s=96&d=mm&r=g\",\"contentUrl\":\"https:\/\/secure.gravatar.com\/avatar\/ca004e6cba8462b8cb7abc86e382930c?s=96&d=mm&r=g\",\"caption\":\"admin\"}}]}<\/script>\n<!-- \/ Yoast SEO plugin. -->","yoast_head_json":{"title":"Condenan a 50 a\u00f1os de c\u00e1rcel a dos secuestradores - Volcanes","robots":{"index":"index","follow":"follow","max-snippet":"max-snippet:-1","max-image-preview":"max-image-preview:large","max-video-preview":"max-video-preview:-1"},"canonical":"https:\/\/volcanes.net\/?p=2762","og_locale":"es_MX","og_type":"article","og_title":"Condenan a 50 a\u00f1os de c\u00e1rcel a dos secuestradores - Volcanes","og_description":"Toluca, M\u00e9xico, 29 de octubre de 2018.-\u00a0Un Juez del Distrito Judicial de Ixtlahuaca dict\u00f3 una","og_url":"https:\/\/volcanes.net\/?p=2762","og_site_name":"Volcanes","article_publisher":"https:\/\/www.facebook.com\/volcanes.net\/","article_published_time":"2018-10-29T20:58:27+00:00","og_image":[{"width":400,"height":265,"url":"https:\/\/volcanes.net\/wp-content\/uploads\/2018\/10\/FOTO-C1058.jpg","type":"image\/jpeg"}],"author":"admin","twitter_card":"summary_large_image","twitter_misc":{"Escrito por":"admin","Tiempo de lectura":"2 minutos"},"schema":{"@context":"https:\/\/schema.org","@graph":[{"@type":"Article","@id":"https:\/\/volcanes.net\/?p=2762#article","isPartOf":{"@id":"https:\/\/volcanes.net\/?p=2762"},"author":{"name":"admin","@id":"https:\/\/volcanes.net\/#\/schema\/person\/4bf0f383940966a4abd53f5048c0e6b9"},"headline":"Condenan a 50 a\u00f1os de c\u00e1rcel a dos secuestradores","datePublished":"2018-10-29T20:58:27+00:00","mainEntityOfPage":{"@id":"https:\/\/volcanes.net\/?p=2762"},"wordCount":470,"commentCount":0,"publisher":{"@id":"https:\/\/volcanes.net\/#organization"},"image":{"@id":"https:\/\/volcanes.net\/?p=2762#primaryimage"},"thumbnailUrl":"https:\/\/volcanes.net\/wp-content\/uploads\/2018\/10\/FOTO-C1058.jpg","keywords":["Ixtlahuaca"],"articleSection":["Municipales"],"inLanguage":"es","potentialAction":[{"@type":"CommentAction","name":"Comment","target":["https:\/\/volcanes.net\/?p=2762#respond"]}]},{"@type":"WebPage","@id":"https:\/\/volcanes.net\/?p=2762","url":"https:\/\/volcanes.net\/?p=2762","name":"Condenan a 50 a\u00f1os de c\u00e1rcel a dos secuestradores - Volcanes","isPartOf":{"@id":"https:\/\/volcanes.net\/#website"},"primaryImageOfPage":{"@id":"https:\/\/volcanes.net\/?p=2762#primaryimage"},"image":{"@id":"https:\/\/volcanes.net\/?p=2762#primaryimage"},"thumbnailUrl":"https:\/\/volcanes.net\/wp-content\/uploads\/2018\/10\/FOTO-C1058.jpg","datePublished":"2018-10-29T20:58:27+00:00","breadcrumb":{"@id":"https:\/\/volcanes.net\/?p=2762#breadcrumb"},"inLanguage":"es","potentialAction":[{"@type":"ReadAction","target":["https:\/\/volcanes.net\/?p=2762"]}]},{"@type":"ImageObject","inLanguage":"es","@id":"https:\/\/volcanes.net\/?p=2762#primaryimage","url":"https:\/\/volcanes.net\/wp-content\/uploads\/2018\/10\/FOTO-C1058.jpg","contentUrl":"https:\/\/volcanes.net\/wp-content\/uploads\/2018\/10\/FOTO-C1058.jpg","width":400,"height":265},{"@type":"BreadcrumbList","@id":"https:\/\/volcanes.net\/?p=2762#breadcrumb","itemListElement":[{"@type":"ListItem","position":1,"name":"Portada","item":"https:\/\/volcanes.net\/"},{"@type":"ListItem","position":2,"name":"Condenan a 50 a\u00f1os de c\u00e1rcel a dos secuestradores"}]},{"@type":"WebSite","@id":"https:\/\/volcanes.net\/#website","url":"https:\/\/volcanes.net\/","name":"Volcanes.Net","description":"Periodismo Profesional","publisher":{"@id":"https:\/\/volcanes.net\/#organization"},"potentialAction":[{"@type":"SearchAction","target":{"@type":"EntryPoint","urlTemplate":"https:\/\/volcanes.net\/?s={search_term_string}"},"query-input":{"@type":"PropertyValueSpecification","valueRequired":true,"valueName":"search_term_string"}}],"inLanguage":"es"},{"@type":"Organization","@id":"https:\/\/volcanes.net\/#organization","name":"Grupo Volcanes","url":"https:\/\/volcanes.net\/","logo":{"@type":"ImageObject","inLanguage":"es","@id":"https:\/\/volcanes.net\/#\/schema\/logo\/image\/","url":"http:\/\/volcanes.net\/wp-content\/uploads\/2017\/12\/Avatar2.jpg","contentUrl":"http:\/\/volcanes.net\/wp-content\/uploads\/2017\/12\/Avatar2.jpg","width":378,"height":378,"caption":"Grupo Volcanes"},"image":{"@id":"https:\/\/volcanes.net\/#\/schema\/logo\/image\/"},"sameAs":["https:\/\/www.facebook.com\/volcanes.net\/"]},{"@type":"Person","@id":"https:\/\/volcanes.net\/#\/schema\/person\/4bf0f383940966a4abd53f5048c0e6b9","name":"admin","image":{"@type":"ImageObject","inLanguage":"es","@id":"https:\/\/volcanes.net\/#\/schema\/person\/image\/","url":"https:\/\/secure.gravatar.com\/avatar\/ca004e6cba8462b8cb7abc86e382930c?s=96&d=mm&r=g","contentUrl":"https:\/\/secure.gravatar.com\/avatar\/ca004e6cba8462b8cb7abc86e382930c?s=96&d=mm&r=g","caption":"admin"}}]}},"_links":{"self":[{"href":"https:\/\/volcanes.net\/index.php?rest_route=\/wp\/v2\/posts\/2762"}],"collection":[{"href":"https:\/\/volcanes.net\/index.php?rest_route=\/wp\/v2\/posts"}],"about":[{"href":"https:\/\/volcanes.net\/index.php?rest_route=\/wp\/v2\/types\/post"}],"author":[{"embeddable":true,"href":"https:\/\/volcanes.net\/index.php?rest_route=\/wp\/v2\/users\/1"}],"replies":[{"embeddable":true,"href":"https:\/\/volcanes.net\/index.php?rest_route=%2Fwp%2Fv2%2Fcomments&post=2762"}],"version-history":[{"count":1,"href":"https:\/\/volcanes.net\/index.php?rest_route=\/wp\/v2\/posts\/2762\/revisions"}],"predecessor-version":[{"id":2764,"href":"https:\/\/volcanes.net\/index.php?rest_route=\/wp\/v2\/posts\/2762\/revisions\/2764"}],"wp:featuredmedia":[{"embeddable":true,"href":"https:\/\/volcanes.net\/index.php?rest_route=\/wp\/v2\/media\/2763"}],"wp:attachment":[{"href":"https:\/\/volcanes.net\/index.php?rest_route=%2Fwp%2Fv2%2Fmedia&parent=2762"}],"wp:term":[{"taxonomy":"category","embeddable":true,"href":"https:\/\/volcanes.net\/index.php?rest_route=%2Fwp%2Fv2%2Fcategories&post=2762"},{"taxonomy":"post_tag","embeddable":true,"href":"https:\/\/volcanes.net\/index.php?rest_route=%2Fwp%2Fv2%2Ftags&post=2762"}],"curies":[{"name":"wp","href":"https:\/\/api.w.org\/{rel}","templated":true}]}}