{"id":2774,"date":"2018-10-29T21:13:39","date_gmt":"2018-10-29T21:13:39","guid":{"rendered":"http:\/\/volcanes.net\/?p=2774"},"modified":"2018-10-29T21:13:39","modified_gmt":"2018-10-29T21:13:39","slug":"fisico-jorge-flores-doctor-honoris-causa-por-la-uaem","status":"publish","type":"post","link":"https:\/\/volcanes.net\/?p=2774","title":{"rendered":"F\u00edsico Jorge Flores, Doctor Honoris Causa por la UAEM"},"content":{"rendered":"<div style=\"margin-top: 0px; margin-bottom: 0px;\" class=\"sharethis-inline-share-buttons\" ><\/div><ul>\n<li style=\"font-weight: 400\"><em>El rector Alfredo Barrera consider\u00f3 que el cient\u00edfico\u00a0<\/em><em>\u201ces ejemplo de tenacidad e inteligencia puestas al servicio de la mejor forma de vida a la que un mexicano puede aspirar, una vida libre, entregada a la investigaci\u00f3n, a la divulgaci\u00f3n del conocimiento y la construcci\u00f3n de instituciones\u201d.<\/em><\/li>\n<\/ul>\n<p style=\"font-weight: 400\"><em>\u00a0<\/em><\/p>\n<p style=\"font-weight: 400\"><strong>Toluca, M\u00e9x. \u2013 28 de octubre de 2018.<\/strong>\u00a0El rector de la Universidad Aut\u00f3noma del Estado de M\u00e9xico, Alfredo Barrera Baca, invisti\u00f3 con el Doctorado Honoris Causa al f\u00edsico mexicano Jorge Flores Vald\u00e9s, en reconocimiento a una vida consagrada a la producci\u00f3n de conocimiento, la divulgaci\u00f3n de la ciencia y la construcci\u00f3n de instituciones que favorecen el desarrollo de la f\u00edsica en el pa\u00eds.<\/p>\n<p style=\"font-weight: 400\">\u00a0\u00a0\u00a0\u00a0\u00a0\u00a0\u00a0\u00a0\u00a0\u00a0\u00a0\u00a0En el Aula Magna \u201cLic. Adolfo L\u00f3pez Mateos\u201d del Edificio de Rector\u00eda, donde se dio cita el director del Instituto de F\u00edsica de la Universidad Nacional Aut\u00f3noma de M\u00e9xico, Manuel Torres Labansat, Barrera Baca manifest\u00f3 que los hallazgos del galardonado sobre la f\u00edsica de las matrices estoc\u00e1sticas son sumamente importantes, como lo demuestra la publicaci\u00f3n de ellos, una de las m\u00e1s citadas de la ciencia mexicana.<\/p>\n<p style=\"font-weight: 400\">\u00a0\u00a0\u00a0\u00a0\u00a0\u00a0\u00a0\u00a0\u00a0\u00a0\u00a0\u00a0\u201cJorge Flores es ejemplo de tenacidad e inteligencia puestas al servicio de la mejor forma de vida a la que un mexicano puede aspirar, una vida libre, entregada a la investigaci\u00f3n, a la divulgaci\u00f3n del conocimiento y la construcci\u00f3n de instituciones\u201d.<\/p>\n<p style=\"font-weight: 400\">\u00a0\u00a0\u00a0\u00a0\u00a0\u00a0\u00a0\u00a0\u00a0\u00a0\u00a0\u00a0Alfredo Barrera Baca consider\u00f3 que en la trayectoria cient\u00edfica del tambi\u00e9n colaborador en la creaci\u00f3n del Sistema Nacional de Investigadores (SNI) destaca la pertinencia cient\u00edfica y social de sus objetos de estudio y de trabajo, donde se observa la voluntad para aportar soluciones a las necesidades del pa\u00eds.<\/p>\n<p style=\"font-weight: 400\">Jorge Flores Vald\u00e9s, investigador em\u00e9rito del SNI del Consejo Nacional de Ciencia y Tecnolog\u00eda (CONACyT), agradeci\u00f3 el reconocimiento de la Aut\u00f3noma mexiquense, que destaca como una de las 10 instituciones de educaci\u00f3n superior m\u00e1s importantes del pa\u00eds.<\/p>\n<p style=\"font-weight: 400\">Ante el secretario de Investigaci\u00f3n y Estudios Avanzados de la UAEM, Carlos Eduardo Barrera D\u00edaz, consider\u00f3 necesaria la participaci\u00f3n de la iniciativa privada en el desarrollo de la tecnolog\u00eda y la innovaci\u00f3n, con la finalidad de que las universidades p\u00fablicas fortalezcan su papel en la generaci\u00f3n de conocimiento.<\/p>\n<p style=\"font-weight: 400\">Puntualiz\u00f3 que para que cambie el estado de la ciencia en M\u00e9xico es importante que las universidades y la iniciativa privada desarrollen investigaci\u00f3n conjunta de calidad, acciones de difusi\u00f3n de la ciencia y promoci\u00f3n de centros de investigaci\u00f3n con recursos p\u00fablicos y privados.<\/p>\n<p style=\"font-weight: 400\">\u00a0\u00a0\u00a0\u00a0\u00a0\u00a0\u00a0\u00a0\u00a0\u00a0\u00a0\u00a0Jorge Flores Vald\u00e9s particip\u00f3 en la fundaci\u00f3n de los museos de las Ciencias Universum y de la Luz, ambos de la UNAM. Fue coordinador general del Consejo Consultivo de Ciencias de la Presidencia de la Rep\u00fablica y subsecretario de Educaci\u00f3n Superior e Investigaci\u00f3n Cient\u00edfica de la Secretar\u00eda de Educaci\u00f3n P\u00fablica.<\/p>\n","protected":false},"excerpt":{"rendered":"<p>El rector Alfredo Barrera consider\u00f3 que el cient\u00edfico\u00a0\u201ces ejemplo de tenacidad e inteligencia puestas al<\/p>\n","protected":false},"author":1,"featured_media":2775,"comment_status":"open","ping_status":"open","sticky":false,"template":"","format":"standard","meta":{"footnotes":""},"categories":[1],"tags":[25,24],"class_list":["post-2774","post","type-post","status-publish","format-standard","has-post-thumbnail","hentry","category-municipales","tag-uaem","tag-uaemex"],"yoast_head":"<!-- This site is optimized with the Yoast SEO plugin v25.3 - https:\/\/yoast.com\/wordpress\/plugins\/seo\/ -->\n<title>F\u00edsico Jorge Flores, Doctor Honoris Causa por la UAEM - Volcanes<\/title>\n<meta name=\"robots\" content=\"index, follow, max-snippet:-1, max-image-preview:large, max-video-preview:-1\" \/>\n<link rel=\"canonical\" href=\"https:\/\/volcanes.net\/?p=2774\" \/>\n<meta property=\"og:locale\" content=\"es_MX\" \/>\n<meta property=\"og:type\" content=\"article\" \/>\n<meta property=\"og:title\" content=\"F\u00edsico Jorge Flores, Doctor Honoris Causa por la UAEM - Volcanes\" \/>\n<meta property=\"og:description\" content=\"El rector Alfredo Barrera consider\u00f3 que el cient\u00edfico\u00a0\u201ces ejemplo de tenacidad e inteligencia puestas al\" \/>\n<meta property=\"og:url\" content=\"https:\/\/volcanes.net\/?p=2774\" \/>\n<meta property=\"og:site_name\" content=\"Volcanes\" \/>\n<meta property=\"article:publisher\" content=\"https:\/\/www.facebook.com\/volcanes.net\/\" \/>\n<meta property=\"article:published_time\" content=\"2018-10-29T21:13:39+00:00\" \/>\n<meta property=\"og:image\" content=\"https:\/\/volcanes.net\/wp-content\/uploads\/2018\/10\/comun-0897-12.jpg\" \/>\n\t<meta property=\"og:image:width\" content=\"400\" \/>\n\t<meta property=\"og:image:height\" content=\"266\" \/>\n\t<meta property=\"og:image:type\" content=\"image\/jpeg\" \/>\n<meta name=\"author\" content=\"admin\" \/>\n<meta name=\"twitter:card\" content=\"summary_large_image\" \/>\n<meta name=\"twitter:label1\" content=\"Escrito por\" \/>\n\t<meta name=\"twitter:data1\" content=\"admin\" \/>\n\t<meta name=\"twitter:label2\" content=\"Tiempo de lectura\" \/>\n\t<meta name=\"twitter:data2\" content=\"3 minutos\" \/>\n<script type=\"application\/ld+json\" class=\"yoast-schema-graph\">{\"@context\":\"https:\/\/schema.org\",\"@graph\":[{\"@type\":\"Article\",\"@id\":\"https:\/\/volcanes.net\/?p=2774#article\",\"isPartOf\":{\"@id\":\"https:\/\/volcanes.net\/?p=2774\"},\"author\":{\"name\":\"admin\",\"@id\":\"https:\/\/volcanes.net\/#\/schema\/person\/4bf0f383940966a4abd53f5048c0e6b9\"},\"headline\":\"F\u00edsico Jorge Flores, Doctor Honoris Causa por la UAEM\",\"datePublished\":\"2018-10-29T21:13:39+00:00\",\"mainEntityOfPage\":{\"@id\":\"https:\/\/volcanes.net\/?p=2774\"},\"wordCount\":510,\"commentCount\":0,\"publisher\":{\"@id\":\"https:\/\/volcanes.net\/#organization\"},\"image\":{\"@id\":\"https:\/\/volcanes.net\/?p=2774#primaryimage\"},\"thumbnailUrl\":\"https:\/\/volcanes.net\/wp-content\/uploads\/2018\/10\/comun-0897-12.jpg\",\"keywords\":[\"UAEM\",\"UAEMEX\"],\"articleSection\":[\"Municipales\"],\"inLanguage\":\"es\",\"potentialAction\":[{\"@type\":\"CommentAction\",\"name\":\"Comment\",\"target\":[\"https:\/\/volcanes.net\/?p=2774#respond\"]}]},{\"@type\":\"WebPage\",\"@id\":\"https:\/\/volcanes.net\/?p=2774\",\"url\":\"https:\/\/volcanes.net\/?p=2774\",\"name\":\"F\u00edsico Jorge Flores, Doctor Honoris Causa por la UAEM - Volcanes\",\"isPartOf\":{\"@id\":\"https:\/\/volcanes.net\/#website\"},\"primaryImageOfPage\":{\"@id\":\"https:\/\/volcanes.net\/?p=2774#primaryimage\"},\"image\":{\"@id\":\"https:\/\/volcanes.net\/?p=2774#primaryimage\"},\"thumbnailUrl\":\"https:\/\/volcanes.net\/wp-content\/uploads\/2018\/10\/comun-0897-12.jpg\",\"datePublished\":\"2018-10-29T21:13:39+00:00\",\"breadcrumb\":{\"@id\":\"https:\/\/volcanes.net\/?p=2774#breadcrumb\"},\"inLanguage\":\"es\",\"potentialAction\":[{\"@type\":\"ReadAction\",\"target\":[\"https:\/\/volcanes.net\/?p=2774\"]}]},{\"@type\":\"ImageObject\",\"inLanguage\":\"es\",\"@id\":\"https:\/\/volcanes.net\/?p=2774#primaryimage\",\"url\":\"https:\/\/volcanes.net\/wp-content\/uploads\/2018\/10\/comun-0897-12.jpg\",\"contentUrl\":\"https:\/\/volcanes.net\/wp-content\/uploads\/2018\/10\/comun-0897-12.jpg\",\"width\":400,\"height\":266},{\"@type\":\"BreadcrumbList\",\"@id\":\"https:\/\/volcanes.net\/?p=2774#breadcrumb\",\"itemListElement\":[{\"@type\":\"ListItem\",\"position\":1,\"name\":\"Portada\",\"item\":\"https:\/\/volcanes.net\/\"},{\"@type\":\"ListItem\",\"position\":2,\"name\":\"F\u00edsico Jorge Flores, Doctor Honoris Causa por la UAEM\"}]},{\"@type\":\"WebSite\",\"@id\":\"https:\/\/volcanes.net\/#website\",\"url\":\"https:\/\/volcanes.net\/\",\"name\":\"Volcanes.Net\",\"description\":\"Periodismo Profesional\",\"publisher\":{\"@id\":\"https:\/\/volcanes.net\/#organization\"},\"potentialAction\":[{\"@type\":\"SearchAction\",\"target\":{\"@type\":\"EntryPoint\",\"urlTemplate\":\"https:\/\/volcanes.net\/?s={search_term_string}\"},\"query-input\":{\"@type\":\"PropertyValueSpecification\",\"valueRequired\":true,\"valueName\":\"search_term_string\"}}],\"inLanguage\":\"es\"},{\"@type\":\"Organization\",\"@id\":\"https:\/\/volcanes.net\/#organization\",\"name\":\"Grupo Volcanes\",\"url\":\"https:\/\/volcanes.net\/\",\"logo\":{\"@type\":\"ImageObject\",\"inLanguage\":\"es\",\"@id\":\"https:\/\/volcanes.net\/#\/schema\/logo\/image\/\",\"url\":\"http:\/\/volcanes.net\/wp-content\/uploads\/2017\/12\/Avatar2.jpg\",\"contentUrl\":\"http:\/\/volcanes.net\/wp-content\/uploads\/2017\/12\/Avatar2.jpg\",\"width\":378,\"height\":378,\"caption\":\"Grupo Volcanes\"},\"image\":{\"@id\":\"https:\/\/volcanes.net\/#\/schema\/logo\/image\/\"},\"sameAs\":[\"https:\/\/www.facebook.com\/volcanes.net\/\"]},{\"@type\":\"Person\",\"@id\":\"https:\/\/volcanes.net\/#\/schema\/person\/4bf0f383940966a4abd53f5048c0e6b9\",\"name\":\"admin\",\"image\":{\"@type\":\"ImageObject\",\"inLanguage\":\"es\",\"@id\":\"https:\/\/volcanes.net\/#\/schema\/person\/image\/\",\"url\":\"https:\/\/secure.gravatar.com\/avatar\/ca004e6cba8462b8cb7abc86e382930c?s=96&d=mm&r=g\",\"contentUrl\":\"https:\/\/secure.gravatar.com\/avatar\/ca004e6cba8462b8cb7abc86e382930c?s=96&d=mm&r=g\",\"caption\":\"admin\"}}]}<\/script>\n<!-- \/ Yoast SEO plugin. -->","yoast_head_json":{"title":"F\u00edsico Jorge Flores, Doctor Honoris Causa por la UAEM - Volcanes","robots":{"index":"index","follow":"follow","max-snippet":"max-snippet:-1","max-image-preview":"max-image-preview:large","max-video-preview":"max-video-preview:-1"},"canonical":"https:\/\/volcanes.net\/?p=2774","og_locale":"es_MX","og_type":"article","og_title":"F\u00edsico Jorge Flores, Doctor Honoris Causa por la UAEM - Volcanes","og_description":"El rector Alfredo Barrera consider\u00f3 que el cient\u00edfico\u00a0\u201ces ejemplo de tenacidad e inteligencia puestas al","og_url":"https:\/\/volcanes.net\/?p=2774","og_site_name":"Volcanes","article_publisher":"https:\/\/www.facebook.com\/volcanes.net\/","article_published_time":"2018-10-29T21:13:39+00:00","og_image":[{"width":400,"height":266,"url":"https:\/\/volcanes.net\/wp-content\/uploads\/2018\/10\/comun-0897-12.jpg","type":"image\/jpeg"}],"author":"admin","twitter_card":"summary_large_image","twitter_misc":{"Escrito por":"admin","Tiempo de lectura":"3 minutos"},"schema":{"@context":"https:\/\/schema.org","@graph":[{"@type":"Article","@id":"https:\/\/volcanes.net\/?p=2774#article","isPartOf":{"@id":"https:\/\/volcanes.net\/?p=2774"},"author":{"name":"admin","@id":"https:\/\/volcanes.net\/#\/schema\/person\/4bf0f383940966a4abd53f5048c0e6b9"},"headline":"F\u00edsico Jorge Flores, Doctor Honoris Causa por la UAEM","datePublished":"2018-10-29T21:13:39+00:00","mainEntityOfPage":{"@id":"https:\/\/volcanes.net\/?p=2774"},"wordCount":510,"commentCount":0,"publisher":{"@id":"https:\/\/volcanes.net\/#organization"},"image":{"@id":"https:\/\/volcanes.net\/?p=2774#primaryimage"},"thumbnailUrl":"https:\/\/volcanes.net\/wp-content\/uploads\/2018\/10\/comun-0897-12.jpg","keywords":["UAEM","UAEMEX"],"articleSection":["Municipales"],"inLanguage":"es","potentialAction":[{"@type":"CommentAction","name":"Comment","target":["https:\/\/volcanes.net\/?p=2774#respond"]}]},{"@type":"WebPage","@id":"https:\/\/volcanes.net\/?p=2774","url":"https:\/\/volcanes.net\/?p=2774","name":"F\u00edsico Jorge Flores, Doctor Honoris Causa por la UAEM - Volcanes","isPartOf":{"@id":"https:\/\/volcanes.net\/#website"},"primaryImageOfPage":{"@id":"https:\/\/volcanes.net\/?p=2774#primaryimage"},"image":{"@id":"https:\/\/volcanes.net\/?p=2774#primaryimage"},"thumbnailUrl":"https:\/\/volcanes.net\/wp-content\/uploads\/2018\/10\/comun-0897-12.jpg","datePublished":"2018-10-29T21:13:39+00:00","breadcrumb":{"@id":"https:\/\/volcanes.net\/?p=2774#breadcrumb"},"inLanguage":"es","potentialAction":[{"@type":"ReadAction","target":["https:\/\/volcanes.net\/?p=2774"]}]},{"@type":"ImageObject","inLanguage":"es","@id":"https:\/\/volcanes.net\/?p=2774#primaryimage","url":"https:\/\/volcanes.net\/wp-content\/uploads\/2018\/10\/comun-0897-12.jpg","contentUrl":"https:\/\/volcanes.net\/wp-content\/uploads\/2018\/10\/comun-0897-12.jpg","width":400,"height":266},{"@type":"BreadcrumbList","@id":"https:\/\/volcanes.net\/?p=2774#breadcrumb","itemListElement":[{"@type":"ListItem","position":1,"name":"Portada","item":"https:\/\/volcanes.net\/"},{"@type":"ListItem","position":2,"name":"F\u00edsico Jorge Flores, Doctor Honoris Causa por la UAEM"}]},{"@type":"WebSite","@id":"https:\/\/volcanes.net\/#website","url":"https:\/\/volcanes.net\/","name":"Volcanes.Net","description":"Periodismo Profesional","publisher":{"@id":"https:\/\/volcanes.net\/#organization"},"potentialAction":[{"@type":"SearchAction","target":{"@type":"EntryPoint","urlTemplate":"https:\/\/volcanes.net\/?s={search_term_string}"},"query-input":{"@type":"PropertyValueSpecification","valueRequired":true,"valueName":"search_term_string"}}],"inLanguage":"es"},{"@type":"Organization","@id":"https:\/\/volcanes.net\/#organization","name":"Grupo Volcanes","url":"https:\/\/volcanes.net\/","logo":{"@type":"ImageObject","inLanguage":"es","@id":"https:\/\/volcanes.net\/#\/schema\/logo\/image\/","url":"http:\/\/volcanes.net\/wp-content\/uploads\/2017\/12\/Avatar2.jpg","contentUrl":"http:\/\/volcanes.net\/wp-content\/uploads\/2017\/12\/Avatar2.jpg","width":378,"height":378,"caption":"Grupo Volcanes"},"image":{"@id":"https:\/\/volcanes.net\/#\/schema\/logo\/image\/"},"sameAs":["https:\/\/www.facebook.com\/volcanes.net\/"]},{"@type":"Person","@id":"https:\/\/volcanes.net\/#\/schema\/person\/4bf0f383940966a4abd53f5048c0e6b9","name":"admin","image":{"@type":"ImageObject","inLanguage":"es","@id":"https:\/\/volcanes.net\/#\/schema\/person\/image\/","url":"https:\/\/secure.gravatar.com\/avatar\/ca004e6cba8462b8cb7abc86e382930c?s=96&d=mm&r=g","contentUrl":"https:\/\/secure.gravatar.com\/avatar\/ca004e6cba8462b8cb7abc86e382930c?s=96&d=mm&r=g","caption":"admin"}}]}},"_links":{"self":[{"href":"https:\/\/volcanes.net\/index.php?rest_route=\/wp\/v2\/posts\/2774"}],"collection":[{"href":"https:\/\/volcanes.net\/index.php?rest_route=\/wp\/v2\/posts"}],"about":[{"href":"https:\/\/volcanes.net\/index.php?rest_route=\/wp\/v2\/types\/post"}],"author":[{"embeddable":true,"href":"https:\/\/volcanes.net\/index.php?rest_route=\/wp\/v2\/users\/1"}],"replies":[{"embeddable":true,"href":"https:\/\/volcanes.net\/index.php?rest_route=%2Fwp%2Fv2%2Fcomments&post=2774"}],"version-history":[{"count":1,"href":"https:\/\/volcanes.net\/index.php?rest_route=\/wp\/v2\/posts\/2774\/revisions"}],"predecessor-version":[{"id":2776,"href":"https:\/\/volcanes.net\/index.php?rest_route=\/wp\/v2\/posts\/2774\/revisions\/2776"}],"wp:featuredmedia":[{"embeddable":true,"href":"https:\/\/volcanes.net\/index.php?rest_route=\/wp\/v2\/media\/2775"}],"wp:attachment":[{"href":"https:\/\/volcanes.net\/index.php?rest_route=%2Fwp%2Fv2%2Fmedia&parent=2774"}],"wp:term":[{"taxonomy":"category","embeddable":true,"href":"https:\/\/volcanes.net\/index.php?rest_route=%2Fwp%2Fv2%2Fcategories&post=2774"},{"taxonomy":"post_tag","embeddable":true,"href":"https:\/\/volcanes.net\/index.php?rest_route=%2Fwp%2Fv2%2Ftags&post=2774"}],"curies":[{"name":"wp","href":"https:\/\/api.w.org\/{rel}","templated":true}]}}