{"id":279,"date":"2018-01-09T03:40:10","date_gmt":"2018-01-09T03:40:10","guid":{"rendered":"http:\/\/volcanes.net\/?p=279"},"modified":"2018-01-09T03:40:10","modified_gmt":"2018-01-09T03:40:10","slug":"gracias-a-red-vecinal-detiene-policia-municipal-de-nezahualcoyotl-a-sujeto-por-robo-de-equipo-de-computo-en-preescolar","status":"publish","type":"post","link":"https:\/\/volcanes.net\/?p=279","title":{"rendered":"Gracias a red vecinal, detiene polic\u00eda municipal de Nezahualc\u00f3yotl a sujeto por robo de equipo de c\u00f3mputo en preescolar"},"content":{"rendered":"<div style=\"margin-top: 0px; margin-bottom: 0px;\" class=\"sharethis-inline-share-buttons\" ><\/div><p>Gracias a integrantes de una Red Vecinal de Seguridad por Cuadra que alertaron oportunamente a elementos de la polic\u00eda municipal de Nezahualc\u00f3yotl sobre varios sujetos en actitud sospechosa en la entrada de un preescolar ubicado en la colonia Valle de Arag\u00f3n Primera Secci\u00f3n, fue posible la detenci\u00f3n de uno de ellos justo en el momento en el que intentaba escapar despu\u00e9s de haber sustra\u00eddo equipo de c\u00f3mputo del plantel educativo, as\u00ed lo inform\u00f3 Jorge Amador Amador, titular de la Direcci\u00f3n General de Seguridad Ciudadana local.<\/p>\n<p>&nbsp;<\/p>\n<p>El funcionario explic\u00f3 que agentes adscritos a la Polic\u00eda Vecinal de Proximidad que realizaban su patrullaje de vigilancia en calles de la colonia referida, recibieron una llamada al tel\u00e9fono de su unidad, en el que miembros de una Red Vecinal reportaron a sujetos en actitud irregular en la entrada de un k\u00ednder en la esquina de la calle Valle de Arriba y la avenida Valle de Zambezi, por lo que de inmediato se dirigieron al sitio para corroborar la situaci\u00f3n.<\/p>\n<p>&nbsp;<\/p>\n<p>Indic\u00f3 que al llegar al lugar los oficiales visualizaron sobre la banqueta en la puerta de entrada de la escuela un monitor y un CPU, y momentos despu\u00e9s, a un sujeto que saltaba la barda de adentro hacia afuera con dos monitores, mismo que al notar la presencia de los uniformados intent\u00f3 darse a la fuga, lo cual le fue imposible debido a la eficiente acci\u00f3n de los polic\u00edas quienes le cerraron el paso y lo arrestaron en el acto.<\/p>\n<p>&nbsp;<\/p>\n<p>Se\u00f1al\u00f3 que tras los hechos el hoy detenido, quien dijo llamarse Alexis Emanuel \u201cN\u201d \u201cN\u201d y ser residente de la delegaci\u00f3n Gustavo A. Madero en la Ciudad de M\u00e9xico, fue trasladado a la Agencia del Ministerio P\u00fablico para generar la carpeta de investigaci\u00f3n correspondiente, con la cual se determinar\u00e1 su situaci\u00f3n jur\u00eddica.<\/p>\n<p>&nbsp;<\/p>\n<p>Agreg\u00f3 que en el \u00e1rea de inteligencia de la polic\u00eda municipal ya se realizan las investigaciones pertinentes para dar con el paradero de los otros sujetos que participaron en el delito, a fin de que sean presentados ante las autoridades correspondientes y respondan por sus actos.<\/p>\n<p>&nbsp;<\/p>\n<p>Finalmente, Jorge Amador asegur\u00f3 que la colaboraci\u00f3n entre los ciudadanos y los polic\u00edas por medio de las Redes Vecinales es el arma m\u00e1s poderosa que se tiene en el municipio contra de los delincuentes, por lo que asegur\u00f3 que se seguir\u00e1 trabajando de la misma manera, al tiempo que exhort\u00f3 a todos los vecinos de la localidad a denunciar cualquier hecho il\u00edcito ya sea al 5743-4343, al n\u00famero de la patrulla de su cuadrante, o a trav\u00e9s de la aplicaci\u00f3n gratuita Neza Segura.<\/p>\n","protected":false},"excerpt":{"rendered":"<p>Gracias a integrantes de una Red Vecinal de Seguridad por Cuadra que alertaron oportunamente a<\/p>\n","protected":false},"author":1,"featured_media":280,"comment_status":"open","ping_status":"open","sticky":false,"template":"","format":"standard","meta":{"footnotes":""},"categories":[1],"tags":[21],"class_list":["post-279","post","type-post","status-publish","format-standard","has-post-thumbnail","hentry","category-municipales","tag-nezahualcoyotl"],"yoast_head":"<!-- This site is optimized with the Yoast SEO plugin v25.3 - https:\/\/yoast.com\/wordpress\/plugins\/seo\/ -->\n<title>Gracias a red vecinal, detiene polic\u00eda municipal de Nezahualc\u00f3yotl a sujeto por robo de equipo de c\u00f3mputo en preescolar - Volcanes<\/title>\n<meta name=\"robots\" content=\"index, follow, max-snippet:-1, max-image-preview:large, max-video-preview:-1\" \/>\n<link rel=\"canonical\" href=\"https:\/\/volcanes.net\/?p=279\" \/>\n<meta property=\"og:locale\" content=\"es_MX\" \/>\n<meta property=\"og:type\" content=\"article\" \/>\n<meta property=\"og:title\" content=\"Gracias a red vecinal, detiene polic\u00eda municipal de Nezahualc\u00f3yotl a sujeto por robo de equipo de c\u00f3mputo en preescolar - Volcanes\" \/>\n<meta property=\"og:description\" content=\"Gracias a integrantes de una Red Vecinal de Seguridad por Cuadra que alertaron oportunamente a\" \/>\n<meta property=\"og:url\" content=\"https:\/\/volcanes.net\/?p=279\" \/>\n<meta property=\"og:site_name\" content=\"Volcanes\" \/>\n<meta property=\"article:publisher\" content=\"https:\/\/www.facebook.com\/volcanes.net\/\" \/>\n<meta property=\"article:published_time\" content=\"2018-01-09T03:40:10+00:00\" \/>\n<meta property=\"og:image\" content=\"https:\/\/volcanes.net\/wp-content\/uploads\/2018\/01\/Equipo-de-c\u00f3mputo-robado.jpeg\" \/>\n\t<meta property=\"og:image:width\" content=\"421\" \/>\n\t<meta property=\"og:image:height\" content=\"336\" \/>\n\t<meta property=\"og:image:type\" content=\"image\/jpeg\" \/>\n<meta name=\"author\" content=\"admin\" \/>\n<meta name=\"twitter:card\" content=\"summary_large_image\" \/>\n<meta name=\"twitter:label1\" content=\"Escrito por\" \/>\n\t<meta name=\"twitter:data1\" content=\"admin\" \/>\n\t<meta name=\"twitter:label2\" content=\"Tiempo de lectura\" \/>\n\t<meta name=\"twitter:data2\" content=\"2 minutos\" \/>\n<script type=\"application\/ld+json\" class=\"yoast-schema-graph\">{\"@context\":\"https:\/\/schema.org\",\"@graph\":[{\"@type\":\"Article\",\"@id\":\"https:\/\/volcanes.net\/?p=279#article\",\"isPartOf\":{\"@id\":\"https:\/\/volcanes.net\/?p=279\"},\"author\":{\"name\":\"admin\",\"@id\":\"https:\/\/volcanes.net\/#\/schema\/person\/4bf0f383940966a4abd53f5048c0e6b9\"},\"headline\":\"Gracias a red vecinal, detiene polic\u00eda municipal de Nezahualc\u00f3yotl a sujeto por robo de equipo de c\u00f3mputo en preescolar\",\"datePublished\":\"2018-01-09T03:40:10+00:00\",\"mainEntityOfPage\":{\"@id\":\"https:\/\/volcanes.net\/?p=279\"},\"wordCount\":484,\"commentCount\":0,\"publisher\":{\"@id\":\"https:\/\/volcanes.net\/#organization\"},\"image\":{\"@id\":\"https:\/\/volcanes.net\/?p=279#primaryimage\"},\"thumbnailUrl\":\"https:\/\/volcanes.net\/wp-content\/uploads\/2018\/01\/Equipo-de-c\u00f3mputo-robado.jpeg\",\"keywords\":[\"Nezahualc\u00f3yotl\"],\"articleSection\":[\"Municipales\"],\"inLanguage\":\"es\",\"potentialAction\":[{\"@type\":\"CommentAction\",\"name\":\"Comment\",\"target\":[\"https:\/\/volcanes.net\/?p=279#respond\"]}]},{\"@type\":\"WebPage\",\"@id\":\"https:\/\/volcanes.net\/?p=279\",\"url\":\"https:\/\/volcanes.net\/?p=279\",\"name\":\"Gracias a red vecinal, detiene polic\u00eda municipal de Nezahualc\u00f3yotl a sujeto por robo de equipo de c\u00f3mputo en preescolar - Volcanes\",\"isPartOf\":{\"@id\":\"https:\/\/volcanes.net\/#website\"},\"primaryImageOfPage\":{\"@id\":\"https:\/\/volcanes.net\/?p=279#primaryimage\"},\"image\":{\"@id\":\"https:\/\/volcanes.net\/?p=279#primaryimage\"},\"thumbnailUrl\":\"https:\/\/volcanes.net\/wp-content\/uploads\/2018\/01\/Equipo-de-c\u00f3mputo-robado.jpeg\",\"datePublished\":\"2018-01-09T03:40:10+00:00\",\"breadcrumb\":{\"@id\":\"https:\/\/volcanes.net\/?p=279#breadcrumb\"},\"inLanguage\":\"es\",\"potentialAction\":[{\"@type\":\"ReadAction\",\"target\":[\"https:\/\/volcanes.net\/?p=279\"]}]},{\"@type\":\"ImageObject\",\"inLanguage\":\"es\",\"@id\":\"https:\/\/volcanes.net\/?p=279#primaryimage\",\"url\":\"https:\/\/volcanes.net\/wp-content\/uploads\/2018\/01\/Equipo-de-c\u00f3mputo-robado.jpeg\",\"contentUrl\":\"https:\/\/volcanes.net\/wp-content\/uploads\/2018\/01\/Equipo-de-c\u00f3mputo-robado.jpeg\",\"width\":421,\"height\":336},{\"@type\":\"BreadcrumbList\",\"@id\":\"https:\/\/volcanes.net\/?p=279#breadcrumb\",\"itemListElement\":[{\"@type\":\"ListItem\",\"position\":1,\"name\":\"Portada\",\"item\":\"https:\/\/volcanes.net\/\"},{\"@type\":\"ListItem\",\"position\":2,\"name\":\"Gracias a red vecinal, detiene polic\u00eda municipal de Nezahualc\u00f3yotl a sujeto por robo de equipo de c\u00f3mputo en preescolar\"}]},{\"@type\":\"WebSite\",\"@id\":\"https:\/\/volcanes.net\/#website\",\"url\":\"https:\/\/volcanes.net\/\",\"name\":\"Volcanes.Net\",\"description\":\"Periodismo Profesional\",\"publisher\":{\"@id\":\"https:\/\/volcanes.net\/#organization\"},\"potentialAction\":[{\"@type\":\"SearchAction\",\"target\":{\"@type\":\"EntryPoint\",\"urlTemplate\":\"https:\/\/volcanes.net\/?s={search_term_string}\"},\"query-input\":{\"@type\":\"PropertyValueSpecification\",\"valueRequired\":true,\"valueName\":\"search_term_string\"}}],\"inLanguage\":\"es\"},{\"@type\":\"Organization\",\"@id\":\"https:\/\/volcanes.net\/#organization\",\"name\":\"Grupo Volcanes\",\"url\":\"https:\/\/volcanes.net\/\",\"logo\":{\"@type\":\"ImageObject\",\"inLanguage\":\"es\",\"@id\":\"https:\/\/volcanes.net\/#\/schema\/logo\/image\/\",\"url\":\"http:\/\/volcanes.net\/wp-content\/uploads\/2017\/12\/Avatar2.jpg\",\"contentUrl\":\"http:\/\/volcanes.net\/wp-content\/uploads\/2017\/12\/Avatar2.jpg\",\"width\":378,\"height\":378,\"caption\":\"Grupo Volcanes\"},\"image\":{\"@id\":\"https:\/\/volcanes.net\/#\/schema\/logo\/image\/\"},\"sameAs\":[\"https:\/\/www.facebook.com\/volcanes.net\/\"]},{\"@type\":\"Person\",\"@id\":\"https:\/\/volcanes.net\/#\/schema\/person\/4bf0f383940966a4abd53f5048c0e6b9\",\"name\":\"admin\",\"image\":{\"@type\":\"ImageObject\",\"inLanguage\":\"es\",\"@id\":\"https:\/\/volcanes.net\/#\/schema\/person\/image\/\",\"url\":\"https:\/\/secure.gravatar.com\/avatar\/ca004e6cba8462b8cb7abc86e382930c?s=96&d=mm&r=g\",\"contentUrl\":\"https:\/\/secure.gravatar.com\/avatar\/ca004e6cba8462b8cb7abc86e382930c?s=96&d=mm&r=g\",\"caption\":\"admin\"}}]}<\/script>\n<!-- \/ Yoast SEO plugin. -->","yoast_head_json":{"title":"Gracias a red vecinal, detiene polic\u00eda municipal de Nezahualc\u00f3yotl a sujeto por robo de equipo de c\u00f3mputo en preescolar - Volcanes","robots":{"index":"index","follow":"follow","max-snippet":"max-snippet:-1","max-image-preview":"max-image-preview:large","max-video-preview":"max-video-preview:-1"},"canonical":"https:\/\/volcanes.net\/?p=279","og_locale":"es_MX","og_type":"article","og_title":"Gracias a red vecinal, detiene polic\u00eda municipal de Nezahualc\u00f3yotl a sujeto por robo de equipo de c\u00f3mputo en preescolar - Volcanes","og_description":"Gracias a integrantes de una Red Vecinal de Seguridad por Cuadra que alertaron oportunamente a","og_url":"https:\/\/volcanes.net\/?p=279","og_site_name":"Volcanes","article_publisher":"https:\/\/www.facebook.com\/volcanes.net\/","article_published_time":"2018-01-09T03:40:10+00:00","og_image":[{"width":421,"height":336,"url":"https:\/\/volcanes.net\/wp-content\/uploads\/2018\/01\/Equipo-de-c\u00f3mputo-robado.jpeg","type":"image\/jpeg"}],"author":"admin","twitter_card":"summary_large_image","twitter_misc":{"Escrito por":"admin","Tiempo de lectura":"2 minutos"},"schema":{"@context":"https:\/\/schema.org","@graph":[{"@type":"Article","@id":"https:\/\/volcanes.net\/?p=279#article","isPartOf":{"@id":"https:\/\/volcanes.net\/?p=279"},"author":{"name":"admin","@id":"https:\/\/volcanes.net\/#\/schema\/person\/4bf0f383940966a4abd53f5048c0e6b9"},"headline":"Gracias a red vecinal, detiene polic\u00eda municipal de Nezahualc\u00f3yotl a sujeto por robo de equipo de c\u00f3mputo en preescolar","datePublished":"2018-01-09T03:40:10+00:00","mainEntityOfPage":{"@id":"https:\/\/volcanes.net\/?p=279"},"wordCount":484,"commentCount":0,"publisher":{"@id":"https:\/\/volcanes.net\/#organization"},"image":{"@id":"https:\/\/volcanes.net\/?p=279#primaryimage"},"thumbnailUrl":"https:\/\/volcanes.net\/wp-content\/uploads\/2018\/01\/Equipo-de-c\u00f3mputo-robado.jpeg","keywords":["Nezahualc\u00f3yotl"],"articleSection":["Municipales"],"inLanguage":"es","potentialAction":[{"@type":"CommentAction","name":"Comment","target":["https:\/\/volcanes.net\/?p=279#respond"]}]},{"@type":"WebPage","@id":"https:\/\/volcanes.net\/?p=279","url":"https:\/\/volcanes.net\/?p=279","name":"Gracias a red vecinal, detiene polic\u00eda municipal de Nezahualc\u00f3yotl a sujeto por robo de equipo de c\u00f3mputo en preescolar - Volcanes","isPartOf":{"@id":"https:\/\/volcanes.net\/#website"},"primaryImageOfPage":{"@id":"https:\/\/volcanes.net\/?p=279#primaryimage"},"image":{"@id":"https:\/\/volcanes.net\/?p=279#primaryimage"},"thumbnailUrl":"https:\/\/volcanes.net\/wp-content\/uploads\/2018\/01\/Equipo-de-c\u00f3mputo-robado.jpeg","datePublished":"2018-01-09T03:40:10+00:00","breadcrumb":{"@id":"https:\/\/volcanes.net\/?p=279#breadcrumb"},"inLanguage":"es","potentialAction":[{"@type":"ReadAction","target":["https:\/\/volcanes.net\/?p=279"]}]},{"@type":"ImageObject","inLanguage":"es","@id":"https:\/\/volcanes.net\/?p=279#primaryimage","url":"https:\/\/volcanes.net\/wp-content\/uploads\/2018\/01\/Equipo-de-c\u00f3mputo-robado.jpeg","contentUrl":"https:\/\/volcanes.net\/wp-content\/uploads\/2018\/01\/Equipo-de-c\u00f3mputo-robado.jpeg","width":421,"height":336},{"@type":"BreadcrumbList","@id":"https:\/\/volcanes.net\/?p=279#breadcrumb","itemListElement":[{"@type":"ListItem","position":1,"name":"Portada","item":"https:\/\/volcanes.net\/"},{"@type":"ListItem","position":2,"name":"Gracias a red vecinal, detiene polic\u00eda municipal de Nezahualc\u00f3yotl a sujeto por robo de equipo de c\u00f3mputo en preescolar"}]},{"@type":"WebSite","@id":"https:\/\/volcanes.net\/#website","url":"https:\/\/volcanes.net\/","name":"Volcanes.Net","description":"Periodismo Profesional","publisher":{"@id":"https:\/\/volcanes.net\/#organization"},"potentialAction":[{"@type":"SearchAction","target":{"@type":"EntryPoint","urlTemplate":"https:\/\/volcanes.net\/?s={search_term_string}"},"query-input":{"@type":"PropertyValueSpecification","valueRequired":true,"valueName":"search_term_string"}}],"inLanguage":"es"},{"@type":"Organization","@id":"https:\/\/volcanes.net\/#organization","name":"Grupo Volcanes","url":"https:\/\/volcanes.net\/","logo":{"@type":"ImageObject","inLanguage":"es","@id":"https:\/\/volcanes.net\/#\/schema\/logo\/image\/","url":"http:\/\/volcanes.net\/wp-content\/uploads\/2017\/12\/Avatar2.jpg","contentUrl":"http:\/\/volcanes.net\/wp-content\/uploads\/2017\/12\/Avatar2.jpg","width":378,"height":378,"caption":"Grupo Volcanes"},"image":{"@id":"https:\/\/volcanes.net\/#\/schema\/logo\/image\/"},"sameAs":["https:\/\/www.facebook.com\/volcanes.net\/"]},{"@type":"Person","@id":"https:\/\/volcanes.net\/#\/schema\/person\/4bf0f383940966a4abd53f5048c0e6b9","name":"admin","image":{"@type":"ImageObject","inLanguage":"es","@id":"https:\/\/volcanes.net\/#\/schema\/person\/image\/","url":"https:\/\/secure.gravatar.com\/avatar\/ca004e6cba8462b8cb7abc86e382930c?s=96&d=mm&r=g","contentUrl":"https:\/\/secure.gravatar.com\/avatar\/ca004e6cba8462b8cb7abc86e382930c?s=96&d=mm&r=g","caption":"admin"}}]}},"_links":{"self":[{"href":"https:\/\/volcanes.net\/index.php?rest_route=\/wp\/v2\/posts\/279"}],"collection":[{"href":"https:\/\/volcanes.net\/index.php?rest_route=\/wp\/v2\/posts"}],"about":[{"href":"https:\/\/volcanes.net\/index.php?rest_route=\/wp\/v2\/types\/post"}],"author":[{"embeddable":true,"href":"https:\/\/volcanes.net\/index.php?rest_route=\/wp\/v2\/users\/1"}],"replies":[{"embeddable":true,"href":"https:\/\/volcanes.net\/index.php?rest_route=%2Fwp%2Fv2%2Fcomments&post=279"}],"version-history":[{"count":1,"href":"https:\/\/volcanes.net\/index.php?rest_route=\/wp\/v2\/posts\/279\/revisions"}],"predecessor-version":[{"id":281,"href":"https:\/\/volcanes.net\/index.php?rest_route=\/wp\/v2\/posts\/279\/revisions\/281"}],"wp:featuredmedia":[{"embeddable":true,"href":"https:\/\/volcanes.net\/index.php?rest_route=\/wp\/v2\/media\/280"}],"wp:attachment":[{"href":"https:\/\/volcanes.net\/index.php?rest_route=%2Fwp%2Fv2%2Fmedia&parent=279"}],"wp:term":[{"taxonomy":"category","embeddable":true,"href":"https:\/\/volcanes.net\/index.php?rest_route=%2Fwp%2Fv2%2Fcategories&post=279"},{"taxonomy":"post_tag","embeddable":true,"href":"https:\/\/volcanes.net\/index.php?rest_route=%2Fwp%2Fv2%2Ftags&post=279"}],"curies":[{"name":"wp","href":"https:\/\/api.w.org\/{rel}","templated":true}]}}