{"id":2792,"date":"2018-10-29T23:21:44","date_gmt":"2018-10-29T23:21:44","guid":{"rendered":"http:\/\/volcanes.net\/?p=2792"},"modified":"2018-10-29T23:21:44","modified_gmt":"2018-10-29T23:21:44","slug":"uaem-e-inba-presentaron-sinfonia-para-las-almas","status":"publish","type":"post","link":"https:\/\/volcanes.net\/?p=2792","title":{"rendered":"UAEM e INBA presentaron \u201cSinfon\u00eda para las Almas\u201d"},"content":{"rendered":"<div style=\"margin-top: 0px; margin-bottom: 0px;\" class=\"sharethis-inline-share-buttons\" ><\/div><p style=\"font-weight: 400\">\n<ul>\n<li style=\"font-weight: 400\"><em>Este espect\u00e1culo sum\u00f3 el talento y excelencia de la Orquesta Sinf\u00f3nica Juvenil de la Aut\u00f3noma del mexiquense (OSJUAEM) y el Ballet de la Escuela Nacional de Danza Folkl\u00f3rica del INBA.<\/em><\/li>\n<\/ul>\n<p style=\"font-weight: 400\"><em>\u00a0<\/em><\/p>\n<p style=\"font-weight: 400\"><strong>Toluca, M\u00e9x. \u2013 29 de octubre de 2018.<\/strong>\u00a0La Orquesta Sinf\u00f3nica Juvenil de la Universidad Aut\u00f3noma del Estado de M\u00e9xico (OSJUAEM) y el Ballet de la Escuela Nacional de Danza Folkl\u00f3rica del Instituto Nacional de Bellas Artes (INBA) presentaron el pasado s\u00e1bado, en el Teatro \u201cMorelos\u201d de la ciudad de Toluca, \u201cSinfon\u00eda para las Almas\u201d.<\/p>\n<p style=\"font-weight: 400\">\u00a0\u00a0\u00a0\u00a0\u00a0\u00a0\u00a0\u00a0\u00a0\u00a0\u00a0 La directora de la OSJUAEM, Hilda Saquicoray \u00c1vila, indic\u00f3 que este espect\u00e1culo, que cont\u00f3 con un lleno total, sum\u00f3 el talento y excelencia de dos agrupaciones juveniles, con el objetivo de apoyar a que m\u00e1s j\u00f3venes contin\u00faen con sus estudios y metas profesionales.<\/p>\n<p style=\"font-weight: 400\">\u201cHicimos un gran esfuerzo, trabajamos mucho para montar un gran espect\u00e1culo, que afortunadamente tuvo una respuesta favorable por parte del p\u00fablico\u201d.<\/p>\n<p style=\"font-weight: 400\">Al asistir a la funci\u00f3n, el rector de la UAEM, Alfredo Barrera Baca, y el presidente de la Fundaci\u00f3n UAEMex, Emilio Chuayffet Chemor, reconocieron el esfuerzo de ambas agrupaciones art\u00edsticas y la directora de la OSJUAEM, Hilda Saquicoray \u00c1vila; el director de la Escuela Nacional de Danza Folkl\u00f3rica del INBA, Julio C\u00e9sar Quintero Hern\u00e1ndez, y el representante del Ballet, Manuel Isa\u00edas \u00c1ngel Mariano.<\/p>\n<p style=\"font-weight: 400\">La directora ejecutiva de la Fundaci\u00f3n UAEMex, Aurora L\u00f3pez Ovando, destac\u00f3 que la organizaci\u00f3n de \u201cSinfon\u00eda para las Almas\u201d, conmemorativo al D\u00eda de Muertos, tuvo como objetivo recaudar fondos para apoyar a los estudiantes de la Aut\u00f3noma mexiquense con becas de titulaci\u00f3n y movilidad internacional.<\/p>\n<p style=\"font-weight: 400\">L\u00f3pez Ovando adelant\u00f3 que la Fundaci\u00f3n UAEM\u00e9x continuar\u00e1 organizando actividades culturales y art\u00edsticas, con el prop\u00f3sito de recabar recursos para apoyar a los estudiantes de la Universidad Aut\u00f3noma del Estado de M\u00e9xico.<\/p>\n","protected":false},"excerpt":{"rendered":"<p>Este espect\u00e1culo sum\u00f3 el talento y excelencia de la Orquesta Sinf\u00f3nica Juvenil de la Aut\u00f3noma<\/p>\n","protected":false},"author":1,"featured_media":2793,"comment_status":"open","ping_status":"open","sticky":false,"template":"","format":"standard","meta":{"footnotes":""},"categories":[1],"tags":[41,24],"class_list":["post-2792","post","type-post","status-publish","format-standard","has-post-thumbnail","hentry","category-municipales","tag-toluca","tag-uaemex"],"yoast_head":"<!-- This site is optimized with the Yoast SEO plugin v25.3 - https:\/\/yoast.com\/wordpress\/plugins\/seo\/ -->\n<title>UAEM e INBA presentaron \u201cSinfon\u00eda para las Almas\u201d - Volcanes<\/title>\n<meta name=\"robots\" content=\"index, follow, max-snippet:-1, max-image-preview:large, max-video-preview:-1\" \/>\n<link rel=\"canonical\" href=\"https:\/\/volcanes.net\/?p=2792\" \/>\n<meta property=\"og:locale\" content=\"es_MX\" \/>\n<meta property=\"og:type\" content=\"article\" \/>\n<meta property=\"og:title\" content=\"UAEM e INBA presentaron \u201cSinfon\u00eda para las Almas\u201d - Volcanes\" \/>\n<meta property=\"og:description\" content=\"Este espect\u00e1culo sum\u00f3 el talento y excelencia de la Orquesta Sinf\u00f3nica Juvenil de la Aut\u00f3noma\" \/>\n<meta property=\"og:url\" content=\"https:\/\/volcanes.net\/?p=2792\" \/>\n<meta property=\"og:site_name\" content=\"Volcanes\" \/>\n<meta property=\"article:publisher\" content=\"https:\/\/www.facebook.com\/volcanes.net\/\" \/>\n<meta property=\"article:published_time\" content=\"2018-10-29T23:21:44+00:00\" \/>\n<meta property=\"og:image\" content=\"https:\/\/volcanes.net\/wp-content\/uploads\/2018\/10\/Comun-901-12.jpg\" \/>\n\t<meta property=\"og:image:width\" content=\"400\" \/>\n\t<meta property=\"og:image:height\" content=\"266\" \/>\n\t<meta property=\"og:image:type\" content=\"image\/jpeg\" \/>\n<meta name=\"author\" content=\"admin\" \/>\n<meta name=\"twitter:card\" content=\"summary_large_image\" \/>\n<meta name=\"twitter:label1\" content=\"Escrito por\" \/>\n\t<meta name=\"twitter:data1\" content=\"admin\" \/>\n\t<meta name=\"twitter:label2\" content=\"Tiempo de lectura\" \/>\n\t<meta name=\"twitter:data2\" content=\"2 minutos\" \/>\n<script type=\"application\/ld+json\" class=\"yoast-schema-graph\">{\"@context\":\"https:\/\/schema.org\",\"@graph\":[{\"@type\":\"Article\",\"@id\":\"https:\/\/volcanes.net\/?p=2792#article\",\"isPartOf\":{\"@id\":\"https:\/\/volcanes.net\/?p=2792\"},\"author\":{\"name\":\"admin\",\"@id\":\"https:\/\/volcanes.net\/#\/schema\/person\/4bf0f383940966a4abd53f5048c0e6b9\"},\"headline\":\"UAEM e INBA presentaron \u201cSinfon\u00eda para las Almas\u201d\",\"datePublished\":\"2018-10-29T23:21:44+00:00\",\"mainEntityOfPage\":{\"@id\":\"https:\/\/volcanes.net\/?p=2792\"},\"wordCount\":333,\"commentCount\":0,\"publisher\":{\"@id\":\"https:\/\/volcanes.net\/#organization\"},\"image\":{\"@id\":\"https:\/\/volcanes.net\/?p=2792#primaryimage\"},\"thumbnailUrl\":\"https:\/\/volcanes.net\/wp-content\/uploads\/2018\/10\/Comun-901-12.jpg\",\"keywords\":[\"Toluca\",\"UAEMEX\"],\"articleSection\":[\"Municipales\"],\"inLanguage\":\"es\",\"potentialAction\":[{\"@type\":\"CommentAction\",\"name\":\"Comment\",\"target\":[\"https:\/\/volcanes.net\/?p=2792#respond\"]}]},{\"@type\":\"WebPage\",\"@id\":\"https:\/\/volcanes.net\/?p=2792\",\"url\":\"https:\/\/volcanes.net\/?p=2792\",\"name\":\"UAEM e INBA presentaron \u201cSinfon\u00eda para las Almas\u201d - Volcanes\",\"isPartOf\":{\"@id\":\"https:\/\/volcanes.net\/#website\"},\"primaryImageOfPage\":{\"@id\":\"https:\/\/volcanes.net\/?p=2792#primaryimage\"},\"image\":{\"@id\":\"https:\/\/volcanes.net\/?p=2792#primaryimage\"},\"thumbnailUrl\":\"https:\/\/volcanes.net\/wp-content\/uploads\/2018\/10\/Comun-901-12.jpg\",\"datePublished\":\"2018-10-29T23:21:44+00:00\",\"breadcrumb\":{\"@id\":\"https:\/\/volcanes.net\/?p=2792#breadcrumb\"},\"inLanguage\":\"es\",\"potentialAction\":[{\"@type\":\"ReadAction\",\"target\":[\"https:\/\/volcanes.net\/?p=2792\"]}]},{\"@type\":\"ImageObject\",\"inLanguage\":\"es\",\"@id\":\"https:\/\/volcanes.net\/?p=2792#primaryimage\",\"url\":\"https:\/\/volcanes.net\/wp-content\/uploads\/2018\/10\/Comun-901-12.jpg\",\"contentUrl\":\"https:\/\/volcanes.net\/wp-content\/uploads\/2018\/10\/Comun-901-12.jpg\",\"width\":400,\"height\":266},{\"@type\":\"BreadcrumbList\",\"@id\":\"https:\/\/volcanes.net\/?p=2792#breadcrumb\",\"itemListElement\":[{\"@type\":\"ListItem\",\"position\":1,\"name\":\"Portada\",\"item\":\"https:\/\/volcanes.net\/\"},{\"@type\":\"ListItem\",\"position\":2,\"name\":\"UAEM e INBA presentaron \u201cSinfon\u00eda para las Almas\u201d\"}]},{\"@type\":\"WebSite\",\"@id\":\"https:\/\/volcanes.net\/#website\",\"url\":\"https:\/\/volcanes.net\/\",\"name\":\"Volcanes.Net\",\"description\":\"Periodismo Profesional\",\"publisher\":{\"@id\":\"https:\/\/volcanes.net\/#organization\"},\"potentialAction\":[{\"@type\":\"SearchAction\",\"target\":{\"@type\":\"EntryPoint\",\"urlTemplate\":\"https:\/\/volcanes.net\/?s={search_term_string}\"},\"query-input\":{\"@type\":\"PropertyValueSpecification\",\"valueRequired\":true,\"valueName\":\"search_term_string\"}}],\"inLanguage\":\"es\"},{\"@type\":\"Organization\",\"@id\":\"https:\/\/volcanes.net\/#organization\",\"name\":\"Grupo Volcanes\",\"url\":\"https:\/\/volcanes.net\/\",\"logo\":{\"@type\":\"ImageObject\",\"inLanguage\":\"es\",\"@id\":\"https:\/\/volcanes.net\/#\/schema\/logo\/image\/\",\"url\":\"http:\/\/volcanes.net\/wp-content\/uploads\/2017\/12\/Avatar2.jpg\",\"contentUrl\":\"http:\/\/volcanes.net\/wp-content\/uploads\/2017\/12\/Avatar2.jpg\",\"width\":378,\"height\":378,\"caption\":\"Grupo Volcanes\"},\"image\":{\"@id\":\"https:\/\/volcanes.net\/#\/schema\/logo\/image\/\"},\"sameAs\":[\"https:\/\/www.facebook.com\/volcanes.net\/\"]},{\"@type\":\"Person\",\"@id\":\"https:\/\/volcanes.net\/#\/schema\/person\/4bf0f383940966a4abd53f5048c0e6b9\",\"name\":\"admin\",\"image\":{\"@type\":\"ImageObject\",\"inLanguage\":\"es\",\"@id\":\"https:\/\/volcanes.net\/#\/schema\/person\/image\/\",\"url\":\"https:\/\/secure.gravatar.com\/avatar\/ca004e6cba8462b8cb7abc86e382930c?s=96&d=mm&r=g\",\"contentUrl\":\"https:\/\/secure.gravatar.com\/avatar\/ca004e6cba8462b8cb7abc86e382930c?s=96&d=mm&r=g\",\"caption\":\"admin\"}}]}<\/script>\n<!-- \/ Yoast SEO plugin. -->","yoast_head_json":{"title":"UAEM e INBA presentaron \u201cSinfon\u00eda para las Almas\u201d - Volcanes","robots":{"index":"index","follow":"follow","max-snippet":"max-snippet:-1","max-image-preview":"max-image-preview:large","max-video-preview":"max-video-preview:-1"},"canonical":"https:\/\/volcanes.net\/?p=2792","og_locale":"es_MX","og_type":"article","og_title":"UAEM e INBA presentaron \u201cSinfon\u00eda para las Almas\u201d - Volcanes","og_description":"Este espect\u00e1culo sum\u00f3 el talento y excelencia de la Orquesta Sinf\u00f3nica Juvenil de la Aut\u00f3noma","og_url":"https:\/\/volcanes.net\/?p=2792","og_site_name":"Volcanes","article_publisher":"https:\/\/www.facebook.com\/volcanes.net\/","article_published_time":"2018-10-29T23:21:44+00:00","og_image":[{"width":400,"height":266,"url":"https:\/\/volcanes.net\/wp-content\/uploads\/2018\/10\/Comun-901-12.jpg","type":"image\/jpeg"}],"author":"admin","twitter_card":"summary_large_image","twitter_misc":{"Escrito por":"admin","Tiempo de lectura":"2 minutos"},"schema":{"@context":"https:\/\/schema.org","@graph":[{"@type":"Article","@id":"https:\/\/volcanes.net\/?p=2792#article","isPartOf":{"@id":"https:\/\/volcanes.net\/?p=2792"},"author":{"name":"admin","@id":"https:\/\/volcanes.net\/#\/schema\/person\/4bf0f383940966a4abd53f5048c0e6b9"},"headline":"UAEM e INBA presentaron \u201cSinfon\u00eda para las Almas\u201d","datePublished":"2018-10-29T23:21:44+00:00","mainEntityOfPage":{"@id":"https:\/\/volcanes.net\/?p=2792"},"wordCount":333,"commentCount":0,"publisher":{"@id":"https:\/\/volcanes.net\/#organization"},"image":{"@id":"https:\/\/volcanes.net\/?p=2792#primaryimage"},"thumbnailUrl":"https:\/\/volcanes.net\/wp-content\/uploads\/2018\/10\/Comun-901-12.jpg","keywords":["Toluca","UAEMEX"],"articleSection":["Municipales"],"inLanguage":"es","potentialAction":[{"@type":"CommentAction","name":"Comment","target":["https:\/\/volcanes.net\/?p=2792#respond"]}]},{"@type":"WebPage","@id":"https:\/\/volcanes.net\/?p=2792","url":"https:\/\/volcanes.net\/?p=2792","name":"UAEM e INBA presentaron \u201cSinfon\u00eda para las Almas\u201d - Volcanes","isPartOf":{"@id":"https:\/\/volcanes.net\/#website"},"primaryImageOfPage":{"@id":"https:\/\/volcanes.net\/?p=2792#primaryimage"},"image":{"@id":"https:\/\/volcanes.net\/?p=2792#primaryimage"},"thumbnailUrl":"https:\/\/volcanes.net\/wp-content\/uploads\/2018\/10\/Comun-901-12.jpg","datePublished":"2018-10-29T23:21:44+00:00","breadcrumb":{"@id":"https:\/\/volcanes.net\/?p=2792#breadcrumb"},"inLanguage":"es","potentialAction":[{"@type":"ReadAction","target":["https:\/\/volcanes.net\/?p=2792"]}]},{"@type":"ImageObject","inLanguage":"es","@id":"https:\/\/volcanes.net\/?p=2792#primaryimage","url":"https:\/\/volcanes.net\/wp-content\/uploads\/2018\/10\/Comun-901-12.jpg","contentUrl":"https:\/\/volcanes.net\/wp-content\/uploads\/2018\/10\/Comun-901-12.jpg","width":400,"height":266},{"@type":"BreadcrumbList","@id":"https:\/\/volcanes.net\/?p=2792#breadcrumb","itemListElement":[{"@type":"ListItem","position":1,"name":"Portada","item":"https:\/\/volcanes.net\/"},{"@type":"ListItem","position":2,"name":"UAEM e INBA presentaron \u201cSinfon\u00eda para las Almas\u201d"}]},{"@type":"WebSite","@id":"https:\/\/volcanes.net\/#website","url":"https:\/\/volcanes.net\/","name":"Volcanes.Net","description":"Periodismo Profesional","publisher":{"@id":"https:\/\/volcanes.net\/#organization"},"potentialAction":[{"@type":"SearchAction","target":{"@type":"EntryPoint","urlTemplate":"https:\/\/volcanes.net\/?s={search_term_string}"},"query-input":{"@type":"PropertyValueSpecification","valueRequired":true,"valueName":"search_term_string"}}],"inLanguage":"es"},{"@type":"Organization","@id":"https:\/\/volcanes.net\/#organization","name":"Grupo Volcanes","url":"https:\/\/volcanes.net\/","logo":{"@type":"ImageObject","inLanguage":"es","@id":"https:\/\/volcanes.net\/#\/schema\/logo\/image\/","url":"http:\/\/volcanes.net\/wp-content\/uploads\/2017\/12\/Avatar2.jpg","contentUrl":"http:\/\/volcanes.net\/wp-content\/uploads\/2017\/12\/Avatar2.jpg","width":378,"height":378,"caption":"Grupo Volcanes"},"image":{"@id":"https:\/\/volcanes.net\/#\/schema\/logo\/image\/"},"sameAs":["https:\/\/www.facebook.com\/volcanes.net\/"]},{"@type":"Person","@id":"https:\/\/volcanes.net\/#\/schema\/person\/4bf0f383940966a4abd53f5048c0e6b9","name":"admin","image":{"@type":"ImageObject","inLanguage":"es","@id":"https:\/\/volcanes.net\/#\/schema\/person\/image\/","url":"https:\/\/secure.gravatar.com\/avatar\/ca004e6cba8462b8cb7abc86e382930c?s=96&d=mm&r=g","contentUrl":"https:\/\/secure.gravatar.com\/avatar\/ca004e6cba8462b8cb7abc86e382930c?s=96&d=mm&r=g","caption":"admin"}}]}},"_links":{"self":[{"href":"https:\/\/volcanes.net\/index.php?rest_route=\/wp\/v2\/posts\/2792"}],"collection":[{"href":"https:\/\/volcanes.net\/index.php?rest_route=\/wp\/v2\/posts"}],"about":[{"href":"https:\/\/volcanes.net\/index.php?rest_route=\/wp\/v2\/types\/post"}],"author":[{"embeddable":true,"href":"https:\/\/volcanes.net\/index.php?rest_route=\/wp\/v2\/users\/1"}],"replies":[{"embeddable":true,"href":"https:\/\/volcanes.net\/index.php?rest_route=%2Fwp%2Fv2%2Fcomments&post=2792"}],"version-history":[{"count":1,"href":"https:\/\/volcanes.net\/index.php?rest_route=\/wp\/v2\/posts\/2792\/revisions"}],"predecessor-version":[{"id":2794,"href":"https:\/\/volcanes.net\/index.php?rest_route=\/wp\/v2\/posts\/2792\/revisions\/2794"}],"wp:featuredmedia":[{"embeddable":true,"href":"https:\/\/volcanes.net\/index.php?rest_route=\/wp\/v2\/media\/2793"}],"wp:attachment":[{"href":"https:\/\/volcanes.net\/index.php?rest_route=%2Fwp%2Fv2%2Fmedia&parent=2792"}],"wp:term":[{"taxonomy":"category","embeddable":true,"href":"https:\/\/volcanes.net\/index.php?rest_route=%2Fwp%2Fv2%2Fcategories&post=2792"},{"taxonomy":"post_tag","embeddable":true,"href":"https:\/\/volcanes.net\/index.php?rest_route=%2Fwp%2Fv2%2Ftags&post=2792"}],"curies":[{"name":"wp","href":"https:\/\/api.w.org\/{rel}","templated":true}]}}