{"id":2807,"date":"2018-10-30T17:58:33","date_gmt":"2018-10-30T17:58:33","guid":{"rendered":"http:\/\/volcanes.net\/?p=2807"},"modified":"2018-10-30T17:58:33","modified_gmt":"2018-10-30T17:58:33","slug":"policias-estatales-capturan-a-dos-probables-integrantes-de-banda-delictiva-dedicada-al-robo-de-vehiculos","status":"publish","type":"post","link":"https:\/\/volcanes.net\/?p=2807","title":{"rendered":"Policias estatales capturan a dos probables integrantes de banda delictiva dedicada al robo de veh\u00edculos"},"content":{"rendered":"<div style=\"margin-top: 0px; margin-bottom: 0px;\" class=\"sharethis-inline-share-buttons\" ><\/div><p style=\"font-weight: 400\"><strong>Ecatepec, Estado de M\u00e9xico, 30 de octubre de 2018.-<\/strong>\u00a0Elementos de la Secretar\u00eda de Seguridad (SS), adscritos a la Direcci\u00f3n General de Combate al Robo de Veh\u00edculos y Transporte (DGCRVyT), detuvieron a dos sujetos presuntamente relacionados a una organizaci\u00f3n delictiva dedicada al atraco de automotores.<\/p>\n<p style=\"font-weight: 400\">\n<p style=\"font-weight: 400\">En el marco del programa \u201cEcatepec Seguro\u201d y luego de trabajos de investigaci\u00f3n, Polic\u00edas Estatales llevaron a cabo el seguimiento de dos hombres que tripulaban un veh\u00edculo Nissan, tipo NP300, modelo 2016, con reporte de robo vigente y que aparentemente intentaban trasladar a otro estado.<\/p>\n<p style=\"font-weight: 400\">\n<p style=\"font-weight: 400\">A la altura de la colonia L\u00e1zaro C\u00e1rdenas de este municipio, los uniformados de la SS dieron alcance a los sospechosos, identificados como Alejandro \u201cN\u201d y Roberto \u201cN\u201d, de 35 y 32 a\u00f1os de edad, respectivamente, originarios de Puebla.<\/p>\n<p style=\"font-weight: 400\">\n<p style=\"font-weight: 400\">Ambos fueron aprehendidos y trasladados junto con el autom\u00f3vil asegurado a la Agencia del Ministerio P\u00fablico de OCRA con sede en Ecatepec, donde se iniciaron las carpetas de investigaci\u00f3n correspondientes a fin de definir su situaci\u00f3n jur\u00eddica.<\/p>\n<p style=\"font-weight: 400\">\n<p style=\"font-weight: 400\">Los implicados, se presume, forman parte de un organizaci\u00f3n delictiva dedicada a este tipo de il\u00edcitos, y podr\u00edan ser los encargados de trasladar los veh\u00edculos a otras entidades.<\/p>\n<p style=\"font-weight: 400\">\n<p style=\"font-weight: 400\">La Secretar\u00eda de Seguridad le recuerda que los tel\u00e9fonos de Denuncia An\u00f3nima 0-8-9 y de emergencia 9-1-1 trabajan las 24 horas del d\u00eda; tambi\u00e9n puede contactarnos a trav\u00e9s de nuestra redes sociales: en Facebook @SS.Edomex, y el Twitter @SS_Edomex<\/p>\n","protected":false},"excerpt":{"rendered":"<p>Ecatepec, Estado de M\u00e9xico, 30 de octubre de 2018.-\u00a0Elementos de la Secretar\u00eda de Seguridad (SS),<\/p>\n","protected":false},"author":1,"featured_media":2808,"comment_status":"open","ping_status":"open","sticky":false,"template":"","format":"standard","meta":{"footnotes":""},"categories":[1],"tags":[63],"class_list":["post-2807","post","type-post","status-publish","format-standard","has-post-thumbnail","hentry","category-municipales","tag-ecatepec"],"yoast_head":"<!-- This site is optimized with the Yoast SEO plugin v25.3 - https:\/\/yoast.com\/wordpress\/plugins\/seo\/ -->\n<title>Policias estatales capturan a dos probables integrantes de banda delictiva dedicada al robo de veh\u00edculos - Volcanes<\/title>\n<meta name=\"robots\" content=\"index, follow, max-snippet:-1, max-image-preview:large, max-video-preview:-1\" \/>\n<link rel=\"canonical\" href=\"https:\/\/volcanes.net\/?p=2807\" \/>\n<meta property=\"og:locale\" content=\"es_MX\" \/>\n<meta property=\"og:type\" content=\"article\" \/>\n<meta property=\"og:title\" content=\"Policias estatales capturan a dos probables integrantes de banda delictiva dedicada al robo de veh\u00edculos - Volcanes\" \/>\n<meta property=\"og:description\" content=\"Ecatepec, Estado de M\u00e9xico, 30 de octubre de 2018.-\u00a0Elementos de la Secretar\u00eda de Seguridad (SS),\" \/>\n<meta property=\"og:url\" content=\"https:\/\/volcanes.net\/?p=2807\" \/>\n<meta property=\"og:site_name\" content=\"Volcanes\" \/>\n<meta property=\"article:publisher\" content=\"https:\/\/www.facebook.com\/volcanes.net\/\" \/>\n<meta property=\"article:published_time\" content=\"2018-10-30T17:58:33+00:00\" \/>\n<meta property=\"og:image\" content=\"https:\/\/volcanes.net\/wp-content\/uploads\/2018\/10\/WhatsApp-Image-2018-10-30-at-10.33.57.jpeg\" \/>\n\t<meta property=\"og:image:width\" content=\"400\" \/>\n\t<meta property=\"og:image:height\" content=\"355\" \/>\n\t<meta property=\"og:image:type\" content=\"image\/jpeg\" \/>\n<meta name=\"author\" content=\"admin\" \/>\n<meta name=\"twitter:card\" content=\"summary_large_image\" \/>\n<meta name=\"twitter:label1\" content=\"Escrito por\" \/>\n\t<meta name=\"twitter:data1\" content=\"admin\" \/>\n\t<meta name=\"twitter:label2\" content=\"Tiempo de lectura\" \/>\n\t<meta name=\"twitter:data2\" content=\"1 minuto\" \/>\n<script type=\"application\/ld+json\" class=\"yoast-schema-graph\">{\"@context\":\"https:\/\/schema.org\",\"@graph\":[{\"@type\":\"Article\",\"@id\":\"https:\/\/volcanes.net\/?p=2807#article\",\"isPartOf\":{\"@id\":\"https:\/\/volcanes.net\/?p=2807\"},\"author\":{\"name\":\"admin\",\"@id\":\"https:\/\/volcanes.net\/#\/schema\/person\/4bf0f383940966a4abd53f5048c0e6b9\"},\"headline\":\"Policias estatales capturan a dos probables integrantes de banda delictiva dedicada al robo de veh\u00edculos\",\"datePublished\":\"2018-10-30T17:58:33+00:00\",\"mainEntityOfPage\":{\"@id\":\"https:\/\/volcanes.net\/?p=2807\"},\"wordCount\":274,\"commentCount\":0,\"publisher\":{\"@id\":\"https:\/\/volcanes.net\/#organization\"},\"image\":{\"@id\":\"https:\/\/volcanes.net\/?p=2807#primaryimage\"},\"thumbnailUrl\":\"https:\/\/volcanes.net\/wp-content\/uploads\/2018\/10\/WhatsApp-Image-2018-10-30-at-10.33.57.jpeg\",\"keywords\":[\"Ecatepec\"],\"articleSection\":[\"Municipales\"],\"inLanguage\":\"es\",\"potentialAction\":[{\"@type\":\"CommentAction\",\"name\":\"Comment\",\"target\":[\"https:\/\/volcanes.net\/?p=2807#respond\"]}]},{\"@type\":\"WebPage\",\"@id\":\"https:\/\/volcanes.net\/?p=2807\",\"url\":\"https:\/\/volcanes.net\/?p=2807\",\"name\":\"Policias estatales capturan a dos probables integrantes de banda delictiva dedicada al robo de veh\u00edculos - Volcanes\",\"isPartOf\":{\"@id\":\"https:\/\/volcanes.net\/#website\"},\"primaryImageOfPage\":{\"@id\":\"https:\/\/volcanes.net\/?p=2807#primaryimage\"},\"image\":{\"@id\":\"https:\/\/volcanes.net\/?p=2807#primaryimage\"},\"thumbnailUrl\":\"https:\/\/volcanes.net\/wp-content\/uploads\/2018\/10\/WhatsApp-Image-2018-10-30-at-10.33.57.jpeg\",\"datePublished\":\"2018-10-30T17:58:33+00:00\",\"breadcrumb\":{\"@id\":\"https:\/\/volcanes.net\/?p=2807#breadcrumb\"},\"inLanguage\":\"es\",\"potentialAction\":[{\"@type\":\"ReadAction\",\"target\":[\"https:\/\/volcanes.net\/?p=2807\"]}]},{\"@type\":\"ImageObject\",\"inLanguage\":\"es\",\"@id\":\"https:\/\/volcanes.net\/?p=2807#primaryimage\",\"url\":\"https:\/\/volcanes.net\/wp-content\/uploads\/2018\/10\/WhatsApp-Image-2018-10-30-at-10.33.57.jpeg\",\"contentUrl\":\"https:\/\/volcanes.net\/wp-content\/uploads\/2018\/10\/WhatsApp-Image-2018-10-30-at-10.33.57.jpeg\",\"width\":400,\"height\":355},{\"@type\":\"BreadcrumbList\",\"@id\":\"https:\/\/volcanes.net\/?p=2807#breadcrumb\",\"itemListElement\":[{\"@type\":\"ListItem\",\"position\":1,\"name\":\"Portada\",\"item\":\"https:\/\/volcanes.net\/\"},{\"@type\":\"ListItem\",\"position\":2,\"name\":\"Policias estatales capturan a dos probables integrantes de banda delictiva dedicada al robo de veh\u00edculos\"}]},{\"@type\":\"WebSite\",\"@id\":\"https:\/\/volcanes.net\/#website\",\"url\":\"https:\/\/volcanes.net\/\",\"name\":\"Volcanes.Net\",\"description\":\"Periodismo Profesional\",\"publisher\":{\"@id\":\"https:\/\/volcanes.net\/#organization\"},\"potentialAction\":[{\"@type\":\"SearchAction\",\"target\":{\"@type\":\"EntryPoint\",\"urlTemplate\":\"https:\/\/volcanes.net\/?s={search_term_string}\"},\"query-input\":{\"@type\":\"PropertyValueSpecification\",\"valueRequired\":true,\"valueName\":\"search_term_string\"}}],\"inLanguage\":\"es\"},{\"@type\":\"Organization\",\"@id\":\"https:\/\/volcanes.net\/#organization\",\"name\":\"Grupo Volcanes\",\"url\":\"https:\/\/volcanes.net\/\",\"logo\":{\"@type\":\"ImageObject\",\"inLanguage\":\"es\",\"@id\":\"https:\/\/volcanes.net\/#\/schema\/logo\/image\/\",\"url\":\"http:\/\/volcanes.net\/wp-content\/uploads\/2017\/12\/Avatar2.jpg\",\"contentUrl\":\"http:\/\/volcanes.net\/wp-content\/uploads\/2017\/12\/Avatar2.jpg\",\"width\":378,\"height\":378,\"caption\":\"Grupo Volcanes\"},\"image\":{\"@id\":\"https:\/\/volcanes.net\/#\/schema\/logo\/image\/\"},\"sameAs\":[\"https:\/\/www.facebook.com\/volcanes.net\/\"]},{\"@type\":\"Person\",\"@id\":\"https:\/\/volcanes.net\/#\/schema\/person\/4bf0f383940966a4abd53f5048c0e6b9\",\"name\":\"admin\",\"image\":{\"@type\":\"ImageObject\",\"inLanguage\":\"es\",\"@id\":\"https:\/\/volcanes.net\/#\/schema\/person\/image\/\",\"url\":\"https:\/\/secure.gravatar.com\/avatar\/ca004e6cba8462b8cb7abc86e382930c?s=96&d=mm&r=g\",\"contentUrl\":\"https:\/\/secure.gravatar.com\/avatar\/ca004e6cba8462b8cb7abc86e382930c?s=96&d=mm&r=g\",\"caption\":\"admin\"}}]}<\/script>\n<!-- \/ Yoast SEO plugin. -->","yoast_head_json":{"title":"Policias estatales capturan a dos probables integrantes de banda delictiva dedicada al robo de veh\u00edculos - Volcanes","robots":{"index":"index","follow":"follow","max-snippet":"max-snippet:-1","max-image-preview":"max-image-preview:large","max-video-preview":"max-video-preview:-1"},"canonical":"https:\/\/volcanes.net\/?p=2807","og_locale":"es_MX","og_type":"article","og_title":"Policias estatales capturan a dos probables integrantes de banda delictiva dedicada al robo de veh\u00edculos - Volcanes","og_description":"Ecatepec, Estado de M\u00e9xico, 30 de octubre de 2018.-\u00a0Elementos de la Secretar\u00eda de Seguridad (SS),","og_url":"https:\/\/volcanes.net\/?p=2807","og_site_name":"Volcanes","article_publisher":"https:\/\/www.facebook.com\/volcanes.net\/","article_published_time":"2018-10-30T17:58:33+00:00","og_image":[{"width":400,"height":355,"url":"https:\/\/volcanes.net\/wp-content\/uploads\/2018\/10\/WhatsApp-Image-2018-10-30-at-10.33.57.jpeg","type":"image\/jpeg"}],"author":"admin","twitter_card":"summary_large_image","twitter_misc":{"Escrito por":"admin","Tiempo de lectura":"1 minuto"},"schema":{"@context":"https:\/\/schema.org","@graph":[{"@type":"Article","@id":"https:\/\/volcanes.net\/?p=2807#article","isPartOf":{"@id":"https:\/\/volcanes.net\/?p=2807"},"author":{"name":"admin","@id":"https:\/\/volcanes.net\/#\/schema\/person\/4bf0f383940966a4abd53f5048c0e6b9"},"headline":"Policias estatales capturan a dos probables integrantes de banda delictiva dedicada al robo de veh\u00edculos","datePublished":"2018-10-30T17:58:33+00:00","mainEntityOfPage":{"@id":"https:\/\/volcanes.net\/?p=2807"},"wordCount":274,"commentCount":0,"publisher":{"@id":"https:\/\/volcanes.net\/#organization"},"image":{"@id":"https:\/\/volcanes.net\/?p=2807#primaryimage"},"thumbnailUrl":"https:\/\/volcanes.net\/wp-content\/uploads\/2018\/10\/WhatsApp-Image-2018-10-30-at-10.33.57.jpeg","keywords":["Ecatepec"],"articleSection":["Municipales"],"inLanguage":"es","potentialAction":[{"@type":"CommentAction","name":"Comment","target":["https:\/\/volcanes.net\/?p=2807#respond"]}]},{"@type":"WebPage","@id":"https:\/\/volcanes.net\/?p=2807","url":"https:\/\/volcanes.net\/?p=2807","name":"Policias estatales capturan a dos probables integrantes de banda delictiva dedicada al robo de veh\u00edculos - Volcanes","isPartOf":{"@id":"https:\/\/volcanes.net\/#website"},"primaryImageOfPage":{"@id":"https:\/\/volcanes.net\/?p=2807#primaryimage"},"image":{"@id":"https:\/\/volcanes.net\/?p=2807#primaryimage"},"thumbnailUrl":"https:\/\/volcanes.net\/wp-content\/uploads\/2018\/10\/WhatsApp-Image-2018-10-30-at-10.33.57.jpeg","datePublished":"2018-10-30T17:58:33+00:00","breadcrumb":{"@id":"https:\/\/volcanes.net\/?p=2807#breadcrumb"},"inLanguage":"es","potentialAction":[{"@type":"ReadAction","target":["https:\/\/volcanes.net\/?p=2807"]}]},{"@type":"ImageObject","inLanguage":"es","@id":"https:\/\/volcanes.net\/?p=2807#primaryimage","url":"https:\/\/volcanes.net\/wp-content\/uploads\/2018\/10\/WhatsApp-Image-2018-10-30-at-10.33.57.jpeg","contentUrl":"https:\/\/volcanes.net\/wp-content\/uploads\/2018\/10\/WhatsApp-Image-2018-10-30-at-10.33.57.jpeg","width":400,"height":355},{"@type":"BreadcrumbList","@id":"https:\/\/volcanes.net\/?p=2807#breadcrumb","itemListElement":[{"@type":"ListItem","position":1,"name":"Portada","item":"https:\/\/volcanes.net\/"},{"@type":"ListItem","position":2,"name":"Policias estatales capturan a dos probables integrantes de banda delictiva dedicada al robo de veh\u00edculos"}]},{"@type":"WebSite","@id":"https:\/\/volcanes.net\/#website","url":"https:\/\/volcanes.net\/","name":"Volcanes.Net","description":"Periodismo Profesional","publisher":{"@id":"https:\/\/volcanes.net\/#organization"},"potentialAction":[{"@type":"SearchAction","target":{"@type":"EntryPoint","urlTemplate":"https:\/\/volcanes.net\/?s={search_term_string}"},"query-input":{"@type":"PropertyValueSpecification","valueRequired":true,"valueName":"search_term_string"}}],"inLanguage":"es"},{"@type":"Organization","@id":"https:\/\/volcanes.net\/#organization","name":"Grupo Volcanes","url":"https:\/\/volcanes.net\/","logo":{"@type":"ImageObject","inLanguage":"es","@id":"https:\/\/volcanes.net\/#\/schema\/logo\/image\/","url":"http:\/\/volcanes.net\/wp-content\/uploads\/2017\/12\/Avatar2.jpg","contentUrl":"http:\/\/volcanes.net\/wp-content\/uploads\/2017\/12\/Avatar2.jpg","width":378,"height":378,"caption":"Grupo Volcanes"},"image":{"@id":"https:\/\/volcanes.net\/#\/schema\/logo\/image\/"},"sameAs":["https:\/\/www.facebook.com\/volcanes.net\/"]},{"@type":"Person","@id":"https:\/\/volcanes.net\/#\/schema\/person\/4bf0f383940966a4abd53f5048c0e6b9","name":"admin","image":{"@type":"ImageObject","inLanguage":"es","@id":"https:\/\/volcanes.net\/#\/schema\/person\/image\/","url":"https:\/\/secure.gravatar.com\/avatar\/ca004e6cba8462b8cb7abc86e382930c?s=96&d=mm&r=g","contentUrl":"https:\/\/secure.gravatar.com\/avatar\/ca004e6cba8462b8cb7abc86e382930c?s=96&d=mm&r=g","caption":"admin"}}]}},"_links":{"self":[{"href":"https:\/\/volcanes.net\/index.php?rest_route=\/wp\/v2\/posts\/2807"}],"collection":[{"href":"https:\/\/volcanes.net\/index.php?rest_route=\/wp\/v2\/posts"}],"about":[{"href":"https:\/\/volcanes.net\/index.php?rest_route=\/wp\/v2\/types\/post"}],"author":[{"embeddable":true,"href":"https:\/\/volcanes.net\/index.php?rest_route=\/wp\/v2\/users\/1"}],"replies":[{"embeddable":true,"href":"https:\/\/volcanes.net\/index.php?rest_route=%2Fwp%2Fv2%2Fcomments&post=2807"}],"version-history":[{"count":1,"href":"https:\/\/volcanes.net\/index.php?rest_route=\/wp\/v2\/posts\/2807\/revisions"}],"predecessor-version":[{"id":2809,"href":"https:\/\/volcanes.net\/index.php?rest_route=\/wp\/v2\/posts\/2807\/revisions\/2809"}],"wp:featuredmedia":[{"embeddable":true,"href":"https:\/\/volcanes.net\/index.php?rest_route=\/wp\/v2\/media\/2808"}],"wp:attachment":[{"href":"https:\/\/volcanes.net\/index.php?rest_route=%2Fwp%2Fv2%2Fmedia&parent=2807"}],"wp:term":[{"taxonomy":"category","embeddable":true,"href":"https:\/\/volcanes.net\/index.php?rest_route=%2Fwp%2Fv2%2Fcategories&post=2807"},{"taxonomy":"post_tag","embeddable":true,"href":"https:\/\/volcanes.net\/index.php?rest_route=%2Fwp%2Fv2%2Ftags&post=2807"}],"curies":[{"name":"wp","href":"https:\/\/api.w.org\/{rel}","templated":true}]}}