{"id":2823,"date":"2018-10-30T21:38:54","date_gmt":"2018-10-30T21:38:54","guid":{"rendered":"http:\/\/volcanes.net\/?p=2823"},"modified":"2018-10-30T21:38:54","modified_gmt":"2018-10-30T21:38:54","slug":"se-desata-segunda-balacera-en-texcoco","status":"publish","type":"post","link":"https:\/\/volcanes.net\/?p=2823","title":{"rendered":"Se desata segunda balacera en Texcoco"},"content":{"rendered":"<div style=\"margin-top: 0px; margin-bottom: 0px;\" class=\"sharethis-inline-share-buttons\" ><\/div><p>Texcoco, M\u00e9xico, 30 de octubre 2018.- Derivado de una investigaci\u00f3n que realizaban elementos de la Polic\u00eda de Investigaci\u00f3n (PDI) de la Fiscal\u00eda General de Justicia del Estado de M\u00e9xico (FGJEM), esta ma\u00f1ana se registr\u00f3 un enfrentamiento en calles del municipio de Texcoco, que dej\u00f3 como saldo preliminar tres presuntos delincuentes muertos, tres detenidos y un elemento de la Polic\u00eda de Investigaci\u00f3n que perdi\u00f3 la vida y dos policias m\u00e1s resultaron lesionados.<\/p>\n<p>Los hechos se suscitaron cuando una c\u00e9lula de la PDI fue agredida por hombres armados con armas de alto poder quienes transitaban a bordo de una camioneta color negra, por lo que fue repelida la agresi\u00f3n y solicitado apoyo de elementos de la Secretar\u00eda de Seguridad del Estado de M\u00e9xico, Polic\u00eda Federal, as\u00ed como de la Secretar\u00eda de Marina y de la Defensa Nacional, adem\u00e1s de polic\u00edas municipales de Texcoco, Nezahualc\u00f3yotl y alcald\u00edas aleda\u00f1as.<\/p>\n<p>Luego de una persecuci\u00f3n el grupo armado se atrincher\u00f3 en un domicilio de la comunidad de Pentecost\u00e9s, desde donde dispararon en contra de los elementos de las diversas corporaciones que llegaron al lugar.<\/p>\n<p>Con el apoyo de fuerzas federales, estatales y municipales, fue posible ingresar al domicilio donde se asegur\u00f3 a tres probables delincuentes y se localizaron los cuerpos de tres m\u00e1s; por lo que se procedi\u00f3 a asegurar el lugar.<\/p>\n<p>Cabe se\u00f1alar que contin\u00faan despliegues y patrullajes en la zona, por parte de las diversas corporaciones que llegaron a este punto de la entidad mexiquense.<\/p>\n","protected":false},"excerpt":{"rendered":"<p>Texcoco, M\u00e9xico, 30 de octubre 2018.- Derivado de una investigaci\u00f3n que realizaban elementos de la<\/p>\n","protected":false},"author":1,"featured_media":2824,"comment_status":"open","ping_status":"open","sticky":false,"template":"","format":"standard","meta":{"footnotes":""},"categories":[1],"tags":[22],"class_list":["post-2823","post","type-post","status-publish","format-standard","has-post-thumbnail","hentry","category-municipales","tag-texcoco"],"yoast_head":"<!-- This site is optimized with the Yoast SEO plugin v25.3 - https:\/\/yoast.com\/wordpress\/plugins\/seo\/ -->\n<title>Se desata segunda balacera en Texcoco - Volcanes<\/title>\n<meta name=\"robots\" content=\"index, follow, max-snippet:-1, max-image-preview:large, max-video-preview:-1\" \/>\n<link rel=\"canonical\" href=\"https:\/\/volcanes.net\/?p=2823\" \/>\n<meta property=\"og:locale\" content=\"es_MX\" \/>\n<meta property=\"og:type\" content=\"article\" \/>\n<meta property=\"og:title\" content=\"Se desata segunda balacera en Texcoco - Volcanes\" \/>\n<meta property=\"og:description\" content=\"Texcoco, M\u00e9xico, 30 de octubre 2018.- Derivado de una investigaci\u00f3n que realizaban elementos de la\" \/>\n<meta property=\"og:url\" content=\"https:\/\/volcanes.net\/?p=2823\" \/>\n<meta property=\"og:site_name\" content=\"Volcanes\" \/>\n<meta property=\"article:publisher\" content=\"https:\/\/www.facebook.com\/volcanes.net\/\" \/>\n<meta property=\"article:published_time\" content=\"2018-10-30T21:38:54+00:00\" \/>\n<meta property=\"og:image\" content=\"https:\/\/volcanes.net\/wp-content\/uploads\/2018\/10\/WhatsApp-Image-2018-10-30-at-12.44.25-PM.jpeg\" \/>\n\t<meta property=\"og:image:width\" content=\"400\" \/>\n\t<meta property=\"og:image:height\" content=\"225\" \/>\n\t<meta property=\"og:image:type\" content=\"image\/jpeg\" \/>\n<meta name=\"author\" content=\"admin\" \/>\n<meta name=\"twitter:card\" content=\"summary_large_image\" \/>\n<meta name=\"twitter:label1\" content=\"Escrito por\" \/>\n\t<meta name=\"twitter:data1\" content=\"admin\" \/>\n\t<meta name=\"twitter:label2\" content=\"Tiempo de lectura\" \/>\n\t<meta name=\"twitter:data2\" content=\"1 minuto\" \/>\n<script type=\"application\/ld+json\" class=\"yoast-schema-graph\">{\"@context\":\"https:\/\/schema.org\",\"@graph\":[{\"@type\":\"Article\",\"@id\":\"https:\/\/volcanes.net\/?p=2823#article\",\"isPartOf\":{\"@id\":\"https:\/\/volcanes.net\/?p=2823\"},\"author\":{\"name\":\"admin\",\"@id\":\"https:\/\/volcanes.net\/#\/schema\/person\/4bf0f383940966a4abd53f5048c0e6b9\"},\"headline\":\"Se desata segunda balacera en Texcoco\",\"datePublished\":\"2018-10-30T21:38:54+00:00\",\"mainEntityOfPage\":{\"@id\":\"https:\/\/volcanes.net\/?p=2823\"},\"wordCount\":272,\"commentCount\":0,\"publisher\":{\"@id\":\"https:\/\/volcanes.net\/#organization\"},\"image\":{\"@id\":\"https:\/\/volcanes.net\/?p=2823#primaryimage\"},\"thumbnailUrl\":\"https:\/\/volcanes.net\/wp-content\/uploads\/2018\/10\/WhatsApp-Image-2018-10-30-at-12.44.25-PM.jpeg\",\"keywords\":[\"Texcoco\"],\"articleSection\":[\"Municipales\"],\"inLanguage\":\"es\",\"potentialAction\":[{\"@type\":\"CommentAction\",\"name\":\"Comment\",\"target\":[\"https:\/\/volcanes.net\/?p=2823#respond\"]}]},{\"@type\":\"WebPage\",\"@id\":\"https:\/\/volcanes.net\/?p=2823\",\"url\":\"https:\/\/volcanes.net\/?p=2823\",\"name\":\"Se desata segunda balacera en Texcoco - Volcanes\",\"isPartOf\":{\"@id\":\"https:\/\/volcanes.net\/#website\"},\"primaryImageOfPage\":{\"@id\":\"https:\/\/volcanes.net\/?p=2823#primaryimage\"},\"image\":{\"@id\":\"https:\/\/volcanes.net\/?p=2823#primaryimage\"},\"thumbnailUrl\":\"https:\/\/volcanes.net\/wp-content\/uploads\/2018\/10\/WhatsApp-Image-2018-10-30-at-12.44.25-PM.jpeg\",\"datePublished\":\"2018-10-30T21:38:54+00:00\",\"breadcrumb\":{\"@id\":\"https:\/\/volcanes.net\/?p=2823#breadcrumb\"},\"inLanguage\":\"es\",\"potentialAction\":[{\"@type\":\"ReadAction\",\"target\":[\"https:\/\/volcanes.net\/?p=2823\"]}]},{\"@type\":\"ImageObject\",\"inLanguage\":\"es\",\"@id\":\"https:\/\/volcanes.net\/?p=2823#primaryimage\",\"url\":\"https:\/\/volcanes.net\/wp-content\/uploads\/2018\/10\/WhatsApp-Image-2018-10-30-at-12.44.25-PM.jpeg\",\"contentUrl\":\"https:\/\/volcanes.net\/wp-content\/uploads\/2018\/10\/WhatsApp-Image-2018-10-30-at-12.44.25-PM.jpeg\",\"width\":400,\"height\":225},{\"@type\":\"BreadcrumbList\",\"@id\":\"https:\/\/volcanes.net\/?p=2823#breadcrumb\",\"itemListElement\":[{\"@type\":\"ListItem\",\"position\":1,\"name\":\"Portada\",\"item\":\"https:\/\/volcanes.net\/\"},{\"@type\":\"ListItem\",\"position\":2,\"name\":\"Se desata segunda balacera en Texcoco\"}]},{\"@type\":\"WebSite\",\"@id\":\"https:\/\/volcanes.net\/#website\",\"url\":\"https:\/\/volcanes.net\/\",\"name\":\"Volcanes.Net\",\"description\":\"Periodismo Profesional\",\"publisher\":{\"@id\":\"https:\/\/volcanes.net\/#organization\"},\"potentialAction\":[{\"@type\":\"SearchAction\",\"target\":{\"@type\":\"EntryPoint\",\"urlTemplate\":\"https:\/\/volcanes.net\/?s={search_term_string}\"},\"query-input\":{\"@type\":\"PropertyValueSpecification\",\"valueRequired\":true,\"valueName\":\"search_term_string\"}}],\"inLanguage\":\"es\"},{\"@type\":\"Organization\",\"@id\":\"https:\/\/volcanes.net\/#organization\",\"name\":\"Grupo Volcanes\",\"url\":\"https:\/\/volcanes.net\/\",\"logo\":{\"@type\":\"ImageObject\",\"inLanguage\":\"es\",\"@id\":\"https:\/\/volcanes.net\/#\/schema\/logo\/image\/\",\"url\":\"http:\/\/volcanes.net\/wp-content\/uploads\/2017\/12\/Avatar2.jpg\",\"contentUrl\":\"http:\/\/volcanes.net\/wp-content\/uploads\/2017\/12\/Avatar2.jpg\",\"width\":378,\"height\":378,\"caption\":\"Grupo Volcanes\"},\"image\":{\"@id\":\"https:\/\/volcanes.net\/#\/schema\/logo\/image\/\"},\"sameAs\":[\"https:\/\/www.facebook.com\/volcanes.net\/\"]},{\"@type\":\"Person\",\"@id\":\"https:\/\/volcanes.net\/#\/schema\/person\/4bf0f383940966a4abd53f5048c0e6b9\",\"name\":\"admin\",\"image\":{\"@type\":\"ImageObject\",\"inLanguage\":\"es\",\"@id\":\"https:\/\/volcanes.net\/#\/schema\/person\/image\/\",\"url\":\"https:\/\/secure.gravatar.com\/avatar\/ca004e6cba8462b8cb7abc86e382930c?s=96&d=mm&r=g\",\"contentUrl\":\"https:\/\/secure.gravatar.com\/avatar\/ca004e6cba8462b8cb7abc86e382930c?s=96&d=mm&r=g\",\"caption\":\"admin\"}}]}<\/script>\n<!-- \/ Yoast SEO plugin. -->","yoast_head_json":{"title":"Se desata segunda balacera en Texcoco - Volcanes","robots":{"index":"index","follow":"follow","max-snippet":"max-snippet:-1","max-image-preview":"max-image-preview:large","max-video-preview":"max-video-preview:-1"},"canonical":"https:\/\/volcanes.net\/?p=2823","og_locale":"es_MX","og_type":"article","og_title":"Se desata segunda balacera en Texcoco - Volcanes","og_description":"Texcoco, M\u00e9xico, 30 de octubre 2018.- Derivado de una investigaci\u00f3n que realizaban elementos de la","og_url":"https:\/\/volcanes.net\/?p=2823","og_site_name":"Volcanes","article_publisher":"https:\/\/www.facebook.com\/volcanes.net\/","article_published_time":"2018-10-30T21:38:54+00:00","og_image":[{"width":400,"height":225,"url":"https:\/\/volcanes.net\/wp-content\/uploads\/2018\/10\/WhatsApp-Image-2018-10-30-at-12.44.25-PM.jpeg","type":"image\/jpeg"}],"author":"admin","twitter_card":"summary_large_image","twitter_misc":{"Escrito por":"admin","Tiempo de lectura":"1 minuto"},"schema":{"@context":"https:\/\/schema.org","@graph":[{"@type":"Article","@id":"https:\/\/volcanes.net\/?p=2823#article","isPartOf":{"@id":"https:\/\/volcanes.net\/?p=2823"},"author":{"name":"admin","@id":"https:\/\/volcanes.net\/#\/schema\/person\/4bf0f383940966a4abd53f5048c0e6b9"},"headline":"Se desata segunda balacera en Texcoco","datePublished":"2018-10-30T21:38:54+00:00","mainEntityOfPage":{"@id":"https:\/\/volcanes.net\/?p=2823"},"wordCount":272,"commentCount":0,"publisher":{"@id":"https:\/\/volcanes.net\/#organization"},"image":{"@id":"https:\/\/volcanes.net\/?p=2823#primaryimage"},"thumbnailUrl":"https:\/\/volcanes.net\/wp-content\/uploads\/2018\/10\/WhatsApp-Image-2018-10-30-at-12.44.25-PM.jpeg","keywords":["Texcoco"],"articleSection":["Municipales"],"inLanguage":"es","potentialAction":[{"@type":"CommentAction","name":"Comment","target":["https:\/\/volcanes.net\/?p=2823#respond"]}]},{"@type":"WebPage","@id":"https:\/\/volcanes.net\/?p=2823","url":"https:\/\/volcanes.net\/?p=2823","name":"Se desata segunda balacera en Texcoco - Volcanes","isPartOf":{"@id":"https:\/\/volcanes.net\/#website"},"primaryImageOfPage":{"@id":"https:\/\/volcanes.net\/?p=2823#primaryimage"},"image":{"@id":"https:\/\/volcanes.net\/?p=2823#primaryimage"},"thumbnailUrl":"https:\/\/volcanes.net\/wp-content\/uploads\/2018\/10\/WhatsApp-Image-2018-10-30-at-12.44.25-PM.jpeg","datePublished":"2018-10-30T21:38:54+00:00","breadcrumb":{"@id":"https:\/\/volcanes.net\/?p=2823#breadcrumb"},"inLanguage":"es","potentialAction":[{"@type":"ReadAction","target":["https:\/\/volcanes.net\/?p=2823"]}]},{"@type":"ImageObject","inLanguage":"es","@id":"https:\/\/volcanes.net\/?p=2823#primaryimage","url":"https:\/\/volcanes.net\/wp-content\/uploads\/2018\/10\/WhatsApp-Image-2018-10-30-at-12.44.25-PM.jpeg","contentUrl":"https:\/\/volcanes.net\/wp-content\/uploads\/2018\/10\/WhatsApp-Image-2018-10-30-at-12.44.25-PM.jpeg","width":400,"height":225},{"@type":"BreadcrumbList","@id":"https:\/\/volcanes.net\/?p=2823#breadcrumb","itemListElement":[{"@type":"ListItem","position":1,"name":"Portada","item":"https:\/\/volcanes.net\/"},{"@type":"ListItem","position":2,"name":"Se desata segunda balacera en Texcoco"}]},{"@type":"WebSite","@id":"https:\/\/volcanes.net\/#website","url":"https:\/\/volcanes.net\/","name":"Volcanes.Net","description":"Periodismo Profesional","publisher":{"@id":"https:\/\/volcanes.net\/#organization"},"potentialAction":[{"@type":"SearchAction","target":{"@type":"EntryPoint","urlTemplate":"https:\/\/volcanes.net\/?s={search_term_string}"},"query-input":{"@type":"PropertyValueSpecification","valueRequired":true,"valueName":"search_term_string"}}],"inLanguage":"es"},{"@type":"Organization","@id":"https:\/\/volcanes.net\/#organization","name":"Grupo Volcanes","url":"https:\/\/volcanes.net\/","logo":{"@type":"ImageObject","inLanguage":"es","@id":"https:\/\/volcanes.net\/#\/schema\/logo\/image\/","url":"http:\/\/volcanes.net\/wp-content\/uploads\/2017\/12\/Avatar2.jpg","contentUrl":"http:\/\/volcanes.net\/wp-content\/uploads\/2017\/12\/Avatar2.jpg","width":378,"height":378,"caption":"Grupo Volcanes"},"image":{"@id":"https:\/\/volcanes.net\/#\/schema\/logo\/image\/"},"sameAs":["https:\/\/www.facebook.com\/volcanes.net\/"]},{"@type":"Person","@id":"https:\/\/volcanes.net\/#\/schema\/person\/4bf0f383940966a4abd53f5048c0e6b9","name":"admin","image":{"@type":"ImageObject","inLanguage":"es","@id":"https:\/\/volcanes.net\/#\/schema\/person\/image\/","url":"https:\/\/secure.gravatar.com\/avatar\/ca004e6cba8462b8cb7abc86e382930c?s=96&d=mm&r=g","contentUrl":"https:\/\/secure.gravatar.com\/avatar\/ca004e6cba8462b8cb7abc86e382930c?s=96&d=mm&r=g","caption":"admin"}}]}},"_links":{"self":[{"href":"https:\/\/volcanes.net\/index.php?rest_route=\/wp\/v2\/posts\/2823"}],"collection":[{"href":"https:\/\/volcanes.net\/index.php?rest_route=\/wp\/v2\/posts"}],"about":[{"href":"https:\/\/volcanes.net\/index.php?rest_route=\/wp\/v2\/types\/post"}],"author":[{"embeddable":true,"href":"https:\/\/volcanes.net\/index.php?rest_route=\/wp\/v2\/users\/1"}],"replies":[{"embeddable":true,"href":"https:\/\/volcanes.net\/index.php?rest_route=%2Fwp%2Fv2%2Fcomments&post=2823"}],"version-history":[{"count":1,"href":"https:\/\/volcanes.net\/index.php?rest_route=\/wp\/v2\/posts\/2823\/revisions"}],"predecessor-version":[{"id":2825,"href":"https:\/\/volcanes.net\/index.php?rest_route=\/wp\/v2\/posts\/2823\/revisions\/2825"}],"wp:featuredmedia":[{"embeddable":true,"href":"https:\/\/volcanes.net\/index.php?rest_route=\/wp\/v2\/media\/2824"}],"wp:attachment":[{"href":"https:\/\/volcanes.net\/index.php?rest_route=%2Fwp%2Fv2%2Fmedia&parent=2823"}],"wp:term":[{"taxonomy":"category","embeddable":true,"href":"https:\/\/volcanes.net\/index.php?rest_route=%2Fwp%2Fv2%2Fcategories&post=2823"},{"taxonomy":"post_tag","embeddable":true,"href":"https:\/\/volcanes.net\/index.php?rest_route=%2Fwp%2Fv2%2Ftags&post=2823"}],"curies":[{"name":"wp","href":"https:\/\/api.w.org\/{rel}","templated":true}]}}