{"id":2829,"date":"2018-10-30T21:45:26","date_gmt":"2018-10-30T21:45:26","guid":{"rendered":"http:\/\/volcanes.net\/?p=2829"},"modified":"2018-10-30T21:45:26","modified_gmt":"2018-10-30T21:45:26","slug":"sinaloa-y-nayarit-estan-de-pie-gracias-a-la-labor-de-las-voluntarias-de-los-comedores-comunitarios-sedesol","status":"publish","type":"post","link":"https:\/\/volcanes.net\/?p=2829","title":{"rendered":"Sinaloa y Nayarit est\u00e1n de pie gracias a la labor de las voluntarias de los Comedores Comunitarios: Sedesol"},"content":{"rendered":"<div style=\"margin-top: 0px; margin-bottom: 0px;\" class=\"sharethis-inline-share-buttons\" ><\/div><p style=\"font-weight: 400\">\n<ul>\n<li style=\"font-weight: 400\"><em>Se han entregado 123 toneladas de abasto emergente, a trav\u00e9s de Diconsa y el Programa Comedores Comunitarios para los afectados en ambas entidades: Javier Garc\u00eda Bejos<\/em><\/li>\n<\/ul>\n<p style=\"font-weight: 400\"><strong>\u00a0\u00a0\u00a0\u00a0\u00a0\u00a0<\/strong><\/p>\n<p style=\"font-weight: 400\">El subsecretario de Planeaci\u00f3n, Evaluaci\u00f3n y Desarrollo Regional de la Secretar\u00eda de Desarrollo Social (Sedesol), Javier Garc\u00eda Bejos, realiz\u00f3 una gira de trabajo en atenci\u00f3n a los damnificados por el paso de \u201cWilla\u201d y \u201cVicente\u201d, en los municipios de Tuxpan, Tecuala y Acaponeta, en Nayarit, as\u00ed como Rosario y Escuinapa, en Sinaloa.<\/p>\n<p style=\"font-weight: 400\">\n<p style=\"font-weight: 400\">El funcionario federal agradeci\u00f3 el esfuerzo que ha hecho el voluntariado del programa, quienes \u201cse han puesto la camiseta, trabajando de sol a sol para ayudar a su comunidad\u201d.<\/p>\n<p style=\"font-weight: 400\">\n<p style=\"font-weight: 400\">Durante el recorrido por el municipio de Tuxpan, en Nayarit, y en compa\u00f1\u00eda del gobernador Antonio Echevarr\u00eda, Garc\u00eda Bejos subray\u00f3 que la dependencia federal ha trabajado en coordinaci\u00f3n con los gobiernos estatales y los municipios. \u201cEn estas emergencias, lo m\u00e1s importante es estar en constante comunicaci\u00f3n y trabajar en equipo para que los comedores comunitarios ampl\u00eden su operaci\u00f3n, los albergues est\u00e9n operando y el abasto de Diconsa pueda ser aprovechado\u201d, expres\u00f3 al reconocer al personal de Sedesol en la entidad, as\u00ed como a los funcionarios estatales.<\/p>\n<p style=\"font-weight: 400\">\n<p style=\"font-weight: 400\">Hasta este lunes, el Programa Comedores Comunitarios ha emitido 53 vales de abasto emergente para ambas entidades, por 123 toneladas. En Nayarit, 100 toneladas han sido entregadas a tres albergues que atienden a 4 mil 600 damnificados, mientras que, en Sinaloa, 23 toneladas han sido distribuidas en 10 comedores ubicados en Rosario y Escuinapa.<\/p>\n<p style=\"font-weight: 400\">\n<p style=\"font-weight: 400\">\u201cHace un mes cuando estuvimos aqu\u00ed por las lamentables inundaciones, y en otras situaciones de emergencia en otras entidades, se ha respondido de manera inmediata para atender a los afectados, y esta vez no ha sido la excepci\u00f3n. El voluntariado ha estado al pendiente para servir comidas calientes, entregar apoyos y custodiar albergues\u201d, puntualiz\u00f3. Asimismo, el subsecretario invit\u00f3 a la poblaci\u00f3n para que apoye a trav\u00e9s de los centros de acopio, ya que se siguen recibiendo v\u00edveres y art\u00edculos de primera necesidad.<\/p>\n<p style=\"font-weight: 400\">\n<p style=\"font-weight: 400\">Finalmente, al llegar a Rosario, Sinaloa, Garc\u00eda Bejos afirm\u00f3 que los mexicanos cuentan siempre con la respuesta de los programas de la Sedesol, ya que as\u00ed lo establecen los protocolos de contingencia. \u201cEsa es la tarea encomendada por el presidente Pe\u00f1a Nieto y el secretario Eviel P\u00e9rez Maga\u00f1a, estar atentos y poder brindar soluciones ante cualquier emergencia\u201d, dijo.<\/p>\n","protected":false},"excerpt":{"rendered":"<p>Se han entregado 123 toneladas de abasto emergente, a trav\u00e9s de Diconsa y el Programa<\/p>\n","protected":false},"author":1,"featured_media":2830,"comment_status":"open","ping_status":"open","sticky":false,"template":"","format":"standard","meta":{"footnotes":""},"categories":[1],"tags":[44],"class_list":["post-2829","post","type-post","status-publish","format-standard","has-post-thumbnail","hentry","category-municipales","tag-gobierno-de-la-republica"],"yoast_head":"<!-- This site is optimized with the Yoast SEO plugin v25.3 - https:\/\/yoast.com\/wordpress\/plugins\/seo\/ -->\n<title>Sinaloa y Nayarit est\u00e1n de pie gracias a la labor de las voluntarias de los Comedores Comunitarios: Sedesol - Volcanes<\/title>\n<meta name=\"robots\" content=\"index, follow, max-snippet:-1, max-image-preview:large, max-video-preview:-1\" \/>\n<link rel=\"canonical\" href=\"https:\/\/volcanes.net\/?p=2829\" \/>\n<meta property=\"og:locale\" content=\"es_MX\" \/>\n<meta property=\"og:type\" content=\"article\" \/>\n<meta property=\"og:title\" content=\"Sinaloa y Nayarit est\u00e1n de pie gracias a la labor de las voluntarias de los Comedores Comunitarios: Sedesol - Volcanes\" \/>\n<meta property=\"og:description\" content=\"Se han entregado 123 toneladas de abasto emergente, a trav\u00e9s de Diconsa y el Programa\" \/>\n<meta property=\"og:url\" content=\"https:\/\/volcanes.net\/?p=2829\" \/>\n<meta property=\"og:site_name\" content=\"Volcanes\" \/>\n<meta property=\"article:publisher\" content=\"https:\/\/www.facebook.com\/volcanes.net\/\" \/>\n<meta property=\"article:published_time\" content=\"2018-10-30T21:45:26+00:00\" \/>\n<meta property=\"og:image\" content=\"https:\/\/volcanes.net\/wp-content\/uploads\/2018\/10\/FOTO-1-Sinaloa-y-Nayarit-est\u00e1n-de-pie-gracias-a-la-labor-de-las-voluntarias-de-los-Comedores-Comunitarios-Sedesol.jpg\" \/>\n\t<meta property=\"og:image:width\" content=\"400\" \/>\n\t<meta property=\"og:image:height\" content=\"266\" \/>\n\t<meta property=\"og:image:type\" content=\"image\/jpeg\" \/>\n<meta name=\"author\" content=\"admin\" \/>\n<meta name=\"twitter:card\" content=\"summary_large_image\" \/>\n<meta name=\"twitter:label1\" content=\"Escrito por\" \/>\n\t<meta name=\"twitter:data1\" content=\"admin\" \/>\n\t<meta name=\"twitter:label2\" content=\"Tiempo de lectura\" \/>\n\t<meta name=\"twitter:data2\" content=\"2 minutos\" \/>\n<script type=\"application\/ld+json\" class=\"yoast-schema-graph\">{\"@context\":\"https:\/\/schema.org\",\"@graph\":[{\"@type\":\"Article\",\"@id\":\"https:\/\/volcanes.net\/?p=2829#article\",\"isPartOf\":{\"@id\":\"https:\/\/volcanes.net\/?p=2829\"},\"author\":{\"name\":\"admin\",\"@id\":\"https:\/\/volcanes.net\/#\/schema\/person\/4bf0f383940966a4abd53f5048c0e6b9\"},\"headline\":\"Sinaloa y Nayarit est\u00e1n de pie gracias a la labor de las voluntarias de los Comedores Comunitarios: Sedesol\",\"datePublished\":\"2018-10-30T21:45:26+00:00\",\"mainEntityOfPage\":{\"@id\":\"https:\/\/volcanes.net\/?p=2829\"},\"wordCount\":423,\"commentCount\":0,\"publisher\":{\"@id\":\"https:\/\/volcanes.net\/#organization\"},\"image\":{\"@id\":\"https:\/\/volcanes.net\/?p=2829#primaryimage\"},\"thumbnailUrl\":\"https:\/\/volcanes.net\/wp-content\/uploads\/2018\/10\/FOTO-1-Sinaloa-y-Nayarit-est\u00e1n-de-pie-gracias-a-la-labor-de-las-voluntarias-de-los-Comedores-Comunitarios-Sedesol.jpg\",\"keywords\":[\"Gobierno de la Rep\u00fablica\"],\"articleSection\":[\"Municipales\"],\"inLanguage\":\"es\",\"potentialAction\":[{\"@type\":\"CommentAction\",\"name\":\"Comment\",\"target\":[\"https:\/\/volcanes.net\/?p=2829#respond\"]}]},{\"@type\":\"WebPage\",\"@id\":\"https:\/\/volcanes.net\/?p=2829\",\"url\":\"https:\/\/volcanes.net\/?p=2829\",\"name\":\"Sinaloa y Nayarit est\u00e1n de pie gracias a la labor de las voluntarias de los Comedores Comunitarios: Sedesol - Volcanes\",\"isPartOf\":{\"@id\":\"https:\/\/volcanes.net\/#website\"},\"primaryImageOfPage\":{\"@id\":\"https:\/\/volcanes.net\/?p=2829#primaryimage\"},\"image\":{\"@id\":\"https:\/\/volcanes.net\/?p=2829#primaryimage\"},\"thumbnailUrl\":\"https:\/\/volcanes.net\/wp-content\/uploads\/2018\/10\/FOTO-1-Sinaloa-y-Nayarit-est\u00e1n-de-pie-gracias-a-la-labor-de-las-voluntarias-de-los-Comedores-Comunitarios-Sedesol.jpg\",\"datePublished\":\"2018-10-30T21:45:26+00:00\",\"breadcrumb\":{\"@id\":\"https:\/\/volcanes.net\/?p=2829#breadcrumb\"},\"inLanguage\":\"es\",\"potentialAction\":[{\"@type\":\"ReadAction\",\"target\":[\"https:\/\/volcanes.net\/?p=2829\"]}]},{\"@type\":\"ImageObject\",\"inLanguage\":\"es\",\"@id\":\"https:\/\/volcanes.net\/?p=2829#primaryimage\",\"url\":\"https:\/\/volcanes.net\/wp-content\/uploads\/2018\/10\/FOTO-1-Sinaloa-y-Nayarit-est\u00e1n-de-pie-gracias-a-la-labor-de-las-voluntarias-de-los-Comedores-Comunitarios-Sedesol.jpg\",\"contentUrl\":\"https:\/\/volcanes.net\/wp-content\/uploads\/2018\/10\/FOTO-1-Sinaloa-y-Nayarit-est\u00e1n-de-pie-gracias-a-la-labor-de-las-voluntarias-de-los-Comedores-Comunitarios-Sedesol.jpg\",\"width\":400,\"height\":266},{\"@type\":\"BreadcrumbList\",\"@id\":\"https:\/\/volcanes.net\/?p=2829#breadcrumb\",\"itemListElement\":[{\"@type\":\"ListItem\",\"position\":1,\"name\":\"Portada\",\"item\":\"https:\/\/volcanes.net\/\"},{\"@type\":\"ListItem\",\"position\":2,\"name\":\"Sinaloa y Nayarit est\u00e1n de pie gracias a la labor de las voluntarias de los Comedores Comunitarios: Sedesol\"}]},{\"@type\":\"WebSite\",\"@id\":\"https:\/\/volcanes.net\/#website\",\"url\":\"https:\/\/volcanes.net\/\",\"name\":\"Volcanes.Net\",\"description\":\"Periodismo Profesional\",\"publisher\":{\"@id\":\"https:\/\/volcanes.net\/#organization\"},\"potentialAction\":[{\"@type\":\"SearchAction\",\"target\":{\"@type\":\"EntryPoint\",\"urlTemplate\":\"https:\/\/volcanes.net\/?s={search_term_string}\"},\"query-input\":{\"@type\":\"PropertyValueSpecification\",\"valueRequired\":true,\"valueName\":\"search_term_string\"}}],\"inLanguage\":\"es\"},{\"@type\":\"Organization\",\"@id\":\"https:\/\/volcanes.net\/#organization\",\"name\":\"Grupo Volcanes\",\"url\":\"https:\/\/volcanes.net\/\",\"logo\":{\"@type\":\"ImageObject\",\"inLanguage\":\"es\",\"@id\":\"https:\/\/volcanes.net\/#\/schema\/logo\/image\/\",\"url\":\"http:\/\/volcanes.net\/wp-content\/uploads\/2017\/12\/Avatar2.jpg\",\"contentUrl\":\"http:\/\/volcanes.net\/wp-content\/uploads\/2017\/12\/Avatar2.jpg\",\"width\":378,\"height\":378,\"caption\":\"Grupo Volcanes\"},\"image\":{\"@id\":\"https:\/\/volcanes.net\/#\/schema\/logo\/image\/\"},\"sameAs\":[\"https:\/\/www.facebook.com\/volcanes.net\/\"]},{\"@type\":\"Person\",\"@id\":\"https:\/\/volcanes.net\/#\/schema\/person\/4bf0f383940966a4abd53f5048c0e6b9\",\"name\":\"admin\",\"image\":{\"@type\":\"ImageObject\",\"inLanguage\":\"es\",\"@id\":\"https:\/\/volcanes.net\/#\/schema\/person\/image\/\",\"url\":\"https:\/\/secure.gravatar.com\/avatar\/ca004e6cba8462b8cb7abc86e382930c?s=96&d=mm&r=g\",\"contentUrl\":\"https:\/\/secure.gravatar.com\/avatar\/ca004e6cba8462b8cb7abc86e382930c?s=96&d=mm&r=g\",\"caption\":\"admin\"}}]}<\/script>\n<!-- \/ Yoast SEO plugin. -->","yoast_head_json":{"title":"Sinaloa y Nayarit est\u00e1n de pie gracias a la labor de las voluntarias de los Comedores Comunitarios: Sedesol - Volcanes","robots":{"index":"index","follow":"follow","max-snippet":"max-snippet:-1","max-image-preview":"max-image-preview:large","max-video-preview":"max-video-preview:-1"},"canonical":"https:\/\/volcanes.net\/?p=2829","og_locale":"es_MX","og_type":"article","og_title":"Sinaloa y Nayarit est\u00e1n de pie gracias a la labor de las voluntarias de los Comedores Comunitarios: Sedesol - Volcanes","og_description":"Se han entregado 123 toneladas de abasto emergente, a trav\u00e9s de Diconsa y el Programa","og_url":"https:\/\/volcanes.net\/?p=2829","og_site_name":"Volcanes","article_publisher":"https:\/\/www.facebook.com\/volcanes.net\/","article_published_time":"2018-10-30T21:45:26+00:00","og_image":[{"width":400,"height":266,"url":"https:\/\/volcanes.net\/wp-content\/uploads\/2018\/10\/FOTO-1-Sinaloa-y-Nayarit-est\u00e1n-de-pie-gracias-a-la-labor-de-las-voluntarias-de-los-Comedores-Comunitarios-Sedesol.jpg","type":"image\/jpeg"}],"author":"admin","twitter_card":"summary_large_image","twitter_misc":{"Escrito por":"admin","Tiempo de lectura":"2 minutos"},"schema":{"@context":"https:\/\/schema.org","@graph":[{"@type":"Article","@id":"https:\/\/volcanes.net\/?p=2829#article","isPartOf":{"@id":"https:\/\/volcanes.net\/?p=2829"},"author":{"name":"admin","@id":"https:\/\/volcanes.net\/#\/schema\/person\/4bf0f383940966a4abd53f5048c0e6b9"},"headline":"Sinaloa y Nayarit est\u00e1n de pie gracias a la labor de las voluntarias de los Comedores Comunitarios: Sedesol","datePublished":"2018-10-30T21:45:26+00:00","mainEntityOfPage":{"@id":"https:\/\/volcanes.net\/?p=2829"},"wordCount":423,"commentCount":0,"publisher":{"@id":"https:\/\/volcanes.net\/#organization"},"image":{"@id":"https:\/\/volcanes.net\/?p=2829#primaryimage"},"thumbnailUrl":"https:\/\/volcanes.net\/wp-content\/uploads\/2018\/10\/FOTO-1-Sinaloa-y-Nayarit-est\u00e1n-de-pie-gracias-a-la-labor-de-las-voluntarias-de-los-Comedores-Comunitarios-Sedesol.jpg","keywords":["Gobierno de la Rep\u00fablica"],"articleSection":["Municipales"],"inLanguage":"es","potentialAction":[{"@type":"CommentAction","name":"Comment","target":["https:\/\/volcanes.net\/?p=2829#respond"]}]},{"@type":"WebPage","@id":"https:\/\/volcanes.net\/?p=2829","url":"https:\/\/volcanes.net\/?p=2829","name":"Sinaloa y Nayarit est\u00e1n de pie gracias a la labor de las voluntarias de los Comedores Comunitarios: Sedesol - Volcanes","isPartOf":{"@id":"https:\/\/volcanes.net\/#website"},"primaryImageOfPage":{"@id":"https:\/\/volcanes.net\/?p=2829#primaryimage"},"image":{"@id":"https:\/\/volcanes.net\/?p=2829#primaryimage"},"thumbnailUrl":"https:\/\/volcanes.net\/wp-content\/uploads\/2018\/10\/FOTO-1-Sinaloa-y-Nayarit-est\u00e1n-de-pie-gracias-a-la-labor-de-las-voluntarias-de-los-Comedores-Comunitarios-Sedesol.jpg","datePublished":"2018-10-30T21:45:26+00:00","breadcrumb":{"@id":"https:\/\/volcanes.net\/?p=2829#breadcrumb"},"inLanguage":"es","potentialAction":[{"@type":"ReadAction","target":["https:\/\/volcanes.net\/?p=2829"]}]},{"@type":"ImageObject","inLanguage":"es","@id":"https:\/\/volcanes.net\/?p=2829#primaryimage","url":"https:\/\/volcanes.net\/wp-content\/uploads\/2018\/10\/FOTO-1-Sinaloa-y-Nayarit-est\u00e1n-de-pie-gracias-a-la-labor-de-las-voluntarias-de-los-Comedores-Comunitarios-Sedesol.jpg","contentUrl":"https:\/\/volcanes.net\/wp-content\/uploads\/2018\/10\/FOTO-1-Sinaloa-y-Nayarit-est\u00e1n-de-pie-gracias-a-la-labor-de-las-voluntarias-de-los-Comedores-Comunitarios-Sedesol.jpg","width":400,"height":266},{"@type":"BreadcrumbList","@id":"https:\/\/volcanes.net\/?p=2829#breadcrumb","itemListElement":[{"@type":"ListItem","position":1,"name":"Portada","item":"https:\/\/volcanes.net\/"},{"@type":"ListItem","position":2,"name":"Sinaloa y Nayarit est\u00e1n de pie gracias a la labor de las voluntarias de los Comedores Comunitarios: Sedesol"}]},{"@type":"WebSite","@id":"https:\/\/volcanes.net\/#website","url":"https:\/\/volcanes.net\/","name":"Volcanes.Net","description":"Periodismo Profesional","publisher":{"@id":"https:\/\/volcanes.net\/#organization"},"potentialAction":[{"@type":"SearchAction","target":{"@type":"EntryPoint","urlTemplate":"https:\/\/volcanes.net\/?s={search_term_string}"},"query-input":{"@type":"PropertyValueSpecification","valueRequired":true,"valueName":"search_term_string"}}],"inLanguage":"es"},{"@type":"Organization","@id":"https:\/\/volcanes.net\/#organization","name":"Grupo Volcanes","url":"https:\/\/volcanes.net\/","logo":{"@type":"ImageObject","inLanguage":"es","@id":"https:\/\/volcanes.net\/#\/schema\/logo\/image\/","url":"http:\/\/volcanes.net\/wp-content\/uploads\/2017\/12\/Avatar2.jpg","contentUrl":"http:\/\/volcanes.net\/wp-content\/uploads\/2017\/12\/Avatar2.jpg","width":378,"height":378,"caption":"Grupo Volcanes"},"image":{"@id":"https:\/\/volcanes.net\/#\/schema\/logo\/image\/"},"sameAs":["https:\/\/www.facebook.com\/volcanes.net\/"]},{"@type":"Person","@id":"https:\/\/volcanes.net\/#\/schema\/person\/4bf0f383940966a4abd53f5048c0e6b9","name":"admin","image":{"@type":"ImageObject","inLanguage":"es","@id":"https:\/\/volcanes.net\/#\/schema\/person\/image\/","url":"https:\/\/secure.gravatar.com\/avatar\/ca004e6cba8462b8cb7abc86e382930c?s=96&d=mm&r=g","contentUrl":"https:\/\/secure.gravatar.com\/avatar\/ca004e6cba8462b8cb7abc86e382930c?s=96&d=mm&r=g","caption":"admin"}}]}},"_links":{"self":[{"href":"https:\/\/volcanes.net\/index.php?rest_route=\/wp\/v2\/posts\/2829"}],"collection":[{"href":"https:\/\/volcanes.net\/index.php?rest_route=\/wp\/v2\/posts"}],"about":[{"href":"https:\/\/volcanes.net\/index.php?rest_route=\/wp\/v2\/types\/post"}],"author":[{"embeddable":true,"href":"https:\/\/volcanes.net\/index.php?rest_route=\/wp\/v2\/users\/1"}],"replies":[{"embeddable":true,"href":"https:\/\/volcanes.net\/index.php?rest_route=%2Fwp%2Fv2%2Fcomments&post=2829"}],"version-history":[{"count":1,"href":"https:\/\/volcanes.net\/index.php?rest_route=\/wp\/v2\/posts\/2829\/revisions"}],"predecessor-version":[{"id":2831,"href":"https:\/\/volcanes.net\/index.php?rest_route=\/wp\/v2\/posts\/2829\/revisions\/2831"}],"wp:featuredmedia":[{"embeddable":true,"href":"https:\/\/volcanes.net\/index.php?rest_route=\/wp\/v2\/media\/2830"}],"wp:attachment":[{"href":"https:\/\/volcanes.net\/index.php?rest_route=%2Fwp%2Fv2%2Fmedia&parent=2829"}],"wp:term":[{"taxonomy":"category","embeddable":true,"href":"https:\/\/volcanes.net\/index.php?rest_route=%2Fwp%2Fv2%2Fcategories&post=2829"},{"taxonomy":"post_tag","embeddable":true,"href":"https:\/\/volcanes.net\/index.php?rest_route=%2Fwp%2Fv2%2Ftags&post=2829"}],"curies":[{"name":"wp","href":"https:\/\/api.w.org\/{rel}","templated":true}]}}