{"id":2857,"date":"2018-10-31T20:01:53","date_gmt":"2018-10-31T20:01:53","guid":{"rendered":"http:\/\/volcanes.net\/?p=2857"},"modified":"2018-10-31T20:01:53","modified_gmt":"2018-10-31T20:01:53","slug":"detienen-autoridades-estatales-federales-y-municipales-celula-delictiva-en-texcoco","status":"publish","type":"post","link":"https:\/\/volcanes.net\/?p=2857","title":{"rendered":"Detienen autoridades estatales, federales y municipales c\u00e9lula delictiva en #Texcoco"},"content":{"rendered":"<div style=\"margin-top: 0px; margin-bottom: 0px;\" class=\"sharethis-inline-share-buttons\" ><\/div><p>En movilizaci\u00f3n en la que participaron autoridades estatales, federales y municipales, fue desarticulada una c\u00e9lula delictiva de un grupo criminal con or\u00edgenes en el estado de Jalisco, la cual estaba conformada por ocho personas. Estos sujetos habr\u00edan realizado disparos en contra de los elementos de las diversas corporaciones, quienes repelieron la agresi\u00f3n.<\/p>\n<p>En conferencia de prensa, Alejandro G\u00f3mez S\u00e1nchez, Fiscal General de Justicia del Estado de M\u00e9xico, inform\u00f3 que este enfrentamiento se suscit\u00f3 con un grupo criminal en la calle Francisco I. Madero, en la colonia Pentecost\u00e9s, en el municipio de Texcoco, derivado de una investigaci\u00f3n realizada por personal de esta Instituci\u00f3n por el asesinato de dos prestadores de servicio social de esta Instituci\u00f3n, ocurrido el pasado 17 de octubre.<\/p>\n<p>&#8220;La informaci\u00f3n de esta investigaci\u00f3n nos permiti\u00f3 ubicar este domicilio en donde ten\u00edamos datos de la llegada y salida de veh\u00edculos con personas armadas, motivo por el cual se realiz\u00f3 la vigilancia correspondiente en el domicilio referido; alrededor de las 10:15 de la ma\u00f1ana de este martes se observ\u00f3 una camioneta, color azul marino salir de este domicilio con personas armadas&#8221;, explic\u00f3.<\/p>\n<p>Personal de la Fiscal\u00eda, agreg\u00f3 G\u00f3mez S\u00e1nchez, les marc\u00f3 el alto a los tripulantes, pero no se detuvieron, estos sujetos evadieron a los veh\u00edculos de la FGJEM, y se inici\u00f3 una persecuci\u00f3n, luego habr\u00edan disparado en contra de los servidores p\u00fablicos quienes repelieron la agresi\u00f3n, Derivado de este hecho fueron detenidos dos sujetos, quienes est\u00e1n lesionados.<\/p>\n<p>Los elementos de la FGJEM lograron ubicar a m\u00e1s personas armadas dentro del inmueble; una vez que se acercaron los elementos policiacos fueron atacados a balazos y se repeli\u00f3 la agresi\u00f3n.<\/p>\n<p>Los Polic\u00edas de Investigaci\u00f3n pidieron apoyo de elementos de la Secretar\u00eda de Seguridad del Estado de M\u00e9xico, as\u00ed como de las Secretar\u00edas de Marina y Defensa Nacional, Polic\u00edas Federales y municipales de Texcoco, Nezahualc\u00f3yotl y Chimalhuac\u00e1n; con este estado de fuerza fue posible ingresar al domicilio.<\/p>\n<p>El saldo de este enfrentamiento, sostuvo el titular de la FGJEM, fue de tres personas muertas, dos de ellos delincuentes, al interior del inmueble, y un Polic\u00eda de Investigaci\u00f3n, adem\u00e1s de seis integrantes de ese grupo criminal lesionadas, dos de los cuales, hasta la noche de este martes, segu\u00edan hospitalizados. Cabe se\u00f1alar adem\u00e1s, que tres Polic\u00edas de Investigaci\u00f3n fueron heridos durante el enfrentamiento.<\/p>\n<p>De esta movilizaci\u00f3n fueron asegurados cuatro fusiles AK 47, 3 fusiles Ar-15, dos armas cortas, mil cartuchos de diversos calibres, cargadores para las armas aseguradas, chalecos antibalas, chamarras, radios y tres veh\u00edculos, uno de ellos relacionado con la privaci\u00f3n de la libertad y el homicidio de los dos trabajadores de servicio social, adem\u00e1s de cinco tel\u00e9fonos celulares. Es preciso referir que fueron da\u00f1ados dos veh\u00edculos de la Fiscal\u00eda General de Justicia.<\/p>\n<p>Esta Instituci\u00f3n contin\u00faa con las investigaciones para poder establecer la probable participaci\u00f3n de estos sujetos en otros hechos delictivos en la zona.<\/p>\n","protected":false},"excerpt":{"rendered":"<p>En movilizaci\u00f3n en la que participaron autoridades estatales, federales y municipales, fue desarticulada una c\u00e9lula<\/p>\n","protected":false},"author":1,"featured_media":2858,"comment_status":"open","ping_status":"open","sticky":false,"template":"","format":"standard","meta":{"footnotes":""},"categories":[1],"tags":[22],"class_list":["post-2857","post","type-post","status-publish","format-standard","has-post-thumbnail","hentry","category-municipales","tag-texcoco"],"yoast_head":"<!-- This site is optimized with the Yoast SEO plugin v25.3 - https:\/\/yoast.com\/wordpress\/plugins\/seo\/ -->\n<title>Detienen autoridades estatales, federales y municipales c\u00e9lula delictiva en #Texcoco - Volcanes<\/title>\n<meta name=\"robots\" content=\"index, follow, max-snippet:-1, max-image-preview:large, max-video-preview:-1\" \/>\n<link rel=\"canonical\" href=\"https:\/\/volcanes.net\/?p=2857\" \/>\n<meta property=\"og:locale\" content=\"es_MX\" \/>\n<meta property=\"og:type\" content=\"article\" \/>\n<meta property=\"og:title\" content=\"Detienen autoridades estatales, federales y municipales c\u00e9lula delictiva en #Texcoco - Volcanes\" \/>\n<meta property=\"og:description\" content=\"En movilizaci\u00f3n en la que participaron autoridades estatales, federales y municipales, fue desarticulada una c\u00e9lula\" \/>\n<meta property=\"og:url\" content=\"https:\/\/volcanes.net\/?p=2857\" \/>\n<meta property=\"og:site_name\" content=\"Volcanes\" \/>\n<meta property=\"article:publisher\" content=\"https:\/\/www.facebook.com\/volcanes.net\/\" \/>\n<meta property=\"article:published_time\" content=\"2018-10-31T20:01:53+00:00\" \/>\n<meta property=\"og:image\" content=\"https:\/\/volcanes.net\/wp-content\/uploads\/2018\/10\/WhatsApp-Image-2018-10-31-at-7.48.46-AM.jpeg\" \/>\n\t<meta property=\"og:image:width\" content=\"540\" \/>\n\t<meta property=\"og:image:height\" content=\"625\" \/>\n\t<meta property=\"og:image:type\" content=\"image\/jpeg\" \/>\n<meta name=\"author\" content=\"admin\" \/>\n<meta name=\"twitter:card\" content=\"summary_large_image\" \/>\n<meta name=\"twitter:label1\" content=\"Escrito por\" \/>\n\t<meta name=\"twitter:data1\" content=\"admin\" \/>\n\t<meta name=\"twitter:label2\" content=\"Tiempo de lectura\" \/>\n\t<meta name=\"twitter:data2\" content=\"3 minutos\" \/>\n<script type=\"application\/ld+json\" class=\"yoast-schema-graph\">{\"@context\":\"https:\/\/schema.org\",\"@graph\":[{\"@type\":\"Article\",\"@id\":\"https:\/\/volcanes.net\/?p=2857#article\",\"isPartOf\":{\"@id\":\"https:\/\/volcanes.net\/?p=2857\"},\"author\":{\"name\":\"admin\",\"@id\":\"https:\/\/volcanes.net\/#\/schema\/person\/4bf0f383940966a4abd53f5048c0e6b9\"},\"headline\":\"Detienen autoridades estatales, federales y municipales c\u00e9lula delictiva en #Texcoco\",\"datePublished\":\"2018-10-31T20:01:53+00:00\",\"mainEntityOfPage\":{\"@id\":\"https:\/\/volcanes.net\/?p=2857\"},\"wordCount\":533,\"commentCount\":0,\"publisher\":{\"@id\":\"https:\/\/volcanes.net\/#organization\"},\"image\":{\"@id\":\"https:\/\/volcanes.net\/?p=2857#primaryimage\"},\"thumbnailUrl\":\"https:\/\/volcanes.net\/wp-content\/uploads\/2018\/10\/WhatsApp-Image-2018-10-31-at-7.48.46-AM.jpeg\",\"keywords\":[\"Texcoco\"],\"articleSection\":[\"Municipales\"],\"inLanguage\":\"es\",\"potentialAction\":[{\"@type\":\"CommentAction\",\"name\":\"Comment\",\"target\":[\"https:\/\/volcanes.net\/?p=2857#respond\"]}]},{\"@type\":\"WebPage\",\"@id\":\"https:\/\/volcanes.net\/?p=2857\",\"url\":\"https:\/\/volcanes.net\/?p=2857\",\"name\":\"Detienen autoridades estatales, federales y municipales c\u00e9lula delictiva en #Texcoco - Volcanes\",\"isPartOf\":{\"@id\":\"https:\/\/volcanes.net\/#website\"},\"primaryImageOfPage\":{\"@id\":\"https:\/\/volcanes.net\/?p=2857#primaryimage\"},\"image\":{\"@id\":\"https:\/\/volcanes.net\/?p=2857#primaryimage\"},\"thumbnailUrl\":\"https:\/\/volcanes.net\/wp-content\/uploads\/2018\/10\/WhatsApp-Image-2018-10-31-at-7.48.46-AM.jpeg\",\"datePublished\":\"2018-10-31T20:01:53+00:00\",\"breadcrumb\":{\"@id\":\"https:\/\/volcanes.net\/?p=2857#breadcrumb\"},\"inLanguage\":\"es\",\"potentialAction\":[{\"@type\":\"ReadAction\",\"target\":[\"https:\/\/volcanes.net\/?p=2857\"]}]},{\"@type\":\"ImageObject\",\"inLanguage\":\"es\",\"@id\":\"https:\/\/volcanes.net\/?p=2857#primaryimage\",\"url\":\"https:\/\/volcanes.net\/wp-content\/uploads\/2018\/10\/WhatsApp-Image-2018-10-31-at-7.48.46-AM.jpeg\",\"contentUrl\":\"https:\/\/volcanes.net\/wp-content\/uploads\/2018\/10\/WhatsApp-Image-2018-10-31-at-7.48.46-AM.jpeg\",\"width\":540,\"height\":625},{\"@type\":\"BreadcrumbList\",\"@id\":\"https:\/\/volcanes.net\/?p=2857#breadcrumb\",\"itemListElement\":[{\"@type\":\"ListItem\",\"position\":1,\"name\":\"Portada\",\"item\":\"https:\/\/volcanes.net\/\"},{\"@type\":\"ListItem\",\"position\":2,\"name\":\"Detienen autoridades estatales, federales y municipales c\u00e9lula delictiva en #Texcoco\"}]},{\"@type\":\"WebSite\",\"@id\":\"https:\/\/volcanes.net\/#website\",\"url\":\"https:\/\/volcanes.net\/\",\"name\":\"Volcanes.Net\",\"description\":\"Periodismo Profesional\",\"publisher\":{\"@id\":\"https:\/\/volcanes.net\/#organization\"},\"potentialAction\":[{\"@type\":\"SearchAction\",\"target\":{\"@type\":\"EntryPoint\",\"urlTemplate\":\"https:\/\/volcanes.net\/?s={search_term_string}\"},\"query-input\":{\"@type\":\"PropertyValueSpecification\",\"valueRequired\":true,\"valueName\":\"search_term_string\"}}],\"inLanguage\":\"es\"},{\"@type\":\"Organization\",\"@id\":\"https:\/\/volcanes.net\/#organization\",\"name\":\"Grupo Volcanes\",\"url\":\"https:\/\/volcanes.net\/\",\"logo\":{\"@type\":\"ImageObject\",\"inLanguage\":\"es\",\"@id\":\"https:\/\/volcanes.net\/#\/schema\/logo\/image\/\",\"url\":\"http:\/\/volcanes.net\/wp-content\/uploads\/2017\/12\/Avatar2.jpg\",\"contentUrl\":\"http:\/\/volcanes.net\/wp-content\/uploads\/2017\/12\/Avatar2.jpg\",\"width\":378,\"height\":378,\"caption\":\"Grupo Volcanes\"},\"image\":{\"@id\":\"https:\/\/volcanes.net\/#\/schema\/logo\/image\/\"},\"sameAs\":[\"https:\/\/www.facebook.com\/volcanes.net\/\"]},{\"@type\":\"Person\",\"@id\":\"https:\/\/volcanes.net\/#\/schema\/person\/4bf0f383940966a4abd53f5048c0e6b9\",\"name\":\"admin\",\"image\":{\"@type\":\"ImageObject\",\"inLanguage\":\"es\",\"@id\":\"https:\/\/volcanes.net\/#\/schema\/person\/image\/\",\"url\":\"https:\/\/secure.gravatar.com\/avatar\/ca004e6cba8462b8cb7abc86e382930c?s=96&d=mm&r=g\",\"contentUrl\":\"https:\/\/secure.gravatar.com\/avatar\/ca004e6cba8462b8cb7abc86e382930c?s=96&d=mm&r=g\",\"caption\":\"admin\"}}]}<\/script>\n<!-- \/ Yoast SEO plugin. -->","yoast_head_json":{"title":"Detienen autoridades estatales, federales y municipales c\u00e9lula delictiva en #Texcoco - Volcanes","robots":{"index":"index","follow":"follow","max-snippet":"max-snippet:-1","max-image-preview":"max-image-preview:large","max-video-preview":"max-video-preview:-1"},"canonical":"https:\/\/volcanes.net\/?p=2857","og_locale":"es_MX","og_type":"article","og_title":"Detienen autoridades estatales, federales y municipales c\u00e9lula delictiva en #Texcoco - Volcanes","og_description":"En movilizaci\u00f3n en la que participaron autoridades estatales, federales y municipales, fue desarticulada una c\u00e9lula","og_url":"https:\/\/volcanes.net\/?p=2857","og_site_name":"Volcanes","article_publisher":"https:\/\/www.facebook.com\/volcanes.net\/","article_published_time":"2018-10-31T20:01:53+00:00","og_image":[{"width":540,"height":625,"url":"https:\/\/volcanes.net\/wp-content\/uploads\/2018\/10\/WhatsApp-Image-2018-10-31-at-7.48.46-AM.jpeg","type":"image\/jpeg"}],"author":"admin","twitter_card":"summary_large_image","twitter_misc":{"Escrito por":"admin","Tiempo de lectura":"3 minutos"},"schema":{"@context":"https:\/\/schema.org","@graph":[{"@type":"Article","@id":"https:\/\/volcanes.net\/?p=2857#article","isPartOf":{"@id":"https:\/\/volcanes.net\/?p=2857"},"author":{"name":"admin","@id":"https:\/\/volcanes.net\/#\/schema\/person\/4bf0f383940966a4abd53f5048c0e6b9"},"headline":"Detienen autoridades estatales, federales y municipales c\u00e9lula delictiva en #Texcoco","datePublished":"2018-10-31T20:01:53+00:00","mainEntityOfPage":{"@id":"https:\/\/volcanes.net\/?p=2857"},"wordCount":533,"commentCount":0,"publisher":{"@id":"https:\/\/volcanes.net\/#organization"},"image":{"@id":"https:\/\/volcanes.net\/?p=2857#primaryimage"},"thumbnailUrl":"https:\/\/volcanes.net\/wp-content\/uploads\/2018\/10\/WhatsApp-Image-2018-10-31-at-7.48.46-AM.jpeg","keywords":["Texcoco"],"articleSection":["Municipales"],"inLanguage":"es","potentialAction":[{"@type":"CommentAction","name":"Comment","target":["https:\/\/volcanes.net\/?p=2857#respond"]}]},{"@type":"WebPage","@id":"https:\/\/volcanes.net\/?p=2857","url":"https:\/\/volcanes.net\/?p=2857","name":"Detienen autoridades estatales, federales y municipales c\u00e9lula delictiva en #Texcoco - Volcanes","isPartOf":{"@id":"https:\/\/volcanes.net\/#website"},"primaryImageOfPage":{"@id":"https:\/\/volcanes.net\/?p=2857#primaryimage"},"image":{"@id":"https:\/\/volcanes.net\/?p=2857#primaryimage"},"thumbnailUrl":"https:\/\/volcanes.net\/wp-content\/uploads\/2018\/10\/WhatsApp-Image-2018-10-31-at-7.48.46-AM.jpeg","datePublished":"2018-10-31T20:01:53+00:00","breadcrumb":{"@id":"https:\/\/volcanes.net\/?p=2857#breadcrumb"},"inLanguage":"es","potentialAction":[{"@type":"ReadAction","target":["https:\/\/volcanes.net\/?p=2857"]}]},{"@type":"ImageObject","inLanguage":"es","@id":"https:\/\/volcanes.net\/?p=2857#primaryimage","url":"https:\/\/volcanes.net\/wp-content\/uploads\/2018\/10\/WhatsApp-Image-2018-10-31-at-7.48.46-AM.jpeg","contentUrl":"https:\/\/volcanes.net\/wp-content\/uploads\/2018\/10\/WhatsApp-Image-2018-10-31-at-7.48.46-AM.jpeg","width":540,"height":625},{"@type":"BreadcrumbList","@id":"https:\/\/volcanes.net\/?p=2857#breadcrumb","itemListElement":[{"@type":"ListItem","position":1,"name":"Portada","item":"https:\/\/volcanes.net\/"},{"@type":"ListItem","position":2,"name":"Detienen autoridades estatales, federales y municipales c\u00e9lula delictiva en #Texcoco"}]},{"@type":"WebSite","@id":"https:\/\/volcanes.net\/#website","url":"https:\/\/volcanes.net\/","name":"Volcanes.Net","description":"Periodismo Profesional","publisher":{"@id":"https:\/\/volcanes.net\/#organization"},"potentialAction":[{"@type":"SearchAction","target":{"@type":"EntryPoint","urlTemplate":"https:\/\/volcanes.net\/?s={search_term_string}"},"query-input":{"@type":"PropertyValueSpecification","valueRequired":true,"valueName":"search_term_string"}}],"inLanguage":"es"},{"@type":"Organization","@id":"https:\/\/volcanes.net\/#organization","name":"Grupo Volcanes","url":"https:\/\/volcanes.net\/","logo":{"@type":"ImageObject","inLanguage":"es","@id":"https:\/\/volcanes.net\/#\/schema\/logo\/image\/","url":"http:\/\/volcanes.net\/wp-content\/uploads\/2017\/12\/Avatar2.jpg","contentUrl":"http:\/\/volcanes.net\/wp-content\/uploads\/2017\/12\/Avatar2.jpg","width":378,"height":378,"caption":"Grupo Volcanes"},"image":{"@id":"https:\/\/volcanes.net\/#\/schema\/logo\/image\/"},"sameAs":["https:\/\/www.facebook.com\/volcanes.net\/"]},{"@type":"Person","@id":"https:\/\/volcanes.net\/#\/schema\/person\/4bf0f383940966a4abd53f5048c0e6b9","name":"admin","image":{"@type":"ImageObject","inLanguage":"es","@id":"https:\/\/volcanes.net\/#\/schema\/person\/image\/","url":"https:\/\/secure.gravatar.com\/avatar\/ca004e6cba8462b8cb7abc86e382930c?s=96&d=mm&r=g","contentUrl":"https:\/\/secure.gravatar.com\/avatar\/ca004e6cba8462b8cb7abc86e382930c?s=96&d=mm&r=g","caption":"admin"}}]}},"_links":{"self":[{"href":"https:\/\/volcanes.net\/index.php?rest_route=\/wp\/v2\/posts\/2857"}],"collection":[{"href":"https:\/\/volcanes.net\/index.php?rest_route=\/wp\/v2\/posts"}],"about":[{"href":"https:\/\/volcanes.net\/index.php?rest_route=\/wp\/v2\/types\/post"}],"author":[{"embeddable":true,"href":"https:\/\/volcanes.net\/index.php?rest_route=\/wp\/v2\/users\/1"}],"replies":[{"embeddable":true,"href":"https:\/\/volcanes.net\/index.php?rest_route=%2Fwp%2Fv2%2Fcomments&post=2857"}],"version-history":[{"count":1,"href":"https:\/\/volcanes.net\/index.php?rest_route=\/wp\/v2\/posts\/2857\/revisions"}],"predecessor-version":[{"id":2859,"href":"https:\/\/volcanes.net\/index.php?rest_route=\/wp\/v2\/posts\/2857\/revisions\/2859"}],"wp:featuredmedia":[{"embeddable":true,"href":"https:\/\/volcanes.net\/index.php?rest_route=\/wp\/v2\/media\/2858"}],"wp:attachment":[{"href":"https:\/\/volcanes.net\/index.php?rest_route=%2Fwp%2Fv2%2Fmedia&parent=2857"}],"wp:term":[{"taxonomy":"category","embeddable":true,"href":"https:\/\/volcanes.net\/index.php?rest_route=%2Fwp%2Fv2%2Fcategories&post=2857"},{"taxonomy":"post_tag","embeddable":true,"href":"https:\/\/volcanes.net\/index.php?rest_route=%2Fwp%2Fv2%2Ftags&post=2857"}],"curies":[{"name":"wp","href":"https:\/\/api.w.org\/{rel}","templated":true}]}}