{"id":2863,"date":"2018-10-31T20:07:43","date_gmt":"2018-10-31T20:07:43","guid":{"rendered":"http:\/\/volcanes.net\/?p=2863"},"modified":"2018-10-31T20:07:43","modified_gmt":"2018-10-31T20:07:43","slug":"implementa-suem-acciones-preventivas-por-el-dia-de-muertos","status":"publish","type":"post","link":"https:\/\/volcanes.net\/?p=2863","title":{"rendered":"Implementa SUEM acciones preventivas por el d\u00eda de muertos"},"content":{"rendered":"<div style=\"margin-top: 0px; margin-bottom: 0px;\" class=\"sharethis-inline-share-buttons\" ><\/div><p><em>\u2022 Tendr\u00e1 presencia en panteones, carreteras y lugares de recreo.<\/em><br \/>\n<em>\u2022 Emite recomendaciones a la poblaci\u00f3n para prevenir accidentes.<\/em><\/p>\n<p><strong>Toluca, Estado de M\u00e9xico, 31 de octubre de 2018.<\/strong>\u00a0Con motivo del D\u00eda de Muertos, el Servicio de Urgencias del Estado de M\u00e9xico (SUEM) realiza un operativo especial a fin de apoyar a la poblaci\u00f3n en panteones, carreteras y lugares de recreo, a trav\u00e9s de sus cuatro bases de operaci\u00f3n ubicadas en Toluca, Atlacomulco, Villa Victoria y Ecatepec.<\/p>\n<p>En el caso de la capital mexiquense, las acciones de vigilancia iniciaron con la presencia permanente de una unidad en el Pante\u00f3n General de Toluca, donde se llevaron a cabo los recorridos nocturnos, mientras que el 1 de noviembre, por la noche, tambi\u00e9n se vigilar\u00e1 este camposanto y el municipal.<\/p>\n<p>El 2 de noviembre se tendr\u00e1 presencia en ambos lugares y se trabajar\u00e1 de manera coordinada con Bomberos de Toluca, adem\u00e1s de que se estar\u00e1 atento a cualquier llamado de emergencia que realice la ciudadan\u00eda al 911.<\/p>\n<p>A la par, del 1 al 4 de noviembre tambi\u00e9n se desplegar\u00e1n ambulancias y personal en las carreteras Toluca-Atlacomulco, M\u00e9xico-Toluca, Toluca-Valle de Bravo y Toluca-Ixtapan de la Sal, pues se espera una importante afluencia de paseantes.<\/p>\n<p>Otro punto donde tambi\u00e9n se acudir\u00e1 son los municipios de Ocuilan y Malinalco, espec\u00edficamente en el Santuario de Chalma, toda vez que por ser un destino de afluencia de turismo religioso se prev\u00e9 un importante n\u00famero de visitantes.<\/p>\n<p>Asimismo, el SUEM hizo recomendaciones de seguridad a la poblaci\u00f3n en general para evitar accidentes y en el caso de las ofrendas sugiere que las velas o veladoras se coloquen en recipientes de cer\u00e1mica o metal y lejos de materiales inflamables como cortinas, manteles o papel picado, apagarlas durante la noche o si se va a salir de casa\u00a0 para prevenir incendios y de igual manera no deben estar al alcance de los ni\u00f1os para evitar quemaduras.<\/p>\n<p>Por lo que respecta a los paseantes, hace un llamado a revisar las condiciones mec\u00e1nicas y el\u00e9ctricas de los autom\u00f3viles, no manejar si se est\u00e1 cansado o bajo los efectos del alcohol, respetar los l\u00edmites de velocidad, que todos los pasajeros utilicen el cintur\u00f3n de seguridad, contar con llanta de refacci\u00f3n y herramienta, adem\u00e1s de evitar el uso de celular mientras se conduce.<\/p>\n","protected":false},"excerpt":{"rendered":"<p>\u2022 Tendr\u00e1 presencia en panteones, carreteras y lugares de recreo. \u2022 Emite recomendaciones a la<\/p>\n","protected":false},"author":1,"featured_media":2864,"comment_status":"open","ping_status":"open","sticky":false,"template":"","format":"standard","meta":{"footnotes":""},"categories":[3],"tags":[4],"class_list":["post-2863","post","type-post","status-publish","format-standard","has-post-thumbnail","hentry","category-estatales","tag-gobierno-del-estado-de-mexico"],"yoast_head":"<!-- This site is optimized with the Yoast SEO plugin v25.3 - https:\/\/yoast.com\/wordpress\/plugins\/seo\/ -->\n<title>Implementa SUEM acciones preventivas por el d\u00eda de muertos - Volcanes<\/title>\n<meta name=\"robots\" content=\"index, follow, max-snippet:-1, max-image-preview:large, max-video-preview:-1\" \/>\n<link rel=\"canonical\" href=\"https:\/\/volcanes.net\/?p=2863\" \/>\n<meta property=\"og:locale\" content=\"es_MX\" \/>\n<meta property=\"og:type\" content=\"article\" \/>\n<meta property=\"og:title\" content=\"Implementa SUEM acciones preventivas por el d\u00eda de muertos - Volcanes\" \/>\n<meta property=\"og:description\" content=\"\u2022 Tendr\u00e1 presencia en panteones, carreteras y lugares de recreo. \u2022 Emite recomendaciones a la\" \/>\n<meta property=\"og:url\" content=\"https:\/\/volcanes.net\/?p=2863\" \/>\n<meta property=\"og:site_name\" content=\"Volcanes\" \/>\n<meta property=\"article:publisher\" content=\"https:\/\/www.facebook.com\/volcanes.net\/\" \/>\n<meta property=\"article:published_time\" content=\"2018-10-31T20:07:43+00:00\" \/>\n<meta property=\"og:image\" content=\"https:\/\/volcanes.net\/wp-content\/uploads\/2018\/10\/unnamed-2.jpg\" \/>\n\t<meta property=\"og:image:width\" content=\"400\" \/>\n\t<meta property=\"og:image:height\" content=\"265\" \/>\n\t<meta property=\"og:image:type\" content=\"image\/jpeg\" \/>\n<meta name=\"author\" content=\"admin\" \/>\n<meta name=\"twitter:card\" content=\"summary_large_image\" \/>\n<meta name=\"twitter:label1\" content=\"Escrito por\" \/>\n\t<meta name=\"twitter:data1\" content=\"admin\" \/>\n\t<meta name=\"twitter:label2\" content=\"Tiempo de lectura\" \/>\n\t<meta name=\"twitter:data2\" content=\"2 minutos\" \/>\n<script type=\"application\/ld+json\" class=\"yoast-schema-graph\">{\"@context\":\"https:\/\/schema.org\",\"@graph\":[{\"@type\":\"Article\",\"@id\":\"https:\/\/volcanes.net\/?p=2863#article\",\"isPartOf\":{\"@id\":\"https:\/\/volcanes.net\/?p=2863\"},\"author\":{\"name\":\"admin\",\"@id\":\"https:\/\/volcanes.net\/#\/schema\/person\/4bf0f383940966a4abd53f5048c0e6b9\"},\"headline\":\"Implementa SUEM acciones preventivas por el d\u00eda de muertos\",\"datePublished\":\"2018-10-31T20:07:43+00:00\",\"mainEntityOfPage\":{\"@id\":\"https:\/\/volcanes.net\/?p=2863\"},\"wordCount\":406,\"commentCount\":0,\"publisher\":{\"@id\":\"https:\/\/volcanes.net\/#organization\"},\"image\":{\"@id\":\"https:\/\/volcanes.net\/?p=2863#primaryimage\"},\"thumbnailUrl\":\"https:\/\/volcanes.net\/wp-content\/uploads\/2018\/10\/unnamed-2.jpg\",\"keywords\":[\"Gobierno del Estado de M\u00e9xico\"],\"articleSection\":[\"Estatales\"],\"inLanguage\":\"es\",\"potentialAction\":[{\"@type\":\"CommentAction\",\"name\":\"Comment\",\"target\":[\"https:\/\/volcanes.net\/?p=2863#respond\"]}]},{\"@type\":\"WebPage\",\"@id\":\"https:\/\/volcanes.net\/?p=2863\",\"url\":\"https:\/\/volcanes.net\/?p=2863\",\"name\":\"Implementa SUEM acciones preventivas por el d\u00eda de muertos - Volcanes\",\"isPartOf\":{\"@id\":\"https:\/\/volcanes.net\/#website\"},\"primaryImageOfPage\":{\"@id\":\"https:\/\/volcanes.net\/?p=2863#primaryimage\"},\"image\":{\"@id\":\"https:\/\/volcanes.net\/?p=2863#primaryimage\"},\"thumbnailUrl\":\"https:\/\/volcanes.net\/wp-content\/uploads\/2018\/10\/unnamed-2.jpg\",\"datePublished\":\"2018-10-31T20:07:43+00:00\",\"breadcrumb\":{\"@id\":\"https:\/\/volcanes.net\/?p=2863#breadcrumb\"},\"inLanguage\":\"es\",\"potentialAction\":[{\"@type\":\"ReadAction\",\"target\":[\"https:\/\/volcanes.net\/?p=2863\"]}]},{\"@type\":\"ImageObject\",\"inLanguage\":\"es\",\"@id\":\"https:\/\/volcanes.net\/?p=2863#primaryimage\",\"url\":\"https:\/\/volcanes.net\/wp-content\/uploads\/2018\/10\/unnamed-2.jpg\",\"contentUrl\":\"https:\/\/volcanes.net\/wp-content\/uploads\/2018\/10\/unnamed-2.jpg\",\"width\":400,\"height\":265},{\"@type\":\"BreadcrumbList\",\"@id\":\"https:\/\/volcanes.net\/?p=2863#breadcrumb\",\"itemListElement\":[{\"@type\":\"ListItem\",\"position\":1,\"name\":\"Portada\",\"item\":\"https:\/\/volcanes.net\/\"},{\"@type\":\"ListItem\",\"position\":2,\"name\":\"Implementa SUEM acciones preventivas por el d\u00eda de muertos\"}]},{\"@type\":\"WebSite\",\"@id\":\"https:\/\/volcanes.net\/#website\",\"url\":\"https:\/\/volcanes.net\/\",\"name\":\"Volcanes.Net\",\"description\":\"Periodismo Profesional\",\"publisher\":{\"@id\":\"https:\/\/volcanes.net\/#organization\"},\"potentialAction\":[{\"@type\":\"SearchAction\",\"target\":{\"@type\":\"EntryPoint\",\"urlTemplate\":\"https:\/\/volcanes.net\/?s={search_term_string}\"},\"query-input\":{\"@type\":\"PropertyValueSpecification\",\"valueRequired\":true,\"valueName\":\"search_term_string\"}}],\"inLanguage\":\"es\"},{\"@type\":\"Organization\",\"@id\":\"https:\/\/volcanes.net\/#organization\",\"name\":\"Grupo Volcanes\",\"url\":\"https:\/\/volcanes.net\/\",\"logo\":{\"@type\":\"ImageObject\",\"inLanguage\":\"es\",\"@id\":\"https:\/\/volcanes.net\/#\/schema\/logo\/image\/\",\"url\":\"http:\/\/volcanes.net\/wp-content\/uploads\/2017\/12\/Avatar2.jpg\",\"contentUrl\":\"http:\/\/volcanes.net\/wp-content\/uploads\/2017\/12\/Avatar2.jpg\",\"width\":378,\"height\":378,\"caption\":\"Grupo Volcanes\"},\"image\":{\"@id\":\"https:\/\/volcanes.net\/#\/schema\/logo\/image\/\"},\"sameAs\":[\"https:\/\/www.facebook.com\/volcanes.net\/\"]},{\"@type\":\"Person\",\"@id\":\"https:\/\/volcanes.net\/#\/schema\/person\/4bf0f383940966a4abd53f5048c0e6b9\",\"name\":\"admin\",\"image\":{\"@type\":\"ImageObject\",\"inLanguage\":\"es\",\"@id\":\"https:\/\/volcanes.net\/#\/schema\/person\/image\/\",\"url\":\"https:\/\/secure.gravatar.com\/avatar\/ca004e6cba8462b8cb7abc86e382930c?s=96&d=mm&r=g\",\"contentUrl\":\"https:\/\/secure.gravatar.com\/avatar\/ca004e6cba8462b8cb7abc86e382930c?s=96&d=mm&r=g\",\"caption\":\"admin\"}}]}<\/script>\n<!-- \/ Yoast SEO plugin. -->","yoast_head_json":{"title":"Implementa SUEM acciones preventivas por el d\u00eda de muertos - Volcanes","robots":{"index":"index","follow":"follow","max-snippet":"max-snippet:-1","max-image-preview":"max-image-preview:large","max-video-preview":"max-video-preview:-1"},"canonical":"https:\/\/volcanes.net\/?p=2863","og_locale":"es_MX","og_type":"article","og_title":"Implementa SUEM acciones preventivas por el d\u00eda de muertos - Volcanes","og_description":"\u2022 Tendr\u00e1 presencia en panteones, carreteras y lugares de recreo. \u2022 Emite recomendaciones a la","og_url":"https:\/\/volcanes.net\/?p=2863","og_site_name":"Volcanes","article_publisher":"https:\/\/www.facebook.com\/volcanes.net\/","article_published_time":"2018-10-31T20:07:43+00:00","og_image":[{"width":400,"height":265,"url":"https:\/\/volcanes.net\/wp-content\/uploads\/2018\/10\/unnamed-2.jpg","type":"image\/jpeg"}],"author":"admin","twitter_card":"summary_large_image","twitter_misc":{"Escrito por":"admin","Tiempo de lectura":"2 minutos"},"schema":{"@context":"https:\/\/schema.org","@graph":[{"@type":"Article","@id":"https:\/\/volcanes.net\/?p=2863#article","isPartOf":{"@id":"https:\/\/volcanes.net\/?p=2863"},"author":{"name":"admin","@id":"https:\/\/volcanes.net\/#\/schema\/person\/4bf0f383940966a4abd53f5048c0e6b9"},"headline":"Implementa SUEM acciones preventivas por el d\u00eda de muertos","datePublished":"2018-10-31T20:07:43+00:00","mainEntityOfPage":{"@id":"https:\/\/volcanes.net\/?p=2863"},"wordCount":406,"commentCount":0,"publisher":{"@id":"https:\/\/volcanes.net\/#organization"},"image":{"@id":"https:\/\/volcanes.net\/?p=2863#primaryimage"},"thumbnailUrl":"https:\/\/volcanes.net\/wp-content\/uploads\/2018\/10\/unnamed-2.jpg","keywords":["Gobierno del Estado de M\u00e9xico"],"articleSection":["Estatales"],"inLanguage":"es","potentialAction":[{"@type":"CommentAction","name":"Comment","target":["https:\/\/volcanes.net\/?p=2863#respond"]}]},{"@type":"WebPage","@id":"https:\/\/volcanes.net\/?p=2863","url":"https:\/\/volcanes.net\/?p=2863","name":"Implementa SUEM acciones preventivas por el d\u00eda de muertos - Volcanes","isPartOf":{"@id":"https:\/\/volcanes.net\/#website"},"primaryImageOfPage":{"@id":"https:\/\/volcanes.net\/?p=2863#primaryimage"},"image":{"@id":"https:\/\/volcanes.net\/?p=2863#primaryimage"},"thumbnailUrl":"https:\/\/volcanes.net\/wp-content\/uploads\/2018\/10\/unnamed-2.jpg","datePublished":"2018-10-31T20:07:43+00:00","breadcrumb":{"@id":"https:\/\/volcanes.net\/?p=2863#breadcrumb"},"inLanguage":"es","potentialAction":[{"@type":"ReadAction","target":["https:\/\/volcanes.net\/?p=2863"]}]},{"@type":"ImageObject","inLanguage":"es","@id":"https:\/\/volcanes.net\/?p=2863#primaryimage","url":"https:\/\/volcanes.net\/wp-content\/uploads\/2018\/10\/unnamed-2.jpg","contentUrl":"https:\/\/volcanes.net\/wp-content\/uploads\/2018\/10\/unnamed-2.jpg","width":400,"height":265},{"@type":"BreadcrumbList","@id":"https:\/\/volcanes.net\/?p=2863#breadcrumb","itemListElement":[{"@type":"ListItem","position":1,"name":"Portada","item":"https:\/\/volcanes.net\/"},{"@type":"ListItem","position":2,"name":"Implementa SUEM acciones preventivas por el d\u00eda de muertos"}]},{"@type":"WebSite","@id":"https:\/\/volcanes.net\/#website","url":"https:\/\/volcanes.net\/","name":"Volcanes.Net","description":"Periodismo Profesional","publisher":{"@id":"https:\/\/volcanes.net\/#organization"},"potentialAction":[{"@type":"SearchAction","target":{"@type":"EntryPoint","urlTemplate":"https:\/\/volcanes.net\/?s={search_term_string}"},"query-input":{"@type":"PropertyValueSpecification","valueRequired":true,"valueName":"search_term_string"}}],"inLanguage":"es"},{"@type":"Organization","@id":"https:\/\/volcanes.net\/#organization","name":"Grupo Volcanes","url":"https:\/\/volcanes.net\/","logo":{"@type":"ImageObject","inLanguage":"es","@id":"https:\/\/volcanes.net\/#\/schema\/logo\/image\/","url":"http:\/\/volcanes.net\/wp-content\/uploads\/2017\/12\/Avatar2.jpg","contentUrl":"http:\/\/volcanes.net\/wp-content\/uploads\/2017\/12\/Avatar2.jpg","width":378,"height":378,"caption":"Grupo Volcanes"},"image":{"@id":"https:\/\/volcanes.net\/#\/schema\/logo\/image\/"},"sameAs":["https:\/\/www.facebook.com\/volcanes.net\/"]},{"@type":"Person","@id":"https:\/\/volcanes.net\/#\/schema\/person\/4bf0f383940966a4abd53f5048c0e6b9","name":"admin","image":{"@type":"ImageObject","inLanguage":"es","@id":"https:\/\/volcanes.net\/#\/schema\/person\/image\/","url":"https:\/\/secure.gravatar.com\/avatar\/ca004e6cba8462b8cb7abc86e382930c?s=96&d=mm&r=g","contentUrl":"https:\/\/secure.gravatar.com\/avatar\/ca004e6cba8462b8cb7abc86e382930c?s=96&d=mm&r=g","caption":"admin"}}]}},"_links":{"self":[{"href":"https:\/\/volcanes.net\/index.php?rest_route=\/wp\/v2\/posts\/2863"}],"collection":[{"href":"https:\/\/volcanes.net\/index.php?rest_route=\/wp\/v2\/posts"}],"about":[{"href":"https:\/\/volcanes.net\/index.php?rest_route=\/wp\/v2\/types\/post"}],"author":[{"embeddable":true,"href":"https:\/\/volcanes.net\/index.php?rest_route=\/wp\/v2\/users\/1"}],"replies":[{"embeddable":true,"href":"https:\/\/volcanes.net\/index.php?rest_route=%2Fwp%2Fv2%2Fcomments&post=2863"}],"version-history":[{"count":1,"href":"https:\/\/volcanes.net\/index.php?rest_route=\/wp\/v2\/posts\/2863\/revisions"}],"predecessor-version":[{"id":2865,"href":"https:\/\/volcanes.net\/index.php?rest_route=\/wp\/v2\/posts\/2863\/revisions\/2865"}],"wp:featuredmedia":[{"embeddable":true,"href":"https:\/\/volcanes.net\/index.php?rest_route=\/wp\/v2\/media\/2864"}],"wp:attachment":[{"href":"https:\/\/volcanes.net\/index.php?rest_route=%2Fwp%2Fv2%2Fmedia&parent=2863"}],"wp:term":[{"taxonomy":"category","embeddable":true,"href":"https:\/\/volcanes.net\/index.php?rest_route=%2Fwp%2Fv2%2Fcategories&post=2863"},{"taxonomy":"post_tag","embeddable":true,"href":"https:\/\/volcanes.net\/index.php?rest_route=%2Fwp%2Fv2%2Ftags&post=2863"}],"curies":[{"name":"wp","href":"https:\/\/api.w.org\/{rel}","templated":true}]}}