{"id":2881,"date":"2018-10-31T20:58:56","date_gmt":"2018-10-31T20:58:56","guid":{"rendered":"http:\/\/volcanes.net\/?p=2881"},"modified":"2018-10-31T20:58:56","modified_gmt":"2018-10-31T20:58:56","slug":"detienen-a-probables-integrantes-de-grupo-dedicado-al-robo-de-vehiculos","status":"publish","type":"post","link":"https:\/\/volcanes.net\/?p=2881","title":{"rendered":"Detienen a probables integrantes de grupo dedicado al robo de veh\u00edculos"},"content":{"rendered":"<div style=\"margin-top: 0px; margin-bottom: 0px;\" class=\"sharethis-inline-share-buttons\" ><\/div><p style=\"font-weight: 400\"><strong>Ixtapaluca, Estado de M\u00e9xico, 31 de octubre de 2018<\/strong>.- Polic\u00edas adscritos a la Direcci\u00f3n General de Combate al Robo de Veh\u00edculos y Transporte (DGCRVyT) detuvieron a dos personas que probablemente forman parte de una organizaci\u00f3n delictiva dedicada al robo de veh\u00edculos de carga y aseguraron dos tracto camiones robados.<\/p>\n<p style=\"font-weight: 400\">\n<p style=\"font-weight: 400\">Resultado de labores previas de investigaci\u00f3n relacionadas con atracos en agravio empresas de transporte de carga en esta demarcaci\u00f3n, los Polic\u00edas Estatales implementaron un operativo cerca de un predio localizado en Carril Capul\u00edn, colonia La Venta.<\/p>\n<p style=\"font-weight: 400\">\n<p style=\"font-weight: 400\">En el sitio visualizaron dos tracto camiones que, tras una verificaci\u00f3n, corroboraron que cuentan con reporte de robo vigente, as\u00ed como un par de placas de circulaci\u00f3n.<\/p>\n<p style=\"font-weight: 400\">\n<p style=\"font-weight: 400\">Los elementos de la Secretar\u00eda de Seguridad (SS) observaron, adem\u00e1s, a dos personas que se identificaron como Jos\u00e9 Alejandro \u201cN\u201d y Dacia Guadalupe \u201cN\u201d, de 27 y 24 a\u00f1os de edad, respectivamente, a quienes detuvieron.<\/p>\n<p style=\"font-weight: 400\">\n<p style=\"font-weight: 400\">Ambas personas podr\u00edan est\u00e1r relacionadas con un grupo delincuencial dedicado al robo de veh\u00edculos de carga que opera en diversos municipios del Estado de M\u00e9xico y zona norte de la Ciudad de M\u00e9xico.<\/p>\n<p style=\"font-weight: 400\">\n<p style=\"font-weight: 400\">Por estos hechos, los uniformados de la SS resguardaron el inmueble y pusieron a disposici\u00f3n del Ministerio P\u00fablico de la Fiscal\u00eda de Delitos cometidos contra el Transporte a los dos detenidos, a fin de resolver su situaci\u00f3n jur\u00eddica.<\/p>\n<p style=\"font-weight: 400\">\n<p style=\"font-weight: 400\">La Secretar\u00eda de Seguridad le recuerda que los tel\u00e9fonos de Denuncia An\u00f3nima 0-8-9 y de emergencia 9-1-1 trabajan las 24 horas del d\u00eda; tambi\u00e9n puede contactarnos a trav\u00e9s de nuestras redes sociales: Facebook @SS.Edomex, y en Twitter @ SS_Edomex<\/p>\n","protected":false},"excerpt":{"rendered":"<p>Ixtapaluca, Estado de M\u00e9xico, 31 de octubre de 2018.- Polic\u00edas adscritos a la Direcci\u00f3n General<\/p>\n","protected":false},"author":1,"featured_media":2882,"comment_status":"open","ping_status":"open","sticky":false,"template":"","format":"standard","meta":{"footnotes":""},"categories":[1],"tags":[6],"class_list":["post-2881","post","type-post","status-publish","format-standard","has-post-thumbnail","hentry","category-municipales","tag-ixtapaluca"],"yoast_head":"<!-- This site is optimized with the Yoast SEO plugin v25.3 - https:\/\/yoast.com\/wordpress\/plugins\/seo\/ -->\n<title>Detienen a probables integrantes de grupo dedicado al robo de veh\u00edculos - Volcanes<\/title>\n<meta name=\"robots\" content=\"index, follow, max-snippet:-1, max-image-preview:large, max-video-preview:-1\" \/>\n<link rel=\"canonical\" href=\"https:\/\/volcanes.net\/?p=2881\" \/>\n<meta property=\"og:locale\" content=\"es_MX\" \/>\n<meta property=\"og:type\" content=\"article\" \/>\n<meta property=\"og:title\" content=\"Detienen a probables integrantes de grupo dedicado al robo de veh\u00edculos - Volcanes\" \/>\n<meta property=\"og:description\" content=\"Ixtapaluca, Estado de M\u00e9xico, 31 de octubre de 2018.- Polic\u00edas adscritos a la Direcci\u00f3n General\" \/>\n<meta property=\"og:url\" content=\"https:\/\/volcanes.net\/?p=2881\" \/>\n<meta property=\"og:site_name\" content=\"Volcanes\" \/>\n<meta property=\"article:publisher\" content=\"https:\/\/www.facebook.com\/volcanes.net\/\" \/>\n<meta property=\"article:published_time\" content=\"2018-10-31T20:58:56+00:00\" \/>\n<meta property=\"og:image\" content=\"https:\/\/volcanes.net\/wp-content\/uploads\/2018\/10\/WhatsApp-Image-2018-10-31-at-10.46.18.jpeg\" \/>\n\t<meta property=\"og:image:width\" content=\"400\" \/>\n\t<meta property=\"og:image:height\" content=\"517\" \/>\n\t<meta property=\"og:image:type\" content=\"image\/jpeg\" \/>\n<meta name=\"author\" content=\"admin\" \/>\n<meta name=\"twitter:card\" content=\"summary_large_image\" \/>\n<meta name=\"twitter:label1\" content=\"Escrito por\" \/>\n\t<meta name=\"twitter:data1\" content=\"admin\" \/>\n\t<meta name=\"twitter:label2\" content=\"Tiempo de lectura\" \/>\n\t<meta name=\"twitter:data2\" content=\"1 minuto\" \/>\n<script type=\"application\/ld+json\" class=\"yoast-schema-graph\">{\"@context\":\"https:\/\/schema.org\",\"@graph\":[{\"@type\":\"Article\",\"@id\":\"https:\/\/volcanes.net\/?p=2881#article\",\"isPartOf\":{\"@id\":\"https:\/\/volcanes.net\/?p=2881\"},\"author\":{\"name\":\"admin\",\"@id\":\"https:\/\/volcanes.net\/#\/schema\/person\/4bf0f383940966a4abd53f5048c0e6b9\"},\"headline\":\"Detienen a probables integrantes de grupo dedicado al robo de veh\u00edculos\",\"datePublished\":\"2018-10-31T20:58:56+00:00\",\"mainEntityOfPage\":{\"@id\":\"https:\/\/volcanes.net\/?p=2881\"},\"wordCount\":299,\"commentCount\":0,\"publisher\":{\"@id\":\"https:\/\/volcanes.net\/#organization\"},\"image\":{\"@id\":\"https:\/\/volcanes.net\/?p=2881#primaryimage\"},\"thumbnailUrl\":\"https:\/\/volcanes.net\/wp-content\/uploads\/2018\/10\/WhatsApp-Image-2018-10-31-at-10.46.18.jpeg\",\"keywords\":[\"Ixtapaluca\"],\"articleSection\":[\"Municipales\"],\"inLanguage\":\"es\",\"potentialAction\":[{\"@type\":\"CommentAction\",\"name\":\"Comment\",\"target\":[\"https:\/\/volcanes.net\/?p=2881#respond\"]}]},{\"@type\":\"WebPage\",\"@id\":\"https:\/\/volcanes.net\/?p=2881\",\"url\":\"https:\/\/volcanes.net\/?p=2881\",\"name\":\"Detienen a probables integrantes de grupo dedicado al robo de veh\u00edculos - Volcanes\",\"isPartOf\":{\"@id\":\"https:\/\/volcanes.net\/#website\"},\"primaryImageOfPage\":{\"@id\":\"https:\/\/volcanes.net\/?p=2881#primaryimage\"},\"image\":{\"@id\":\"https:\/\/volcanes.net\/?p=2881#primaryimage\"},\"thumbnailUrl\":\"https:\/\/volcanes.net\/wp-content\/uploads\/2018\/10\/WhatsApp-Image-2018-10-31-at-10.46.18.jpeg\",\"datePublished\":\"2018-10-31T20:58:56+00:00\",\"breadcrumb\":{\"@id\":\"https:\/\/volcanes.net\/?p=2881#breadcrumb\"},\"inLanguage\":\"es\",\"potentialAction\":[{\"@type\":\"ReadAction\",\"target\":[\"https:\/\/volcanes.net\/?p=2881\"]}]},{\"@type\":\"ImageObject\",\"inLanguage\":\"es\",\"@id\":\"https:\/\/volcanes.net\/?p=2881#primaryimage\",\"url\":\"https:\/\/volcanes.net\/wp-content\/uploads\/2018\/10\/WhatsApp-Image-2018-10-31-at-10.46.18.jpeg\",\"contentUrl\":\"https:\/\/volcanes.net\/wp-content\/uploads\/2018\/10\/WhatsApp-Image-2018-10-31-at-10.46.18.jpeg\",\"width\":400,\"height\":517},{\"@type\":\"BreadcrumbList\",\"@id\":\"https:\/\/volcanes.net\/?p=2881#breadcrumb\",\"itemListElement\":[{\"@type\":\"ListItem\",\"position\":1,\"name\":\"Portada\",\"item\":\"https:\/\/volcanes.net\/\"},{\"@type\":\"ListItem\",\"position\":2,\"name\":\"Detienen a probables integrantes de grupo dedicado al robo de veh\u00edculos\"}]},{\"@type\":\"WebSite\",\"@id\":\"https:\/\/volcanes.net\/#website\",\"url\":\"https:\/\/volcanes.net\/\",\"name\":\"Volcanes.Net\",\"description\":\"Periodismo Profesional\",\"publisher\":{\"@id\":\"https:\/\/volcanes.net\/#organization\"},\"potentialAction\":[{\"@type\":\"SearchAction\",\"target\":{\"@type\":\"EntryPoint\",\"urlTemplate\":\"https:\/\/volcanes.net\/?s={search_term_string}\"},\"query-input\":{\"@type\":\"PropertyValueSpecification\",\"valueRequired\":true,\"valueName\":\"search_term_string\"}}],\"inLanguage\":\"es\"},{\"@type\":\"Organization\",\"@id\":\"https:\/\/volcanes.net\/#organization\",\"name\":\"Grupo Volcanes\",\"url\":\"https:\/\/volcanes.net\/\",\"logo\":{\"@type\":\"ImageObject\",\"inLanguage\":\"es\",\"@id\":\"https:\/\/volcanes.net\/#\/schema\/logo\/image\/\",\"url\":\"http:\/\/volcanes.net\/wp-content\/uploads\/2017\/12\/Avatar2.jpg\",\"contentUrl\":\"http:\/\/volcanes.net\/wp-content\/uploads\/2017\/12\/Avatar2.jpg\",\"width\":378,\"height\":378,\"caption\":\"Grupo Volcanes\"},\"image\":{\"@id\":\"https:\/\/volcanes.net\/#\/schema\/logo\/image\/\"},\"sameAs\":[\"https:\/\/www.facebook.com\/volcanes.net\/\"]},{\"@type\":\"Person\",\"@id\":\"https:\/\/volcanes.net\/#\/schema\/person\/4bf0f383940966a4abd53f5048c0e6b9\",\"name\":\"admin\",\"image\":{\"@type\":\"ImageObject\",\"inLanguage\":\"es\",\"@id\":\"https:\/\/volcanes.net\/#\/schema\/person\/image\/\",\"url\":\"https:\/\/secure.gravatar.com\/avatar\/ca004e6cba8462b8cb7abc86e382930c?s=96&d=mm&r=g\",\"contentUrl\":\"https:\/\/secure.gravatar.com\/avatar\/ca004e6cba8462b8cb7abc86e382930c?s=96&d=mm&r=g\",\"caption\":\"admin\"}}]}<\/script>\n<!-- \/ Yoast SEO plugin. -->","yoast_head_json":{"title":"Detienen a probables integrantes de grupo dedicado al robo de veh\u00edculos - Volcanes","robots":{"index":"index","follow":"follow","max-snippet":"max-snippet:-1","max-image-preview":"max-image-preview:large","max-video-preview":"max-video-preview:-1"},"canonical":"https:\/\/volcanes.net\/?p=2881","og_locale":"es_MX","og_type":"article","og_title":"Detienen a probables integrantes de grupo dedicado al robo de veh\u00edculos - Volcanes","og_description":"Ixtapaluca, Estado de M\u00e9xico, 31 de octubre de 2018.- Polic\u00edas adscritos a la Direcci\u00f3n General","og_url":"https:\/\/volcanes.net\/?p=2881","og_site_name":"Volcanes","article_publisher":"https:\/\/www.facebook.com\/volcanes.net\/","article_published_time":"2018-10-31T20:58:56+00:00","og_image":[{"width":400,"height":517,"url":"https:\/\/volcanes.net\/wp-content\/uploads\/2018\/10\/WhatsApp-Image-2018-10-31-at-10.46.18.jpeg","type":"image\/jpeg"}],"author":"admin","twitter_card":"summary_large_image","twitter_misc":{"Escrito por":"admin","Tiempo de lectura":"1 minuto"},"schema":{"@context":"https:\/\/schema.org","@graph":[{"@type":"Article","@id":"https:\/\/volcanes.net\/?p=2881#article","isPartOf":{"@id":"https:\/\/volcanes.net\/?p=2881"},"author":{"name":"admin","@id":"https:\/\/volcanes.net\/#\/schema\/person\/4bf0f383940966a4abd53f5048c0e6b9"},"headline":"Detienen a probables integrantes de grupo dedicado al robo de veh\u00edculos","datePublished":"2018-10-31T20:58:56+00:00","mainEntityOfPage":{"@id":"https:\/\/volcanes.net\/?p=2881"},"wordCount":299,"commentCount":0,"publisher":{"@id":"https:\/\/volcanes.net\/#organization"},"image":{"@id":"https:\/\/volcanes.net\/?p=2881#primaryimage"},"thumbnailUrl":"https:\/\/volcanes.net\/wp-content\/uploads\/2018\/10\/WhatsApp-Image-2018-10-31-at-10.46.18.jpeg","keywords":["Ixtapaluca"],"articleSection":["Municipales"],"inLanguage":"es","potentialAction":[{"@type":"CommentAction","name":"Comment","target":["https:\/\/volcanes.net\/?p=2881#respond"]}]},{"@type":"WebPage","@id":"https:\/\/volcanes.net\/?p=2881","url":"https:\/\/volcanes.net\/?p=2881","name":"Detienen a probables integrantes de grupo dedicado al robo de veh\u00edculos - Volcanes","isPartOf":{"@id":"https:\/\/volcanes.net\/#website"},"primaryImageOfPage":{"@id":"https:\/\/volcanes.net\/?p=2881#primaryimage"},"image":{"@id":"https:\/\/volcanes.net\/?p=2881#primaryimage"},"thumbnailUrl":"https:\/\/volcanes.net\/wp-content\/uploads\/2018\/10\/WhatsApp-Image-2018-10-31-at-10.46.18.jpeg","datePublished":"2018-10-31T20:58:56+00:00","breadcrumb":{"@id":"https:\/\/volcanes.net\/?p=2881#breadcrumb"},"inLanguage":"es","potentialAction":[{"@type":"ReadAction","target":["https:\/\/volcanes.net\/?p=2881"]}]},{"@type":"ImageObject","inLanguage":"es","@id":"https:\/\/volcanes.net\/?p=2881#primaryimage","url":"https:\/\/volcanes.net\/wp-content\/uploads\/2018\/10\/WhatsApp-Image-2018-10-31-at-10.46.18.jpeg","contentUrl":"https:\/\/volcanes.net\/wp-content\/uploads\/2018\/10\/WhatsApp-Image-2018-10-31-at-10.46.18.jpeg","width":400,"height":517},{"@type":"BreadcrumbList","@id":"https:\/\/volcanes.net\/?p=2881#breadcrumb","itemListElement":[{"@type":"ListItem","position":1,"name":"Portada","item":"https:\/\/volcanes.net\/"},{"@type":"ListItem","position":2,"name":"Detienen a probables integrantes de grupo dedicado al robo de veh\u00edculos"}]},{"@type":"WebSite","@id":"https:\/\/volcanes.net\/#website","url":"https:\/\/volcanes.net\/","name":"Volcanes.Net","description":"Periodismo Profesional","publisher":{"@id":"https:\/\/volcanes.net\/#organization"},"potentialAction":[{"@type":"SearchAction","target":{"@type":"EntryPoint","urlTemplate":"https:\/\/volcanes.net\/?s={search_term_string}"},"query-input":{"@type":"PropertyValueSpecification","valueRequired":true,"valueName":"search_term_string"}}],"inLanguage":"es"},{"@type":"Organization","@id":"https:\/\/volcanes.net\/#organization","name":"Grupo Volcanes","url":"https:\/\/volcanes.net\/","logo":{"@type":"ImageObject","inLanguage":"es","@id":"https:\/\/volcanes.net\/#\/schema\/logo\/image\/","url":"http:\/\/volcanes.net\/wp-content\/uploads\/2017\/12\/Avatar2.jpg","contentUrl":"http:\/\/volcanes.net\/wp-content\/uploads\/2017\/12\/Avatar2.jpg","width":378,"height":378,"caption":"Grupo Volcanes"},"image":{"@id":"https:\/\/volcanes.net\/#\/schema\/logo\/image\/"},"sameAs":["https:\/\/www.facebook.com\/volcanes.net\/"]},{"@type":"Person","@id":"https:\/\/volcanes.net\/#\/schema\/person\/4bf0f383940966a4abd53f5048c0e6b9","name":"admin","image":{"@type":"ImageObject","inLanguage":"es","@id":"https:\/\/volcanes.net\/#\/schema\/person\/image\/","url":"https:\/\/secure.gravatar.com\/avatar\/ca004e6cba8462b8cb7abc86e382930c?s=96&d=mm&r=g","contentUrl":"https:\/\/secure.gravatar.com\/avatar\/ca004e6cba8462b8cb7abc86e382930c?s=96&d=mm&r=g","caption":"admin"}}]}},"_links":{"self":[{"href":"https:\/\/volcanes.net\/index.php?rest_route=\/wp\/v2\/posts\/2881"}],"collection":[{"href":"https:\/\/volcanes.net\/index.php?rest_route=\/wp\/v2\/posts"}],"about":[{"href":"https:\/\/volcanes.net\/index.php?rest_route=\/wp\/v2\/types\/post"}],"author":[{"embeddable":true,"href":"https:\/\/volcanes.net\/index.php?rest_route=\/wp\/v2\/users\/1"}],"replies":[{"embeddable":true,"href":"https:\/\/volcanes.net\/index.php?rest_route=%2Fwp%2Fv2%2Fcomments&post=2881"}],"version-history":[{"count":1,"href":"https:\/\/volcanes.net\/index.php?rest_route=\/wp\/v2\/posts\/2881\/revisions"}],"predecessor-version":[{"id":2883,"href":"https:\/\/volcanes.net\/index.php?rest_route=\/wp\/v2\/posts\/2881\/revisions\/2883"}],"wp:featuredmedia":[{"embeddable":true,"href":"https:\/\/volcanes.net\/index.php?rest_route=\/wp\/v2\/media\/2882"}],"wp:attachment":[{"href":"https:\/\/volcanes.net\/index.php?rest_route=%2Fwp%2Fv2%2Fmedia&parent=2881"}],"wp:term":[{"taxonomy":"category","embeddable":true,"href":"https:\/\/volcanes.net\/index.php?rest_route=%2Fwp%2Fv2%2Fcategories&post=2881"},{"taxonomy":"post_tag","embeddable":true,"href":"https:\/\/volcanes.net\/index.php?rest_route=%2Fwp%2Fv2%2Ftags&post=2881"}],"curies":[{"name":"wp","href":"https:\/\/api.w.org\/{rel}","templated":true}]}}