{"id":2884,"date":"2018-10-31T21:31:15","date_gmt":"2018-10-31T21:31:15","guid":{"rendered":"http:\/\/volcanes.net\/?p=2884"},"modified":"2018-10-31T21:31:16","modified_gmt":"2018-10-31T21:31:16","slug":"tlayektilli-mictlan-en-la-explanada-municipal-de-ixtapaluca","status":"publish","type":"post","link":"https:\/\/volcanes.net\/?p=2884","title":{"rendered":"Tlayektilli Mictl\u00e1n en la explanada municipal de Ixtapaluca"},"content":{"rendered":"<div style=\"margin-top: 0px; margin-bottom: 0px;\" class=\"sharethis-inline-share-buttons\" ><\/div><p>IXTAPALUCA, Estado de M\u00e9xico, 31 de octubre de 2018.- Por tercer a\u00f1o consecutivo en la explanada municipal se llev\u00f3 a cabo el evento \u201cTlayektilli Mictl\u00e1n\u201d, pues el proyecto de gobierno encabezado por la presidenta municipal Yessica Sara\u00ed Gonz\u00e1lez Figueroa, se ha empe\u00f1ado de mantener vivas las tradiciones de este municipio e impulsar el Turismo.<\/p>\n<p>Tlayektilli Mictl\u00e1n significa el inframundo en la cultura mexica, de esta manera nuestros antepasados veneraban a la muerte, tradici\u00f3n que se pretende recordar en nuestros tiempos, sobre todo en esta temporada.<\/p>\n<p>Con la finalidad de que las familias ixtapaluquenses no se generen un gasto m\u00e1s para trasladarse a la Ciudad de M\u00e9xico y poder ver la conmemoraci\u00f3n de d\u00eda de muertos, la direcci\u00f3n de Turismo, Rescate y Conservaci\u00f3n de \u00c1reas Arqueol\u00f3gicas, realiza la exhibici\u00f3n de danzas por parte de los grupos culturales.<\/p>\n<p>Patricia V\u00e1zquez Morales, encargada del despacho de Turismo, expres\u00f3 que la importancia de realizar este tipo de eventos es para que los ni\u00f1os, ni\u00f1as conozcan las tradiciones de M\u00e9xico y puedan identificar la cultura que ha marcado la historia del pa\u00eds.<\/p>\n<p>Por esta ocasi\u00f3n, personal de Turismo elabor\u00f3 un tapete, en representaci\u00f3n de la muerte, as\u00ed mismo se realiz\u00f3 una danza en veneraci\u00f3n de ella, por parte del grupo Calpulli de Ayotla. Cabe hacer menci\u00f3n que esta danza prehisp\u00e1nica es com\u00fan solo en estas festividades.<\/p>\n<p>Al final del espect\u00e1culo, los asistentes degustaron pan de muerto y chocolate caliente, que regal\u00f3 esta direcci\u00f3n, con el apoyo de las representantes del certamen Se\u00f1orita Turismo Ixtapaluca 2018, as\u00ed mismo se obsequi\u00f3 flor de cempax\u00fachitl y terciopelo.<\/p>\n","protected":false},"excerpt":{"rendered":"<p>IXTAPALUCA, Estado de M\u00e9xico, 31 de octubre de 2018.- Por tercer a\u00f1o consecutivo en la<\/p>\n","protected":false},"author":1,"featured_media":2885,"comment_status":"open","ping_status":"open","sticky":false,"template":"","format":"standard","meta":{"footnotes":""},"categories":[1],"tags":[6],"class_list":["post-2884","post","type-post","status-publish","format-standard","has-post-thumbnail","hentry","category-municipales","tag-ixtapaluca"],"yoast_head":"<!-- This site is optimized with the Yoast SEO plugin v25.3 - https:\/\/yoast.com\/wordpress\/plugins\/seo\/ -->\n<title>Tlayektilli Mictl\u00e1n en la explanada municipal de Ixtapaluca - Volcanes<\/title>\n<meta name=\"robots\" content=\"index, follow, max-snippet:-1, max-image-preview:large, max-video-preview:-1\" \/>\n<link rel=\"canonical\" href=\"https:\/\/volcanes.net\/?p=2884\" \/>\n<meta property=\"og:locale\" content=\"es_MX\" \/>\n<meta property=\"og:type\" content=\"article\" \/>\n<meta property=\"og:title\" content=\"Tlayektilli Mictl\u00e1n en la explanada municipal de Ixtapaluca - Volcanes\" \/>\n<meta property=\"og:description\" content=\"IXTAPALUCA, Estado de M\u00e9xico, 31 de octubre de 2018.- Por tercer a\u00f1o consecutivo en la\" \/>\n<meta property=\"og:url\" content=\"https:\/\/volcanes.net\/?p=2884\" \/>\n<meta property=\"og:site_name\" content=\"Volcanes\" \/>\n<meta property=\"article:publisher\" content=\"https:\/\/www.facebook.com\/volcanes.net\/\" \/>\n<meta property=\"article:published_time\" content=\"2018-10-31T21:31:15+00:00\" \/>\n<meta property=\"article:modified_time\" content=\"2018-10-31T21:31:16+00:00\" \/>\n<meta property=\"og:image\" content=\"https:\/\/volcanes.net\/wp-content\/uploads\/2018\/10\/TLAYEKTILI-MICTL\u00c1N-POR-TERCER-A\u00d1O-CONSECUTIVO-EN-LA-EXPLANADA-MUNICIPAL-5.jpg\" \/>\n\t<meta property=\"og:image:width\" content=\"400\" \/>\n\t<meta property=\"og:image:height\" content=\"266\" \/>\n\t<meta property=\"og:image:type\" content=\"image\/jpeg\" \/>\n<meta name=\"author\" content=\"admin\" \/>\n<meta name=\"twitter:card\" content=\"summary_large_image\" \/>\n<meta name=\"twitter:label1\" content=\"Escrito por\" \/>\n\t<meta name=\"twitter:data1\" content=\"admin\" \/>\n\t<meta name=\"twitter:label2\" content=\"Tiempo de lectura\" \/>\n\t<meta name=\"twitter:data2\" content=\"1 minuto\" \/>\n<script type=\"application\/ld+json\" class=\"yoast-schema-graph\">{\"@context\":\"https:\/\/schema.org\",\"@graph\":[{\"@type\":\"Article\",\"@id\":\"https:\/\/volcanes.net\/?p=2884#article\",\"isPartOf\":{\"@id\":\"https:\/\/volcanes.net\/?p=2884\"},\"author\":{\"name\":\"admin\",\"@id\":\"https:\/\/volcanes.net\/#\/schema\/person\/4bf0f383940966a4abd53f5048c0e6b9\"},\"headline\":\"Tlayektilli Mictl\u00e1n en la explanada municipal de Ixtapaluca\",\"datePublished\":\"2018-10-31T21:31:15+00:00\",\"dateModified\":\"2018-10-31T21:31:16+00:00\",\"mainEntityOfPage\":{\"@id\":\"https:\/\/volcanes.net\/?p=2884\"},\"wordCount\":296,\"commentCount\":0,\"publisher\":{\"@id\":\"https:\/\/volcanes.net\/#organization\"},\"image\":{\"@id\":\"https:\/\/volcanes.net\/?p=2884#primaryimage\"},\"thumbnailUrl\":\"https:\/\/volcanes.net\/wp-content\/uploads\/2018\/10\/TLAYEKTILI-MICTL\u00c1N-POR-TERCER-A\u00d1O-CONSECUTIVO-EN-LA-EXPLANADA-MUNICIPAL-5.jpg\",\"keywords\":[\"Ixtapaluca\"],\"articleSection\":[\"Municipales\"],\"inLanguage\":\"es\",\"potentialAction\":[{\"@type\":\"CommentAction\",\"name\":\"Comment\",\"target\":[\"https:\/\/volcanes.net\/?p=2884#respond\"]}]},{\"@type\":\"WebPage\",\"@id\":\"https:\/\/volcanes.net\/?p=2884\",\"url\":\"https:\/\/volcanes.net\/?p=2884\",\"name\":\"Tlayektilli Mictl\u00e1n en la explanada municipal de Ixtapaluca - Volcanes\",\"isPartOf\":{\"@id\":\"https:\/\/volcanes.net\/#website\"},\"primaryImageOfPage\":{\"@id\":\"https:\/\/volcanes.net\/?p=2884#primaryimage\"},\"image\":{\"@id\":\"https:\/\/volcanes.net\/?p=2884#primaryimage\"},\"thumbnailUrl\":\"https:\/\/volcanes.net\/wp-content\/uploads\/2018\/10\/TLAYEKTILI-MICTL\u00c1N-POR-TERCER-A\u00d1O-CONSECUTIVO-EN-LA-EXPLANADA-MUNICIPAL-5.jpg\",\"datePublished\":\"2018-10-31T21:31:15+00:00\",\"dateModified\":\"2018-10-31T21:31:16+00:00\",\"breadcrumb\":{\"@id\":\"https:\/\/volcanes.net\/?p=2884#breadcrumb\"},\"inLanguage\":\"es\",\"potentialAction\":[{\"@type\":\"ReadAction\",\"target\":[\"https:\/\/volcanes.net\/?p=2884\"]}]},{\"@type\":\"ImageObject\",\"inLanguage\":\"es\",\"@id\":\"https:\/\/volcanes.net\/?p=2884#primaryimage\",\"url\":\"https:\/\/volcanes.net\/wp-content\/uploads\/2018\/10\/TLAYEKTILI-MICTL\u00c1N-POR-TERCER-A\u00d1O-CONSECUTIVO-EN-LA-EXPLANADA-MUNICIPAL-5.jpg\",\"contentUrl\":\"https:\/\/volcanes.net\/wp-content\/uploads\/2018\/10\/TLAYEKTILI-MICTL\u00c1N-POR-TERCER-A\u00d1O-CONSECUTIVO-EN-LA-EXPLANADA-MUNICIPAL-5.jpg\",\"width\":400,\"height\":266},{\"@type\":\"BreadcrumbList\",\"@id\":\"https:\/\/volcanes.net\/?p=2884#breadcrumb\",\"itemListElement\":[{\"@type\":\"ListItem\",\"position\":1,\"name\":\"Portada\",\"item\":\"https:\/\/volcanes.net\/\"},{\"@type\":\"ListItem\",\"position\":2,\"name\":\"Tlayektilli Mictl\u00e1n en la explanada municipal de Ixtapaluca\"}]},{\"@type\":\"WebSite\",\"@id\":\"https:\/\/volcanes.net\/#website\",\"url\":\"https:\/\/volcanes.net\/\",\"name\":\"Volcanes.Net\",\"description\":\"Periodismo Profesional\",\"publisher\":{\"@id\":\"https:\/\/volcanes.net\/#organization\"},\"potentialAction\":[{\"@type\":\"SearchAction\",\"target\":{\"@type\":\"EntryPoint\",\"urlTemplate\":\"https:\/\/volcanes.net\/?s={search_term_string}\"},\"query-input\":{\"@type\":\"PropertyValueSpecification\",\"valueRequired\":true,\"valueName\":\"search_term_string\"}}],\"inLanguage\":\"es\"},{\"@type\":\"Organization\",\"@id\":\"https:\/\/volcanes.net\/#organization\",\"name\":\"Grupo Volcanes\",\"url\":\"https:\/\/volcanes.net\/\",\"logo\":{\"@type\":\"ImageObject\",\"inLanguage\":\"es\",\"@id\":\"https:\/\/volcanes.net\/#\/schema\/logo\/image\/\",\"url\":\"http:\/\/volcanes.net\/wp-content\/uploads\/2017\/12\/Avatar2.jpg\",\"contentUrl\":\"http:\/\/volcanes.net\/wp-content\/uploads\/2017\/12\/Avatar2.jpg\",\"width\":378,\"height\":378,\"caption\":\"Grupo Volcanes\"},\"image\":{\"@id\":\"https:\/\/volcanes.net\/#\/schema\/logo\/image\/\"},\"sameAs\":[\"https:\/\/www.facebook.com\/volcanes.net\/\"]},{\"@type\":\"Person\",\"@id\":\"https:\/\/volcanes.net\/#\/schema\/person\/4bf0f383940966a4abd53f5048c0e6b9\",\"name\":\"admin\",\"image\":{\"@type\":\"ImageObject\",\"inLanguage\":\"es\",\"@id\":\"https:\/\/volcanes.net\/#\/schema\/person\/image\/\",\"url\":\"https:\/\/secure.gravatar.com\/avatar\/ca004e6cba8462b8cb7abc86e382930c?s=96&d=mm&r=g\",\"contentUrl\":\"https:\/\/secure.gravatar.com\/avatar\/ca004e6cba8462b8cb7abc86e382930c?s=96&d=mm&r=g\",\"caption\":\"admin\"}}]}<\/script>\n<!-- \/ Yoast SEO plugin. -->","yoast_head_json":{"title":"Tlayektilli Mictl\u00e1n en la explanada municipal de Ixtapaluca - Volcanes","robots":{"index":"index","follow":"follow","max-snippet":"max-snippet:-1","max-image-preview":"max-image-preview:large","max-video-preview":"max-video-preview:-1"},"canonical":"https:\/\/volcanes.net\/?p=2884","og_locale":"es_MX","og_type":"article","og_title":"Tlayektilli Mictl\u00e1n en la explanada municipal de Ixtapaluca - Volcanes","og_description":"IXTAPALUCA, Estado de M\u00e9xico, 31 de octubre de 2018.- Por tercer a\u00f1o consecutivo en la","og_url":"https:\/\/volcanes.net\/?p=2884","og_site_name":"Volcanes","article_publisher":"https:\/\/www.facebook.com\/volcanes.net\/","article_published_time":"2018-10-31T21:31:15+00:00","article_modified_time":"2018-10-31T21:31:16+00:00","og_image":[{"width":400,"height":266,"url":"https:\/\/volcanes.net\/wp-content\/uploads\/2018\/10\/TLAYEKTILI-MICTL\u00c1N-POR-TERCER-A\u00d1O-CONSECUTIVO-EN-LA-EXPLANADA-MUNICIPAL-5.jpg","type":"image\/jpeg"}],"author":"admin","twitter_card":"summary_large_image","twitter_misc":{"Escrito por":"admin","Tiempo de lectura":"1 minuto"},"schema":{"@context":"https:\/\/schema.org","@graph":[{"@type":"Article","@id":"https:\/\/volcanes.net\/?p=2884#article","isPartOf":{"@id":"https:\/\/volcanes.net\/?p=2884"},"author":{"name":"admin","@id":"https:\/\/volcanes.net\/#\/schema\/person\/4bf0f383940966a4abd53f5048c0e6b9"},"headline":"Tlayektilli Mictl\u00e1n en la explanada municipal de Ixtapaluca","datePublished":"2018-10-31T21:31:15+00:00","dateModified":"2018-10-31T21:31:16+00:00","mainEntityOfPage":{"@id":"https:\/\/volcanes.net\/?p=2884"},"wordCount":296,"commentCount":0,"publisher":{"@id":"https:\/\/volcanes.net\/#organization"},"image":{"@id":"https:\/\/volcanes.net\/?p=2884#primaryimage"},"thumbnailUrl":"https:\/\/volcanes.net\/wp-content\/uploads\/2018\/10\/TLAYEKTILI-MICTL\u00c1N-POR-TERCER-A\u00d1O-CONSECUTIVO-EN-LA-EXPLANADA-MUNICIPAL-5.jpg","keywords":["Ixtapaluca"],"articleSection":["Municipales"],"inLanguage":"es","potentialAction":[{"@type":"CommentAction","name":"Comment","target":["https:\/\/volcanes.net\/?p=2884#respond"]}]},{"@type":"WebPage","@id":"https:\/\/volcanes.net\/?p=2884","url":"https:\/\/volcanes.net\/?p=2884","name":"Tlayektilli Mictl\u00e1n en la explanada municipal de Ixtapaluca - Volcanes","isPartOf":{"@id":"https:\/\/volcanes.net\/#website"},"primaryImageOfPage":{"@id":"https:\/\/volcanes.net\/?p=2884#primaryimage"},"image":{"@id":"https:\/\/volcanes.net\/?p=2884#primaryimage"},"thumbnailUrl":"https:\/\/volcanes.net\/wp-content\/uploads\/2018\/10\/TLAYEKTILI-MICTL\u00c1N-POR-TERCER-A\u00d1O-CONSECUTIVO-EN-LA-EXPLANADA-MUNICIPAL-5.jpg","datePublished":"2018-10-31T21:31:15+00:00","dateModified":"2018-10-31T21:31:16+00:00","breadcrumb":{"@id":"https:\/\/volcanes.net\/?p=2884#breadcrumb"},"inLanguage":"es","potentialAction":[{"@type":"ReadAction","target":["https:\/\/volcanes.net\/?p=2884"]}]},{"@type":"ImageObject","inLanguage":"es","@id":"https:\/\/volcanes.net\/?p=2884#primaryimage","url":"https:\/\/volcanes.net\/wp-content\/uploads\/2018\/10\/TLAYEKTILI-MICTL\u00c1N-POR-TERCER-A\u00d1O-CONSECUTIVO-EN-LA-EXPLANADA-MUNICIPAL-5.jpg","contentUrl":"https:\/\/volcanes.net\/wp-content\/uploads\/2018\/10\/TLAYEKTILI-MICTL\u00c1N-POR-TERCER-A\u00d1O-CONSECUTIVO-EN-LA-EXPLANADA-MUNICIPAL-5.jpg","width":400,"height":266},{"@type":"BreadcrumbList","@id":"https:\/\/volcanes.net\/?p=2884#breadcrumb","itemListElement":[{"@type":"ListItem","position":1,"name":"Portada","item":"https:\/\/volcanes.net\/"},{"@type":"ListItem","position":2,"name":"Tlayektilli Mictl\u00e1n en la explanada municipal de Ixtapaluca"}]},{"@type":"WebSite","@id":"https:\/\/volcanes.net\/#website","url":"https:\/\/volcanes.net\/","name":"Volcanes.Net","description":"Periodismo Profesional","publisher":{"@id":"https:\/\/volcanes.net\/#organization"},"potentialAction":[{"@type":"SearchAction","target":{"@type":"EntryPoint","urlTemplate":"https:\/\/volcanes.net\/?s={search_term_string}"},"query-input":{"@type":"PropertyValueSpecification","valueRequired":true,"valueName":"search_term_string"}}],"inLanguage":"es"},{"@type":"Organization","@id":"https:\/\/volcanes.net\/#organization","name":"Grupo Volcanes","url":"https:\/\/volcanes.net\/","logo":{"@type":"ImageObject","inLanguage":"es","@id":"https:\/\/volcanes.net\/#\/schema\/logo\/image\/","url":"http:\/\/volcanes.net\/wp-content\/uploads\/2017\/12\/Avatar2.jpg","contentUrl":"http:\/\/volcanes.net\/wp-content\/uploads\/2017\/12\/Avatar2.jpg","width":378,"height":378,"caption":"Grupo Volcanes"},"image":{"@id":"https:\/\/volcanes.net\/#\/schema\/logo\/image\/"},"sameAs":["https:\/\/www.facebook.com\/volcanes.net\/"]},{"@type":"Person","@id":"https:\/\/volcanes.net\/#\/schema\/person\/4bf0f383940966a4abd53f5048c0e6b9","name":"admin","image":{"@type":"ImageObject","inLanguage":"es","@id":"https:\/\/volcanes.net\/#\/schema\/person\/image\/","url":"https:\/\/secure.gravatar.com\/avatar\/ca004e6cba8462b8cb7abc86e382930c?s=96&d=mm&r=g","contentUrl":"https:\/\/secure.gravatar.com\/avatar\/ca004e6cba8462b8cb7abc86e382930c?s=96&d=mm&r=g","caption":"admin"}}]}},"_links":{"self":[{"href":"https:\/\/volcanes.net\/index.php?rest_route=\/wp\/v2\/posts\/2884"}],"collection":[{"href":"https:\/\/volcanes.net\/index.php?rest_route=\/wp\/v2\/posts"}],"about":[{"href":"https:\/\/volcanes.net\/index.php?rest_route=\/wp\/v2\/types\/post"}],"author":[{"embeddable":true,"href":"https:\/\/volcanes.net\/index.php?rest_route=\/wp\/v2\/users\/1"}],"replies":[{"embeddable":true,"href":"https:\/\/volcanes.net\/index.php?rest_route=%2Fwp%2Fv2%2Fcomments&post=2884"}],"version-history":[{"count":1,"href":"https:\/\/volcanes.net\/index.php?rest_route=\/wp\/v2\/posts\/2884\/revisions"}],"predecessor-version":[{"id":2886,"href":"https:\/\/volcanes.net\/index.php?rest_route=\/wp\/v2\/posts\/2884\/revisions\/2886"}],"wp:featuredmedia":[{"embeddable":true,"href":"https:\/\/volcanes.net\/index.php?rest_route=\/wp\/v2\/media\/2885"}],"wp:attachment":[{"href":"https:\/\/volcanes.net\/index.php?rest_route=%2Fwp%2Fv2%2Fmedia&parent=2884"}],"wp:term":[{"taxonomy":"category","embeddable":true,"href":"https:\/\/volcanes.net\/index.php?rest_route=%2Fwp%2Fv2%2Fcategories&post=2884"},{"taxonomy":"post_tag","embeddable":true,"href":"https:\/\/volcanes.net\/index.php?rest_route=%2Fwp%2Fv2%2Ftags&post=2884"}],"curies":[{"name":"wp","href":"https:\/\/api.w.org\/{rel}","templated":true}]}}