{"id":29,"date":"2017-08-06T16:17:13","date_gmt":"2017-08-06T16:17:13","guid":{"rendered":"http:\/\/volcanes.net\/?p=29"},"modified":"2017-08-06T16:17:13","modified_gmt":"2017-08-06T16:17:13","slug":"arranco-la-feria-de-la-nuez-en-amecameca","status":"publish","type":"post","link":"https:\/\/volcanes.net\/?p=29","title":{"rendered":"Arranc\u00f3 la feria de la nuez en Amecameca"},"content":{"rendered":"<div style=\"margin-top: 0px; margin-bottom: 0px;\" class=\"sharethis-inline-share-buttons\" ><\/div><p>El presidente municipal de Amecameca, Carlos Alvaro Avelar L\u00f3pez, Inaugur\u00f3 la edici\u00f3n 35 de la feria de la Nuez, acompa\u00f1ado de los integrantes de su cabildo, dando inicio con la presentaci\u00f3n del Coste\u00f1o que arranc\u00f3 carcajadas a los presentes.<\/p>\n<p>La feria de la nuez es una de las m\u00e1s grandes de la regi\u00f3n y el municipio de Amecameca la impulsado a nivel nacional, es visitada en este tiempo para disfrutar de las diferentes variedades de este maravilloso fruto, ofreciendo al visitante: folclor, gastronom\u00eda, m\u00fasica, danza prehisp\u00e1nica y regional con grupos locales, cantantes, cantaautores, grupos de soneros, teatro con temas hist\u00f3ricos propios de la regi\u00f3n, sin dejar a un lado el paisaje, arquitectura y sus majestuosos volcanes s\u00edmbolo tur\u00edstico del municipio de Amecameca.<\/p>\n<p>La feria durar\u00e1 10 d\u00edas del 5 al 13 de agosto y contar\u00e1 con eventos culturales y los tradicionales bailes populares, con grupos de fama internacional: Sonora Santanera, Campeche Show, Los Vazquez, Los Askis entre otros.<\/p>\n","protected":false},"excerpt":{"rendered":"<p>El presidente municipal de Amecameca, Carlos Alvaro Avelar L\u00f3pez, Inaugur\u00f3 la edici\u00f3n 35 de la<\/p>\n","protected":false},"author":1,"featured_media":30,"comment_status":"open","ping_status":"open","sticky":false,"template":"","format":"standard","meta":{"footnotes":""},"categories":[1],"tags":[7],"class_list":["post-29","post","type-post","status-publish","format-standard","has-post-thumbnail","hentry","category-municipales","tag-amecameca"],"yoast_head":"<!-- This site is optimized with the Yoast SEO plugin v25.3 - https:\/\/yoast.com\/wordpress\/plugins\/seo\/ -->\n<title>Arranc\u00f3 la feria de la nuez en Amecameca - Volcanes<\/title>\n<meta name=\"robots\" content=\"index, follow, max-snippet:-1, max-image-preview:large, max-video-preview:-1\" \/>\n<link rel=\"canonical\" href=\"https:\/\/volcanes.net\/?p=29\" \/>\n<meta property=\"og:locale\" content=\"es_MX\" \/>\n<meta property=\"og:type\" content=\"article\" \/>\n<meta property=\"og:title\" content=\"Arranc\u00f3 la feria de la nuez en Amecameca - Volcanes\" \/>\n<meta property=\"og:description\" content=\"El presidente municipal de Amecameca, Carlos Alvaro Avelar L\u00f3pez, Inaugur\u00f3 la edici\u00f3n 35 de la\" \/>\n<meta property=\"og:url\" content=\"https:\/\/volcanes.net\/?p=29\" \/>\n<meta property=\"og:site_name\" content=\"Volcanes\" \/>\n<meta property=\"article:publisher\" content=\"https:\/\/www.facebook.com\/volcanes.net\/\" \/>\n<meta property=\"article:published_time\" content=\"2017-08-06T16:17:13+00:00\" \/>\n<meta property=\"og:image\" content=\"https:\/\/volcanes.net\/wp-content\/uploads\/2017\/08\/20031906_1444943128934573_3616037556865226390_n.jpg\" \/>\n\t<meta property=\"og:image:width\" content=\"448\" \/>\n\t<meta property=\"og:image:height\" content=\"166\" \/>\n\t<meta property=\"og:image:type\" content=\"image\/jpeg\" \/>\n<meta name=\"author\" content=\"admin\" \/>\n<meta name=\"twitter:card\" content=\"summary_large_image\" \/>\n<meta name=\"twitter:label1\" content=\"Escrito por\" \/>\n\t<meta name=\"twitter:data1\" content=\"admin\" \/>\n\t<meta name=\"twitter:label2\" content=\"Tiempo de lectura\" \/>\n\t<meta name=\"twitter:data2\" content=\"1 minuto\" \/>\n<script type=\"application\/ld+json\" class=\"yoast-schema-graph\">{\"@context\":\"https:\/\/schema.org\",\"@graph\":[{\"@type\":\"Article\",\"@id\":\"https:\/\/volcanes.net\/?p=29#article\",\"isPartOf\":{\"@id\":\"https:\/\/volcanes.net\/?p=29\"},\"author\":{\"name\":\"admin\",\"@id\":\"https:\/\/volcanes.net\/#\/schema\/person\/4bf0f383940966a4abd53f5048c0e6b9\"},\"headline\":\"Arranc\u00f3 la feria de la nuez en Amecameca\",\"datePublished\":\"2017-08-06T16:17:13+00:00\",\"mainEntityOfPage\":{\"@id\":\"https:\/\/volcanes.net\/?p=29\"},\"wordCount\":177,\"commentCount\":0,\"publisher\":{\"@id\":\"https:\/\/volcanes.net\/#organization\"},\"image\":{\"@id\":\"https:\/\/volcanes.net\/?p=29#primaryimage\"},\"thumbnailUrl\":\"https:\/\/volcanes.net\/wp-content\/uploads\/2017\/08\/20031906_1444943128934573_3616037556865226390_n.jpg\",\"keywords\":[\"Amecameca\"],\"articleSection\":[\"Municipales\"],\"inLanguage\":\"es\",\"potentialAction\":[{\"@type\":\"CommentAction\",\"name\":\"Comment\",\"target\":[\"https:\/\/volcanes.net\/?p=29#respond\"]}]},{\"@type\":\"WebPage\",\"@id\":\"https:\/\/volcanes.net\/?p=29\",\"url\":\"https:\/\/volcanes.net\/?p=29\",\"name\":\"Arranc\u00f3 la feria de la nuez en Amecameca - Volcanes\",\"isPartOf\":{\"@id\":\"https:\/\/volcanes.net\/#website\"},\"primaryImageOfPage\":{\"@id\":\"https:\/\/volcanes.net\/?p=29#primaryimage\"},\"image\":{\"@id\":\"https:\/\/volcanes.net\/?p=29#primaryimage\"},\"thumbnailUrl\":\"https:\/\/volcanes.net\/wp-content\/uploads\/2017\/08\/20031906_1444943128934573_3616037556865226390_n.jpg\",\"datePublished\":\"2017-08-06T16:17:13+00:00\",\"breadcrumb\":{\"@id\":\"https:\/\/volcanes.net\/?p=29#breadcrumb\"},\"inLanguage\":\"es\",\"potentialAction\":[{\"@type\":\"ReadAction\",\"target\":[\"https:\/\/volcanes.net\/?p=29\"]}]},{\"@type\":\"ImageObject\",\"inLanguage\":\"es\",\"@id\":\"https:\/\/volcanes.net\/?p=29#primaryimage\",\"url\":\"https:\/\/volcanes.net\/wp-content\/uploads\/2017\/08\/20031906_1444943128934573_3616037556865226390_n.jpg\",\"contentUrl\":\"https:\/\/volcanes.net\/wp-content\/uploads\/2017\/08\/20031906_1444943128934573_3616037556865226390_n.jpg\",\"width\":448,\"height\":166},{\"@type\":\"BreadcrumbList\",\"@id\":\"https:\/\/volcanes.net\/?p=29#breadcrumb\",\"itemListElement\":[{\"@type\":\"ListItem\",\"position\":1,\"name\":\"Portada\",\"item\":\"https:\/\/volcanes.net\/\"},{\"@type\":\"ListItem\",\"position\":2,\"name\":\"Arranc\u00f3 la feria de la nuez en Amecameca\"}]},{\"@type\":\"WebSite\",\"@id\":\"https:\/\/volcanes.net\/#website\",\"url\":\"https:\/\/volcanes.net\/\",\"name\":\"Volcanes.Net\",\"description\":\"Periodismo Profesional\",\"publisher\":{\"@id\":\"https:\/\/volcanes.net\/#organization\"},\"potentialAction\":[{\"@type\":\"SearchAction\",\"target\":{\"@type\":\"EntryPoint\",\"urlTemplate\":\"https:\/\/volcanes.net\/?s={search_term_string}\"},\"query-input\":{\"@type\":\"PropertyValueSpecification\",\"valueRequired\":true,\"valueName\":\"search_term_string\"}}],\"inLanguage\":\"es\"},{\"@type\":\"Organization\",\"@id\":\"https:\/\/volcanes.net\/#organization\",\"name\":\"Grupo Volcanes\",\"url\":\"https:\/\/volcanes.net\/\",\"logo\":{\"@type\":\"ImageObject\",\"inLanguage\":\"es\",\"@id\":\"https:\/\/volcanes.net\/#\/schema\/logo\/image\/\",\"url\":\"http:\/\/volcanes.net\/wp-content\/uploads\/2017\/12\/Avatar2.jpg\",\"contentUrl\":\"http:\/\/volcanes.net\/wp-content\/uploads\/2017\/12\/Avatar2.jpg\",\"width\":378,\"height\":378,\"caption\":\"Grupo Volcanes\"},\"image\":{\"@id\":\"https:\/\/volcanes.net\/#\/schema\/logo\/image\/\"},\"sameAs\":[\"https:\/\/www.facebook.com\/volcanes.net\/\"]},{\"@type\":\"Person\",\"@id\":\"https:\/\/volcanes.net\/#\/schema\/person\/4bf0f383940966a4abd53f5048c0e6b9\",\"name\":\"admin\",\"image\":{\"@type\":\"ImageObject\",\"inLanguage\":\"es\",\"@id\":\"https:\/\/volcanes.net\/#\/schema\/person\/image\/\",\"url\":\"https:\/\/secure.gravatar.com\/avatar\/ca004e6cba8462b8cb7abc86e382930c?s=96&d=mm&r=g\",\"contentUrl\":\"https:\/\/secure.gravatar.com\/avatar\/ca004e6cba8462b8cb7abc86e382930c?s=96&d=mm&r=g\",\"caption\":\"admin\"}}]}<\/script>\n<!-- \/ Yoast SEO plugin. -->","yoast_head_json":{"title":"Arranc\u00f3 la feria de la nuez en Amecameca - Volcanes","robots":{"index":"index","follow":"follow","max-snippet":"max-snippet:-1","max-image-preview":"max-image-preview:large","max-video-preview":"max-video-preview:-1"},"canonical":"https:\/\/volcanes.net\/?p=29","og_locale":"es_MX","og_type":"article","og_title":"Arranc\u00f3 la feria de la nuez en Amecameca - Volcanes","og_description":"El presidente municipal de Amecameca, Carlos Alvaro Avelar L\u00f3pez, Inaugur\u00f3 la edici\u00f3n 35 de la","og_url":"https:\/\/volcanes.net\/?p=29","og_site_name":"Volcanes","article_publisher":"https:\/\/www.facebook.com\/volcanes.net\/","article_published_time":"2017-08-06T16:17:13+00:00","og_image":[{"width":448,"height":166,"url":"https:\/\/volcanes.net\/wp-content\/uploads\/2017\/08\/20031906_1444943128934573_3616037556865226390_n.jpg","type":"image\/jpeg"}],"author":"admin","twitter_card":"summary_large_image","twitter_misc":{"Escrito por":"admin","Tiempo de lectura":"1 minuto"},"schema":{"@context":"https:\/\/schema.org","@graph":[{"@type":"Article","@id":"https:\/\/volcanes.net\/?p=29#article","isPartOf":{"@id":"https:\/\/volcanes.net\/?p=29"},"author":{"name":"admin","@id":"https:\/\/volcanes.net\/#\/schema\/person\/4bf0f383940966a4abd53f5048c0e6b9"},"headline":"Arranc\u00f3 la feria de la nuez en Amecameca","datePublished":"2017-08-06T16:17:13+00:00","mainEntityOfPage":{"@id":"https:\/\/volcanes.net\/?p=29"},"wordCount":177,"commentCount":0,"publisher":{"@id":"https:\/\/volcanes.net\/#organization"},"image":{"@id":"https:\/\/volcanes.net\/?p=29#primaryimage"},"thumbnailUrl":"https:\/\/volcanes.net\/wp-content\/uploads\/2017\/08\/20031906_1444943128934573_3616037556865226390_n.jpg","keywords":["Amecameca"],"articleSection":["Municipales"],"inLanguage":"es","potentialAction":[{"@type":"CommentAction","name":"Comment","target":["https:\/\/volcanes.net\/?p=29#respond"]}]},{"@type":"WebPage","@id":"https:\/\/volcanes.net\/?p=29","url":"https:\/\/volcanes.net\/?p=29","name":"Arranc\u00f3 la feria de la nuez en Amecameca - Volcanes","isPartOf":{"@id":"https:\/\/volcanes.net\/#website"},"primaryImageOfPage":{"@id":"https:\/\/volcanes.net\/?p=29#primaryimage"},"image":{"@id":"https:\/\/volcanes.net\/?p=29#primaryimage"},"thumbnailUrl":"https:\/\/volcanes.net\/wp-content\/uploads\/2017\/08\/20031906_1444943128934573_3616037556865226390_n.jpg","datePublished":"2017-08-06T16:17:13+00:00","breadcrumb":{"@id":"https:\/\/volcanes.net\/?p=29#breadcrumb"},"inLanguage":"es","potentialAction":[{"@type":"ReadAction","target":["https:\/\/volcanes.net\/?p=29"]}]},{"@type":"ImageObject","inLanguage":"es","@id":"https:\/\/volcanes.net\/?p=29#primaryimage","url":"https:\/\/volcanes.net\/wp-content\/uploads\/2017\/08\/20031906_1444943128934573_3616037556865226390_n.jpg","contentUrl":"https:\/\/volcanes.net\/wp-content\/uploads\/2017\/08\/20031906_1444943128934573_3616037556865226390_n.jpg","width":448,"height":166},{"@type":"BreadcrumbList","@id":"https:\/\/volcanes.net\/?p=29#breadcrumb","itemListElement":[{"@type":"ListItem","position":1,"name":"Portada","item":"https:\/\/volcanes.net\/"},{"@type":"ListItem","position":2,"name":"Arranc\u00f3 la feria de la nuez en Amecameca"}]},{"@type":"WebSite","@id":"https:\/\/volcanes.net\/#website","url":"https:\/\/volcanes.net\/","name":"Volcanes.Net","description":"Periodismo Profesional","publisher":{"@id":"https:\/\/volcanes.net\/#organization"},"potentialAction":[{"@type":"SearchAction","target":{"@type":"EntryPoint","urlTemplate":"https:\/\/volcanes.net\/?s={search_term_string}"},"query-input":{"@type":"PropertyValueSpecification","valueRequired":true,"valueName":"search_term_string"}}],"inLanguage":"es"},{"@type":"Organization","@id":"https:\/\/volcanes.net\/#organization","name":"Grupo Volcanes","url":"https:\/\/volcanes.net\/","logo":{"@type":"ImageObject","inLanguage":"es","@id":"https:\/\/volcanes.net\/#\/schema\/logo\/image\/","url":"http:\/\/volcanes.net\/wp-content\/uploads\/2017\/12\/Avatar2.jpg","contentUrl":"http:\/\/volcanes.net\/wp-content\/uploads\/2017\/12\/Avatar2.jpg","width":378,"height":378,"caption":"Grupo Volcanes"},"image":{"@id":"https:\/\/volcanes.net\/#\/schema\/logo\/image\/"},"sameAs":["https:\/\/www.facebook.com\/volcanes.net\/"]},{"@type":"Person","@id":"https:\/\/volcanes.net\/#\/schema\/person\/4bf0f383940966a4abd53f5048c0e6b9","name":"admin","image":{"@type":"ImageObject","inLanguage":"es","@id":"https:\/\/volcanes.net\/#\/schema\/person\/image\/","url":"https:\/\/secure.gravatar.com\/avatar\/ca004e6cba8462b8cb7abc86e382930c?s=96&d=mm&r=g","contentUrl":"https:\/\/secure.gravatar.com\/avatar\/ca004e6cba8462b8cb7abc86e382930c?s=96&d=mm&r=g","caption":"admin"}}]}},"_links":{"self":[{"href":"https:\/\/volcanes.net\/index.php?rest_route=\/wp\/v2\/posts\/29"}],"collection":[{"href":"https:\/\/volcanes.net\/index.php?rest_route=\/wp\/v2\/posts"}],"about":[{"href":"https:\/\/volcanes.net\/index.php?rest_route=\/wp\/v2\/types\/post"}],"author":[{"embeddable":true,"href":"https:\/\/volcanes.net\/index.php?rest_route=\/wp\/v2\/users\/1"}],"replies":[{"embeddable":true,"href":"https:\/\/volcanes.net\/index.php?rest_route=%2Fwp%2Fv2%2Fcomments&post=29"}],"version-history":[{"count":1,"href":"https:\/\/volcanes.net\/index.php?rest_route=\/wp\/v2\/posts\/29\/revisions"}],"predecessor-version":[{"id":31,"href":"https:\/\/volcanes.net\/index.php?rest_route=\/wp\/v2\/posts\/29\/revisions\/31"}],"wp:featuredmedia":[{"embeddable":true,"href":"https:\/\/volcanes.net\/index.php?rest_route=\/wp\/v2\/media\/30"}],"wp:attachment":[{"href":"https:\/\/volcanes.net\/index.php?rest_route=%2Fwp%2Fv2%2Fmedia&parent=29"}],"wp:term":[{"taxonomy":"category","embeddable":true,"href":"https:\/\/volcanes.net\/index.php?rest_route=%2Fwp%2Fv2%2Fcategories&post=29"},{"taxonomy":"post_tag","embeddable":true,"href":"https:\/\/volcanes.net\/index.php?rest_route=%2Fwp%2Fv2%2Ftags&post=29"}],"curies":[{"name":"wp","href":"https:\/\/api.w.org\/{rel}","templated":true}]}}