{"id":292,"date":"2018-01-09T16:28:15","date_gmt":"2018-01-09T16:28:15","guid":{"rendered":"http:\/\/volcanes.net\/?p=292"},"modified":"2018-01-09T16:28:16","modified_gmt":"2018-01-09T16:28:16","slug":"beltrones-advierte-que-no-permitira-falsas-acusaciones","status":"publish","type":"post","link":"https:\/\/volcanes.net\/?p=292","title":{"rendered":"Beltrones advierte que no permitir\u00e1 falsas acusaciones"},"content":{"rendered":"<div style=\"margin-top: 0px; margin-bottom: 0px;\" class=\"sharethis-inline-share-buttons\" ><\/div><p>El exdirigente nacional del PRI, Manlio Fabio Beltrones, advirti\u00f3 que se vio obligado a acudir a la justicia federal mediante el juicio de amparo con el prop\u00f3sito de tener acceso al expediente y enterarse de los hechos que aparentemente se investigan en Chihuahua.<\/p>\n<p>En un comunicado dirigido a la opini\u00f3n p\u00fablica, dijo que versiones period\u00edsticas dan cuenta de que las autoridades del Gobierno de Chihuahua pretenden involucrarlo en hechos que le son ajenos y que por tanto desconoce.<\/p>\n<p>\u201cNo tengo noticia alguna, s\u00f3lo las que he le\u00eddo en algunos medios de comunicaci\u00f3n, versiones, por cierto, muy alejadas de la realidad\u201d, expres\u00f3.<\/p>\n<p>Lament\u00f3 que al parecer esta \u00e9poca electoral da para eso y para m\u00e1s y asegur\u00f3: \u201cConf\u00edo en que esos excesos no marquen la intensidad de la contienda pol\u00edtica de este 2018\u201d.<\/p>\n<p>El pol\u00edtico sonorense dijo que es en \u00e9poca electoral cuando es m\u00e1s f\u00e1cil construir ficci\u00f3n para denostar, y en la que se deben hacer respetar los derechos humanos y la fama p\u00fablica.<\/p>\n<p>\u201cNo puedo permitir que las autoridades del estado de Chihuahua cometan un deliberado dan?o moral a las personas, intentando obtener notoriedad pol\u00edtica u ocultar el desastre de inseguridad que ha marcado a la presente administraci\u00f3n\u201d, asever\u00f3.<\/p>\n<p>Beltrones Rivera se\u00f1al\u00f3 que quienes lo conocen saben que siempre ha sido responsable de sus actos. \u201cPor ello no permitir\u00e9 que se me injurie y se me construyan falsas acusaciones a partir de mentiras y filtraciones\u201d.<\/p>\n<p>Expuso que ante la falta de certeza jur\u00eddica que deber\u00edan garantizar los operadores jur\u00eddicos de Chihuahua en el nuevo sistema de justicia penal acusatorio, en el que se deben privilegiar los principios de estricto apego a la ley y de presunci\u00f3n de inocencia, \u201ces que me veo obligado a acudir a la justicia federal mediante el juicio de amparo\u201d.<\/p>\n<p>El principal objetivo, \u201caunque parezca incre\u00edble, es poder acceder al expediente y as\u00ed enterarme de los hechos que aparentemente se investigan a partir de declaraciones hechas por supuestos testigos beneficiados y, en su caso, hacer respetar los derechos fundamentales de los ciudadanos, los cuales, por cierto, parecen no importarle a algunos servidores p\u00fablicos de aquel estado\u201d.<\/p>\n","protected":false},"excerpt":{"rendered":"<p>El exdirigente nacional del PRI, Manlio Fabio Beltrones, advirti\u00f3 que se vio obligado a acudir<\/p>\n","protected":false},"author":1,"featured_media":288,"comment_status":"open","ping_status":"open","sticky":false,"template":"","format":"standard","meta":{"footnotes":""},"categories":[1],"tags":[10],"class_list":["post-292","post","type-post","status-publish","format-standard","has-post-thumbnail","hentry","category-municipales","tag-pri"],"yoast_head":"<!-- This site is optimized with the Yoast SEO plugin v25.3 - https:\/\/yoast.com\/wordpress\/plugins\/seo\/ -->\n<title>Beltrones advierte que no permitir\u00e1 falsas acusaciones - Volcanes<\/title>\n<meta name=\"robots\" content=\"index, follow, max-snippet:-1, max-image-preview:large, max-video-preview:-1\" \/>\n<link rel=\"canonical\" href=\"https:\/\/volcanes.net\/?p=292\" \/>\n<meta property=\"og:locale\" content=\"es_MX\" \/>\n<meta property=\"og:type\" content=\"article\" \/>\n<meta property=\"og:title\" content=\"Beltrones advierte que no permitir\u00e1 falsas acusaciones - Volcanes\" \/>\n<meta property=\"og:description\" content=\"El exdirigente nacional del PRI, Manlio Fabio Beltrones, advirti\u00f3 que se vio obligado a acudir\" \/>\n<meta property=\"og:url\" content=\"https:\/\/volcanes.net\/?p=292\" \/>\n<meta property=\"og:site_name\" content=\"Volcanes\" \/>\n<meta property=\"article:publisher\" content=\"https:\/\/www.facebook.com\/volcanes.net\/\" \/>\n<meta property=\"article:published_time\" content=\"2018-01-09T16:28:15+00:00\" \/>\n<meta property=\"article:modified_time\" content=\"2018-01-09T16:28:16+00:00\" \/>\n<meta property=\"og:image\" content=\"https:\/\/volcanes.net\/wp-content\/uploads\/2018\/01\/beltrones.jpg\" \/>\n\t<meta property=\"og:image:width\" content=\"400\" \/>\n\t<meta property=\"og:image:height\" content=\"200\" \/>\n\t<meta property=\"og:image:type\" content=\"image\/jpeg\" \/>\n<meta name=\"author\" content=\"admin\" \/>\n<meta name=\"twitter:card\" content=\"summary_large_image\" \/>\n<meta name=\"twitter:label1\" content=\"Escrito por\" \/>\n\t<meta name=\"twitter:data1\" content=\"admin\" \/>\n\t<meta name=\"twitter:label2\" content=\"Tiempo de lectura\" \/>\n\t<meta name=\"twitter:data2\" content=\"2 minutos\" \/>\n<script type=\"application\/ld+json\" class=\"yoast-schema-graph\">{\"@context\":\"https:\/\/schema.org\",\"@graph\":[{\"@type\":\"Article\",\"@id\":\"https:\/\/volcanes.net\/?p=292#article\",\"isPartOf\":{\"@id\":\"https:\/\/volcanes.net\/?p=292\"},\"author\":{\"name\":\"admin\",\"@id\":\"https:\/\/volcanes.net\/#\/schema\/person\/4bf0f383940966a4abd53f5048c0e6b9\"},\"headline\":\"Beltrones advierte que no permitir\u00e1 falsas acusaciones\",\"datePublished\":\"2018-01-09T16:28:15+00:00\",\"dateModified\":\"2018-01-09T16:28:16+00:00\",\"mainEntityOfPage\":{\"@id\":\"https:\/\/volcanes.net\/?p=292\"},\"wordCount\":382,\"commentCount\":0,\"publisher\":{\"@id\":\"https:\/\/volcanes.net\/#organization\"},\"image\":{\"@id\":\"https:\/\/volcanes.net\/?p=292#primaryimage\"},\"thumbnailUrl\":\"https:\/\/volcanes.net\/wp-content\/uploads\/2018\/01\/beltrones.jpg\",\"keywords\":[\"PRI\"],\"articleSection\":[\"Municipales\"],\"inLanguage\":\"es\",\"potentialAction\":[{\"@type\":\"CommentAction\",\"name\":\"Comment\",\"target\":[\"https:\/\/volcanes.net\/?p=292#respond\"]}]},{\"@type\":\"WebPage\",\"@id\":\"https:\/\/volcanes.net\/?p=292\",\"url\":\"https:\/\/volcanes.net\/?p=292\",\"name\":\"Beltrones advierte que no permitir\u00e1 falsas acusaciones - Volcanes\",\"isPartOf\":{\"@id\":\"https:\/\/volcanes.net\/#website\"},\"primaryImageOfPage\":{\"@id\":\"https:\/\/volcanes.net\/?p=292#primaryimage\"},\"image\":{\"@id\":\"https:\/\/volcanes.net\/?p=292#primaryimage\"},\"thumbnailUrl\":\"https:\/\/volcanes.net\/wp-content\/uploads\/2018\/01\/beltrones.jpg\",\"datePublished\":\"2018-01-09T16:28:15+00:00\",\"dateModified\":\"2018-01-09T16:28:16+00:00\",\"breadcrumb\":{\"@id\":\"https:\/\/volcanes.net\/?p=292#breadcrumb\"},\"inLanguage\":\"es\",\"potentialAction\":[{\"@type\":\"ReadAction\",\"target\":[\"https:\/\/volcanes.net\/?p=292\"]}]},{\"@type\":\"ImageObject\",\"inLanguage\":\"es\",\"@id\":\"https:\/\/volcanes.net\/?p=292#primaryimage\",\"url\":\"https:\/\/volcanes.net\/wp-content\/uploads\/2018\/01\/beltrones.jpg\",\"contentUrl\":\"https:\/\/volcanes.net\/wp-content\/uploads\/2018\/01\/beltrones.jpg\",\"width\":400,\"height\":200},{\"@type\":\"BreadcrumbList\",\"@id\":\"https:\/\/volcanes.net\/?p=292#breadcrumb\",\"itemListElement\":[{\"@type\":\"ListItem\",\"position\":1,\"name\":\"Portada\",\"item\":\"https:\/\/volcanes.net\/\"},{\"@type\":\"ListItem\",\"position\":2,\"name\":\"Beltrones advierte que no permitir\u00e1 falsas acusaciones\"}]},{\"@type\":\"WebSite\",\"@id\":\"https:\/\/volcanes.net\/#website\",\"url\":\"https:\/\/volcanes.net\/\",\"name\":\"Volcanes.Net\",\"description\":\"Periodismo Profesional\",\"publisher\":{\"@id\":\"https:\/\/volcanes.net\/#organization\"},\"potentialAction\":[{\"@type\":\"SearchAction\",\"target\":{\"@type\":\"EntryPoint\",\"urlTemplate\":\"https:\/\/volcanes.net\/?s={search_term_string}\"},\"query-input\":{\"@type\":\"PropertyValueSpecification\",\"valueRequired\":true,\"valueName\":\"search_term_string\"}}],\"inLanguage\":\"es\"},{\"@type\":\"Organization\",\"@id\":\"https:\/\/volcanes.net\/#organization\",\"name\":\"Grupo Volcanes\",\"url\":\"https:\/\/volcanes.net\/\",\"logo\":{\"@type\":\"ImageObject\",\"inLanguage\":\"es\",\"@id\":\"https:\/\/volcanes.net\/#\/schema\/logo\/image\/\",\"url\":\"http:\/\/volcanes.net\/wp-content\/uploads\/2017\/12\/Avatar2.jpg\",\"contentUrl\":\"http:\/\/volcanes.net\/wp-content\/uploads\/2017\/12\/Avatar2.jpg\",\"width\":378,\"height\":378,\"caption\":\"Grupo Volcanes\"},\"image\":{\"@id\":\"https:\/\/volcanes.net\/#\/schema\/logo\/image\/\"},\"sameAs\":[\"https:\/\/www.facebook.com\/volcanes.net\/\"]},{\"@type\":\"Person\",\"@id\":\"https:\/\/volcanes.net\/#\/schema\/person\/4bf0f383940966a4abd53f5048c0e6b9\",\"name\":\"admin\",\"image\":{\"@type\":\"ImageObject\",\"inLanguage\":\"es\",\"@id\":\"https:\/\/volcanes.net\/#\/schema\/person\/image\/\",\"url\":\"https:\/\/secure.gravatar.com\/avatar\/ca004e6cba8462b8cb7abc86e382930c?s=96&d=mm&r=g\",\"contentUrl\":\"https:\/\/secure.gravatar.com\/avatar\/ca004e6cba8462b8cb7abc86e382930c?s=96&d=mm&r=g\",\"caption\":\"admin\"}}]}<\/script>\n<!-- \/ Yoast SEO plugin. -->","yoast_head_json":{"title":"Beltrones advierte que no permitir\u00e1 falsas acusaciones - Volcanes","robots":{"index":"index","follow":"follow","max-snippet":"max-snippet:-1","max-image-preview":"max-image-preview:large","max-video-preview":"max-video-preview:-1"},"canonical":"https:\/\/volcanes.net\/?p=292","og_locale":"es_MX","og_type":"article","og_title":"Beltrones advierte que no permitir\u00e1 falsas acusaciones - Volcanes","og_description":"El exdirigente nacional del PRI, Manlio Fabio Beltrones, advirti\u00f3 que se vio obligado a acudir","og_url":"https:\/\/volcanes.net\/?p=292","og_site_name":"Volcanes","article_publisher":"https:\/\/www.facebook.com\/volcanes.net\/","article_published_time":"2018-01-09T16:28:15+00:00","article_modified_time":"2018-01-09T16:28:16+00:00","og_image":[{"width":400,"height":200,"url":"https:\/\/volcanes.net\/wp-content\/uploads\/2018\/01\/beltrones.jpg","type":"image\/jpeg"}],"author":"admin","twitter_card":"summary_large_image","twitter_misc":{"Escrito por":"admin","Tiempo de lectura":"2 minutos"},"schema":{"@context":"https:\/\/schema.org","@graph":[{"@type":"Article","@id":"https:\/\/volcanes.net\/?p=292#article","isPartOf":{"@id":"https:\/\/volcanes.net\/?p=292"},"author":{"name":"admin","@id":"https:\/\/volcanes.net\/#\/schema\/person\/4bf0f383940966a4abd53f5048c0e6b9"},"headline":"Beltrones advierte que no permitir\u00e1 falsas acusaciones","datePublished":"2018-01-09T16:28:15+00:00","dateModified":"2018-01-09T16:28:16+00:00","mainEntityOfPage":{"@id":"https:\/\/volcanes.net\/?p=292"},"wordCount":382,"commentCount":0,"publisher":{"@id":"https:\/\/volcanes.net\/#organization"},"image":{"@id":"https:\/\/volcanes.net\/?p=292#primaryimage"},"thumbnailUrl":"https:\/\/volcanes.net\/wp-content\/uploads\/2018\/01\/beltrones.jpg","keywords":["PRI"],"articleSection":["Municipales"],"inLanguage":"es","potentialAction":[{"@type":"CommentAction","name":"Comment","target":["https:\/\/volcanes.net\/?p=292#respond"]}]},{"@type":"WebPage","@id":"https:\/\/volcanes.net\/?p=292","url":"https:\/\/volcanes.net\/?p=292","name":"Beltrones advierte que no permitir\u00e1 falsas acusaciones - Volcanes","isPartOf":{"@id":"https:\/\/volcanes.net\/#website"},"primaryImageOfPage":{"@id":"https:\/\/volcanes.net\/?p=292#primaryimage"},"image":{"@id":"https:\/\/volcanes.net\/?p=292#primaryimage"},"thumbnailUrl":"https:\/\/volcanes.net\/wp-content\/uploads\/2018\/01\/beltrones.jpg","datePublished":"2018-01-09T16:28:15+00:00","dateModified":"2018-01-09T16:28:16+00:00","breadcrumb":{"@id":"https:\/\/volcanes.net\/?p=292#breadcrumb"},"inLanguage":"es","potentialAction":[{"@type":"ReadAction","target":["https:\/\/volcanes.net\/?p=292"]}]},{"@type":"ImageObject","inLanguage":"es","@id":"https:\/\/volcanes.net\/?p=292#primaryimage","url":"https:\/\/volcanes.net\/wp-content\/uploads\/2018\/01\/beltrones.jpg","contentUrl":"https:\/\/volcanes.net\/wp-content\/uploads\/2018\/01\/beltrones.jpg","width":400,"height":200},{"@type":"BreadcrumbList","@id":"https:\/\/volcanes.net\/?p=292#breadcrumb","itemListElement":[{"@type":"ListItem","position":1,"name":"Portada","item":"https:\/\/volcanes.net\/"},{"@type":"ListItem","position":2,"name":"Beltrones advierte que no permitir\u00e1 falsas acusaciones"}]},{"@type":"WebSite","@id":"https:\/\/volcanes.net\/#website","url":"https:\/\/volcanes.net\/","name":"Volcanes.Net","description":"Periodismo Profesional","publisher":{"@id":"https:\/\/volcanes.net\/#organization"},"potentialAction":[{"@type":"SearchAction","target":{"@type":"EntryPoint","urlTemplate":"https:\/\/volcanes.net\/?s={search_term_string}"},"query-input":{"@type":"PropertyValueSpecification","valueRequired":true,"valueName":"search_term_string"}}],"inLanguage":"es"},{"@type":"Organization","@id":"https:\/\/volcanes.net\/#organization","name":"Grupo Volcanes","url":"https:\/\/volcanes.net\/","logo":{"@type":"ImageObject","inLanguage":"es","@id":"https:\/\/volcanes.net\/#\/schema\/logo\/image\/","url":"http:\/\/volcanes.net\/wp-content\/uploads\/2017\/12\/Avatar2.jpg","contentUrl":"http:\/\/volcanes.net\/wp-content\/uploads\/2017\/12\/Avatar2.jpg","width":378,"height":378,"caption":"Grupo Volcanes"},"image":{"@id":"https:\/\/volcanes.net\/#\/schema\/logo\/image\/"},"sameAs":["https:\/\/www.facebook.com\/volcanes.net\/"]},{"@type":"Person","@id":"https:\/\/volcanes.net\/#\/schema\/person\/4bf0f383940966a4abd53f5048c0e6b9","name":"admin","image":{"@type":"ImageObject","inLanguage":"es","@id":"https:\/\/volcanes.net\/#\/schema\/person\/image\/","url":"https:\/\/secure.gravatar.com\/avatar\/ca004e6cba8462b8cb7abc86e382930c?s=96&d=mm&r=g","contentUrl":"https:\/\/secure.gravatar.com\/avatar\/ca004e6cba8462b8cb7abc86e382930c?s=96&d=mm&r=g","caption":"admin"}}]}},"_links":{"self":[{"href":"https:\/\/volcanes.net\/index.php?rest_route=\/wp\/v2\/posts\/292"}],"collection":[{"href":"https:\/\/volcanes.net\/index.php?rest_route=\/wp\/v2\/posts"}],"about":[{"href":"https:\/\/volcanes.net\/index.php?rest_route=\/wp\/v2\/types\/post"}],"author":[{"embeddable":true,"href":"https:\/\/volcanes.net\/index.php?rest_route=\/wp\/v2\/users\/1"}],"replies":[{"embeddable":true,"href":"https:\/\/volcanes.net\/index.php?rest_route=%2Fwp%2Fv2%2Fcomments&post=292"}],"version-history":[{"count":1,"href":"https:\/\/volcanes.net\/index.php?rest_route=\/wp\/v2\/posts\/292\/revisions"}],"predecessor-version":[{"id":293,"href":"https:\/\/volcanes.net\/index.php?rest_route=\/wp\/v2\/posts\/292\/revisions\/293"}],"wp:featuredmedia":[{"embeddable":true,"href":"https:\/\/volcanes.net\/index.php?rest_route=\/wp\/v2\/media\/288"}],"wp:attachment":[{"href":"https:\/\/volcanes.net\/index.php?rest_route=%2Fwp%2Fv2%2Fmedia&parent=292"}],"wp:term":[{"taxonomy":"category","embeddable":true,"href":"https:\/\/volcanes.net\/index.php?rest_route=%2Fwp%2Fv2%2Fcategories&post=292"},{"taxonomy":"post_tag","embeddable":true,"href":"https:\/\/volcanes.net\/index.php?rest_route=%2Fwp%2Fv2%2Ftags&post=292"}],"curies":[{"name":"wp","href":"https:\/\/api.w.org\/{rel}","templated":true}]}}