{"id":2933,"date":"2018-11-19T02:02:56","date_gmt":"2018-11-19T02:02:56","guid":{"rendered":"http:\/\/volcanes.net\/?p=2933"},"modified":"2018-11-19T02:02:56","modified_gmt":"2018-11-19T02:02:56","slug":"victima-de-un-infarto-muere-hector-beltran-leyva","status":"publish","type":"post","link":"https:\/\/volcanes.net\/?p=2933","title":{"rendered":"V\u00edctima de un infarto muere Hector Beltr\u00e1n Leyva"},"content":{"rendered":"<div style=\"margin-top: 0px; margin-bottom: 0px;\" class=\"sharethis-inline-share-buttons\" ><\/div><p>La Secretar\u00eda de Gobernaci\u00f3n, a trav\u00e9s de la Comisi\u00f3n Nacional de Seguridad y el \u00d3rgano Administrativo Desconcentrado de Prevenci\u00f3n y Readaptaci\u00f3n Social, informa:<\/p>\n<p>El d\u00eda de hoy, 18 de noviembre, alrededor de las 16:00 horas, falleci\u00f3 en el Hospital Adolfo L\u00f3pez Mateos de la Ciudad de Toluca, Estado de M\u00e9xico, tras sufrir un paro cardiaco, el interno H\u00e9ctor Manuel Beltr\u00e1n Leyva, conocido por el alias de \u201cEl H\u201d.<\/p>\n<p>El reo, con n\u00famero de expediente 3889-AJ-16, se encontraba recluido en el Penal Federal N\u00famero 1, Altiplano, desde el 02 de marzo de 2016, donde enfrentaba un proceso federal por diversos delitos.<\/p>\n<p>Tras su fallecimiento, de inmediato se inform\u00f3 a las autoridades correspondientes para que se le realice la necropsia de ley y se d\u00e9 aviso a sus familiares, para que efect\u00faen los tr\u00e1mites correspondientes de entrega del cuerpo y se les d\u00e9 a conocer, de manera oficial, los resultados de su muerte.<\/p>\n<p>Los hechos se registraron aproximadamente a las 15:07, cuando el encargado de la seguridad del penal report\u00f3 que Beltr\u00e1n Leyva presentaba dolores intensos en el lado izquierdo del pecho, por lo que de inmediato m\u00e9dicos del centro federal le brindaron los primeros auxilios conforme a los protocolos.<\/p>\n<p>Al notar que no se recuperaba, las autoridades carcelarias decidieron trasladarlo, con todas las medidas de seguridad de atenci\u00f3n a reclusos, al referido hospital donde, luego de ser atendido en el \u00e1rea de urgencias, los doctores reportaron su deceso.<\/p>\n<p>Cabe se\u00f1alar que, en todo momento, Beltr\u00e1n Leyva, de 56 a\u00f1os de edad, recibi\u00f3 la atenci\u00f3n m\u00e9dica que requiri\u00f3 y que el personal del nosocomio as\u00ed como del centro federal, agotaron todos los recursos cl\u00ednicos a su alcance para poder restablecerlo.<\/p>\n<p>&#8212;o0o&#8212;<\/p>\n","protected":false},"excerpt":{"rendered":"<p>La Secretar\u00eda de Gobernaci\u00f3n, a trav\u00e9s de la Comisi\u00f3n Nacional de Seguridad y el \u00d3rgano<\/p>\n","protected":false},"author":1,"featured_media":2932,"comment_status":"open","ping_status":"open","sticky":false,"template":"","format":"standard","meta":{"footnotes":""},"categories":[1],"tags":[58],"class_list":["post-2933","post","type-post","status-publish","format-standard","has-post-thumbnail","hentry","category-municipales","tag-segob"],"yoast_head":"<!-- This site is optimized with the Yoast SEO plugin v25.3 - https:\/\/yoast.com\/wordpress\/plugins\/seo\/ -->\n<title>V\u00edctima de un infarto muere Hector Beltr\u00e1n Leyva - Volcanes<\/title>\n<meta name=\"robots\" content=\"index, follow, max-snippet:-1, max-image-preview:large, max-video-preview:-1\" \/>\n<link rel=\"canonical\" href=\"https:\/\/volcanes.net\/?p=2933\" \/>\n<meta property=\"og:locale\" content=\"es_MX\" \/>\n<meta property=\"og:type\" content=\"article\" \/>\n<meta property=\"og:title\" content=\"V\u00edctima de un infarto muere Hector Beltr\u00e1n Leyva - Volcanes\" \/>\n<meta property=\"og:description\" content=\"La Secretar\u00eda de Gobernaci\u00f3n, a trav\u00e9s de la Comisi\u00f3n Nacional de Seguridad y el \u00d3rgano\" \/>\n<meta property=\"og:url\" content=\"https:\/\/volcanes.net\/?p=2933\" \/>\n<meta property=\"og:site_name\" content=\"Volcanes\" \/>\n<meta property=\"article:publisher\" content=\"https:\/\/www.facebook.com\/volcanes.net\/\" \/>\n<meta property=\"article:published_time\" content=\"2018-11-19T02:02:56+00:00\" \/>\n<meta property=\"og:image\" content=\"https:\/\/volcanes.net\/wp-content\/uploads\/2018\/11\/IMG_20181118_195954.jpg\" \/>\n\t<meta property=\"og:image:width\" content=\"560\" \/>\n\t<meta property=\"og:image:height\" content=\"315\" \/>\n\t<meta property=\"og:image:type\" content=\"image\/jpeg\" \/>\n<meta name=\"author\" content=\"admin\" \/>\n<meta name=\"twitter:card\" content=\"summary_large_image\" \/>\n<meta name=\"twitter:label1\" content=\"Escrito por\" \/>\n\t<meta name=\"twitter:data1\" content=\"admin\" \/>\n\t<meta name=\"twitter:label2\" content=\"Tiempo de lectura\" \/>\n\t<meta name=\"twitter:data2\" content=\"1 minuto\" \/>\n<script type=\"application\/ld+json\" class=\"yoast-schema-graph\">{\"@context\":\"https:\/\/schema.org\",\"@graph\":[{\"@type\":\"Article\",\"@id\":\"https:\/\/volcanes.net\/?p=2933#article\",\"isPartOf\":{\"@id\":\"https:\/\/volcanes.net\/?p=2933\"},\"author\":{\"name\":\"admin\",\"@id\":\"https:\/\/volcanes.net\/#\/schema\/person\/4bf0f383940966a4abd53f5048c0e6b9\"},\"headline\":\"V\u00edctima de un infarto muere Hector Beltr\u00e1n Leyva\",\"datePublished\":\"2018-11-19T02:02:56+00:00\",\"mainEntityOfPage\":{\"@id\":\"https:\/\/volcanes.net\/?p=2933\"},\"wordCount\":307,\"commentCount\":0,\"publisher\":{\"@id\":\"https:\/\/volcanes.net\/#organization\"},\"image\":{\"@id\":\"https:\/\/volcanes.net\/?p=2933#primaryimage\"},\"thumbnailUrl\":\"https:\/\/volcanes.net\/wp-content\/uploads\/2018\/11\/IMG_20181118_195954.jpg\",\"keywords\":[\"SEGOB\"],\"articleSection\":[\"Municipales\"],\"inLanguage\":\"es\",\"potentialAction\":[{\"@type\":\"CommentAction\",\"name\":\"Comment\",\"target\":[\"https:\/\/volcanes.net\/?p=2933#respond\"]}]},{\"@type\":\"WebPage\",\"@id\":\"https:\/\/volcanes.net\/?p=2933\",\"url\":\"https:\/\/volcanes.net\/?p=2933\",\"name\":\"V\u00edctima de un infarto muere Hector Beltr\u00e1n Leyva - Volcanes\",\"isPartOf\":{\"@id\":\"https:\/\/volcanes.net\/#website\"},\"primaryImageOfPage\":{\"@id\":\"https:\/\/volcanes.net\/?p=2933#primaryimage\"},\"image\":{\"@id\":\"https:\/\/volcanes.net\/?p=2933#primaryimage\"},\"thumbnailUrl\":\"https:\/\/volcanes.net\/wp-content\/uploads\/2018\/11\/IMG_20181118_195954.jpg\",\"datePublished\":\"2018-11-19T02:02:56+00:00\",\"breadcrumb\":{\"@id\":\"https:\/\/volcanes.net\/?p=2933#breadcrumb\"},\"inLanguage\":\"es\",\"potentialAction\":[{\"@type\":\"ReadAction\",\"target\":[\"https:\/\/volcanes.net\/?p=2933\"]}]},{\"@type\":\"ImageObject\",\"inLanguage\":\"es\",\"@id\":\"https:\/\/volcanes.net\/?p=2933#primaryimage\",\"url\":\"https:\/\/volcanes.net\/wp-content\/uploads\/2018\/11\/IMG_20181118_195954.jpg\",\"contentUrl\":\"https:\/\/volcanes.net\/wp-content\/uploads\/2018\/11\/IMG_20181118_195954.jpg\",\"width\":560,\"height\":315},{\"@type\":\"BreadcrumbList\",\"@id\":\"https:\/\/volcanes.net\/?p=2933#breadcrumb\",\"itemListElement\":[{\"@type\":\"ListItem\",\"position\":1,\"name\":\"Portada\",\"item\":\"https:\/\/volcanes.net\/\"},{\"@type\":\"ListItem\",\"position\":2,\"name\":\"V\u00edctima de un infarto muere Hector Beltr\u00e1n Leyva\"}]},{\"@type\":\"WebSite\",\"@id\":\"https:\/\/volcanes.net\/#website\",\"url\":\"https:\/\/volcanes.net\/\",\"name\":\"Volcanes.Net\",\"description\":\"Periodismo Profesional\",\"publisher\":{\"@id\":\"https:\/\/volcanes.net\/#organization\"},\"potentialAction\":[{\"@type\":\"SearchAction\",\"target\":{\"@type\":\"EntryPoint\",\"urlTemplate\":\"https:\/\/volcanes.net\/?s={search_term_string}\"},\"query-input\":{\"@type\":\"PropertyValueSpecification\",\"valueRequired\":true,\"valueName\":\"search_term_string\"}}],\"inLanguage\":\"es\"},{\"@type\":\"Organization\",\"@id\":\"https:\/\/volcanes.net\/#organization\",\"name\":\"Grupo Volcanes\",\"url\":\"https:\/\/volcanes.net\/\",\"logo\":{\"@type\":\"ImageObject\",\"inLanguage\":\"es\",\"@id\":\"https:\/\/volcanes.net\/#\/schema\/logo\/image\/\",\"url\":\"http:\/\/volcanes.net\/wp-content\/uploads\/2017\/12\/Avatar2.jpg\",\"contentUrl\":\"http:\/\/volcanes.net\/wp-content\/uploads\/2017\/12\/Avatar2.jpg\",\"width\":378,\"height\":378,\"caption\":\"Grupo Volcanes\"},\"image\":{\"@id\":\"https:\/\/volcanes.net\/#\/schema\/logo\/image\/\"},\"sameAs\":[\"https:\/\/www.facebook.com\/volcanes.net\/\"]},{\"@type\":\"Person\",\"@id\":\"https:\/\/volcanes.net\/#\/schema\/person\/4bf0f383940966a4abd53f5048c0e6b9\",\"name\":\"admin\",\"image\":{\"@type\":\"ImageObject\",\"inLanguage\":\"es\",\"@id\":\"https:\/\/volcanes.net\/#\/schema\/person\/image\/\",\"url\":\"https:\/\/secure.gravatar.com\/avatar\/ca004e6cba8462b8cb7abc86e382930c?s=96&d=mm&r=g\",\"contentUrl\":\"https:\/\/secure.gravatar.com\/avatar\/ca004e6cba8462b8cb7abc86e382930c?s=96&d=mm&r=g\",\"caption\":\"admin\"}}]}<\/script>\n<!-- \/ Yoast SEO plugin. -->","yoast_head_json":{"title":"V\u00edctima de un infarto muere Hector Beltr\u00e1n Leyva - Volcanes","robots":{"index":"index","follow":"follow","max-snippet":"max-snippet:-1","max-image-preview":"max-image-preview:large","max-video-preview":"max-video-preview:-1"},"canonical":"https:\/\/volcanes.net\/?p=2933","og_locale":"es_MX","og_type":"article","og_title":"V\u00edctima de un infarto muere Hector Beltr\u00e1n Leyva - Volcanes","og_description":"La Secretar\u00eda de Gobernaci\u00f3n, a trav\u00e9s de la Comisi\u00f3n Nacional de Seguridad y el \u00d3rgano","og_url":"https:\/\/volcanes.net\/?p=2933","og_site_name":"Volcanes","article_publisher":"https:\/\/www.facebook.com\/volcanes.net\/","article_published_time":"2018-11-19T02:02:56+00:00","og_image":[{"width":560,"height":315,"url":"https:\/\/volcanes.net\/wp-content\/uploads\/2018\/11\/IMG_20181118_195954.jpg","type":"image\/jpeg"}],"author":"admin","twitter_card":"summary_large_image","twitter_misc":{"Escrito por":"admin","Tiempo de lectura":"1 minuto"},"schema":{"@context":"https:\/\/schema.org","@graph":[{"@type":"Article","@id":"https:\/\/volcanes.net\/?p=2933#article","isPartOf":{"@id":"https:\/\/volcanes.net\/?p=2933"},"author":{"name":"admin","@id":"https:\/\/volcanes.net\/#\/schema\/person\/4bf0f383940966a4abd53f5048c0e6b9"},"headline":"V\u00edctima de un infarto muere Hector Beltr\u00e1n Leyva","datePublished":"2018-11-19T02:02:56+00:00","mainEntityOfPage":{"@id":"https:\/\/volcanes.net\/?p=2933"},"wordCount":307,"commentCount":0,"publisher":{"@id":"https:\/\/volcanes.net\/#organization"},"image":{"@id":"https:\/\/volcanes.net\/?p=2933#primaryimage"},"thumbnailUrl":"https:\/\/volcanes.net\/wp-content\/uploads\/2018\/11\/IMG_20181118_195954.jpg","keywords":["SEGOB"],"articleSection":["Municipales"],"inLanguage":"es","potentialAction":[{"@type":"CommentAction","name":"Comment","target":["https:\/\/volcanes.net\/?p=2933#respond"]}]},{"@type":"WebPage","@id":"https:\/\/volcanes.net\/?p=2933","url":"https:\/\/volcanes.net\/?p=2933","name":"V\u00edctima de un infarto muere Hector Beltr\u00e1n Leyva - Volcanes","isPartOf":{"@id":"https:\/\/volcanes.net\/#website"},"primaryImageOfPage":{"@id":"https:\/\/volcanes.net\/?p=2933#primaryimage"},"image":{"@id":"https:\/\/volcanes.net\/?p=2933#primaryimage"},"thumbnailUrl":"https:\/\/volcanes.net\/wp-content\/uploads\/2018\/11\/IMG_20181118_195954.jpg","datePublished":"2018-11-19T02:02:56+00:00","breadcrumb":{"@id":"https:\/\/volcanes.net\/?p=2933#breadcrumb"},"inLanguage":"es","potentialAction":[{"@type":"ReadAction","target":["https:\/\/volcanes.net\/?p=2933"]}]},{"@type":"ImageObject","inLanguage":"es","@id":"https:\/\/volcanes.net\/?p=2933#primaryimage","url":"https:\/\/volcanes.net\/wp-content\/uploads\/2018\/11\/IMG_20181118_195954.jpg","contentUrl":"https:\/\/volcanes.net\/wp-content\/uploads\/2018\/11\/IMG_20181118_195954.jpg","width":560,"height":315},{"@type":"BreadcrumbList","@id":"https:\/\/volcanes.net\/?p=2933#breadcrumb","itemListElement":[{"@type":"ListItem","position":1,"name":"Portada","item":"https:\/\/volcanes.net\/"},{"@type":"ListItem","position":2,"name":"V\u00edctima de un infarto muere Hector Beltr\u00e1n Leyva"}]},{"@type":"WebSite","@id":"https:\/\/volcanes.net\/#website","url":"https:\/\/volcanes.net\/","name":"Volcanes.Net","description":"Periodismo Profesional","publisher":{"@id":"https:\/\/volcanes.net\/#organization"},"potentialAction":[{"@type":"SearchAction","target":{"@type":"EntryPoint","urlTemplate":"https:\/\/volcanes.net\/?s={search_term_string}"},"query-input":{"@type":"PropertyValueSpecification","valueRequired":true,"valueName":"search_term_string"}}],"inLanguage":"es"},{"@type":"Organization","@id":"https:\/\/volcanes.net\/#organization","name":"Grupo Volcanes","url":"https:\/\/volcanes.net\/","logo":{"@type":"ImageObject","inLanguage":"es","@id":"https:\/\/volcanes.net\/#\/schema\/logo\/image\/","url":"http:\/\/volcanes.net\/wp-content\/uploads\/2017\/12\/Avatar2.jpg","contentUrl":"http:\/\/volcanes.net\/wp-content\/uploads\/2017\/12\/Avatar2.jpg","width":378,"height":378,"caption":"Grupo Volcanes"},"image":{"@id":"https:\/\/volcanes.net\/#\/schema\/logo\/image\/"},"sameAs":["https:\/\/www.facebook.com\/volcanes.net\/"]},{"@type":"Person","@id":"https:\/\/volcanes.net\/#\/schema\/person\/4bf0f383940966a4abd53f5048c0e6b9","name":"admin","image":{"@type":"ImageObject","inLanguage":"es","@id":"https:\/\/volcanes.net\/#\/schema\/person\/image\/","url":"https:\/\/secure.gravatar.com\/avatar\/ca004e6cba8462b8cb7abc86e382930c?s=96&d=mm&r=g","contentUrl":"https:\/\/secure.gravatar.com\/avatar\/ca004e6cba8462b8cb7abc86e382930c?s=96&d=mm&r=g","caption":"admin"}}]}},"_links":{"self":[{"href":"https:\/\/volcanes.net\/index.php?rest_route=\/wp\/v2\/posts\/2933"}],"collection":[{"href":"https:\/\/volcanes.net\/index.php?rest_route=\/wp\/v2\/posts"}],"about":[{"href":"https:\/\/volcanes.net\/index.php?rest_route=\/wp\/v2\/types\/post"}],"author":[{"embeddable":true,"href":"https:\/\/volcanes.net\/index.php?rest_route=\/wp\/v2\/users\/1"}],"replies":[{"embeddable":true,"href":"https:\/\/volcanes.net\/index.php?rest_route=%2Fwp%2Fv2%2Fcomments&post=2933"}],"version-history":[{"count":1,"href":"https:\/\/volcanes.net\/index.php?rest_route=\/wp\/v2\/posts\/2933\/revisions"}],"predecessor-version":[{"id":2934,"href":"https:\/\/volcanes.net\/index.php?rest_route=\/wp\/v2\/posts\/2933\/revisions\/2934"}],"wp:featuredmedia":[{"embeddable":true,"href":"https:\/\/volcanes.net\/index.php?rest_route=\/wp\/v2\/media\/2932"}],"wp:attachment":[{"href":"https:\/\/volcanes.net\/index.php?rest_route=%2Fwp%2Fv2%2Fmedia&parent=2933"}],"wp:term":[{"taxonomy":"category","embeddable":true,"href":"https:\/\/volcanes.net\/index.php?rest_route=%2Fwp%2Fv2%2Fcategories&post=2933"},{"taxonomy":"post_tag","embeddable":true,"href":"https:\/\/volcanes.net\/index.php?rest_route=%2Fwp%2Fv2%2Ftags&post=2933"}],"curies":[{"name":"wp","href":"https:\/\/api.w.org\/{rel}","templated":true}]}}