{"id":296,"date":"2018-01-09T16:33:10","date_gmt":"2018-01-09T16:33:10","guid":{"rendered":"http:\/\/volcanes.net\/?p=296"},"modified":"2018-01-09T16:33:10","modified_gmt":"2018-01-09T16:33:10","slug":"evita-gem-desercion-escolar-con-beca-de-permanencia-escolar","status":"publish","type":"post","link":"https:\/\/volcanes.net\/?p=296","title":{"rendered":"Evita GEM deserci\u00f3n escolar con beca de permanencia escolar"},"content":{"rendered":"<div style=\"margin-top: 0px; margin-bottom: 0px;\" class=\"sharethis-inline-share-buttons\" ><\/div><p>Con el objetivo de disminuir el abandono escolar entre los estudiantes mexiquenses en desventaja econ\u00f3mica, el Gobierno del Estado de M\u00e9xico, a trav\u00e9s de la Secretar\u00eda de Educaci\u00f3n, entrega Becas de Permanencia Escolar para que estudiantes de educaci\u00f3n media superior y superior puedan seguirse preparando acad\u00e9micamente.<\/p>\n<p>Durante 2017, 12 mil 665 alumnos de la entidad recibieron este apoyo econ\u00f3mico que les permite continuar con su preparaci\u00f3n: 7 mil 673 de media superior obtuvieron una beca de dos mil 500 pesos; y 4 mil 992 de superior, se hicieron acreedores a un apoyo de 4 mil pesos.<\/p>\n<p>Ejemplo de la utilidad de estos apoyos es Dara Sara\u00ed Claudio Morales, estudiante de tercer semestre de la Licenciatura en Educaci\u00f3n Secundaria con especialidad en lengua extranjera Ingl\u00e9s, en la Escuela Normal de Atlacomulco, quien dice, esta beca le ha ayudado a continuar sus estudios a nivel superior.<\/p>\n<p>\u201cQuiero agradecer al Gobierno del Estado de M\u00e9xico porque esta oportunidad nos abre las puertas para ser mejores estudiantes, mejores personas y a que nuestra capacidad no se limite por la econom\u00eda y alcancemos nuestros sue\u00f1os y nuestras metas en cualquier profesi\u00f3n que queramos desempe\u00f1ar\u201d, coment\u00f3 Dara, quien todos los d\u00edas viaja de El Oro a Atlacomulco para lograr su meta de ser docente.<\/p>\n<p>En este programa pueden participar alumnos de las Escuelas Normales, Tecnol\u00f3gicos y Universidades de control estatal, Universidad Nacional Aut\u00f3noma de M\u00e9xico, Universidad Aut\u00f3noma del Estado de M\u00e9xico, Universidad Aut\u00f3noma Chapingo, Instituto Polit\u00e9cnico Nacional, Universidad Aut\u00f3noma Metropolitana, Conservatorio de M\u00fasica del Estado de M\u00e9xico, Centros de Bachillerato Tecnol\u00f3gico, Colegios de Estudios Cient\u00edficos y Tecnol\u00f3gicos del Estado de M\u00e9xico, Colegios de Bachilleres del Estado de M\u00e9xico, Colegio Nacional de Educaci\u00f3n Profesional T\u00e9cnica del Estado de M\u00e9xico, Escuelas Preparatorias Oficiales del Estado de M\u00e9xico y Telebachilleratos comunitarios.<\/p>\n<p>Los requisitos para tener acceso a esta beca son: constancia que acredite su inscripci\u00f3n en alguna de las instituciones p\u00fablicas oficiales de educaci\u00f3n media superior y superior; escrito donde se especifique, bajo protesta de decir verdad, el ingreso de los padres o<\/p>\n<p>tutores y si son beneficiarios de dos o m\u00e1s programas federales y\/o estatales; acta de nacimiento; Clave \u00danica de Registro de Poblaci\u00f3n; y comprobante de domicilio en el Estado de M\u00e9xico.<\/p>\n<p>En el Estado de M\u00e9xico, el programa Becas de permanencia comenz\u00f3 a funcionar en el Ciclo Escolar 2011-2012 y a la fecha ha beneficiado a poco m\u00e1s de 93 mil 700 estudiantes en riesgo de abandonar sus estudios.<\/p>\n<p>Para mayores informes, comunicarse al Departamento de Becas de la Secretar\u00eda de Educaci\u00f3n al 2139063 y 2154433 o escribir al correo electr\u00f3nico deptobecas352@gmail.com.<\/p>\n","protected":false},"excerpt":{"rendered":"<p>Con el objetivo de disminuir el abandono escolar entre los estudiantes mexiquenses en desventaja econ\u00f3mica,<\/p>\n","protected":false},"author":1,"featured_media":289,"comment_status":"open","ping_status":"open","sticky":false,"template":"","format":"standard","meta":{"footnotes":""},"categories":[3],"tags":[4],"class_list":["post-296","post","type-post","status-publish","format-standard","has-post-thumbnail","hentry","category-estatales","tag-gobierno-del-estado-de-mexico"],"yoast_head":"<!-- This site is optimized with the Yoast SEO plugin v25.3 - https:\/\/yoast.com\/wordpress\/plugins\/seo\/ -->\n<title>Evita GEM deserci\u00f3n escolar con beca de permanencia escolar - Volcanes<\/title>\n<meta name=\"robots\" content=\"index, follow, max-snippet:-1, max-image-preview:large, max-video-preview:-1\" \/>\n<link rel=\"canonical\" href=\"https:\/\/volcanes.net\/?p=296\" \/>\n<meta property=\"og:locale\" content=\"es_MX\" \/>\n<meta property=\"og:type\" content=\"article\" \/>\n<meta property=\"og:title\" content=\"Evita GEM deserci\u00f3n escolar con beca de permanencia escolar - Volcanes\" \/>\n<meta property=\"og:description\" content=\"Con el objetivo de disminuir el abandono escolar entre los estudiantes mexiquenses en desventaja econ\u00f3mica,\" \/>\n<meta property=\"og:url\" content=\"https:\/\/volcanes.net\/?p=296\" \/>\n<meta property=\"og:site_name\" content=\"Volcanes\" \/>\n<meta property=\"article:publisher\" content=\"https:\/\/www.facebook.com\/volcanes.net\/\" \/>\n<meta property=\"article:published_time\" content=\"2018-01-09T16:33:10+00:00\" \/>\n<meta property=\"og:image\" content=\"https:\/\/volcanes.net\/wp-content\/uploads\/2018\/01\/dara-28.jpg\" \/>\n\t<meta property=\"og:image:width\" content=\"400\" \/>\n\t<meta property=\"og:image:height\" content=\"200\" \/>\n\t<meta property=\"og:image:type\" content=\"image\/jpeg\" \/>\n<meta name=\"author\" content=\"admin\" \/>\n<meta name=\"twitter:card\" content=\"summary_large_image\" \/>\n<meta name=\"twitter:label1\" content=\"Escrito por\" \/>\n\t<meta name=\"twitter:data1\" content=\"admin\" \/>\n\t<meta name=\"twitter:label2\" content=\"Tiempo de lectura\" \/>\n\t<meta name=\"twitter:data2\" content=\"2 minutos\" \/>\n<script type=\"application\/ld+json\" class=\"yoast-schema-graph\">{\"@context\":\"https:\/\/schema.org\",\"@graph\":[{\"@type\":\"Article\",\"@id\":\"https:\/\/volcanes.net\/?p=296#article\",\"isPartOf\":{\"@id\":\"https:\/\/volcanes.net\/?p=296\"},\"author\":{\"name\":\"admin\",\"@id\":\"https:\/\/volcanes.net\/#\/schema\/person\/4bf0f383940966a4abd53f5048c0e6b9\"},\"headline\":\"Evita GEM deserci\u00f3n escolar con beca de permanencia escolar\",\"datePublished\":\"2018-01-09T16:33:10+00:00\",\"mainEntityOfPage\":{\"@id\":\"https:\/\/volcanes.net\/?p=296\"},\"wordCount\":473,\"commentCount\":0,\"publisher\":{\"@id\":\"https:\/\/volcanes.net\/#organization\"},\"image\":{\"@id\":\"https:\/\/volcanes.net\/?p=296#primaryimage\"},\"thumbnailUrl\":\"https:\/\/volcanes.net\/wp-content\/uploads\/2018\/01\/dara-28.jpg\",\"keywords\":[\"Gobierno del Estado de M\u00e9xico\"],\"articleSection\":[\"Estatales\"],\"inLanguage\":\"es\",\"potentialAction\":[{\"@type\":\"CommentAction\",\"name\":\"Comment\",\"target\":[\"https:\/\/volcanes.net\/?p=296#respond\"]}]},{\"@type\":\"WebPage\",\"@id\":\"https:\/\/volcanes.net\/?p=296\",\"url\":\"https:\/\/volcanes.net\/?p=296\",\"name\":\"Evita GEM deserci\u00f3n escolar con beca de permanencia escolar - Volcanes\",\"isPartOf\":{\"@id\":\"https:\/\/volcanes.net\/#website\"},\"primaryImageOfPage\":{\"@id\":\"https:\/\/volcanes.net\/?p=296#primaryimage\"},\"image\":{\"@id\":\"https:\/\/volcanes.net\/?p=296#primaryimage\"},\"thumbnailUrl\":\"https:\/\/volcanes.net\/wp-content\/uploads\/2018\/01\/dara-28.jpg\",\"datePublished\":\"2018-01-09T16:33:10+00:00\",\"breadcrumb\":{\"@id\":\"https:\/\/volcanes.net\/?p=296#breadcrumb\"},\"inLanguage\":\"es\",\"potentialAction\":[{\"@type\":\"ReadAction\",\"target\":[\"https:\/\/volcanes.net\/?p=296\"]}]},{\"@type\":\"ImageObject\",\"inLanguage\":\"es\",\"@id\":\"https:\/\/volcanes.net\/?p=296#primaryimage\",\"url\":\"https:\/\/volcanes.net\/wp-content\/uploads\/2018\/01\/dara-28.jpg\",\"contentUrl\":\"https:\/\/volcanes.net\/wp-content\/uploads\/2018\/01\/dara-28.jpg\",\"width\":400,\"height\":200},{\"@type\":\"BreadcrumbList\",\"@id\":\"https:\/\/volcanes.net\/?p=296#breadcrumb\",\"itemListElement\":[{\"@type\":\"ListItem\",\"position\":1,\"name\":\"Portada\",\"item\":\"https:\/\/volcanes.net\/\"},{\"@type\":\"ListItem\",\"position\":2,\"name\":\"Evita GEM deserci\u00f3n escolar con beca de permanencia escolar\"}]},{\"@type\":\"WebSite\",\"@id\":\"https:\/\/volcanes.net\/#website\",\"url\":\"https:\/\/volcanes.net\/\",\"name\":\"Volcanes.Net\",\"description\":\"Periodismo Profesional\",\"publisher\":{\"@id\":\"https:\/\/volcanes.net\/#organization\"},\"potentialAction\":[{\"@type\":\"SearchAction\",\"target\":{\"@type\":\"EntryPoint\",\"urlTemplate\":\"https:\/\/volcanes.net\/?s={search_term_string}\"},\"query-input\":{\"@type\":\"PropertyValueSpecification\",\"valueRequired\":true,\"valueName\":\"search_term_string\"}}],\"inLanguage\":\"es\"},{\"@type\":\"Organization\",\"@id\":\"https:\/\/volcanes.net\/#organization\",\"name\":\"Grupo Volcanes\",\"url\":\"https:\/\/volcanes.net\/\",\"logo\":{\"@type\":\"ImageObject\",\"inLanguage\":\"es\",\"@id\":\"https:\/\/volcanes.net\/#\/schema\/logo\/image\/\",\"url\":\"http:\/\/volcanes.net\/wp-content\/uploads\/2017\/12\/Avatar2.jpg\",\"contentUrl\":\"http:\/\/volcanes.net\/wp-content\/uploads\/2017\/12\/Avatar2.jpg\",\"width\":378,\"height\":378,\"caption\":\"Grupo Volcanes\"},\"image\":{\"@id\":\"https:\/\/volcanes.net\/#\/schema\/logo\/image\/\"},\"sameAs\":[\"https:\/\/www.facebook.com\/volcanes.net\/\"]},{\"@type\":\"Person\",\"@id\":\"https:\/\/volcanes.net\/#\/schema\/person\/4bf0f383940966a4abd53f5048c0e6b9\",\"name\":\"admin\",\"image\":{\"@type\":\"ImageObject\",\"inLanguage\":\"es\",\"@id\":\"https:\/\/volcanes.net\/#\/schema\/person\/image\/\",\"url\":\"https:\/\/secure.gravatar.com\/avatar\/ca004e6cba8462b8cb7abc86e382930c?s=96&d=mm&r=g\",\"contentUrl\":\"https:\/\/secure.gravatar.com\/avatar\/ca004e6cba8462b8cb7abc86e382930c?s=96&d=mm&r=g\",\"caption\":\"admin\"}}]}<\/script>\n<!-- \/ Yoast SEO plugin. -->","yoast_head_json":{"title":"Evita GEM deserci\u00f3n escolar con beca de permanencia escolar - Volcanes","robots":{"index":"index","follow":"follow","max-snippet":"max-snippet:-1","max-image-preview":"max-image-preview:large","max-video-preview":"max-video-preview:-1"},"canonical":"https:\/\/volcanes.net\/?p=296","og_locale":"es_MX","og_type":"article","og_title":"Evita GEM deserci\u00f3n escolar con beca de permanencia escolar - Volcanes","og_description":"Con el objetivo de disminuir el abandono escolar entre los estudiantes mexiquenses en desventaja econ\u00f3mica,","og_url":"https:\/\/volcanes.net\/?p=296","og_site_name":"Volcanes","article_publisher":"https:\/\/www.facebook.com\/volcanes.net\/","article_published_time":"2018-01-09T16:33:10+00:00","og_image":[{"width":400,"height":200,"url":"https:\/\/volcanes.net\/wp-content\/uploads\/2018\/01\/dara-28.jpg","type":"image\/jpeg"}],"author":"admin","twitter_card":"summary_large_image","twitter_misc":{"Escrito por":"admin","Tiempo de lectura":"2 minutos"},"schema":{"@context":"https:\/\/schema.org","@graph":[{"@type":"Article","@id":"https:\/\/volcanes.net\/?p=296#article","isPartOf":{"@id":"https:\/\/volcanes.net\/?p=296"},"author":{"name":"admin","@id":"https:\/\/volcanes.net\/#\/schema\/person\/4bf0f383940966a4abd53f5048c0e6b9"},"headline":"Evita GEM deserci\u00f3n escolar con beca de permanencia escolar","datePublished":"2018-01-09T16:33:10+00:00","mainEntityOfPage":{"@id":"https:\/\/volcanes.net\/?p=296"},"wordCount":473,"commentCount":0,"publisher":{"@id":"https:\/\/volcanes.net\/#organization"},"image":{"@id":"https:\/\/volcanes.net\/?p=296#primaryimage"},"thumbnailUrl":"https:\/\/volcanes.net\/wp-content\/uploads\/2018\/01\/dara-28.jpg","keywords":["Gobierno del Estado de M\u00e9xico"],"articleSection":["Estatales"],"inLanguage":"es","potentialAction":[{"@type":"CommentAction","name":"Comment","target":["https:\/\/volcanes.net\/?p=296#respond"]}]},{"@type":"WebPage","@id":"https:\/\/volcanes.net\/?p=296","url":"https:\/\/volcanes.net\/?p=296","name":"Evita GEM deserci\u00f3n escolar con beca de permanencia escolar - Volcanes","isPartOf":{"@id":"https:\/\/volcanes.net\/#website"},"primaryImageOfPage":{"@id":"https:\/\/volcanes.net\/?p=296#primaryimage"},"image":{"@id":"https:\/\/volcanes.net\/?p=296#primaryimage"},"thumbnailUrl":"https:\/\/volcanes.net\/wp-content\/uploads\/2018\/01\/dara-28.jpg","datePublished":"2018-01-09T16:33:10+00:00","breadcrumb":{"@id":"https:\/\/volcanes.net\/?p=296#breadcrumb"},"inLanguage":"es","potentialAction":[{"@type":"ReadAction","target":["https:\/\/volcanes.net\/?p=296"]}]},{"@type":"ImageObject","inLanguage":"es","@id":"https:\/\/volcanes.net\/?p=296#primaryimage","url":"https:\/\/volcanes.net\/wp-content\/uploads\/2018\/01\/dara-28.jpg","contentUrl":"https:\/\/volcanes.net\/wp-content\/uploads\/2018\/01\/dara-28.jpg","width":400,"height":200},{"@type":"BreadcrumbList","@id":"https:\/\/volcanes.net\/?p=296#breadcrumb","itemListElement":[{"@type":"ListItem","position":1,"name":"Portada","item":"https:\/\/volcanes.net\/"},{"@type":"ListItem","position":2,"name":"Evita GEM deserci\u00f3n escolar con beca de permanencia escolar"}]},{"@type":"WebSite","@id":"https:\/\/volcanes.net\/#website","url":"https:\/\/volcanes.net\/","name":"Volcanes.Net","description":"Periodismo Profesional","publisher":{"@id":"https:\/\/volcanes.net\/#organization"},"potentialAction":[{"@type":"SearchAction","target":{"@type":"EntryPoint","urlTemplate":"https:\/\/volcanes.net\/?s={search_term_string}"},"query-input":{"@type":"PropertyValueSpecification","valueRequired":true,"valueName":"search_term_string"}}],"inLanguage":"es"},{"@type":"Organization","@id":"https:\/\/volcanes.net\/#organization","name":"Grupo Volcanes","url":"https:\/\/volcanes.net\/","logo":{"@type":"ImageObject","inLanguage":"es","@id":"https:\/\/volcanes.net\/#\/schema\/logo\/image\/","url":"http:\/\/volcanes.net\/wp-content\/uploads\/2017\/12\/Avatar2.jpg","contentUrl":"http:\/\/volcanes.net\/wp-content\/uploads\/2017\/12\/Avatar2.jpg","width":378,"height":378,"caption":"Grupo Volcanes"},"image":{"@id":"https:\/\/volcanes.net\/#\/schema\/logo\/image\/"},"sameAs":["https:\/\/www.facebook.com\/volcanes.net\/"]},{"@type":"Person","@id":"https:\/\/volcanes.net\/#\/schema\/person\/4bf0f383940966a4abd53f5048c0e6b9","name":"admin","image":{"@type":"ImageObject","inLanguage":"es","@id":"https:\/\/volcanes.net\/#\/schema\/person\/image\/","url":"https:\/\/secure.gravatar.com\/avatar\/ca004e6cba8462b8cb7abc86e382930c?s=96&d=mm&r=g","contentUrl":"https:\/\/secure.gravatar.com\/avatar\/ca004e6cba8462b8cb7abc86e382930c?s=96&d=mm&r=g","caption":"admin"}}]}},"_links":{"self":[{"href":"https:\/\/volcanes.net\/index.php?rest_route=\/wp\/v2\/posts\/296"}],"collection":[{"href":"https:\/\/volcanes.net\/index.php?rest_route=\/wp\/v2\/posts"}],"about":[{"href":"https:\/\/volcanes.net\/index.php?rest_route=\/wp\/v2\/types\/post"}],"author":[{"embeddable":true,"href":"https:\/\/volcanes.net\/index.php?rest_route=\/wp\/v2\/users\/1"}],"replies":[{"embeddable":true,"href":"https:\/\/volcanes.net\/index.php?rest_route=%2Fwp%2Fv2%2Fcomments&post=296"}],"version-history":[{"count":1,"href":"https:\/\/volcanes.net\/index.php?rest_route=\/wp\/v2\/posts\/296\/revisions"}],"predecessor-version":[{"id":297,"href":"https:\/\/volcanes.net\/index.php?rest_route=\/wp\/v2\/posts\/296\/revisions\/297"}],"wp:featuredmedia":[{"embeddable":true,"href":"https:\/\/volcanes.net\/index.php?rest_route=\/wp\/v2\/media\/289"}],"wp:attachment":[{"href":"https:\/\/volcanes.net\/index.php?rest_route=%2Fwp%2Fv2%2Fmedia&parent=296"}],"wp:term":[{"taxonomy":"category","embeddable":true,"href":"https:\/\/volcanes.net\/index.php?rest_route=%2Fwp%2Fv2%2Fcategories&post=296"},{"taxonomy":"post_tag","embeddable":true,"href":"https:\/\/volcanes.net\/index.php?rest_route=%2Fwp%2Fv2%2Ftags&post=296"}],"curies":[{"name":"wp","href":"https:\/\/api.w.org\/{rel}","templated":true}]}}