{"id":2996,"date":"2018-11-27T00:21:17","date_gmt":"2018-11-27T00:21:17","guid":{"rendered":"http:\/\/volcanes.net\/?p=2996"},"modified":"2018-11-27T00:21:17","modified_gmt":"2018-11-27T00:21:17","slug":"mujeres-se-manifiestan-en-el-penal-neza-bordo-exigen-destitucion-de-la-directora","status":"publish","type":"post","link":"https:\/\/volcanes.net\/?p=2996","title":{"rendered":"Mujeres se manifiestan en el Penal Neza Bordo, exigen destituci\u00f3n de la Directora"},"content":{"rendered":"<div style=\"margin-top: 0px; margin-bottom: 0px;\" class=\"sharethis-inline-share-buttons\" ><\/div><p>Jos\u00e9 Cruz Garc\u00eda O.<\/p>\n<p>Cansadas de los abusos, golpes, extorsiones e irregularidades dentro del Centro Penitenciario y de Reinserci\u00f3n Social de Nezahualc\u00f3yotl Bordo de Xochiaca, madres de familia, esposas y familiares de los internos se manifestaron, exigiendo la destituci\u00f3n de la Directora Ver\u00f3nica Moreno y cesen los abusos en contra de los reclusos y sus familias.<\/p>\n<p>Dentro de las denuncias que los familiares expresaron es el traslado de internos a penales federales, muy lejos de la residencia de sus familias y seg\u00fan ellos, para evitar el traslado, la Directora del Centro de Reclusi\u00f3n les extorsiona pidi\u00e9ndoles grandes cantidades de dinero.<\/p>\n<p>*\u201cLlevo un mes viniendo a visitar a la Directora para que me diga porque motivo se llev\u00f3 a mi esposo a Oaxaca y ella me dice que porque no le di los $20,000 que me pidi\u00f3 la primera vez que vine, me dijo que si yo llegaba a hablar, que se iba a ir sobre de mi esposo\u201d.*<\/p>\n<p>*\u201cMi inconformidad son los traslados, no nos avis\u00f3, no nos dio informes\u2026 desde que entro es un suplicio estar en el penal, est\u00e1n pagando ellos y estamos pagando nosotros tambi\u00e9n por afuera\u201d.*<\/p>\n<p>Abogados de los internos, aseguran que la Directora Ver\u00f3nica Moreno, no se presta al dialogo y har\u00e1n las denuncias y peticiones correspondientes para solicitar su destituci\u00f3n.<\/p>\n<p>*\u201cVamos a pedir una solicitud al Gobernador del Estado para que intervenga, \u00bfPor lo pronto est\u00e1n exigiendo la destituci\u00f3n de la Directora? As\u00ed es, y que regrese a los internos que mand\u00f3 a otros estados\u201d.*<\/p>\n<p>Agregaron que la Directora les cobraba hasta $1000 por entrar a ver a sus internos.<\/p>\n<p>*\u201cNos cobraba $1000 por pasar a gente metida en un inflable, \u00bfQui\u00e9n es ella? La Directora Ver\u00f3nica Moreno\u201d.*<\/p>\n<p>Pero no solo la Directora es se\u00f1alada, tambi\u00e9n gente que atiende el \u00e1rea de alimentos y Trabajo Social.<\/p>\n<p>*\u201cS\u00ed nos cobran por el dormitorio, Adrian es el que les cobra, y luego nos habla tambi\u00e9n para extorci\u00f3n, Adrian, \u00bfQui\u00e9n es \u00e9l? El est\u00e1 en la cocina es un gordo, el tiene toda el \u00e1rea de la cocina, el trabaja con la Directora\u201d.*<\/p>\n<p>*\u201cEl Licenciado Carlos Fajardo pide dinero para que agilice los tr\u00e1mites para las visitas, \u00bfEl quien es, que cargo tiene? Es coordinador de Trabajo Social\u201d.*<\/p>\n<p>Otra de las inconformidades es el cobro por los brazaletes, los cuales, seg\u00fan los familiares de los internos, no est\u00e1n de momento disponibles, lo que les impide salir a quienes son beneficiados con este programa.<\/p>\n<p>*\u201cLos jueces les notifican que no pueden salir, porque no hay brazaletes, entonces yo digo que no se vale porque hay mucha gente que est\u00e1 esperando sus salidas y se los niegan, y ya tiene tiempo esperando sus brazaletes\u2026 si el brazalete se descompon\u00eda o que si no hab\u00eda dinero, el Brazalete sal\u00eda en $100,000\u201d.*<\/p>\n<p>Al momento son m\u00e1s de 500 internos los que est\u00e1n en espera de este beneficio, los reos que pueden acceder a este beneficio deben cumplir con varios requisitos, entre ellos, ser primodelincuentes, que tengan una sentencia de entre 3 y 15 a\u00f1os, que el delito que hayan cometido no sea grave y tengan un buen comportamiento.<\/p>\n<p>Durante la manifestaci\u00f3n ninguna autoridad sali\u00f3 a atender las demandas de los familiares de los internos, mientras tanto anuncian mantendr\u00e1n sus exigencias y movilizaciones para que se detengan los traslados injustificados, las extorsiones, los abusos y se entreguen los brazaletes prometidos.<\/p>\n","protected":false},"excerpt":{"rendered":"<p>Jos\u00e9 Cruz Garc\u00eda O. Cansadas de los abusos, golpes, extorsiones e irregularidades dentro del Centro<\/p>\n","protected":false},"author":1,"featured_media":2995,"comment_status":"open","ping_status":"open","sticky":false,"template":"","format":"standard","meta":{"footnotes":""},"categories":[1],"tags":[21],"class_list":["post-2996","post","type-post","status-publish","format-standard","has-post-thumbnail","hentry","category-municipales","tag-nezahualcoyotl"],"yoast_head":"<!-- This site is optimized with the Yoast SEO plugin v25.3 - https:\/\/yoast.com\/wordpress\/plugins\/seo\/ -->\n<title>Mujeres se manifiestan en el Penal Neza Bordo, exigen destituci\u00f3n de la Directora - Volcanes<\/title>\n<meta name=\"robots\" content=\"index, follow, max-snippet:-1, max-image-preview:large, max-video-preview:-1\" \/>\n<link rel=\"canonical\" href=\"https:\/\/volcanes.net\/?p=2996\" \/>\n<meta property=\"og:locale\" content=\"es_MX\" \/>\n<meta property=\"og:type\" content=\"article\" \/>\n<meta property=\"og:title\" content=\"Mujeres se manifiestan en el Penal Neza Bordo, exigen destituci\u00f3n de la Directora - Volcanes\" \/>\n<meta property=\"og:description\" content=\"Jos\u00e9 Cruz Garc\u00eda O. Cansadas de los abusos, golpes, extorsiones e irregularidades dentro del Centro\" \/>\n<meta property=\"og:url\" content=\"https:\/\/volcanes.net\/?p=2996\" \/>\n<meta property=\"og:site_name\" content=\"Volcanes\" \/>\n<meta property=\"article:publisher\" content=\"https:\/\/www.facebook.com\/volcanes.net\/\" \/>\n<meta property=\"article:published_time\" content=\"2018-11-27T00:21:17+00:00\" \/>\n<meta property=\"og:image\" content=\"https:\/\/volcanes.net\/wp-content\/uploads\/2018\/11\/IMG-20181126-WA0012.jpg\" \/>\n\t<meta property=\"og:image:width\" content=\"1040\" \/>\n\t<meta property=\"og:image:height\" content=\"584\" \/>\n\t<meta property=\"og:image:type\" content=\"image\/jpeg\" \/>\n<meta name=\"author\" content=\"admin\" \/>\n<meta name=\"twitter:card\" content=\"summary_large_image\" \/>\n<meta name=\"twitter:label1\" content=\"Escrito por\" \/>\n\t<meta name=\"twitter:data1\" content=\"admin\" \/>\n\t<meta name=\"twitter:label2\" content=\"Tiempo de lectura\" \/>\n\t<meta name=\"twitter:data2\" content=\"3 minutos\" \/>\n<script type=\"application\/ld+json\" class=\"yoast-schema-graph\">{\"@context\":\"https:\/\/schema.org\",\"@graph\":[{\"@type\":\"Article\",\"@id\":\"https:\/\/volcanes.net\/?p=2996#article\",\"isPartOf\":{\"@id\":\"https:\/\/volcanes.net\/?p=2996\"},\"author\":{\"name\":\"admin\",\"@id\":\"https:\/\/volcanes.net\/#\/schema\/person\/4bf0f383940966a4abd53f5048c0e6b9\"},\"headline\":\"Mujeres se manifiestan en el Penal Neza Bordo, exigen destituci\u00f3n de la Directora\",\"datePublished\":\"2018-11-27T00:21:17+00:00\",\"mainEntityOfPage\":{\"@id\":\"https:\/\/volcanes.net\/?p=2996\"},\"wordCount\":598,\"commentCount\":0,\"publisher\":{\"@id\":\"https:\/\/volcanes.net\/#organization\"},\"image\":{\"@id\":\"https:\/\/volcanes.net\/?p=2996#primaryimage\"},\"thumbnailUrl\":\"https:\/\/volcanes.net\/wp-content\/uploads\/2018\/11\/IMG-20181126-WA0012.jpg\",\"keywords\":[\"Nezahualc\u00f3yotl\"],\"articleSection\":[\"Municipales\"],\"inLanguage\":\"es\",\"potentialAction\":[{\"@type\":\"CommentAction\",\"name\":\"Comment\",\"target\":[\"https:\/\/volcanes.net\/?p=2996#respond\"]}]},{\"@type\":\"WebPage\",\"@id\":\"https:\/\/volcanes.net\/?p=2996\",\"url\":\"https:\/\/volcanes.net\/?p=2996\",\"name\":\"Mujeres se manifiestan en el Penal Neza Bordo, exigen destituci\u00f3n de la Directora - Volcanes\",\"isPartOf\":{\"@id\":\"https:\/\/volcanes.net\/#website\"},\"primaryImageOfPage\":{\"@id\":\"https:\/\/volcanes.net\/?p=2996#primaryimage\"},\"image\":{\"@id\":\"https:\/\/volcanes.net\/?p=2996#primaryimage\"},\"thumbnailUrl\":\"https:\/\/volcanes.net\/wp-content\/uploads\/2018\/11\/IMG-20181126-WA0012.jpg\",\"datePublished\":\"2018-11-27T00:21:17+00:00\",\"breadcrumb\":{\"@id\":\"https:\/\/volcanes.net\/?p=2996#breadcrumb\"},\"inLanguage\":\"es\",\"potentialAction\":[{\"@type\":\"ReadAction\",\"target\":[\"https:\/\/volcanes.net\/?p=2996\"]}]},{\"@type\":\"ImageObject\",\"inLanguage\":\"es\",\"@id\":\"https:\/\/volcanes.net\/?p=2996#primaryimage\",\"url\":\"https:\/\/volcanes.net\/wp-content\/uploads\/2018\/11\/IMG-20181126-WA0012.jpg\",\"contentUrl\":\"https:\/\/volcanes.net\/wp-content\/uploads\/2018\/11\/IMG-20181126-WA0012.jpg\",\"width\":1040,\"height\":584},{\"@type\":\"BreadcrumbList\",\"@id\":\"https:\/\/volcanes.net\/?p=2996#breadcrumb\",\"itemListElement\":[{\"@type\":\"ListItem\",\"position\":1,\"name\":\"Portada\",\"item\":\"https:\/\/volcanes.net\/\"},{\"@type\":\"ListItem\",\"position\":2,\"name\":\"Mujeres se manifiestan en el Penal Neza Bordo, exigen destituci\u00f3n de la Directora\"}]},{\"@type\":\"WebSite\",\"@id\":\"https:\/\/volcanes.net\/#website\",\"url\":\"https:\/\/volcanes.net\/\",\"name\":\"Volcanes.Net\",\"description\":\"Periodismo Profesional\",\"publisher\":{\"@id\":\"https:\/\/volcanes.net\/#organization\"},\"potentialAction\":[{\"@type\":\"SearchAction\",\"target\":{\"@type\":\"EntryPoint\",\"urlTemplate\":\"https:\/\/volcanes.net\/?s={search_term_string}\"},\"query-input\":{\"@type\":\"PropertyValueSpecification\",\"valueRequired\":true,\"valueName\":\"search_term_string\"}}],\"inLanguage\":\"es\"},{\"@type\":\"Organization\",\"@id\":\"https:\/\/volcanes.net\/#organization\",\"name\":\"Grupo Volcanes\",\"url\":\"https:\/\/volcanes.net\/\",\"logo\":{\"@type\":\"ImageObject\",\"inLanguage\":\"es\",\"@id\":\"https:\/\/volcanes.net\/#\/schema\/logo\/image\/\",\"url\":\"http:\/\/volcanes.net\/wp-content\/uploads\/2017\/12\/Avatar2.jpg\",\"contentUrl\":\"http:\/\/volcanes.net\/wp-content\/uploads\/2017\/12\/Avatar2.jpg\",\"width\":378,\"height\":378,\"caption\":\"Grupo Volcanes\"},\"image\":{\"@id\":\"https:\/\/volcanes.net\/#\/schema\/logo\/image\/\"},\"sameAs\":[\"https:\/\/www.facebook.com\/volcanes.net\/\"]},{\"@type\":\"Person\",\"@id\":\"https:\/\/volcanes.net\/#\/schema\/person\/4bf0f383940966a4abd53f5048c0e6b9\",\"name\":\"admin\",\"image\":{\"@type\":\"ImageObject\",\"inLanguage\":\"es\",\"@id\":\"https:\/\/volcanes.net\/#\/schema\/person\/image\/\",\"url\":\"https:\/\/secure.gravatar.com\/avatar\/ca004e6cba8462b8cb7abc86e382930c?s=96&d=mm&r=g\",\"contentUrl\":\"https:\/\/secure.gravatar.com\/avatar\/ca004e6cba8462b8cb7abc86e382930c?s=96&d=mm&r=g\",\"caption\":\"admin\"}}]}<\/script>\n<!-- \/ Yoast SEO plugin. -->","yoast_head_json":{"title":"Mujeres se manifiestan en el Penal Neza Bordo, exigen destituci\u00f3n de la Directora - Volcanes","robots":{"index":"index","follow":"follow","max-snippet":"max-snippet:-1","max-image-preview":"max-image-preview:large","max-video-preview":"max-video-preview:-1"},"canonical":"https:\/\/volcanes.net\/?p=2996","og_locale":"es_MX","og_type":"article","og_title":"Mujeres se manifiestan en el Penal Neza Bordo, exigen destituci\u00f3n de la Directora - Volcanes","og_description":"Jos\u00e9 Cruz Garc\u00eda O. Cansadas de los abusos, golpes, extorsiones e irregularidades dentro del Centro","og_url":"https:\/\/volcanes.net\/?p=2996","og_site_name":"Volcanes","article_publisher":"https:\/\/www.facebook.com\/volcanes.net\/","article_published_time":"2018-11-27T00:21:17+00:00","og_image":[{"width":1040,"height":584,"url":"https:\/\/volcanes.net\/wp-content\/uploads\/2018\/11\/IMG-20181126-WA0012.jpg","type":"image\/jpeg"}],"author":"admin","twitter_card":"summary_large_image","twitter_misc":{"Escrito por":"admin","Tiempo de lectura":"3 minutos"},"schema":{"@context":"https:\/\/schema.org","@graph":[{"@type":"Article","@id":"https:\/\/volcanes.net\/?p=2996#article","isPartOf":{"@id":"https:\/\/volcanes.net\/?p=2996"},"author":{"name":"admin","@id":"https:\/\/volcanes.net\/#\/schema\/person\/4bf0f383940966a4abd53f5048c0e6b9"},"headline":"Mujeres se manifiestan en el Penal Neza Bordo, exigen destituci\u00f3n de la Directora","datePublished":"2018-11-27T00:21:17+00:00","mainEntityOfPage":{"@id":"https:\/\/volcanes.net\/?p=2996"},"wordCount":598,"commentCount":0,"publisher":{"@id":"https:\/\/volcanes.net\/#organization"},"image":{"@id":"https:\/\/volcanes.net\/?p=2996#primaryimage"},"thumbnailUrl":"https:\/\/volcanes.net\/wp-content\/uploads\/2018\/11\/IMG-20181126-WA0012.jpg","keywords":["Nezahualc\u00f3yotl"],"articleSection":["Municipales"],"inLanguage":"es","potentialAction":[{"@type":"CommentAction","name":"Comment","target":["https:\/\/volcanes.net\/?p=2996#respond"]}]},{"@type":"WebPage","@id":"https:\/\/volcanes.net\/?p=2996","url":"https:\/\/volcanes.net\/?p=2996","name":"Mujeres se manifiestan en el Penal Neza Bordo, exigen destituci\u00f3n de la Directora - Volcanes","isPartOf":{"@id":"https:\/\/volcanes.net\/#website"},"primaryImageOfPage":{"@id":"https:\/\/volcanes.net\/?p=2996#primaryimage"},"image":{"@id":"https:\/\/volcanes.net\/?p=2996#primaryimage"},"thumbnailUrl":"https:\/\/volcanes.net\/wp-content\/uploads\/2018\/11\/IMG-20181126-WA0012.jpg","datePublished":"2018-11-27T00:21:17+00:00","breadcrumb":{"@id":"https:\/\/volcanes.net\/?p=2996#breadcrumb"},"inLanguage":"es","potentialAction":[{"@type":"ReadAction","target":["https:\/\/volcanes.net\/?p=2996"]}]},{"@type":"ImageObject","inLanguage":"es","@id":"https:\/\/volcanes.net\/?p=2996#primaryimage","url":"https:\/\/volcanes.net\/wp-content\/uploads\/2018\/11\/IMG-20181126-WA0012.jpg","contentUrl":"https:\/\/volcanes.net\/wp-content\/uploads\/2018\/11\/IMG-20181126-WA0012.jpg","width":1040,"height":584},{"@type":"BreadcrumbList","@id":"https:\/\/volcanes.net\/?p=2996#breadcrumb","itemListElement":[{"@type":"ListItem","position":1,"name":"Portada","item":"https:\/\/volcanes.net\/"},{"@type":"ListItem","position":2,"name":"Mujeres se manifiestan en el Penal Neza Bordo, exigen destituci\u00f3n de la Directora"}]},{"@type":"WebSite","@id":"https:\/\/volcanes.net\/#website","url":"https:\/\/volcanes.net\/","name":"Volcanes.Net","description":"Periodismo Profesional","publisher":{"@id":"https:\/\/volcanes.net\/#organization"},"potentialAction":[{"@type":"SearchAction","target":{"@type":"EntryPoint","urlTemplate":"https:\/\/volcanes.net\/?s={search_term_string}"},"query-input":{"@type":"PropertyValueSpecification","valueRequired":true,"valueName":"search_term_string"}}],"inLanguage":"es"},{"@type":"Organization","@id":"https:\/\/volcanes.net\/#organization","name":"Grupo Volcanes","url":"https:\/\/volcanes.net\/","logo":{"@type":"ImageObject","inLanguage":"es","@id":"https:\/\/volcanes.net\/#\/schema\/logo\/image\/","url":"http:\/\/volcanes.net\/wp-content\/uploads\/2017\/12\/Avatar2.jpg","contentUrl":"http:\/\/volcanes.net\/wp-content\/uploads\/2017\/12\/Avatar2.jpg","width":378,"height":378,"caption":"Grupo Volcanes"},"image":{"@id":"https:\/\/volcanes.net\/#\/schema\/logo\/image\/"},"sameAs":["https:\/\/www.facebook.com\/volcanes.net\/"]},{"@type":"Person","@id":"https:\/\/volcanes.net\/#\/schema\/person\/4bf0f383940966a4abd53f5048c0e6b9","name":"admin","image":{"@type":"ImageObject","inLanguage":"es","@id":"https:\/\/volcanes.net\/#\/schema\/person\/image\/","url":"https:\/\/secure.gravatar.com\/avatar\/ca004e6cba8462b8cb7abc86e382930c?s=96&d=mm&r=g","contentUrl":"https:\/\/secure.gravatar.com\/avatar\/ca004e6cba8462b8cb7abc86e382930c?s=96&d=mm&r=g","caption":"admin"}}]}},"_links":{"self":[{"href":"https:\/\/volcanes.net\/index.php?rest_route=\/wp\/v2\/posts\/2996"}],"collection":[{"href":"https:\/\/volcanes.net\/index.php?rest_route=\/wp\/v2\/posts"}],"about":[{"href":"https:\/\/volcanes.net\/index.php?rest_route=\/wp\/v2\/types\/post"}],"author":[{"embeddable":true,"href":"https:\/\/volcanes.net\/index.php?rest_route=\/wp\/v2\/users\/1"}],"replies":[{"embeddable":true,"href":"https:\/\/volcanes.net\/index.php?rest_route=%2Fwp%2Fv2%2Fcomments&post=2996"}],"version-history":[{"count":1,"href":"https:\/\/volcanes.net\/index.php?rest_route=\/wp\/v2\/posts\/2996\/revisions"}],"predecessor-version":[{"id":2997,"href":"https:\/\/volcanes.net\/index.php?rest_route=\/wp\/v2\/posts\/2996\/revisions\/2997"}],"wp:featuredmedia":[{"embeddable":true,"href":"https:\/\/volcanes.net\/index.php?rest_route=\/wp\/v2\/media\/2995"}],"wp:attachment":[{"href":"https:\/\/volcanes.net\/index.php?rest_route=%2Fwp%2Fv2%2Fmedia&parent=2996"}],"wp:term":[{"taxonomy":"category","embeddable":true,"href":"https:\/\/volcanes.net\/index.php?rest_route=%2Fwp%2Fv2%2Fcategories&post=2996"},{"taxonomy":"post_tag","embeddable":true,"href":"https:\/\/volcanes.net\/index.php?rest_route=%2Fwp%2Fv2%2Ftags&post=2996"}],"curies":[{"name":"wp","href":"https:\/\/api.w.org\/{rel}","templated":true}]}}