{"id":301,"date":"2018-01-09T16:46:04","date_gmt":"2018-01-09T16:46:04","guid":{"rendered":"http:\/\/volcanes.net\/?p=301"},"modified":"2018-01-09T16:46:04","modified_gmt":"2018-01-09T16:46:04","slug":"denuncia-alcalde-de-valle-de-chalco-irregularidades-de-la-pgjdf","status":"publish","type":"post","link":"https:\/\/volcanes.net\/?p=301","title":{"rendered":"Denuncia alcalde de Valle de Chalco irregularidades de la PGJDF"},"content":{"rendered":"<div style=\"margin-top: 0px; margin-bottom: 0px;\" class=\"sharethis-inline-share-buttons\" ><\/div><p>Luego de que autoridades de la Procuradur\u00eda de Justicia de la Ciudad de M\u00e9xico, dieran a conocer los supuestos actos de abuso de poder del alcalde de Valle de Chalco, Ram\u00f3n Montalvo Hern\u00e1ndez, a ra\u00edz de la detenci\u00f3n de su hijo, Ram\u00f3n Montalvo Ju\u00e1rez, vinculado a proceso por el delito de homicidio, este sali\u00f3 a desmentir los hechos que se le imputaban y s<span class=\"text_exposed_show\">olicit\u00f3 se investigue y castigue a los polic\u00edas que lo presentaron al Ministerio P\u00fablico a quienes acus\u00f3 de haberlo golpeado a \u00e9l y 7 acompa\u00f1antes.<\/span><\/p>\n<div class=\"text_exposed_show\">\n<p>Se\u00f1al\u00f3 que hay un video que ya solicito a la propia Procuradur\u00eda capitalina, d\u00f3nde se aprecia quienes actuaron con prepotencia y abuso de poder.<\/p>\n<p>Mencion\u00f3 que hubo una serie de irregularidades en el caso donde los presentan y presume es una campa\u00f1a orquestada en su contra.<\/p>\n<p>Sobre las declaraciones del Procurador de Justicia de la CDMX, Edmundo Garrido, lament\u00f3 lo que este inform\u00f3 y exigi\u00f3 se retracte.<\/p>\n<p>Asegur\u00f3 que nunca cometi\u00f3 un delito, ni \u00e9l, ni sus acompa\u00f1antes, ni los polic\u00edas que en un principio hab\u00edan sido detenidos y hoy est\u00e1n libres trabajando con normalidad.<\/p>\n<p>En relaci\u00f3n a la situaci\u00f3n de su hijo, reiter\u00f3 que \u00e9l se encuentra bien, seguro de su inocencia y dijo confiar plenamente en los jueces que llevan el caso.<\/p>\n<p>Puntualiz\u00f3 que nunca se dio alguna instrucci\u00f3n de detener polic\u00edas o patrullas de la CDMX y que lo que se dijo sobre un video donde patrullas de Valle de Chalco detienen a una patrulla de la SSP es totalmente falso.<\/p>\n<p>Para sustentar su dicho, presento un video d\u00f3nde se observa que los patrulleros capitalinos, manejaban a exceso de velocidad, por lo que se les detuvo para conocer el motivo de su proceder, pero extra\u00f1amente estos pretend\u00edan darse a la fuga.<\/p>\n<p>Por \u00faltimo, solicit\u00f3 a los medios el otorgarle el derecho de r\u00e9plica y conducirse con verdad, escuchando la versi\u00f3n de ambas partes antes de publicar.<\/p>\n<\/div>\n","protected":false},"excerpt":{"rendered":"<p>Luego de que autoridades de la Procuradur\u00eda de Justicia de la Ciudad de M\u00e9xico, dieran<\/p>\n","protected":false},"author":1,"featured_media":302,"comment_status":"open","ping_status":"open","sticky":false,"template":"","format":"standard","meta":{"footnotes":""},"categories":[1],"tags":[5,46],"class_list":["post-301","post","type-post","status-publish","format-standard","has-post-thumbnail","hentry","category-municipales","tag-valle-de-chalco","tag-volcanes"],"yoast_head":"<!-- This site is optimized with the Yoast SEO plugin v25.3 - https:\/\/yoast.com\/wordpress\/plugins\/seo\/ -->\n<title>Denuncia alcalde de Valle de Chalco irregularidades de la PGJDF - Volcanes<\/title>\n<meta name=\"robots\" content=\"index, follow, max-snippet:-1, max-image-preview:large, max-video-preview:-1\" \/>\n<link rel=\"canonical\" href=\"https:\/\/volcanes.net\/?p=301\" \/>\n<meta property=\"og:locale\" content=\"es_MX\" \/>\n<meta property=\"og:type\" content=\"article\" \/>\n<meta property=\"og:title\" content=\"Denuncia alcalde de Valle de Chalco irregularidades de la PGJDF - Volcanes\" \/>\n<meta property=\"og:description\" content=\"Luego de que autoridades de la Procuradur\u00eda de Justicia de la Ciudad de M\u00e9xico, dieran\" \/>\n<meta property=\"og:url\" content=\"https:\/\/volcanes.net\/?p=301\" \/>\n<meta property=\"og:site_name\" content=\"Volcanes\" \/>\n<meta property=\"article:publisher\" content=\"https:\/\/www.facebook.com\/volcanes.net\/\" \/>\n<meta property=\"article:published_time\" content=\"2018-01-09T16:46:04+00:00\" \/>\n<meta property=\"og:image\" content=\"https:\/\/volcanes.net\/wp-content\/uploads\/2018\/01\/montalvo.jpg\" \/>\n\t<meta property=\"og:image:width\" content=\"448\" \/>\n\t<meta property=\"og:image:height\" content=\"252\" \/>\n\t<meta property=\"og:image:type\" content=\"image\/jpeg\" \/>\n<meta name=\"author\" content=\"admin\" \/>\n<meta name=\"twitter:card\" content=\"summary_large_image\" \/>\n<meta name=\"twitter:label1\" content=\"Escrito por\" \/>\n\t<meta name=\"twitter:data1\" content=\"admin\" \/>\n\t<meta name=\"twitter:label2\" content=\"Tiempo de lectura\" \/>\n\t<meta name=\"twitter:data2\" content=\"2 minutos\" \/>\n<script type=\"application\/ld+json\" class=\"yoast-schema-graph\">{\"@context\":\"https:\/\/schema.org\",\"@graph\":[{\"@type\":\"Article\",\"@id\":\"https:\/\/volcanes.net\/?p=301#article\",\"isPartOf\":{\"@id\":\"https:\/\/volcanes.net\/?p=301\"},\"author\":{\"name\":\"admin\",\"@id\":\"https:\/\/volcanes.net\/#\/schema\/person\/4bf0f383940966a4abd53f5048c0e6b9\"},\"headline\":\"Denuncia alcalde de Valle de Chalco irregularidades de la PGJDF\",\"datePublished\":\"2018-01-09T16:46:04+00:00\",\"mainEntityOfPage\":{\"@id\":\"https:\/\/volcanes.net\/?p=301\"},\"wordCount\":354,\"commentCount\":0,\"publisher\":{\"@id\":\"https:\/\/volcanes.net\/#organization\"},\"image\":{\"@id\":\"https:\/\/volcanes.net\/?p=301#primaryimage\"},\"thumbnailUrl\":\"https:\/\/volcanes.net\/wp-content\/uploads\/2018\/01\/montalvo.jpg\",\"keywords\":[\"Valle de Chalco\",\"Volcanes\"],\"articleSection\":[\"Municipales\"],\"inLanguage\":\"es\",\"potentialAction\":[{\"@type\":\"CommentAction\",\"name\":\"Comment\",\"target\":[\"https:\/\/volcanes.net\/?p=301#respond\"]}]},{\"@type\":\"WebPage\",\"@id\":\"https:\/\/volcanes.net\/?p=301\",\"url\":\"https:\/\/volcanes.net\/?p=301\",\"name\":\"Denuncia alcalde de Valle de Chalco irregularidades de la PGJDF - Volcanes\",\"isPartOf\":{\"@id\":\"https:\/\/volcanes.net\/#website\"},\"primaryImageOfPage\":{\"@id\":\"https:\/\/volcanes.net\/?p=301#primaryimage\"},\"image\":{\"@id\":\"https:\/\/volcanes.net\/?p=301#primaryimage\"},\"thumbnailUrl\":\"https:\/\/volcanes.net\/wp-content\/uploads\/2018\/01\/montalvo.jpg\",\"datePublished\":\"2018-01-09T16:46:04+00:00\",\"breadcrumb\":{\"@id\":\"https:\/\/volcanes.net\/?p=301#breadcrumb\"},\"inLanguage\":\"es\",\"potentialAction\":[{\"@type\":\"ReadAction\",\"target\":[\"https:\/\/volcanes.net\/?p=301\"]}]},{\"@type\":\"ImageObject\",\"inLanguage\":\"es\",\"@id\":\"https:\/\/volcanes.net\/?p=301#primaryimage\",\"url\":\"https:\/\/volcanes.net\/wp-content\/uploads\/2018\/01\/montalvo.jpg\",\"contentUrl\":\"https:\/\/volcanes.net\/wp-content\/uploads\/2018\/01\/montalvo.jpg\",\"width\":448,\"height\":252},{\"@type\":\"BreadcrumbList\",\"@id\":\"https:\/\/volcanes.net\/?p=301#breadcrumb\",\"itemListElement\":[{\"@type\":\"ListItem\",\"position\":1,\"name\":\"Portada\",\"item\":\"https:\/\/volcanes.net\/\"},{\"@type\":\"ListItem\",\"position\":2,\"name\":\"Denuncia alcalde de Valle de Chalco irregularidades de la PGJDF\"}]},{\"@type\":\"WebSite\",\"@id\":\"https:\/\/volcanes.net\/#website\",\"url\":\"https:\/\/volcanes.net\/\",\"name\":\"Volcanes.Net\",\"description\":\"Periodismo Profesional\",\"publisher\":{\"@id\":\"https:\/\/volcanes.net\/#organization\"},\"potentialAction\":[{\"@type\":\"SearchAction\",\"target\":{\"@type\":\"EntryPoint\",\"urlTemplate\":\"https:\/\/volcanes.net\/?s={search_term_string}\"},\"query-input\":{\"@type\":\"PropertyValueSpecification\",\"valueRequired\":true,\"valueName\":\"search_term_string\"}}],\"inLanguage\":\"es\"},{\"@type\":\"Organization\",\"@id\":\"https:\/\/volcanes.net\/#organization\",\"name\":\"Grupo Volcanes\",\"url\":\"https:\/\/volcanes.net\/\",\"logo\":{\"@type\":\"ImageObject\",\"inLanguage\":\"es\",\"@id\":\"https:\/\/volcanes.net\/#\/schema\/logo\/image\/\",\"url\":\"http:\/\/volcanes.net\/wp-content\/uploads\/2017\/12\/Avatar2.jpg\",\"contentUrl\":\"http:\/\/volcanes.net\/wp-content\/uploads\/2017\/12\/Avatar2.jpg\",\"width\":378,\"height\":378,\"caption\":\"Grupo Volcanes\"},\"image\":{\"@id\":\"https:\/\/volcanes.net\/#\/schema\/logo\/image\/\"},\"sameAs\":[\"https:\/\/www.facebook.com\/volcanes.net\/\"]},{\"@type\":\"Person\",\"@id\":\"https:\/\/volcanes.net\/#\/schema\/person\/4bf0f383940966a4abd53f5048c0e6b9\",\"name\":\"admin\",\"image\":{\"@type\":\"ImageObject\",\"inLanguage\":\"es\",\"@id\":\"https:\/\/volcanes.net\/#\/schema\/person\/image\/\",\"url\":\"https:\/\/secure.gravatar.com\/avatar\/ca004e6cba8462b8cb7abc86e382930c?s=96&d=mm&r=g\",\"contentUrl\":\"https:\/\/secure.gravatar.com\/avatar\/ca004e6cba8462b8cb7abc86e382930c?s=96&d=mm&r=g\",\"caption\":\"admin\"}}]}<\/script>\n<!-- \/ Yoast SEO plugin. -->","yoast_head_json":{"title":"Denuncia alcalde de Valle de Chalco irregularidades de la PGJDF - Volcanes","robots":{"index":"index","follow":"follow","max-snippet":"max-snippet:-1","max-image-preview":"max-image-preview:large","max-video-preview":"max-video-preview:-1"},"canonical":"https:\/\/volcanes.net\/?p=301","og_locale":"es_MX","og_type":"article","og_title":"Denuncia alcalde de Valle de Chalco irregularidades de la PGJDF - Volcanes","og_description":"Luego de que autoridades de la Procuradur\u00eda de Justicia de la Ciudad de M\u00e9xico, dieran","og_url":"https:\/\/volcanes.net\/?p=301","og_site_name":"Volcanes","article_publisher":"https:\/\/www.facebook.com\/volcanes.net\/","article_published_time":"2018-01-09T16:46:04+00:00","og_image":[{"width":448,"height":252,"url":"https:\/\/volcanes.net\/wp-content\/uploads\/2018\/01\/montalvo.jpg","type":"image\/jpeg"}],"author":"admin","twitter_card":"summary_large_image","twitter_misc":{"Escrito por":"admin","Tiempo de lectura":"2 minutos"},"schema":{"@context":"https:\/\/schema.org","@graph":[{"@type":"Article","@id":"https:\/\/volcanes.net\/?p=301#article","isPartOf":{"@id":"https:\/\/volcanes.net\/?p=301"},"author":{"name":"admin","@id":"https:\/\/volcanes.net\/#\/schema\/person\/4bf0f383940966a4abd53f5048c0e6b9"},"headline":"Denuncia alcalde de Valle de Chalco irregularidades de la PGJDF","datePublished":"2018-01-09T16:46:04+00:00","mainEntityOfPage":{"@id":"https:\/\/volcanes.net\/?p=301"},"wordCount":354,"commentCount":0,"publisher":{"@id":"https:\/\/volcanes.net\/#organization"},"image":{"@id":"https:\/\/volcanes.net\/?p=301#primaryimage"},"thumbnailUrl":"https:\/\/volcanes.net\/wp-content\/uploads\/2018\/01\/montalvo.jpg","keywords":["Valle de Chalco","Volcanes"],"articleSection":["Municipales"],"inLanguage":"es","potentialAction":[{"@type":"CommentAction","name":"Comment","target":["https:\/\/volcanes.net\/?p=301#respond"]}]},{"@type":"WebPage","@id":"https:\/\/volcanes.net\/?p=301","url":"https:\/\/volcanes.net\/?p=301","name":"Denuncia alcalde de Valle de Chalco irregularidades de la PGJDF - Volcanes","isPartOf":{"@id":"https:\/\/volcanes.net\/#website"},"primaryImageOfPage":{"@id":"https:\/\/volcanes.net\/?p=301#primaryimage"},"image":{"@id":"https:\/\/volcanes.net\/?p=301#primaryimage"},"thumbnailUrl":"https:\/\/volcanes.net\/wp-content\/uploads\/2018\/01\/montalvo.jpg","datePublished":"2018-01-09T16:46:04+00:00","breadcrumb":{"@id":"https:\/\/volcanes.net\/?p=301#breadcrumb"},"inLanguage":"es","potentialAction":[{"@type":"ReadAction","target":["https:\/\/volcanes.net\/?p=301"]}]},{"@type":"ImageObject","inLanguage":"es","@id":"https:\/\/volcanes.net\/?p=301#primaryimage","url":"https:\/\/volcanes.net\/wp-content\/uploads\/2018\/01\/montalvo.jpg","contentUrl":"https:\/\/volcanes.net\/wp-content\/uploads\/2018\/01\/montalvo.jpg","width":448,"height":252},{"@type":"BreadcrumbList","@id":"https:\/\/volcanes.net\/?p=301#breadcrumb","itemListElement":[{"@type":"ListItem","position":1,"name":"Portada","item":"https:\/\/volcanes.net\/"},{"@type":"ListItem","position":2,"name":"Denuncia alcalde de Valle de Chalco irregularidades de la PGJDF"}]},{"@type":"WebSite","@id":"https:\/\/volcanes.net\/#website","url":"https:\/\/volcanes.net\/","name":"Volcanes.Net","description":"Periodismo Profesional","publisher":{"@id":"https:\/\/volcanes.net\/#organization"},"potentialAction":[{"@type":"SearchAction","target":{"@type":"EntryPoint","urlTemplate":"https:\/\/volcanes.net\/?s={search_term_string}"},"query-input":{"@type":"PropertyValueSpecification","valueRequired":true,"valueName":"search_term_string"}}],"inLanguage":"es"},{"@type":"Organization","@id":"https:\/\/volcanes.net\/#organization","name":"Grupo Volcanes","url":"https:\/\/volcanes.net\/","logo":{"@type":"ImageObject","inLanguage":"es","@id":"https:\/\/volcanes.net\/#\/schema\/logo\/image\/","url":"http:\/\/volcanes.net\/wp-content\/uploads\/2017\/12\/Avatar2.jpg","contentUrl":"http:\/\/volcanes.net\/wp-content\/uploads\/2017\/12\/Avatar2.jpg","width":378,"height":378,"caption":"Grupo Volcanes"},"image":{"@id":"https:\/\/volcanes.net\/#\/schema\/logo\/image\/"},"sameAs":["https:\/\/www.facebook.com\/volcanes.net\/"]},{"@type":"Person","@id":"https:\/\/volcanes.net\/#\/schema\/person\/4bf0f383940966a4abd53f5048c0e6b9","name":"admin","image":{"@type":"ImageObject","inLanguage":"es","@id":"https:\/\/volcanes.net\/#\/schema\/person\/image\/","url":"https:\/\/secure.gravatar.com\/avatar\/ca004e6cba8462b8cb7abc86e382930c?s=96&d=mm&r=g","contentUrl":"https:\/\/secure.gravatar.com\/avatar\/ca004e6cba8462b8cb7abc86e382930c?s=96&d=mm&r=g","caption":"admin"}}]}},"_links":{"self":[{"href":"https:\/\/volcanes.net\/index.php?rest_route=\/wp\/v2\/posts\/301"}],"collection":[{"href":"https:\/\/volcanes.net\/index.php?rest_route=\/wp\/v2\/posts"}],"about":[{"href":"https:\/\/volcanes.net\/index.php?rest_route=\/wp\/v2\/types\/post"}],"author":[{"embeddable":true,"href":"https:\/\/volcanes.net\/index.php?rest_route=\/wp\/v2\/users\/1"}],"replies":[{"embeddable":true,"href":"https:\/\/volcanes.net\/index.php?rest_route=%2Fwp%2Fv2%2Fcomments&post=301"}],"version-history":[{"count":1,"href":"https:\/\/volcanes.net\/index.php?rest_route=\/wp\/v2\/posts\/301\/revisions"}],"predecessor-version":[{"id":303,"href":"https:\/\/volcanes.net\/index.php?rest_route=\/wp\/v2\/posts\/301\/revisions\/303"}],"wp:featuredmedia":[{"embeddable":true,"href":"https:\/\/volcanes.net\/index.php?rest_route=\/wp\/v2\/media\/302"}],"wp:attachment":[{"href":"https:\/\/volcanes.net\/index.php?rest_route=%2Fwp%2Fv2%2Fmedia&parent=301"}],"wp:term":[{"taxonomy":"category","embeddable":true,"href":"https:\/\/volcanes.net\/index.php?rest_route=%2Fwp%2Fv2%2Fcategories&post=301"},{"taxonomy":"post_tag","embeddable":true,"href":"https:\/\/volcanes.net\/index.php?rest_route=%2Fwp%2Fv2%2Ftags&post=301"}],"curies":[{"name":"wp","href":"https:\/\/api.w.org\/{rel}","templated":true}]}}