{"id":3022,"date":"2018-12-14T00:55:28","date_gmt":"2018-12-14T00:55:28","guid":{"rendered":"http:\/\/volcanes.net\/?p=3022"},"modified":"2018-12-14T00:55:28","modified_gmt":"2018-12-14T00:55:28","slug":"plantea-maricela-serrano-10-acciones-de-trabajo-en-su-toma-de-protesta","status":"publish","type":"post","link":"https:\/\/volcanes.net\/?p=3022","title":{"rendered":"Plantea Maricela Serrano 10 acciones de trabajo, en su toma de protesta"},"content":{"rendered":"<div style=\"margin-top: 0px; margin-bottom: 0px;\" class=\"sharethis-inline-share-buttons\" ><\/div><p>*Se compromete el gobernador mexiquense Alfredo del Mazo impulsar puerto seco, Metro a Chalco y universidad social<br \/>\n*La alcaldesa electa de Ixtapaluca pidi\u00f3 a las expresiones pol\u00edticas escuchar y trabajar para el pueblo, sin simulaciones<br \/>\nAlfredo del Mazo Maza, gobernador del Estado de M\u00e9xico, tom\u00f3 protesta a la presidenta municipal electa de Ixtapaluca, Maricela Serrano, para el periodo 2019-2021, quien a su vez present\u00f3 diez puntos de trabajo para la administraci\u00f3n que iniciar\u00e1 a partir del 1 de enero del 2019, enfocados al mejoramiento de la infraestructura, programas sociales y fomento al empleo.<br \/>\nEn sesi\u00f3n solemne de Cabildo que se llev\u00f3 a cabo en el auditorio In X\u00f3chitl In Cu\u00edcatl, en la que se reunieron l\u00edderes sociales, empresarios, deportistas, supervisores escolares y representantes de la iglesia, enfatiz\u00f3: \u201cRatifico mi compromiso de escuchar al pueblo y trabajar para \u00e9l sin simulaciones. Invito a las expresiones pol\u00edticas al di\u00e1logo respetuoso, y a continuar trabajando para seguir iluminando a Ixtapaluca para que el \u00fanico inter\u00e9s que prevalezca sea el social\u201d.<br \/>\nHizo \u00e9nfasis en que para eliminar la corrupci\u00f3n debe acabarse con la pobreza, pero yendo a las causas m\u00e1s profundas que la originan, y no intentar solucionar con parches o paliativos que manipulen al pueblo. Por ello propuso poner en pr\u00e1ctica una pol\u00edtica para el desarrollo integral con hechos y no palabras.<br \/>\nEn respuesta a la solicitud planteada por la presidenta electa de Ixtapaluca, Del Mazo Maza hizo el compromiso de impulsar el puerto seco que generar\u00eda alrededor de 30 mil empleos; dio a conocer que el tema de la ampliaci\u00f3n del Metro a Chalco tambi\u00e9n ser\u00e1 prioritario, toda vez que ya ha sido planteado al presidente de la Rep\u00fablica, Andr\u00e9s Manuel L\u00f3pez Obrador, como un proyecto necesario para la zona oriente del Estado de M\u00e9xico.<br \/>\nEn su mensaje el gobernador mexiquense destac\u00f3 el trabajo de Maricela Serrano a favor de las causas sociales, as\u00ed como del Movimiento Antorchista para lograr avances. Mencion\u00f3 que el triunfo del 1 de julio pasado en las urnas es producto del trabajo de muchos a\u00f1os y para que se d\u00e9 continuidad al proyecto social que ha tra\u00eddo desarrollo para Ixtapaluca.<br \/>\n\u201cCuenten con que juntos traeremos nuevos desarrollos y bienestar para este municipio, adem\u00e1s de que seguiremos impulsando la regularizaci\u00f3n y tenencia de la tierra, el tema de la salud y la educaci\u00f3n\u201d, agreg\u00f3.<\/p>\n","protected":false},"excerpt":{"rendered":"<p>*Se compromete el gobernador mexiquense Alfredo del Mazo impulsar puerto seco, Metro a Chalco y<\/p>\n","protected":false},"author":1,"featured_media":3021,"comment_status":"open","ping_status":"open","sticky":false,"template":"","format":"standard","meta":{"footnotes":""},"categories":[1],"tags":[6],"class_list":["post-3022","post","type-post","status-publish","format-standard","has-post-thumbnail","hentry","category-municipales","tag-ixtapaluca"],"yoast_head":"<!-- This site is optimized with the Yoast SEO plugin v25.3 - https:\/\/yoast.com\/wordpress\/plugins\/seo\/ -->\n<title>Plantea Maricela Serrano 10 acciones de trabajo, en su toma de protesta - Volcanes<\/title>\n<meta name=\"robots\" content=\"index, follow, max-snippet:-1, max-image-preview:large, max-video-preview:-1\" \/>\n<link rel=\"canonical\" href=\"https:\/\/volcanes.net\/?p=3022\" \/>\n<meta property=\"og:locale\" content=\"es_MX\" \/>\n<meta property=\"og:type\" content=\"article\" \/>\n<meta property=\"og:title\" content=\"Plantea Maricela Serrano 10 acciones de trabajo, en su toma de protesta - Volcanes\" \/>\n<meta property=\"og:description\" content=\"*Se compromete el gobernador mexiquense Alfredo del Mazo impulsar puerto seco, Metro a Chalco y\" \/>\n<meta property=\"og:url\" content=\"https:\/\/volcanes.net\/?p=3022\" \/>\n<meta property=\"og:site_name\" content=\"Volcanes\" \/>\n<meta property=\"article:publisher\" content=\"https:\/\/www.facebook.com\/volcanes.net\/\" \/>\n<meta property=\"article:published_time\" content=\"2018-12-14T00:55:28+00:00\" \/>\n<meta property=\"og:image\" content=\"https:\/\/volcanes.net\/wp-content\/uploads\/2018\/12\/FOTOS-TOMA-DE-PROTESTA-7.1.1.jpg\" \/>\n\t<meta property=\"og:image:width\" content=\"3996\" \/>\n\t<meta property=\"og:image:height\" content=\"3023\" \/>\n\t<meta property=\"og:image:type\" content=\"image\/jpeg\" \/>\n<meta name=\"author\" content=\"admin\" \/>\n<meta name=\"twitter:card\" content=\"summary_large_image\" \/>\n<meta name=\"twitter:label1\" content=\"Escrito por\" \/>\n\t<meta name=\"twitter:data1\" content=\"admin\" \/>\n\t<meta name=\"twitter:label2\" content=\"Tiempo de lectura\" \/>\n\t<meta name=\"twitter:data2\" content=\"2 minutos\" \/>\n<script type=\"application\/ld+json\" class=\"yoast-schema-graph\">{\"@context\":\"https:\/\/schema.org\",\"@graph\":[{\"@type\":\"Article\",\"@id\":\"https:\/\/volcanes.net\/?p=3022#article\",\"isPartOf\":{\"@id\":\"https:\/\/volcanes.net\/?p=3022\"},\"author\":{\"name\":\"admin\",\"@id\":\"https:\/\/volcanes.net\/#\/schema\/person\/4bf0f383940966a4abd53f5048c0e6b9\"},\"headline\":\"Plantea Maricela Serrano 10 acciones de trabajo, en su toma de protesta\",\"datePublished\":\"2018-12-14T00:55:28+00:00\",\"mainEntityOfPage\":{\"@id\":\"https:\/\/volcanes.net\/?p=3022\"},\"wordCount\":419,\"commentCount\":0,\"publisher\":{\"@id\":\"https:\/\/volcanes.net\/#organization\"},\"image\":{\"@id\":\"https:\/\/volcanes.net\/?p=3022#primaryimage\"},\"thumbnailUrl\":\"https:\/\/volcanes.net\/wp-content\/uploads\/2018\/12\/FOTOS-TOMA-DE-PROTESTA-7.1.1.jpg\",\"keywords\":[\"Ixtapaluca\"],\"articleSection\":[\"Municipales\"],\"inLanguage\":\"es\",\"potentialAction\":[{\"@type\":\"CommentAction\",\"name\":\"Comment\",\"target\":[\"https:\/\/volcanes.net\/?p=3022#respond\"]}]},{\"@type\":\"WebPage\",\"@id\":\"https:\/\/volcanes.net\/?p=3022\",\"url\":\"https:\/\/volcanes.net\/?p=3022\",\"name\":\"Plantea Maricela Serrano 10 acciones de trabajo, en su toma de protesta - Volcanes\",\"isPartOf\":{\"@id\":\"https:\/\/volcanes.net\/#website\"},\"primaryImageOfPage\":{\"@id\":\"https:\/\/volcanes.net\/?p=3022#primaryimage\"},\"image\":{\"@id\":\"https:\/\/volcanes.net\/?p=3022#primaryimage\"},\"thumbnailUrl\":\"https:\/\/volcanes.net\/wp-content\/uploads\/2018\/12\/FOTOS-TOMA-DE-PROTESTA-7.1.1.jpg\",\"datePublished\":\"2018-12-14T00:55:28+00:00\",\"breadcrumb\":{\"@id\":\"https:\/\/volcanes.net\/?p=3022#breadcrumb\"},\"inLanguage\":\"es\",\"potentialAction\":[{\"@type\":\"ReadAction\",\"target\":[\"https:\/\/volcanes.net\/?p=3022\"]}]},{\"@type\":\"ImageObject\",\"inLanguage\":\"es\",\"@id\":\"https:\/\/volcanes.net\/?p=3022#primaryimage\",\"url\":\"https:\/\/volcanes.net\/wp-content\/uploads\/2018\/12\/FOTOS-TOMA-DE-PROTESTA-7.1.1.jpg\",\"contentUrl\":\"https:\/\/volcanes.net\/wp-content\/uploads\/2018\/12\/FOTOS-TOMA-DE-PROTESTA-7.1.1.jpg\",\"width\":3996,\"height\":3023},{\"@type\":\"BreadcrumbList\",\"@id\":\"https:\/\/volcanes.net\/?p=3022#breadcrumb\",\"itemListElement\":[{\"@type\":\"ListItem\",\"position\":1,\"name\":\"Portada\",\"item\":\"https:\/\/volcanes.net\/\"},{\"@type\":\"ListItem\",\"position\":2,\"name\":\"Plantea Maricela Serrano 10 acciones de trabajo, en su toma de protesta\"}]},{\"@type\":\"WebSite\",\"@id\":\"https:\/\/volcanes.net\/#website\",\"url\":\"https:\/\/volcanes.net\/\",\"name\":\"Volcanes.Net\",\"description\":\"Periodismo Profesional\",\"publisher\":{\"@id\":\"https:\/\/volcanes.net\/#organization\"},\"potentialAction\":[{\"@type\":\"SearchAction\",\"target\":{\"@type\":\"EntryPoint\",\"urlTemplate\":\"https:\/\/volcanes.net\/?s={search_term_string}\"},\"query-input\":{\"@type\":\"PropertyValueSpecification\",\"valueRequired\":true,\"valueName\":\"search_term_string\"}}],\"inLanguage\":\"es\"},{\"@type\":\"Organization\",\"@id\":\"https:\/\/volcanes.net\/#organization\",\"name\":\"Grupo Volcanes\",\"url\":\"https:\/\/volcanes.net\/\",\"logo\":{\"@type\":\"ImageObject\",\"inLanguage\":\"es\",\"@id\":\"https:\/\/volcanes.net\/#\/schema\/logo\/image\/\",\"url\":\"http:\/\/volcanes.net\/wp-content\/uploads\/2017\/12\/Avatar2.jpg\",\"contentUrl\":\"http:\/\/volcanes.net\/wp-content\/uploads\/2017\/12\/Avatar2.jpg\",\"width\":378,\"height\":378,\"caption\":\"Grupo Volcanes\"},\"image\":{\"@id\":\"https:\/\/volcanes.net\/#\/schema\/logo\/image\/\"},\"sameAs\":[\"https:\/\/www.facebook.com\/volcanes.net\/\"]},{\"@type\":\"Person\",\"@id\":\"https:\/\/volcanes.net\/#\/schema\/person\/4bf0f383940966a4abd53f5048c0e6b9\",\"name\":\"admin\",\"image\":{\"@type\":\"ImageObject\",\"inLanguage\":\"es\",\"@id\":\"https:\/\/volcanes.net\/#\/schema\/person\/image\/\",\"url\":\"https:\/\/secure.gravatar.com\/avatar\/ca004e6cba8462b8cb7abc86e382930c?s=96&d=mm&r=g\",\"contentUrl\":\"https:\/\/secure.gravatar.com\/avatar\/ca004e6cba8462b8cb7abc86e382930c?s=96&d=mm&r=g\",\"caption\":\"admin\"}}]}<\/script>\n<!-- \/ Yoast SEO plugin. -->","yoast_head_json":{"title":"Plantea Maricela Serrano 10 acciones de trabajo, en su toma de protesta - Volcanes","robots":{"index":"index","follow":"follow","max-snippet":"max-snippet:-1","max-image-preview":"max-image-preview:large","max-video-preview":"max-video-preview:-1"},"canonical":"https:\/\/volcanes.net\/?p=3022","og_locale":"es_MX","og_type":"article","og_title":"Plantea Maricela Serrano 10 acciones de trabajo, en su toma de protesta - Volcanes","og_description":"*Se compromete el gobernador mexiquense Alfredo del Mazo impulsar puerto seco, Metro a Chalco y","og_url":"https:\/\/volcanes.net\/?p=3022","og_site_name":"Volcanes","article_publisher":"https:\/\/www.facebook.com\/volcanes.net\/","article_published_time":"2018-12-14T00:55:28+00:00","og_image":[{"width":3996,"height":3023,"url":"https:\/\/volcanes.net\/wp-content\/uploads\/2018\/12\/FOTOS-TOMA-DE-PROTESTA-7.1.1.jpg","type":"image\/jpeg"}],"author":"admin","twitter_card":"summary_large_image","twitter_misc":{"Escrito por":"admin","Tiempo de lectura":"2 minutos"},"schema":{"@context":"https:\/\/schema.org","@graph":[{"@type":"Article","@id":"https:\/\/volcanes.net\/?p=3022#article","isPartOf":{"@id":"https:\/\/volcanes.net\/?p=3022"},"author":{"name":"admin","@id":"https:\/\/volcanes.net\/#\/schema\/person\/4bf0f383940966a4abd53f5048c0e6b9"},"headline":"Plantea Maricela Serrano 10 acciones de trabajo, en su toma de protesta","datePublished":"2018-12-14T00:55:28+00:00","mainEntityOfPage":{"@id":"https:\/\/volcanes.net\/?p=3022"},"wordCount":419,"commentCount":0,"publisher":{"@id":"https:\/\/volcanes.net\/#organization"},"image":{"@id":"https:\/\/volcanes.net\/?p=3022#primaryimage"},"thumbnailUrl":"https:\/\/volcanes.net\/wp-content\/uploads\/2018\/12\/FOTOS-TOMA-DE-PROTESTA-7.1.1.jpg","keywords":["Ixtapaluca"],"articleSection":["Municipales"],"inLanguage":"es","potentialAction":[{"@type":"CommentAction","name":"Comment","target":["https:\/\/volcanes.net\/?p=3022#respond"]}]},{"@type":"WebPage","@id":"https:\/\/volcanes.net\/?p=3022","url":"https:\/\/volcanes.net\/?p=3022","name":"Plantea Maricela Serrano 10 acciones de trabajo, en su toma de protesta - Volcanes","isPartOf":{"@id":"https:\/\/volcanes.net\/#website"},"primaryImageOfPage":{"@id":"https:\/\/volcanes.net\/?p=3022#primaryimage"},"image":{"@id":"https:\/\/volcanes.net\/?p=3022#primaryimage"},"thumbnailUrl":"https:\/\/volcanes.net\/wp-content\/uploads\/2018\/12\/FOTOS-TOMA-DE-PROTESTA-7.1.1.jpg","datePublished":"2018-12-14T00:55:28+00:00","breadcrumb":{"@id":"https:\/\/volcanes.net\/?p=3022#breadcrumb"},"inLanguage":"es","potentialAction":[{"@type":"ReadAction","target":["https:\/\/volcanes.net\/?p=3022"]}]},{"@type":"ImageObject","inLanguage":"es","@id":"https:\/\/volcanes.net\/?p=3022#primaryimage","url":"https:\/\/volcanes.net\/wp-content\/uploads\/2018\/12\/FOTOS-TOMA-DE-PROTESTA-7.1.1.jpg","contentUrl":"https:\/\/volcanes.net\/wp-content\/uploads\/2018\/12\/FOTOS-TOMA-DE-PROTESTA-7.1.1.jpg","width":3996,"height":3023},{"@type":"BreadcrumbList","@id":"https:\/\/volcanes.net\/?p=3022#breadcrumb","itemListElement":[{"@type":"ListItem","position":1,"name":"Portada","item":"https:\/\/volcanes.net\/"},{"@type":"ListItem","position":2,"name":"Plantea Maricela Serrano 10 acciones de trabajo, en su toma de protesta"}]},{"@type":"WebSite","@id":"https:\/\/volcanes.net\/#website","url":"https:\/\/volcanes.net\/","name":"Volcanes.Net","description":"Periodismo Profesional","publisher":{"@id":"https:\/\/volcanes.net\/#organization"},"potentialAction":[{"@type":"SearchAction","target":{"@type":"EntryPoint","urlTemplate":"https:\/\/volcanes.net\/?s={search_term_string}"},"query-input":{"@type":"PropertyValueSpecification","valueRequired":true,"valueName":"search_term_string"}}],"inLanguage":"es"},{"@type":"Organization","@id":"https:\/\/volcanes.net\/#organization","name":"Grupo Volcanes","url":"https:\/\/volcanes.net\/","logo":{"@type":"ImageObject","inLanguage":"es","@id":"https:\/\/volcanes.net\/#\/schema\/logo\/image\/","url":"http:\/\/volcanes.net\/wp-content\/uploads\/2017\/12\/Avatar2.jpg","contentUrl":"http:\/\/volcanes.net\/wp-content\/uploads\/2017\/12\/Avatar2.jpg","width":378,"height":378,"caption":"Grupo Volcanes"},"image":{"@id":"https:\/\/volcanes.net\/#\/schema\/logo\/image\/"},"sameAs":["https:\/\/www.facebook.com\/volcanes.net\/"]},{"@type":"Person","@id":"https:\/\/volcanes.net\/#\/schema\/person\/4bf0f383940966a4abd53f5048c0e6b9","name":"admin","image":{"@type":"ImageObject","inLanguage":"es","@id":"https:\/\/volcanes.net\/#\/schema\/person\/image\/","url":"https:\/\/secure.gravatar.com\/avatar\/ca004e6cba8462b8cb7abc86e382930c?s=96&d=mm&r=g","contentUrl":"https:\/\/secure.gravatar.com\/avatar\/ca004e6cba8462b8cb7abc86e382930c?s=96&d=mm&r=g","caption":"admin"}}]}},"_links":{"self":[{"href":"https:\/\/volcanes.net\/index.php?rest_route=\/wp\/v2\/posts\/3022"}],"collection":[{"href":"https:\/\/volcanes.net\/index.php?rest_route=\/wp\/v2\/posts"}],"about":[{"href":"https:\/\/volcanes.net\/index.php?rest_route=\/wp\/v2\/types\/post"}],"author":[{"embeddable":true,"href":"https:\/\/volcanes.net\/index.php?rest_route=\/wp\/v2\/users\/1"}],"replies":[{"embeddable":true,"href":"https:\/\/volcanes.net\/index.php?rest_route=%2Fwp%2Fv2%2Fcomments&post=3022"}],"version-history":[{"count":1,"href":"https:\/\/volcanes.net\/index.php?rest_route=\/wp\/v2\/posts\/3022\/revisions"}],"predecessor-version":[{"id":3023,"href":"https:\/\/volcanes.net\/index.php?rest_route=\/wp\/v2\/posts\/3022\/revisions\/3023"}],"wp:featuredmedia":[{"embeddable":true,"href":"https:\/\/volcanes.net\/index.php?rest_route=\/wp\/v2\/media\/3021"}],"wp:attachment":[{"href":"https:\/\/volcanes.net\/index.php?rest_route=%2Fwp%2Fv2%2Fmedia&parent=3022"}],"wp:term":[{"taxonomy":"category","embeddable":true,"href":"https:\/\/volcanes.net\/index.php?rest_route=%2Fwp%2Fv2%2Fcategories&post=3022"},{"taxonomy":"post_tag","embeddable":true,"href":"https:\/\/volcanes.net\/index.php?rest_route=%2Fwp%2Fv2%2Ftags&post=3022"}],"curies":[{"name":"wp","href":"https:\/\/api.w.org\/{rel}","templated":true}]}}