{"id":3043,"date":"2018-12-16T14:57:08","date_gmt":"2018-12-16T14:57:08","guid":{"rendered":"http:\/\/volcanes.net\/?p=3043"},"modified":"2018-12-16T14:57:08","modified_gmt":"2018-12-16T14:57:08","slug":"41-detenidos-deja-operativo-en-cuautitlan-izcalli-y-tultitlan","status":"publish","type":"post","link":"https:\/\/volcanes.net\/?p=3043","title":{"rendered":"41 Detenidos deja operativo en Cuautitl\u00e0n Izcalli y Tultitl\u00e0n"},"content":{"rendered":"<div style=\"margin-top: 0px; margin-bottom: 0px;\" class=\"sharethis-inline-share-buttons\" ><\/div><ul type=\"disc\">\n<li class=\"MsoNormal\" style=\"line-height:25.68px;margin:0cm0cm0.0001pt;font-size:12pt;font-family:Cambria,serif\"><span lang=\"ES-TRAD\" style=\"font-size:11pt;line-height:23.54px;font-family:\"><i>Participaron m\u00e1s de mil elementos de la SEDENA, SSEM y FGJEM<\/i><\/span><\/li>\n<\/ul>\n<p class=\"MsoNormal\"><span lang=\"ES-TRAD\" style=\"font-size:11pt;line-height:23.54px;font-family:Arial,sans-serif\"> <\/span><\/p>\n<p class=\"MsoNormal\"><span lang=\"ES-TRAD\" style=\"font-size:11pt;line-height:23.54px;font-family:\"><b>Cuautitl\u00e1n Izcalli, M\u00e9xico, 15 de diciembre de 2018<\/b><\/span><span lang=\"ES-TRAD\" style=\"font-size:11pt;line-height:23.54px;font-family:\">.- Como resultado de acciones conjuntas, 41 personas fueron detenidas por su probable participaci\u00f3n en diversos delitos en los municipios de Cuautitl\u00e1n Izcalli y Tultitl\u00e1n.<\/span><\/p>\n<p class=\"MsoNormal\"><span lang=\"ES-TRAD\" style=\"font-size:11pt;line-height:23.54px;font-family:\"> <\/span><\/p>\n<p class=\"MsoNormal\"><span lang=\"ES-TRAD\" style=\"font-size:11pt;line-height:23.54px;font-family:\">          De los detenidos, 24 fueron en flagrancia por delitos como violaci\u00f3n a la ley federal de armas de fuego y explosivos, simulaci\u00f3n de veh\u00edculo oficial, delitos contra la salud, encubrimiento por receptaci\u00f3n, operaciones con recursos de procedencia il\u00edcita, cohecho y ataques a las v\u00edas de comunicaci\u00f3n.<\/span><\/p>\n<p class=\"MsoNormal\"><span lang=\"ES-TRAD\" style=\"font-size:11pt;line-height:23.54px;font-family:\"> <\/span><\/p>\n<p class=\"MsoNormal\"><span lang=\"ES-TRAD\" style=\"font-size:11pt;line-height:23.54px;font-family:\">          Por cumplimiento a \u00f3rdenes de aprehensi\u00f3n fueron aseguradas 17 personas que se les investiga por su probable participaci\u00f3n en il\u00edcitos como homicidio calificado, feminicidio, violaci\u00f3n, robo con violencia, lesiones agravadas, delitos contra la salud, fraude e incumplimiento de obligaciones alimentarias.<\/span><\/p>\n<p class=\"MsoNormal\"><span lang=\"ES-TRAD\" style=\"font-size:11pt;line-height:23.54px;font-family:\"> <\/span><\/p>\n<p class=\"MsoNormal\"><span lang=\"ES-TRAD\" style=\"font-size:11pt;line-height:23.54px;font-family:\">          En el Operativo Rastrillo participaron 1 mil 296 elementos de la Secretar\u00eda de la Defensa Nacional (SEDENA), Secretar\u00eda de Seguridad mexiquense (SSEM) y Fiscal\u00eda General de Justicia del Estado de M\u00e9xico (FGJEM), en el que se realizaron 123 acciones operativas en 64 colonias de ambas demarcaciones.<\/span><\/p>\n<p class=\"MsoNormal\"><span lang=\"ES-TRAD\" style=\"font-size:11pt;line-height:23.54px;font-family:\"> <\/span><\/p>\n<p class=\"MsoNormal\"><span lang=\"ES-TRAD\" style=\"font-size:11pt;line-height:23.54px;font-family:\">          Durante los cateos y revisiones, se aseguraron 6 armas de fuego, 87 cartuchos \u00fatiles de diversos calibres, 2 veh\u00edculos con reporte de robo, 400 dosis de mariguana y 15 de coca\u00edna, 200 mil 500 pesos en efectivo, una antena inhibidora, 100 kilogramos de cobre, entre otros.<\/span><\/p>\n<p class=\"MsoNormal\"><span lang=\"ES-TRAD\" style=\"font-size:11pt;line-height:23.54px;font-family:\"> <\/span><\/p>\n<p class=\"MsoNormal\"><span lang=\"ES-TRAD\" style=\"font-size:11pt;line-height:23.54px;font-family:\">          En uno de los cateos en Cuautitl\u00e1n Izcalli se recuper\u00f3 un arma larga que fue robada a un  elemento de la SSEM en las pasadas elecciones federales del 1 de julio en una casilla en el municipio de Zumpango.<\/span><\/p>\n<p class=\"MsoNormal\"><span lang=\"ES-TRAD\" style=\"font-size:11pt;line-height:23.54px;font-family:\"> <\/span><\/p>\n<p class=\"MsoNormal\"><span lang=\"ES-TRAD\" style=\"font-size:11pt;line-height:23.54px;font-family:\">          La Fiscal\u00eda General de Justicia estatal reitera su compromiso de trabajar con autoridades de los tres \u00f3rdenes de gobierno, adem\u00e1s exhorta a la poblaci\u00f3n a denunciar cualquier hecho delictivo a trav\u00e9s del correo electr\u00f3nico <\/span><span lang=\"ES-TRAD\"><span style=\"font-size:11pt;line-height:23.54px;font-family:\"><a href=\"mailto:cerotolerancia@edomex.gob.mx\" target=\"_blank\" rel=\"noreferrer\" style=\"text-decoration: none;color: blue\">cerotolerancia@<\/a><a href=\"mailto:cerotolerancia@edomex.gob.mx\" target=\"_blank\" rel=\"noreferrer\" style=\"text-decoration: none;color: blue\">edomex.gob.mx<\/a><\/span><\/span><span lang=\"ES-TRAD\" style=\"font-size:11pt;line-height:23.54px;font-family:\">, al n\u00famero telef\u00f3nico 01 800 7028770, o bien mediante la aplicaci\u00f3n FGJEdomex, la cual est\u00e1 disponible de manera gratuita para todos tel\u00e9fonos inteligentes de los sistemas iOS y Android.<\/span><\/p>\n","protected":false},"excerpt":{"rendered":"<p>Participaron m\u00e1s de mil elementos de la SEDENA, SSEM y FGJEM Cuautitl\u00e1n Izcalli, M\u00e9xico, 15<\/p>\n","protected":false},"author":1,"featured_media":3042,"comment_status":"open","ping_status":"open","sticky":false,"template":"","format":"standard","meta":{"footnotes":""},"categories":[1],"tags":[85,43],"class_list":["post-3043","post","type-post","status-publish","format-standard","has-post-thumbnail","hentry","category-municipales","tag-izcalli","tag-tultitlan"],"yoast_head":"<!-- This site is optimized with the Yoast SEO plugin v25.3 - https:\/\/yoast.com\/wordpress\/plugins\/seo\/ -->\n<title>41 Detenidos deja operativo en Cuautitl\u00e0n Izcalli y Tultitl\u00e0n - Volcanes<\/title>\n<meta name=\"robots\" content=\"index, follow, max-snippet:-1, max-image-preview:large, max-video-preview:-1\" \/>\n<link rel=\"canonical\" href=\"https:\/\/volcanes.net\/?p=3043\" \/>\n<meta property=\"og:locale\" content=\"es_MX\" \/>\n<meta property=\"og:type\" content=\"article\" \/>\n<meta property=\"og:title\" content=\"41 Detenidos deja operativo en Cuautitl\u00e0n Izcalli y Tultitl\u00e0n - Volcanes\" \/>\n<meta property=\"og:description\" content=\"Participaron m\u00e1s de mil elementos de la SEDENA, SSEM y FGJEM Cuautitl\u00e1n Izcalli, M\u00e9xico, 15\" \/>\n<meta property=\"og:url\" content=\"https:\/\/volcanes.net\/?p=3043\" \/>\n<meta property=\"og:site_name\" content=\"Volcanes\" \/>\n<meta property=\"article:publisher\" content=\"https:\/\/www.facebook.com\/volcanes.net\/\" \/>\n<meta property=\"article:published_time\" content=\"2018-12-16T14:57:08+00:00\" \/>\n<meta property=\"og:image\" content=\"https:\/\/volcanes.net\/wp-content\/uploads\/2018\/12\/wp-image-1160288715.jpg\" \/>\n\t<meta property=\"og:image:width\" content=\"769\" \/>\n\t<meta property=\"og:image:height\" content=\"577\" \/>\n\t<meta property=\"og:image:type\" content=\"image\/jpeg\" \/>\n<meta name=\"author\" content=\"admin\" \/>\n<meta name=\"twitter:card\" content=\"summary_large_image\" \/>\n<meta name=\"twitter:label1\" content=\"Escrito por\" \/>\n\t<meta name=\"twitter:data1\" content=\"admin\" \/>\n\t<meta name=\"twitter:label2\" content=\"Tiempo de lectura\" \/>\n\t<meta name=\"twitter:data2\" content=\"2 minutos\" \/>\n<script type=\"application\/ld+json\" class=\"yoast-schema-graph\">{\"@context\":\"https:\/\/schema.org\",\"@graph\":[{\"@type\":\"Article\",\"@id\":\"https:\/\/volcanes.net\/?p=3043#article\",\"isPartOf\":{\"@id\":\"https:\/\/volcanes.net\/?p=3043\"},\"author\":{\"name\":\"admin\",\"@id\":\"https:\/\/volcanes.net\/#\/schema\/person\/4bf0f383940966a4abd53f5048c0e6b9\"},\"headline\":\"41 Detenidos deja operativo en Cuautitl\u00e0n Izcalli y Tultitl\u00e0n\",\"datePublished\":\"2018-12-16T14:57:08+00:00\",\"mainEntityOfPage\":{\"@id\":\"https:\/\/volcanes.net\/?p=3043\"},\"wordCount\":350,\"commentCount\":0,\"publisher\":{\"@id\":\"https:\/\/volcanes.net\/#organization\"},\"image\":{\"@id\":\"https:\/\/volcanes.net\/?p=3043#primaryimage\"},\"thumbnailUrl\":\"https:\/\/volcanes.net\/wp-content\/uploads\/2018\/12\/wp-image-1160288715.jpg\",\"keywords\":[\"Izcalli\",\"Tultitl\u00e1n\"],\"articleSection\":[\"Municipales\"],\"inLanguage\":\"es\",\"potentialAction\":[{\"@type\":\"CommentAction\",\"name\":\"Comment\",\"target\":[\"https:\/\/volcanes.net\/?p=3043#respond\"]}]},{\"@type\":\"WebPage\",\"@id\":\"https:\/\/volcanes.net\/?p=3043\",\"url\":\"https:\/\/volcanes.net\/?p=3043\",\"name\":\"41 Detenidos deja operativo en Cuautitl\u00e0n Izcalli y Tultitl\u00e0n - Volcanes\",\"isPartOf\":{\"@id\":\"https:\/\/volcanes.net\/#website\"},\"primaryImageOfPage\":{\"@id\":\"https:\/\/volcanes.net\/?p=3043#primaryimage\"},\"image\":{\"@id\":\"https:\/\/volcanes.net\/?p=3043#primaryimage\"},\"thumbnailUrl\":\"https:\/\/volcanes.net\/wp-content\/uploads\/2018\/12\/wp-image-1160288715.jpg\",\"datePublished\":\"2018-12-16T14:57:08+00:00\",\"breadcrumb\":{\"@id\":\"https:\/\/volcanes.net\/?p=3043#breadcrumb\"},\"inLanguage\":\"es\",\"potentialAction\":[{\"@type\":\"ReadAction\",\"target\":[\"https:\/\/volcanes.net\/?p=3043\"]}]},{\"@type\":\"ImageObject\",\"inLanguage\":\"es\",\"@id\":\"https:\/\/volcanes.net\/?p=3043#primaryimage\",\"url\":\"https:\/\/volcanes.net\/wp-content\/uploads\/2018\/12\/wp-image-1160288715.jpg\",\"contentUrl\":\"https:\/\/volcanes.net\/wp-content\/uploads\/2018\/12\/wp-image-1160288715.jpg\",\"width\":769,\"height\":577},{\"@type\":\"BreadcrumbList\",\"@id\":\"https:\/\/volcanes.net\/?p=3043#breadcrumb\",\"itemListElement\":[{\"@type\":\"ListItem\",\"position\":1,\"name\":\"Portada\",\"item\":\"https:\/\/volcanes.net\/\"},{\"@type\":\"ListItem\",\"position\":2,\"name\":\"41 Detenidos deja operativo en Cuautitl\u00e0n Izcalli y Tultitl\u00e0n\"}]},{\"@type\":\"WebSite\",\"@id\":\"https:\/\/volcanes.net\/#website\",\"url\":\"https:\/\/volcanes.net\/\",\"name\":\"Volcanes.Net\",\"description\":\"Periodismo Profesional\",\"publisher\":{\"@id\":\"https:\/\/volcanes.net\/#organization\"},\"potentialAction\":[{\"@type\":\"SearchAction\",\"target\":{\"@type\":\"EntryPoint\",\"urlTemplate\":\"https:\/\/volcanes.net\/?s={search_term_string}\"},\"query-input\":{\"@type\":\"PropertyValueSpecification\",\"valueRequired\":true,\"valueName\":\"search_term_string\"}}],\"inLanguage\":\"es\"},{\"@type\":\"Organization\",\"@id\":\"https:\/\/volcanes.net\/#organization\",\"name\":\"Grupo Volcanes\",\"url\":\"https:\/\/volcanes.net\/\",\"logo\":{\"@type\":\"ImageObject\",\"inLanguage\":\"es\",\"@id\":\"https:\/\/volcanes.net\/#\/schema\/logo\/image\/\",\"url\":\"http:\/\/volcanes.net\/wp-content\/uploads\/2017\/12\/Avatar2.jpg\",\"contentUrl\":\"http:\/\/volcanes.net\/wp-content\/uploads\/2017\/12\/Avatar2.jpg\",\"width\":378,\"height\":378,\"caption\":\"Grupo Volcanes\"},\"image\":{\"@id\":\"https:\/\/volcanes.net\/#\/schema\/logo\/image\/\"},\"sameAs\":[\"https:\/\/www.facebook.com\/volcanes.net\/\"]},{\"@type\":\"Person\",\"@id\":\"https:\/\/volcanes.net\/#\/schema\/person\/4bf0f383940966a4abd53f5048c0e6b9\",\"name\":\"admin\",\"image\":{\"@type\":\"ImageObject\",\"inLanguage\":\"es\",\"@id\":\"https:\/\/volcanes.net\/#\/schema\/person\/image\/\",\"url\":\"https:\/\/secure.gravatar.com\/avatar\/ca004e6cba8462b8cb7abc86e382930c?s=96&d=mm&r=g\",\"contentUrl\":\"https:\/\/secure.gravatar.com\/avatar\/ca004e6cba8462b8cb7abc86e382930c?s=96&d=mm&r=g\",\"caption\":\"admin\"}}]}<\/script>\n<!-- \/ Yoast SEO plugin. -->","yoast_head_json":{"title":"41 Detenidos deja operativo en Cuautitl\u00e0n Izcalli y Tultitl\u00e0n - Volcanes","robots":{"index":"index","follow":"follow","max-snippet":"max-snippet:-1","max-image-preview":"max-image-preview:large","max-video-preview":"max-video-preview:-1"},"canonical":"https:\/\/volcanes.net\/?p=3043","og_locale":"es_MX","og_type":"article","og_title":"41 Detenidos deja operativo en Cuautitl\u00e0n Izcalli y Tultitl\u00e0n - Volcanes","og_description":"Participaron m\u00e1s de mil elementos de la SEDENA, SSEM y FGJEM Cuautitl\u00e1n Izcalli, M\u00e9xico, 15","og_url":"https:\/\/volcanes.net\/?p=3043","og_site_name":"Volcanes","article_publisher":"https:\/\/www.facebook.com\/volcanes.net\/","article_published_time":"2018-12-16T14:57:08+00:00","og_image":[{"width":769,"height":577,"url":"https:\/\/volcanes.net\/wp-content\/uploads\/2018\/12\/wp-image-1160288715.jpg","type":"image\/jpeg"}],"author":"admin","twitter_card":"summary_large_image","twitter_misc":{"Escrito por":"admin","Tiempo de lectura":"2 minutos"},"schema":{"@context":"https:\/\/schema.org","@graph":[{"@type":"Article","@id":"https:\/\/volcanes.net\/?p=3043#article","isPartOf":{"@id":"https:\/\/volcanes.net\/?p=3043"},"author":{"name":"admin","@id":"https:\/\/volcanes.net\/#\/schema\/person\/4bf0f383940966a4abd53f5048c0e6b9"},"headline":"41 Detenidos deja operativo en Cuautitl\u00e0n Izcalli y Tultitl\u00e0n","datePublished":"2018-12-16T14:57:08+00:00","mainEntityOfPage":{"@id":"https:\/\/volcanes.net\/?p=3043"},"wordCount":350,"commentCount":0,"publisher":{"@id":"https:\/\/volcanes.net\/#organization"},"image":{"@id":"https:\/\/volcanes.net\/?p=3043#primaryimage"},"thumbnailUrl":"https:\/\/volcanes.net\/wp-content\/uploads\/2018\/12\/wp-image-1160288715.jpg","keywords":["Izcalli","Tultitl\u00e1n"],"articleSection":["Municipales"],"inLanguage":"es","potentialAction":[{"@type":"CommentAction","name":"Comment","target":["https:\/\/volcanes.net\/?p=3043#respond"]}]},{"@type":"WebPage","@id":"https:\/\/volcanes.net\/?p=3043","url":"https:\/\/volcanes.net\/?p=3043","name":"41 Detenidos deja operativo en Cuautitl\u00e0n Izcalli y Tultitl\u00e0n - Volcanes","isPartOf":{"@id":"https:\/\/volcanes.net\/#website"},"primaryImageOfPage":{"@id":"https:\/\/volcanes.net\/?p=3043#primaryimage"},"image":{"@id":"https:\/\/volcanes.net\/?p=3043#primaryimage"},"thumbnailUrl":"https:\/\/volcanes.net\/wp-content\/uploads\/2018\/12\/wp-image-1160288715.jpg","datePublished":"2018-12-16T14:57:08+00:00","breadcrumb":{"@id":"https:\/\/volcanes.net\/?p=3043#breadcrumb"},"inLanguage":"es","potentialAction":[{"@type":"ReadAction","target":["https:\/\/volcanes.net\/?p=3043"]}]},{"@type":"ImageObject","inLanguage":"es","@id":"https:\/\/volcanes.net\/?p=3043#primaryimage","url":"https:\/\/volcanes.net\/wp-content\/uploads\/2018\/12\/wp-image-1160288715.jpg","contentUrl":"https:\/\/volcanes.net\/wp-content\/uploads\/2018\/12\/wp-image-1160288715.jpg","width":769,"height":577},{"@type":"BreadcrumbList","@id":"https:\/\/volcanes.net\/?p=3043#breadcrumb","itemListElement":[{"@type":"ListItem","position":1,"name":"Portada","item":"https:\/\/volcanes.net\/"},{"@type":"ListItem","position":2,"name":"41 Detenidos deja operativo en Cuautitl\u00e0n Izcalli y Tultitl\u00e0n"}]},{"@type":"WebSite","@id":"https:\/\/volcanes.net\/#website","url":"https:\/\/volcanes.net\/","name":"Volcanes.Net","description":"Periodismo Profesional","publisher":{"@id":"https:\/\/volcanes.net\/#organization"},"potentialAction":[{"@type":"SearchAction","target":{"@type":"EntryPoint","urlTemplate":"https:\/\/volcanes.net\/?s={search_term_string}"},"query-input":{"@type":"PropertyValueSpecification","valueRequired":true,"valueName":"search_term_string"}}],"inLanguage":"es"},{"@type":"Organization","@id":"https:\/\/volcanes.net\/#organization","name":"Grupo Volcanes","url":"https:\/\/volcanes.net\/","logo":{"@type":"ImageObject","inLanguage":"es","@id":"https:\/\/volcanes.net\/#\/schema\/logo\/image\/","url":"http:\/\/volcanes.net\/wp-content\/uploads\/2017\/12\/Avatar2.jpg","contentUrl":"http:\/\/volcanes.net\/wp-content\/uploads\/2017\/12\/Avatar2.jpg","width":378,"height":378,"caption":"Grupo Volcanes"},"image":{"@id":"https:\/\/volcanes.net\/#\/schema\/logo\/image\/"},"sameAs":["https:\/\/www.facebook.com\/volcanes.net\/"]},{"@type":"Person","@id":"https:\/\/volcanes.net\/#\/schema\/person\/4bf0f383940966a4abd53f5048c0e6b9","name":"admin","image":{"@type":"ImageObject","inLanguage":"es","@id":"https:\/\/volcanes.net\/#\/schema\/person\/image\/","url":"https:\/\/secure.gravatar.com\/avatar\/ca004e6cba8462b8cb7abc86e382930c?s=96&d=mm&r=g","contentUrl":"https:\/\/secure.gravatar.com\/avatar\/ca004e6cba8462b8cb7abc86e382930c?s=96&d=mm&r=g","caption":"admin"}}]}},"_links":{"self":[{"href":"https:\/\/volcanes.net\/index.php?rest_route=\/wp\/v2\/posts\/3043"}],"collection":[{"href":"https:\/\/volcanes.net\/index.php?rest_route=\/wp\/v2\/posts"}],"about":[{"href":"https:\/\/volcanes.net\/index.php?rest_route=\/wp\/v2\/types\/post"}],"author":[{"embeddable":true,"href":"https:\/\/volcanes.net\/index.php?rest_route=\/wp\/v2\/users\/1"}],"replies":[{"embeddable":true,"href":"https:\/\/volcanes.net\/index.php?rest_route=%2Fwp%2Fv2%2Fcomments&post=3043"}],"version-history":[{"count":1,"href":"https:\/\/volcanes.net\/index.php?rest_route=\/wp\/v2\/posts\/3043\/revisions"}],"predecessor-version":[{"id":3044,"href":"https:\/\/volcanes.net\/index.php?rest_route=\/wp\/v2\/posts\/3043\/revisions\/3044"}],"wp:featuredmedia":[{"embeddable":true,"href":"https:\/\/volcanes.net\/index.php?rest_route=\/wp\/v2\/media\/3042"}],"wp:attachment":[{"href":"https:\/\/volcanes.net\/index.php?rest_route=%2Fwp%2Fv2%2Fmedia&parent=3043"}],"wp:term":[{"taxonomy":"category","embeddable":true,"href":"https:\/\/volcanes.net\/index.php?rest_route=%2Fwp%2Fv2%2Fcategories&post=3043"},{"taxonomy":"post_tag","embeddable":true,"href":"https:\/\/volcanes.net\/index.php?rest_route=%2Fwp%2Fv2%2Ftags&post=3043"}],"curies":[{"name":"wp","href":"https:\/\/api.w.org\/{rel}","templated":true}]}}