{"id":305,"date":"2018-01-09T17:11:33","date_gmt":"2018-01-09T17:11:33","guid":{"rendered":"http:\/\/volcanes.net\/?p=305"},"modified":"2018-01-09T17:11:33","modified_gmt":"2018-01-09T17:11:33","slug":"da-inicio-campana-para-reciclar-arbolitos-de-navidad-en-ixtapaluca","status":"publish","type":"post","link":"https:\/\/volcanes.net\/?p=305","title":{"rendered":"Da inici\u00f3 campa\u00f1a para reciclar arbolitos de Navidad en Ixtapaluca"},"content":{"rendered":"<div style=\"margin-top: 0px; margin-bottom: 0px;\" class=\"sharethis-inline-share-buttons\" ><\/div><p>Para que los arbolitos de Navidad, que en su momento adornaron las casas durante la temporada navide\u00f1a, no terminen en la basura o en las calles, se dio el banderazo de inicio a la campa\u00f1a de Recuperaci\u00f3n, Acopio y Reciclaje de \u00c1rboles de Navidad, por parte de la direcci\u00f3n de Ecolog\u00eda.<\/p>\n<p>La campa\u00f1a, inform\u00f3 Luc\u00eda Porras Santos, titular de esta dependencia, se realiza desde 2013, con el fin de evitar que los \u00e1rboles de Navidad terminen en la basura y por el contrario, los \u00e1rboles recabados sean transformados en tierra f\u00e9rtil a trav\u00e9s del proceso de compostaje, por parte de la Protectora de Bosques del Estado de M\u00e9xico (Probosque) y as\u00ed servir para nutrir m\u00e1s \u00e1rboles.<\/p>\n<p>La poblaci\u00f3n, dijo, podr\u00e1 llevar sus \u00e1rboles de Navidad a los diferentes centros de acopio hasta el 9 de febrero. Los centros estar\u00e1n instalados en el Casco de San Buenaventura; la estaci\u00f3n de bomberos de Tlapacoya; Parque Infantil \u201cLa Tortuga\u201d; en Ayotla; Parque Cuatro Vientos y el DIF de Los H\u00e9roes.<\/p>\n<p>El horario de atenci\u00f3n ser\u00e1 de lunes a viernes, de nueve de la ma\u00f1ana a tres de la tarde y s\u00e1bados de nueve a una de la tarde. Porras Santos reiter\u00f3 la importancia de que la poblaci\u00f3n participe y con el mismo entusiasmo con el que compraron sus arbolitos, los lleven a los centros de acopio, para que una vez reciclados den vida a m\u00e1s \u00e1rboles.<\/p>\n<p>La gente que as\u00ed lo desee, a\u00f1adi\u00f3, podr\u00e1 recibir un vale canjeable por un \u00e1rbol de tipo forestal, como cedro blanco, araucaria y retama. Se estima que durante la campa\u00f1a que se difundir\u00e1 a trav\u00e9s de lonas, posters y redes sociales, puedan recolectarse hasta 300 \u00e1rboles.<\/p>\n","protected":false},"excerpt":{"rendered":"<p>Para que los arbolitos de Navidad, que en su momento adornaron las casas durante la<\/p>\n","protected":false},"author":1,"featured_media":306,"comment_status":"open","ping_status":"open","sticky":false,"template":"","format":"standard","meta":{"footnotes":""},"categories":[1],"tags":[48,6,49,46],"class_list":["post-305","post","type-post","status-publish","format-standard","has-post-thumbnail","hentry","category-municipales","tag-arbolitos","tag-ixtapaluca","tag-navidad","tag-volcanes"],"yoast_head":"<!-- This site is optimized with the Yoast SEO plugin v25.3 - https:\/\/yoast.com\/wordpress\/plugins\/seo\/ -->\n<title>Da inici\u00f3 campa\u00f1a para reciclar arbolitos de Navidad en Ixtapaluca - Volcanes<\/title>\n<meta name=\"robots\" content=\"index, follow, max-snippet:-1, max-image-preview:large, max-video-preview:-1\" \/>\n<link rel=\"canonical\" href=\"https:\/\/volcanes.net\/?p=305\" \/>\n<meta property=\"og:locale\" content=\"es_MX\" \/>\n<meta property=\"og:type\" content=\"article\" \/>\n<meta property=\"og:title\" content=\"Da inici\u00f3 campa\u00f1a para reciclar arbolitos de Navidad en Ixtapaluca - Volcanes\" \/>\n<meta property=\"og:description\" content=\"Para que los arbolitos de Navidad, que en su momento adornaron las casas durante la\" \/>\n<meta property=\"og:url\" content=\"https:\/\/volcanes.net\/?p=305\" \/>\n<meta property=\"og:site_name\" content=\"Volcanes\" \/>\n<meta property=\"article:publisher\" content=\"https:\/\/www.facebook.com\/volcanes.net\/\" \/>\n<meta property=\"article:published_time\" content=\"2018-01-09T17:11:33+00:00\" \/>\n<meta property=\"og:image\" content=\"https:\/\/volcanes.net\/wp-content\/uploads\/2018\/01\/navi-e1515598199274.jpg\" \/>\n\t<meta property=\"og:image:width\" content=\"400\" \/>\n\t<meta property=\"og:image:height\" content=\"300\" \/>\n\t<meta property=\"og:image:type\" content=\"image\/jpeg\" \/>\n<meta name=\"author\" content=\"admin\" \/>\n<meta name=\"twitter:card\" content=\"summary_large_image\" \/>\n<meta name=\"twitter:label1\" content=\"Escrito por\" \/>\n\t<meta name=\"twitter:data1\" content=\"admin\" \/>\n\t<meta name=\"twitter:label2\" content=\"Tiempo de lectura\" \/>\n\t<meta name=\"twitter:data2\" content=\"1 minuto\" \/>\n<script type=\"application\/ld+json\" class=\"yoast-schema-graph\">{\"@context\":\"https:\/\/schema.org\",\"@graph\":[{\"@type\":\"Article\",\"@id\":\"https:\/\/volcanes.net\/?p=305#article\",\"isPartOf\":{\"@id\":\"https:\/\/volcanes.net\/?p=305\"},\"author\":{\"name\":\"admin\",\"@id\":\"https:\/\/volcanes.net\/#\/schema\/person\/4bf0f383940966a4abd53f5048c0e6b9\"},\"headline\":\"Da inici\u00f3 campa\u00f1a para reciclar arbolitos de Navidad en Ixtapaluca\",\"datePublished\":\"2018-01-09T17:11:33+00:00\",\"mainEntityOfPage\":{\"@id\":\"https:\/\/volcanes.net\/?p=305\"},\"wordCount\":310,\"commentCount\":0,\"publisher\":{\"@id\":\"https:\/\/volcanes.net\/#organization\"},\"image\":{\"@id\":\"https:\/\/volcanes.net\/?p=305#primaryimage\"},\"thumbnailUrl\":\"https:\/\/volcanes.net\/wp-content\/uploads\/2018\/01\/navi-e1515598199274.jpg\",\"keywords\":[\"Arbolitos\",\"Ixtapaluca\",\"Navidad\",\"Volcanes\"],\"articleSection\":[\"Municipales\"],\"inLanguage\":\"es\",\"potentialAction\":[{\"@type\":\"CommentAction\",\"name\":\"Comment\",\"target\":[\"https:\/\/volcanes.net\/?p=305#respond\"]}]},{\"@type\":\"WebPage\",\"@id\":\"https:\/\/volcanes.net\/?p=305\",\"url\":\"https:\/\/volcanes.net\/?p=305\",\"name\":\"Da inici\u00f3 campa\u00f1a para reciclar arbolitos de Navidad en Ixtapaluca - Volcanes\",\"isPartOf\":{\"@id\":\"https:\/\/volcanes.net\/#website\"},\"primaryImageOfPage\":{\"@id\":\"https:\/\/volcanes.net\/?p=305#primaryimage\"},\"image\":{\"@id\":\"https:\/\/volcanes.net\/?p=305#primaryimage\"},\"thumbnailUrl\":\"https:\/\/volcanes.net\/wp-content\/uploads\/2018\/01\/navi-e1515598199274.jpg\",\"datePublished\":\"2018-01-09T17:11:33+00:00\",\"breadcrumb\":{\"@id\":\"https:\/\/volcanes.net\/?p=305#breadcrumb\"},\"inLanguage\":\"es\",\"potentialAction\":[{\"@type\":\"ReadAction\",\"target\":[\"https:\/\/volcanes.net\/?p=305\"]}]},{\"@type\":\"ImageObject\",\"inLanguage\":\"es\",\"@id\":\"https:\/\/volcanes.net\/?p=305#primaryimage\",\"url\":\"https:\/\/volcanes.net\/wp-content\/uploads\/2018\/01\/navi-e1515598199274.jpg\",\"contentUrl\":\"https:\/\/volcanes.net\/wp-content\/uploads\/2018\/01\/navi-e1515598199274.jpg\",\"width\":400,\"height\":300},{\"@type\":\"BreadcrumbList\",\"@id\":\"https:\/\/volcanes.net\/?p=305#breadcrumb\",\"itemListElement\":[{\"@type\":\"ListItem\",\"position\":1,\"name\":\"Portada\",\"item\":\"https:\/\/volcanes.net\/\"},{\"@type\":\"ListItem\",\"position\":2,\"name\":\"Da inici\u00f3 campa\u00f1a para reciclar arbolitos de Navidad en Ixtapaluca\"}]},{\"@type\":\"WebSite\",\"@id\":\"https:\/\/volcanes.net\/#website\",\"url\":\"https:\/\/volcanes.net\/\",\"name\":\"Volcanes.Net\",\"description\":\"Periodismo Profesional\",\"publisher\":{\"@id\":\"https:\/\/volcanes.net\/#organization\"},\"potentialAction\":[{\"@type\":\"SearchAction\",\"target\":{\"@type\":\"EntryPoint\",\"urlTemplate\":\"https:\/\/volcanes.net\/?s={search_term_string}\"},\"query-input\":{\"@type\":\"PropertyValueSpecification\",\"valueRequired\":true,\"valueName\":\"search_term_string\"}}],\"inLanguage\":\"es\"},{\"@type\":\"Organization\",\"@id\":\"https:\/\/volcanes.net\/#organization\",\"name\":\"Grupo Volcanes\",\"url\":\"https:\/\/volcanes.net\/\",\"logo\":{\"@type\":\"ImageObject\",\"inLanguage\":\"es\",\"@id\":\"https:\/\/volcanes.net\/#\/schema\/logo\/image\/\",\"url\":\"http:\/\/volcanes.net\/wp-content\/uploads\/2017\/12\/Avatar2.jpg\",\"contentUrl\":\"http:\/\/volcanes.net\/wp-content\/uploads\/2017\/12\/Avatar2.jpg\",\"width\":378,\"height\":378,\"caption\":\"Grupo Volcanes\"},\"image\":{\"@id\":\"https:\/\/volcanes.net\/#\/schema\/logo\/image\/\"},\"sameAs\":[\"https:\/\/www.facebook.com\/volcanes.net\/\"]},{\"@type\":\"Person\",\"@id\":\"https:\/\/volcanes.net\/#\/schema\/person\/4bf0f383940966a4abd53f5048c0e6b9\",\"name\":\"admin\",\"image\":{\"@type\":\"ImageObject\",\"inLanguage\":\"es\",\"@id\":\"https:\/\/volcanes.net\/#\/schema\/person\/image\/\",\"url\":\"https:\/\/secure.gravatar.com\/avatar\/ca004e6cba8462b8cb7abc86e382930c?s=96&d=mm&r=g\",\"contentUrl\":\"https:\/\/secure.gravatar.com\/avatar\/ca004e6cba8462b8cb7abc86e382930c?s=96&d=mm&r=g\",\"caption\":\"admin\"}}]}<\/script>\n<!-- \/ Yoast SEO plugin. -->","yoast_head_json":{"title":"Da inici\u00f3 campa\u00f1a para reciclar arbolitos de Navidad en Ixtapaluca - Volcanes","robots":{"index":"index","follow":"follow","max-snippet":"max-snippet:-1","max-image-preview":"max-image-preview:large","max-video-preview":"max-video-preview:-1"},"canonical":"https:\/\/volcanes.net\/?p=305","og_locale":"es_MX","og_type":"article","og_title":"Da inici\u00f3 campa\u00f1a para reciclar arbolitos de Navidad en Ixtapaluca - Volcanes","og_description":"Para que los arbolitos de Navidad, que en su momento adornaron las casas durante la","og_url":"https:\/\/volcanes.net\/?p=305","og_site_name":"Volcanes","article_publisher":"https:\/\/www.facebook.com\/volcanes.net\/","article_published_time":"2018-01-09T17:11:33+00:00","og_image":[{"width":400,"height":300,"url":"https:\/\/volcanes.net\/wp-content\/uploads\/2018\/01\/navi-e1515598199274.jpg","type":"image\/jpeg"}],"author":"admin","twitter_card":"summary_large_image","twitter_misc":{"Escrito por":"admin","Tiempo de lectura":"1 minuto"},"schema":{"@context":"https:\/\/schema.org","@graph":[{"@type":"Article","@id":"https:\/\/volcanes.net\/?p=305#article","isPartOf":{"@id":"https:\/\/volcanes.net\/?p=305"},"author":{"name":"admin","@id":"https:\/\/volcanes.net\/#\/schema\/person\/4bf0f383940966a4abd53f5048c0e6b9"},"headline":"Da inici\u00f3 campa\u00f1a para reciclar arbolitos de Navidad en Ixtapaluca","datePublished":"2018-01-09T17:11:33+00:00","mainEntityOfPage":{"@id":"https:\/\/volcanes.net\/?p=305"},"wordCount":310,"commentCount":0,"publisher":{"@id":"https:\/\/volcanes.net\/#organization"},"image":{"@id":"https:\/\/volcanes.net\/?p=305#primaryimage"},"thumbnailUrl":"https:\/\/volcanes.net\/wp-content\/uploads\/2018\/01\/navi-e1515598199274.jpg","keywords":["Arbolitos","Ixtapaluca","Navidad","Volcanes"],"articleSection":["Municipales"],"inLanguage":"es","potentialAction":[{"@type":"CommentAction","name":"Comment","target":["https:\/\/volcanes.net\/?p=305#respond"]}]},{"@type":"WebPage","@id":"https:\/\/volcanes.net\/?p=305","url":"https:\/\/volcanes.net\/?p=305","name":"Da inici\u00f3 campa\u00f1a para reciclar arbolitos de Navidad en Ixtapaluca - Volcanes","isPartOf":{"@id":"https:\/\/volcanes.net\/#website"},"primaryImageOfPage":{"@id":"https:\/\/volcanes.net\/?p=305#primaryimage"},"image":{"@id":"https:\/\/volcanes.net\/?p=305#primaryimage"},"thumbnailUrl":"https:\/\/volcanes.net\/wp-content\/uploads\/2018\/01\/navi-e1515598199274.jpg","datePublished":"2018-01-09T17:11:33+00:00","breadcrumb":{"@id":"https:\/\/volcanes.net\/?p=305#breadcrumb"},"inLanguage":"es","potentialAction":[{"@type":"ReadAction","target":["https:\/\/volcanes.net\/?p=305"]}]},{"@type":"ImageObject","inLanguage":"es","@id":"https:\/\/volcanes.net\/?p=305#primaryimage","url":"https:\/\/volcanes.net\/wp-content\/uploads\/2018\/01\/navi-e1515598199274.jpg","contentUrl":"https:\/\/volcanes.net\/wp-content\/uploads\/2018\/01\/navi-e1515598199274.jpg","width":400,"height":300},{"@type":"BreadcrumbList","@id":"https:\/\/volcanes.net\/?p=305#breadcrumb","itemListElement":[{"@type":"ListItem","position":1,"name":"Portada","item":"https:\/\/volcanes.net\/"},{"@type":"ListItem","position":2,"name":"Da inici\u00f3 campa\u00f1a para reciclar arbolitos de Navidad en Ixtapaluca"}]},{"@type":"WebSite","@id":"https:\/\/volcanes.net\/#website","url":"https:\/\/volcanes.net\/","name":"Volcanes.Net","description":"Periodismo Profesional","publisher":{"@id":"https:\/\/volcanes.net\/#organization"},"potentialAction":[{"@type":"SearchAction","target":{"@type":"EntryPoint","urlTemplate":"https:\/\/volcanes.net\/?s={search_term_string}"},"query-input":{"@type":"PropertyValueSpecification","valueRequired":true,"valueName":"search_term_string"}}],"inLanguage":"es"},{"@type":"Organization","@id":"https:\/\/volcanes.net\/#organization","name":"Grupo Volcanes","url":"https:\/\/volcanes.net\/","logo":{"@type":"ImageObject","inLanguage":"es","@id":"https:\/\/volcanes.net\/#\/schema\/logo\/image\/","url":"http:\/\/volcanes.net\/wp-content\/uploads\/2017\/12\/Avatar2.jpg","contentUrl":"http:\/\/volcanes.net\/wp-content\/uploads\/2017\/12\/Avatar2.jpg","width":378,"height":378,"caption":"Grupo Volcanes"},"image":{"@id":"https:\/\/volcanes.net\/#\/schema\/logo\/image\/"},"sameAs":["https:\/\/www.facebook.com\/volcanes.net\/"]},{"@type":"Person","@id":"https:\/\/volcanes.net\/#\/schema\/person\/4bf0f383940966a4abd53f5048c0e6b9","name":"admin","image":{"@type":"ImageObject","inLanguage":"es","@id":"https:\/\/volcanes.net\/#\/schema\/person\/image\/","url":"https:\/\/secure.gravatar.com\/avatar\/ca004e6cba8462b8cb7abc86e382930c?s=96&d=mm&r=g","contentUrl":"https:\/\/secure.gravatar.com\/avatar\/ca004e6cba8462b8cb7abc86e382930c?s=96&d=mm&r=g","caption":"admin"}}]}},"_links":{"self":[{"href":"https:\/\/volcanes.net\/index.php?rest_route=\/wp\/v2\/posts\/305"}],"collection":[{"href":"https:\/\/volcanes.net\/index.php?rest_route=\/wp\/v2\/posts"}],"about":[{"href":"https:\/\/volcanes.net\/index.php?rest_route=\/wp\/v2\/types\/post"}],"author":[{"embeddable":true,"href":"https:\/\/volcanes.net\/index.php?rest_route=\/wp\/v2\/users\/1"}],"replies":[{"embeddable":true,"href":"https:\/\/volcanes.net\/index.php?rest_route=%2Fwp%2Fv2%2Fcomments&post=305"}],"version-history":[{"count":1,"href":"https:\/\/volcanes.net\/index.php?rest_route=\/wp\/v2\/posts\/305\/revisions"}],"predecessor-version":[{"id":307,"href":"https:\/\/volcanes.net\/index.php?rest_route=\/wp\/v2\/posts\/305\/revisions\/307"}],"wp:featuredmedia":[{"embeddable":true,"href":"https:\/\/volcanes.net\/index.php?rest_route=\/wp\/v2\/media\/306"}],"wp:attachment":[{"href":"https:\/\/volcanes.net\/index.php?rest_route=%2Fwp%2Fv2%2Fmedia&parent=305"}],"wp:term":[{"taxonomy":"category","embeddable":true,"href":"https:\/\/volcanes.net\/index.php?rest_route=%2Fwp%2Fv2%2Fcategories&post=305"},{"taxonomy":"post_tag","embeddable":true,"href":"https:\/\/volcanes.net\/index.php?rest_route=%2Fwp%2Fv2%2Ftags&post=305"}],"curies":[{"name":"wp","href":"https:\/\/api.w.org\/{rel}","templated":true}]}}