{"id":3055,"date":"2018-12-19T20:06:30","date_gmt":"2018-12-19T20:06:30","guid":{"rendered":"http:\/\/volcanes.net\/?p=3055"},"modified":"2018-12-19T20:06:30","modified_gmt":"2018-12-19T20:06:30","slug":"reconoce-alcalde-que-el-gobierno-de-tepetlixpa-fue-rebasado-por-la-delincuencia","status":"publish","type":"post","link":"https:\/\/volcanes.net\/?p=3055","title":{"rendered":"Reconoce alcalde que el Gobierno de Tepetlixpa fue rebasado por la delincuencia"},"content":{"rendered":"<div style=\"margin-top: 0px; margin-bottom: 0px;\" class=\"sharethis-inline-share-buttons\" ><\/div><p>El presidente municipal de Tepetlixpa, Oscar Alejandro Aguilar Franco, reconoci\u00f3 ante ciudadanos de San Miguel Nepantla, delegaci\u00f3n perteneciente a este municipio, reconoci\u00f3 haber perdido la batalla en contra de la inseguridad de su municipio, \u201cY lo digo as\u00ed abiertamente ya me rebas\u00f3 la seguridad, no hoy, ya me rebas\u00f3 hace tiempo\u201d<br \/>\nPobladores de Nepantla arremeten contra alcalde de Tepetlixpa por su incompetencia para atender la seguridad del municipio, tambi\u00e9n le se\u00f1alaron sobre la falta de alumbrado p\u00fablico.<br \/>\nAl Momento de saludar con un buenas tardes, le dijeron que no tienen nada de buenas, a lo que el alcalde asinti\u00f3 que no eran buenas, sin embargo, enfatizaron, que llevan 3 a\u00f1os sin ser buenas.<br \/>\nVecinos de Nepantla, le reprocharon la falta de resultados durante los tres a\u00f1os, incluso le dijeron que \u201c en 20 d\u00edas se va tranquilamente\u201d, sin embargo algunos amenazaron con que si no se da atenci\u00f3n al problema, ir\u00edan a su casa a hacerle un \u201cdesmadre\u201d en represalia por su incompetencia.<br \/>\nActualmente el municipio cuenta con dos patrullas, y una m\u00e1s que solo usa el director de seguridad p\u00fablica de Tepetlixpa.<br \/>\nLuego de que pobladores de San Miguel Nepantla cerraron la carretera federal M\u00e9xico Cuautla durante varias horas para exigirle al alcalde municipal de Tepetlixpa Estado de M\u00e9xico que no dejara en libertad a delincuentes, denunciando que no es la primera vez, y que siempre salen libres los malhechores.<br \/>\nCabe se\u00f1alar que anteriormente ciudadanos de este municipio ya hab\u00edan quemado una patrulla, en la delegaci\u00f3n de Cuecuecuatitla, conocido como \u201cel pueblito\u201d.<\/p>\n","protected":false},"excerpt":{"rendered":"<p>El presidente municipal de Tepetlixpa, Oscar Alejandro Aguilar Franco, reconoci\u00f3 ante ciudadanos de San Miguel<\/p>\n","protected":false},"author":1,"featured_media":3056,"comment_status":"open","ping_status":"open","sticky":false,"template":"","format":"standard","meta":{"footnotes":""},"categories":[1],"tags":[16],"class_list":["post-3055","post","type-post","status-publish","format-standard","has-post-thumbnail","hentry","category-municipales","tag-tepetlixpa"],"yoast_head":"<!-- This site is optimized with the Yoast SEO plugin v25.3 - https:\/\/yoast.com\/wordpress\/plugins\/seo\/ -->\n<title>Reconoce alcalde que el Gobierno de Tepetlixpa fue rebasado por la delincuencia - Volcanes<\/title>\n<meta name=\"robots\" content=\"index, follow, max-snippet:-1, max-image-preview:large, max-video-preview:-1\" \/>\n<link rel=\"canonical\" href=\"https:\/\/volcanes.net\/?p=3055\" \/>\n<meta property=\"og:locale\" content=\"es_MX\" \/>\n<meta property=\"og:type\" content=\"article\" \/>\n<meta property=\"og:title\" content=\"Reconoce alcalde que el Gobierno de Tepetlixpa fue rebasado por la delincuencia - Volcanes\" \/>\n<meta property=\"og:description\" content=\"El presidente municipal de Tepetlixpa, Oscar Alejandro Aguilar Franco, reconoci\u00f3 ante ciudadanos de San Miguel\" \/>\n<meta property=\"og:url\" content=\"https:\/\/volcanes.net\/?p=3055\" \/>\n<meta property=\"og:site_name\" content=\"Volcanes\" \/>\n<meta property=\"article:publisher\" content=\"https:\/\/www.facebook.com\/volcanes.net\/\" \/>\n<meta property=\"article:published_time\" content=\"2018-12-19T20:06:30+00:00\" \/>\n<meta property=\"og:image\" content=\"https:\/\/volcanes.net\/wp-content\/uploads\/2018\/12\/WhatsApp-Image-2018-12-19-at-11.06.42-AM.jpeg\" \/>\n\t<meta property=\"og:image:width\" content=\"720\" \/>\n\t<meta property=\"og:image:height\" content=\"470\" \/>\n\t<meta property=\"og:image:type\" content=\"image\/jpeg\" \/>\n<meta name=\"author\" content=\"admin\" \/>\n<meta name=\"twitter:card\" content=\"summary_large_image\" \/>\n<meta name=\"twitter:label1\" content=\"Escrito por\" \/>\n\t<meta name=\"twitter:data1\" content=\"admin\" \/>\n\t<meta name=\"twitter:label2\" content=\"Tiempo de lectura\" \/>\n\t<meta name=\"twitter:data2\" content=\"1 minuto\" \/>\n<script type=\"application\/ld+json\" class=\"yoast-schema-graph\">{\"@context\":\"https:\/\/schema.org\",\"@graph\":[{\"@type\":\"Article\",\"@id\":\"https:\/\/volcanes.net\/?p=3055#article\",\"isPartOf\":{\"@id\":\"https:\/\/volcanes.net\/?p=3055\"},\"author\":{\"name\":\"admin\",\"@id\":\"https:\/\/volcanes.net\/#\/schema\/person\/4bf0f383940966a4abd53f5048c0e6b9\"},\"headline\":\"Reconoce alcalde que el Gobierno de Tepetlixpa fue rebasado por la delincuencia\",\"datePublished\":\"2018-12-19T20:06:30+00:00\",\"mainEntityOfPage\":{\"@id\":\"https:\/\/volcanes.net\/?p=3055\"},\"wordCount\":278,\"commentCount\":0,\"publisher\":{\"@id\":\"https:\/\/volcanes.net\/#organization\"},\"image\":{\"@id\":\"https:\/\/volcanes.net\/?p=3055#primaryimage\"},\"thumbnailUrl\":\"https:\/\/volcanes.net\/wp-content\/uploads\/2018\/12\/WhatsApp-Image-2018-12-19-at-11.06.42-AM.jpeg\",\"keywords\":[\"Tepetlixpa\"],\"articleSection\":[\"Municipales\"],\"inLanguage\":\"es\",\"potentialAction\":[{\"@type\":\"CommentAction\",\"name\":\"Comment\",\"target\":[\"https:\/\/volcanes.net\/?p=3055#respond\"]}]},{\"@type\":\"WebPage\",\"@id\":\"https:\/\/volcanes.net\/?p=3055\",\"url\":\"https:\/\/volcanes.net\/?p=3055\",\"name\":\"Reconoce alcalde que el Gobierno de Tepetlixpa fue rebasado por la delincuencia - Volcanes\",\"isPartOf\":{\"@id\":\"https:\/\/volcanes.net\/#website\"},\"primaryImageOfPage\":{\"@id\":\"https:\/\/volcanes.net\/?p=3055#primaryimage\"},\"image\":{\"@id\":\"https:\/\/volcanes.net\/?p=3055#primaryimage\"},\"thumbnailUrl\":\"https:\/\/volcanes.net\/wp-content\/uploads\/2018\/12\/WhatsApp-Image-2018-12-19-at-11.06.42-AM.jpeg\",\"datePublished\":\"2018-12-19T20:06:30+00:00\",\"breadcrumb\":{\"@id\":\"https:\/\/volcanes.net\/?p=3055#breadcrumb\"},\"inLanguage\":\"es\",\"potentialAction\":[{\"@type\":\"ReadAction\",\"target\":[\"https:\/\/volcanes.net\/?p=3055\"]}]},{\"@type\":\"ImageObject\",\"inLanguage\":\"es\",\"@id\":\"https:\/\/volcanes.net\/?p=3055#primaryimage\",\"url\":\"https:\/\/volcanes.net\/wp-content\/uploads\/2018\/12\/WhatsApp-Image-2018-12-19-at-11.06.42-AM.jpeg\",\"contentUrl\":\"https:\/\/volcanes.net\/wp-content\/uploads\/2018\/12\/WhatsApp-Image-2018-12-19-at-11.06.42-AM.jpeg\",\"width\":720,\"height\":470},{\"@type\":\"BreadcrumbList\",\"@id\":\"https:\/\/volcanes.net\/?p=3055#breadcrumb\",\"itemListElement\":[{\"@type\":\"ListItem\",\"position\":1,\"name\":\"Portada\",\"item\":\"https:\/\/volcanes.net\/\"},{\"@type\":\"ListItem\",\"position\":2,\"name\":\"Reconoce alcalde que el Gobierno de Tepetlixpa fue rebasado por la delincuencia\"}]},{\"@type\":\"WebSite\",\"@id\":\"https:\/\/volcanes.net\/#website\",\"url\":\"https:\/\/volcanes.net\/\",\"name\":\"Volcanes.Net\",\"description\":\"Periodismo Profesional\",\"publisher\":{\"@id\":\"https:\/\/volcanes.net\/#organization\"},\"potentialAction\":[{\"@type\":\"SearchAction\",\"target\":{\"@type\":\"EntryPoint\",\"urlTemplate\":\"https:\/\/volcanes.net\/?s={search_term_string}\"},\"query-input\":{\"@type\":\"PropertyValueSpecification\",\"valueRequired\":true,\"valueName\":\"search_term_string\"}}],\"inLanguage\":\"es\"},{\"@type\":\"Organization\",\"@id\":\"https:\/\/volcanes.net\/#organization\",\"name\":\"Grupo Volcanes\",\"url\":\"https:\/\/volcanes.net\/\",\"logo\":{\"@type\":\"ImageObject\",\"inLanguage\":\"es\",\"@id\":\"https:\/\/volcanes.net\/#\/schema\/logo\/image\/\",\"url\":\"http:\/\/volcanes.net\/wp-content\/uploads\/2017\/12\/Avatar2.jpg\",\"contentUrl\":\"http:\/\/volcanes.net\/wp-content\/uploads\/2017\/12\/Avatar2.jpg\",\"width\":378,\"height\":378,\"caption\":\"Grupo Volcanes\"},\"image\":{\"@id\":\"https:\/\/volcanes.net\/#\/schema\/logo\/image\/\"},\"sameAs\":[\"https:\/\/www.facebook.com\/volcanes.net\/\"]},{\"@type\":\"Person\",\"@id\":\"https:\/\/volcanes.net\/#\/schema\/person\/4bf0f383940966a4abd53f5048c0e6b9\",\"name\":\"admin\",\"image\":{\"@type\":\"ImageObject\",\"inLanguage\":\"es\",\"@id\":\"https:\/\/volcanes.net\/#\/schema\/person\/image\/\",\"url\":\"https:\/\/secure.gravatar.com\/avatar\/ca004e6cba8462b8cb7abc86e382930c?s=96&d=mm&r=g\",\"contentUrl\":\"https:\/\/secure.gravatar.com\/avatar\/ca004e6cba8462b8cb7abc86e382930c?s=96&d=mm&r=g\",\"caption\":\"admin\"}}]}<\/script>\n<!-- \/ Yoast SEO plugin. -->","yoast_head_json":{"title":"Reconoce alcalde que el Gobierno de Tepetlixpa fue rebasado por la delincuencia - Volcanes","robots":{"index":"index","follow":"follow","max-snippet":"max-snippet:-1","max-image-preview":"max-image-preview:large","max-video-preview":"max-video-preview:-1"},"canonical":"https:\/\/volcanes.net\/?p=3055","og_locale":"es_MX","og_type":"article","og_title":"Reconoce alcalde que el Gobierno de Tepetlixpa fue rebasado por la delincuencia - Volcanes","og_description":"El presidente municipal de Tepetlixpa, Oscar Alejandro Aguilar Franco, reconoci\u00f3 ante ciudadanos de San Miguel","og_url":"https:\/\/volcanes.net\/?p=3055","og_site_name":"Volcanes","article_publisher":"https:\/\/www.facebook.com\/volcanes.net\/","article_published_time":"2018-12-19T20:06:30+00:00","og_image":[{"width":720,"height":470,"url":"https:\/\/volcanes.net\/wp-content\/uploads\/2018\/12\/WhatsApp-Image-2018-12-19-at-11.06.42-AM.jpeg","type":"image\/jpeg"}],"author":"admin","twitter_card":"summary_large_image","twitter_misc":{"Escrito por":"admin","Tiempo de lectura":"1 minuto"},"schema":{"@context":"https:\/\/schema.org","@graph":[{"@type":"Article","@id":"https:\/\/volcanes.net\/?p=3055#article","isPartOf":{"@id":"https:\/\/volcanes.net\/?p=3055"},"author":{"name":"admin","@id":"https:\/\/volcanes.net\/#\/schema\/person\/4bf0f383940966a4abd53f5048c0e6b9"},"headline":"Reconoce alcalde que el Gobierno de Tepetlixpa fue rebasado por la delincuencia","datePublished":"2018-12-19T20:06:30+00:00","mainEntityOfPage":{"@id":"https:\/\/volcanes.net\/?p=3055"},"wordCount":278,"commentCount":0,"publisher":{"@id":"https:\/\/volcanes.net\/#organization"},"image":{"@id":"https:\/\/volcanes.net\/?p=3055#primaryimage"},"thumbnailUrl":"https:\/\/volcanes.net\/wp-content\/uploads\/2018\/12\/WhatsApp-Image-2018-12-19-at-11.06.42-AM.jpeg","keywords":["Tepetlixpa"],"articleSection":["Municipales"],"inLanguage":"es","potentialAction":[{"@type":"CommentAction","name":"Comment","target":["https:\/\/volcanes.net\/?p=3055#respond"]}]},{"@type":"WebPage","@id":"https:\/\/volcanes.net\/?p=3055","url":"https:\/\/volcanes.net\/?p=3055","name":"Reconoce alcalde que el Gobierno de Tepetlixpa fue rebasado por la delincuencia - Volcanes","isPartOf":{"@id":"https:\/\/volcanes.net\/#website"},"primaryImageOfPage":{"@id":"https:\/\/volcanes.net\/?p=3055#primaryimage"},"image":{"@id":"https:\/\/volcanes.net\/?p=3055#primaryimage"},"thumbnailUrl":"https:\/\/volcanes.net\/wp-content\/uploads\/2018\/12\/WhatsApp-Image-2018-12-19-at-11.06.42-AM.jpeg","datePublished":"2018-12-19T20:06:30+00:00","breadcrumb":{"@id":"https:\/\/volcanes.net\/?p=3055#breadcrumb"},"inLanguage":"es","potentialAction":[{"@type":"ReadAction","target":["https:\/\/volcanes.net\/?p=3055"]}]},{"@type":"ImageObject","inLanguage":"es","@id":"https:\/\/volcanes.net\/?p=3055#primaryimage","url":"https:\/\/volcanes.net\/wp-content\/uploads\/2018\/12\/WhatsApp-Image-2018-12-19-at-11.06.42-AM.jpeg","contentUrl":"https:\/\/volcanes.net\/wp-content\/uploads\/2018\/12\/WhatsApp-Image-2018-12-19-at-11.06.42-AM.jpeg","width":720,"height":470},{"@type":"BreadcrumbList","@id":"https:\/\/volcanes.net\/?p=3055#breadcrumb","itemListElement":[{"@type":"ListItem","position":1,"name":"Portada","item":"https:\/\/volcanes.net\/"},{"@type":"ListItem","position":2,"name":"Reconoce alcalde que el Gobierno de Tepetlixpa fue rebasado por la delincuencia"}]},{"@type":"WebSite","@id":"https:\/\/volcanes.net\/#website","url":"https:\/\/volcanes.net\/","name":"Volcanes.Net","description":"Periodismo Profesional","publisher":{"@id":"https:\/\/volcanes.net\/#organization"},"potentialAction":[{"@type":"SearchAction","target":{"@type":"EntryPoint","urlTemplate":"https:\/\/volcanes.net\/?s={search_term_string}"},"query-input":{"@type":"PropertyValueSpecification","valueRequired":true,"valueName":"search_term_string"}}],"inLanguage":"es"},{"@type":"Organization","@id":"https:\/\/volcanes.net\/#organization","name":"Grupo Volcanes","url":"https:\/\/volcanes.net\/","logo":{"@type":"ImageObject","inLanguage":"es","@id":"https:\/\/volcanes.net\/#\/schema\/logo\/image\/","url":"http:\/\/volcanes.net\/wp-content\/uploads\/2017\/12\/Avatar2.jpg","contentUrl":"http:\/\/volcanes.net\/wp-content\/uploads\/2017\/12\/Avatar2.jpg","width":378,"height":378,"caption":"Grupo Volcanes"},"image":{"@id":"https:\/\/volcanes.net\/#\/schema\/logo\/image\/"},"sameAs":["https:\/\/www.facebook.com\/volcanes.net\/"]},{"@type":"Person","@id":"https:\/\/volcanes.net\/#\/schema\/person\/4bf0f383940966a4abd53f5048c0e6b9","name":"admin","image":{"@type":"ImageObject","inLanguage":"es","@id":"https:\/\/volcanes.net\/#\/schema\/person\/image\/","url":"https:\/\/secure.gravatar.com\/avatar\/ca004e6cba8462b8cb7abc86e382930c?s=96&d=mm&r=g","contentUrl":"https:\/\/secure.gravatar.com\/avatar\/ca004e6cba8462b8cb7abc86e382930c?s=96&d=mm&r=g","caption":"admin"}}]}},"_links":{"self":[{"href":"https:\/\/volcanes.net\/index.php?rest_route=\/wp\/v2\/posts\/3055"}],"collection":[{"href":"https:\/\/volcanes.net\/index.php?rest_route=\/wp\/v2\/posts"}],"about":[{"href":"https:\/\/volcanes.net\/index.php?rest_route=\/wp\/v2\/types\/post"}],"author":[{"embeddable":true,"href":"https:\/\/volcanes.net\/index.php?rest_route=\/wp\/v2\/users\/1"}],"replies":[{"embeddable":true,"href":"https:\/\/volcanes.net\/index.php?rest_route=%2Fwp%2Fv2%2Fcomments&post=3055"}],"version-history":[{"count":1,"href":"https:\/\/volcanes.net\/index.php?rest_route=\/wp\/v2\/posts\/3055\/revisions"}],"predecessor-version":[{"id":3057,"href":"https:\/\/volcanes.net\/index.php?rest_route=\/wp\/v2\/posts\/3055\/revisions\/3057"}],"wp:featuredmedia":[{"embeddable":true,"href":"https:\/\/volcanes.net\/index.php?rest_route=\/wp\/v2\/media\/3056"}],"wp:attachment":[{"href":"https:\/\/volcanes.net\/index.php?rest_route=%2Fwp%2Fv2%2Fmedia&parent=3055"}],"wp:term":[{"taxonomy":"category","embeddable":true,"href":"https:\/\/volcanes.net\/index.php?rest_route=%2Fwp%2Fv2%2Fcategories&post=3055"},{"taxonomy":"post_tag","embeddable":true,"href":"https:\/\/volcanes.net\/index.php?rest_route=%2Fwp%2Fv2%2Ftags&post=3055"}],"curies":[{"name":"wp","href":"https:\/\/api.w.org\/{rel}","templated":true}]}}