{"id":3079,"date":"2019-01-01T23:46:26","date_gmt":"2019-01-01T23:46:26","guid":{"rendered":"http:\/\/volcanes.net\/?p=3079"},"modified":"2019-01-01T23:46:26","modified_gmt":"2019-01-01T23:46:26","slug":"inicia-la-nueva-administracion-municipal-de-ozumba","status":"publish","type":"post","link":"https:\/\/volcanes.net\/?p=3079","title":{"rendered":"Inicia la nueva administraci\u00f3n municipal de Ozumba"},"content":{"rendered":"<div style=\"margin-top: 0px; margin-bottom: 0px;\" class=\"sharethis-inline-share-buttons\" ><\/div><p>Ozumba Estado de M\u00e9xico a 1 de enero de 2018.- La ma\u00f1ana de este martes, se realiz\u00f3 de manera abierta en el sal\u00f3n de expresidentes del Palacio Municipal, la primera sesi\u00f3n ordinaria de cabildo, donde Valent\u00edn Mart\u00ednez Castillo actual edil del Municipio de Ozumba, tom\u00f3 protesta de quienes ocupar\u00e1n cargos directivos en la administraci\u00f3n 2019-2021.<\/p>\n<p>El C.P. H\u00e9ctor Hern\u00e1ndez Valencia como Tesorero del ayuntamiento, profesionista de gran experiencia en el \u00e1mbito municipal y el cargo de Presidenta de la Junta de Gobierno del Sistema Municipal para el Desarrollo Integral lo ocupar\u00e1 la se\u00f1ora madre del Edil, Gomita Edith Castillo Enr\u00edquez y no la esposa del Presidente.<\/p>\n<p>Al respecto, el funcionario mencion\u00f3 que \u201cla decisi\u00f3n fue tomada luego de que en su momento mi esposa me dec\u00eda: se la responsabilidad que lleva mi esposo pero tambi\u00e9n somos padres, tenemos tres peque\u00f1itos, (\u2026) me interesa el desarrollo tambi\u00e9n de ellos\u201d y cit\u00f3 la frase \u201cEl \u00e9xito en la vida no compensa el fracaso en el hogar\u201d.<\/p>\n<p>Alma Alicia Nizizahua Morgan ocupar\u00e1 la Direcci\u00f3n del Bienestar, Francisco Flores Garc\u00eda la Direcci\u00f3n de Gobierno y Participaci\u00f3n Ciudadana, Carlos Uriel Montiel Cantoral ser\u00e1 el encargado de la Direcci\u00f3n de Servicios Urbanos y ecolog\u00eda, Juan Carlos Trova Rojas estar\u00e1 al frente de Desarrollo Econ\u00f3mico, el Ing. Narciso Mendoza Castillo en obras y gesti\u00f3n urbana, H\u00e9ctor Rojas Castillo ser\u00e1 el Comisario de Protecci\u00f3n y Seguridad Ciudadana, Rogelio Guzm\u00e1n G\u00f3mez en el Departamento de Catastro y Predial, Maribel Rueda Le\u00f3n como Coordinadora de Oficial\u00edas y Oficial\u00eda Mediadora, Israel Carmona D\u00edaz en la Director de la Unidad de Planeaci\u00f3n y Rogelio Guzm\u00e1n G\u00f3mez Director de Catastro y Predial.<\/p>\n<p>En la direcci\u00f3n del Instituto Municipal de Cultura F\u00edsica y de Deporte a Orlando Hern\u00e1ndez Rocha y a Jos\u00e9 Luis Gonz\u00e1lez Valencia como Secretario del Ayuntamiento.<\/p>\n<p>Cabe resaltar que en la contralor\u00eda del ayuntamiento, as\u00ed como en la Direcci\u00f3n del DIF, se nombr\u00f3 de manera interina a encargados de despacho, luego de que los regidores rechazaran a los ciudadanos propuestos por Mart\u00ednez Castillo.<\/p>\n<p>La sesi\u00f3n entr\u00f3 en receso hasta el viernes 4 de enero para realizar el proceso de entrega recepci\u00f3n de la administraci\u00f3n saliente a la entrante.<\/p>\n","protected":false},"excerpt":{"rendered":"<p>Ozumba Estado de M\u00e9xico a 1 de enero de 2018.- La ma\u00f1ana de este martes,<\/p>\n","protected":false},"author":1,"featured_media":3078,"comment_status":"open","ping_status":"open","sticky":false,"template":"","format":"standard","meta":{"footnotes":""},"categories":[1],"tags":[14],"class_list":["post-3079","post","type-post","status-publish","format-standard","has-post-thumbnail","hentry","category-municipales","tag-ozumba"],"yoast_head":"<!-- This site is optimized with the Yoast SEO plugin v25.3 - https:\/\/yoast.com\/wordpress\/plugins\/seo\/ -->\n<title>Inicia la nueva administraci\u00f3n municipal de Ozumba - Volcanes<\/title>\n<meta name=\"robots\" content=\"index, follow, max-snippet:-1, max-image-preview:large, max-video-preview:-1\" \/>\n<link rel=\"canonical\" href=\"https:\/\/volcanes.net\/?p=3079\" \/>\n<meta property=\"og:locale\" content=\"es_MX\" \/>\n<meta property=\"og:type\" content=\"article\" \/>\n<meta property=\"og:title\" content=\"Inicia la nueva administraci\u00f3n municipal de Ozumba - Volcanes\" \/>\n<meta property=\"og:description\" content=\"Ozumba Estado de M\u00e9xico a 1 de enero de 2018.- La ma\u00f1ana de este martes,\" \/>\n<meta property=\"og:url\" content=\"https:\/\/volcanes.net\/?p=3079\" \/>\n<meta property=\"og:site_name\" content=\"Volcanes\" \/>\n<meta property=\"article:publisher\" content=\"https:\/\/www.facebook.com\/volcanes.net\/\" \/>\n<meta property=\"article:published_time\" content=\"2019-01-01T23:46:26+00:00\" \/>\n<meta property=\"og:image\" content=\"https:\/\/volcanes.net\/wp-content\/uploads\/2019\/01\/IMG-20190101-WA0002.jpg\" \/>\n\t<meta property=\"og:image:width\" content=\"1280\" \/>\n\t<meta property=\"og:image:height\" content=\"853\" \/>\n\t<meta property=\"og:image:type\" content=\"image\/jpeg\" \/>\n<meta name=\"author\" content=\"admin\" \/>\n<meta name=\"twitter:card\" content=\"summary_large_image\" \/>\n<meta name=\"twitter:label1\" content=\"Escrito por\" \/>\n\t<meta name=\"twitter:data1\" content=\"admin\" \/>\n\t<meta name=\"twitter:label2\" content=\"Tiempo de lectura\" \/>\n\t<meta name=\"twitter:data2\" content=\"2 minutos\" \/>\n<script type=\"application\/ld+json\" class=\"yoast-schema-graph\">{\"@context\":\"https:\/\/schema.org\",\"@graph\":[{\"@type\":\"Article\",\"@id\":\"https:\/\/volcanes.net\/?p=3079#article\",\"isPartOf\":{\"@id\":\"https:\/\/volcanes.net\/?p=3079\"},\"author\":{\"name\":\"admin\",\"@id\":\"https:\/\/volcanes.net\/#\/schema\/person\/4bf0f383940966a4abd53f5048c0e6b9\"},\"headline\":\"Inicia la nueva administraci\u00f3n municipal de Ozumba\",\"datePublished\":\"2019-01-01T23:46:26+00:00\",\"mainEntityOfPage\":{\"@id\":\"https:\/\/volcanes.net\/?p=3079\"},\"wordCount\":409,\"commentCount\":0,\"publisher\":{\"@id\":\"https:\/\/volcanes.net\/#organization\"},\"image\":{\"@id\":\"https:\/\/volcanes.net\/?p=3079#primaryimage\"},\"thumbnailUrl\":\"https:\/\/volcanes.net\/wp-content\/uploads\/2019\/01\/IMG-20190101-WA0002.jpg\",\"keywords\":[\"Ozumba\"],\"articleSection\":[\"Municipales\"],\"inLanguage\":\"es\",\"potentialAction\":[{\"@type\":\"CommentAction\",\"name\":\"Comment\",\"target\":[\"https:\/\/volcanes.net\/?p=3079#respond\"]}]},{\"@type\":\"WebPage\",\"@id\":\"https:\/\/volcanes.net\/?p=3079\",\"url\":\"https:\/\/volcanes.net\/?p=3079\",\"name\":\"Inicia la nueva administraci\u00f3n municipal de Ozumba - Volcanes\",\"isPartOf\":{\"@id\":\"https:\/\/volcanes.net\/#website\"},\"primaryImageOfPage\":{\"@id\":\"https:\/\/volcanes.net\/?p=3079#primaryimage\"},\"image\":{\"@id\":\"https:\/\/volcanes.net\/?p=3079#primaryimage\"},\"thumbnailUrl\":\"https:\/\/volcanes.net\/wp-content\/uploads\/2019\/01\/IMG-20190101-WA0002.jpg\",\"datePublished\":\"2019-01-01T23:46:26+00:00\",\"breadcrumb\":{\"@id\":\"https:\/\/volcanes.net\/?p=3079#breadcrumb\"},\"inLanguage\":\"es\",\"potentialAction\":[{\"@type\":\"ReadAction\",\"target\":[\"https:\/\/volcanes.net\/?p=3079\"]}]},{\"@type\":\"ImageObject\",\"inLanguage\":\"es\",\"@id\":\"https:\/\/volcanes.net\/?p=3079#primaryimage\",\"url\":\"https:\/\/volcanes.net\/wp-content\/uploads\/2019\/01\/IMG-20190101-WA0002.jpg\",\"contentUrl\":\"https:\/\/volcanes.net\/wp-content\/uploads\/2019\/01\/IMG-20190101-WA0002.jpg\",\"width\":1280,\"height\":853},{\"@type\":\"BreadcrumbList\",\"@id\":\"https:\/\/volcanes.net\/?p=3079#breadcrumb\",\"itemListElement\":[{\"@type\":\"ListItem\",\"position\":1,\"name\":\"Portada\",\"item\":\"https:\/\/volcanes.net\/\"},{\"@type\":\"ListItem\",\"position\":2,\"name\":\"Inicia la nueva administraci\u00f3n municipal de Ozumba\"}]},{\"@type\":\"WebSite\",\"@id\":\"https:\/\/volcanes.net\/#website\",\"url\":\"https:\/\/volcanes.net\/\",\"name\":\"Volcanes.Net\",\"description\":\"Periodismo Profesional\",\"publisher\":{\"@id\":\"https:\/\/volcanes.net\/#organization\"},\"potentialAction\":[{\"@type\":\"SearchAction\",\"target\":{\"@type\":\"EntryPoint\",\"urlTemplate\":\"https:\/\/volcanes.net\/?s={search_term_string}\"},\"query-input\":{\"@type\":\"PropertyValueSpecification\",\"valueRequired\":true,\"valueName\":\"search_term_string\"}}],\"inLanguage\":\"es\"},{\"@type\":\"Organization\",\"@id\":\"https:\/\/volcanes.net\/#organization\",\"name\":\"Grupo Volcanes\",\"url\":\"https:\/\/volcanes.net\/\",\"logo\":{\"@type\":\"ImageObject\",\"inLanguage\":\"es\",\"@id\":\"https:\/\/volcanes.net\/#\/schema\/logo\/image\/\",\"url\":\"http:\/\/volcanes.net\/wp-content\/uploads\/2017\/12\/Avatar2.jpg\",\"contentUrl\":\"http:\/\/volcanes.net\/wp-content\/uploads\/2017\/12\/Avatar2.jpg\",\"width\":378,\"height\":378,\"caption\":\"Grupo Volcanes\"},\"image\":{\"@id\":\"https:\/\/volcanes.net\/#\/schema\/logo\/image\/\"},\"sameAs\":[\"https:\/\/www.facebook.com\/volcanes.net\/\"]},{\"@type\":\"Person\",\"@id\":\"https:\/\/volcanes.net\/#\/schema\/person\/4bf0f383940966a4abd53f5048c0e6b9\",\"name\":\"admin\",\"image\":{\"@type\":\"ImageObject\",\"inLanguage\":\"es\",\"@id\":\"https:\/\/volcanes.net\/#\/schema\/person\/image\/\",\"url\":\"https:\/\/secure.gravatar.com\/avatar\/ca004e6cba8462b8cb7abc86e382930c?s=96&d=mm&r=g\",\"contentUrl\":\"https:\/\/secure.gravatar.com\/avatar\/ca004e6cba8462b8cb7abc86e382930c?s=96&d=mm&r=g\",\"caption\":\"admin\"}}]}<\/script>\n<!-- \/ Yoast SEO plugin. -->","yoast_head_json":{"title":"Inicia la nueva administraci\u00f3n municipal de Ozumba - Volcanes","robots":{"index":"index","follow":"follow","max-snippet":"max-snippet:-1","max-image-preview":"max-image-preview:large","max-video-preview":"max-video-preview:-1"},"canonical":"https:\/\/volcanes.net\/?p=3079","og_locale":"es_MX","og_type":"article","og_title":"Inicia la nueva administraci\u00f3n municipal de Ozumba - Volcanes","og_description":"Ozumba Estado de M\u00e9xico a 1 de enero de 2018.- La ma\u00f1ana de este martes,","og_url":"https:\/\/volcanes.net\/?p=3079","og_site_name":"Volcanes","article_publisher":"https:\/\/www.facebook.com\/volcanes.net\/","article_published_time":"2019-01-01T23:46:26+00:00","og_image":[{"width":1280,"height":853,"url":"https:\/\/volcanes.net\/wp-content\/uploads\/2019\/01\/IMG-20190101-WA0002.jpg","type":"image\/jpeg"}],"author":"admin","twitter_card":"summary_large_image","twitter_misc":{"Escrito por":"admin","Tiempo de lectura":"2 minutos"},"schema":{"@context":"https:\/\/schema.org","@graph":[{"@type":"Article","@id":"https:\/\/volcanes.net\/?p=3079#article","isPartOf":{"@id":"https:\/\/volcanes.net\/?p=3079"},"author":{"name":"admin","@id":"https:\/\/volcanes.net\/#\/schema\/person\/4bf0f383940966a4abd53f5048c0e6b9"},"headline":"Inicia la nueva administraci\u00f3n municipal de Ozumba","datePublished":"2019-01-01T23:46:26+00:00","mainEntityOfPage":{"@id":"https:\/\/volcanes.net\/?p=3079"},"wordCount":409,"commentCount":0,"publisher":{"@id":"https:\/\/volcanes.net\/#organization"},"image":{"@id":"https:\/\/volcanes.net\/?p=3079#primaryimage"},"thumbnailUrl":"https:\/\/volcanes.net\/wp-content\/uploads\/2019\/01\/IMG-20190101-WA0002.jpg","keywords":["Ozumba"],"articleSection":["Municipales"],"inLanguage":"es","potentialAction":[{"@type":"CommentAction","name":"Comment","target":["https:\/\/volcanes.net\/?p=3079#respond"]}]},{"@type":"WebPage","@id":"https:\/\/volcanes.net\/?p=3079","url":"https:\/\/volcanes.net\/?p=3079","name":"Inicia la nueva administraci\u00f3n municipal de Ozumba - Volcanes","isPartOf":{"@id":"https:\/\/volcanes.net\/#website"},"primaryImageOfPage":{"@id":"https:\/\/volcanes.net\/?p=3079#primaryimage"},"image":{"@id":"https:\/\/volcanes.net\/?p=3079#primaryimage"},"thumbnailUrl":"https:\/\/volcanes.net\/wp-content\/uploads\/2019\/01\/IMG-20190101-WA0002.jpg","datePublished":"2019-01-01T23:46:26+00:00","breadcrumb":{"@id":"https:\/\/volcanes.net\/?p=3079#breadcrumb"},"inLanguage":"es","potentialAction":[{"@type":"ReadAction","target":["https:\/\/volcanes.net\/?p=3079"]}]},{"@type":"ImageObject","inLanguage":"es","@id":"https:\/\/volcanes.net\/?p=3079#primaryimage","url":"https:\/\/volcanes.net\/wp-content\/uploads\/2019\/01\/IMG-20190101-WA0002.jpg","contentUrl":"https:\/\/volcanes.net\/wp-content\/uploads\/2019\/01\/IMG-20190101-WA0002.jpg","width":1280,"height":853},{"@type":"BreadcrumbList","@id":"https:\/\/volcanes.net\/?p=3079#breadcrumb","itemListElement":[{"@type":"ListItem","position":1,"name":"Portada","item":"https:\/\/volcanes.net\/"},{"@type":"ListItem","position":2,"name":"Inicia la nueva administraci\u00f3n municipal de Ozumba"}]},{"@type":"WebSite","@id":"https:\/\/volcanes.net\/#website","url":"https:\/\/volcanes.net\/","name":"Volcanes.Net","description":"Periodismo Profesional","publisher":{"@id":"https:\/\/volcanes.net\/#organization"},"potentialAction":[{"@type":"SearchAction","target":{"@type":"EntryPoint","urlTemplate":"https:\/\/volcanes.net\/?s={search_term_string}"},"query-input":{"@type":"PropertyValueSpecification","valueRequired":true,"valueName":"search_term_string"}}],"inLanguage":"es"},{"@type":"Organization","@id":"https:\/\/volcanes.net\/#organization","name":"Grupo Volcanes","url":"https:\/\/volcanes.net\/","logo":{"@type":"ImageObject","inLanguage":"es","@id":"https:\/\/volcanes.net\/#\/schema\/logo\/image\/","url":"http:\/\/volcanes.net\/wp-content\/uploads\/2017\/12\/Avatar2.jpg","contentUrl":"http:\/\/volcanes.net\/wp-content\/uploads\/2017\/12\/Avatar2.jpg","width":378,"height":378,"caption":"Grupo Volcanes"},"image":{"@id":"https:\/\/volcanes.net\/#\/schema\/logo\/image\/"},"sameAs":["https:\/\/www.facebook.com\/volcanes.net\/"]},{"@type":"Person","@id":"https:\/\/volcanes.net\/#\/schema\/person\/4bf0f383940966a4abd53f5048c0e6b9","name":"admin","image":{"@type":"ImageObject","inLanguage":"es","@id":"https:\/\/volcanes.net\/#\/schema\/person\/image\/","url":"https:\/\/secure.gravatar.com\/avatar\/ca004e6cba8462b8cb7abc86e382930c?s=96&d=mm&r=g","contentUrl":"https:\/\/secure.gravatar.com\/avatar\/ca004e6cba8462b8cb7abc86e382930c?s=96&d=mm&r=g","caption":"admin"}}]}},"_links":{"self":[{"href":"https:\/\/volcanes.net\/index.php?rest_route=\/wp\/v2\/posts\/3079"}],"collection":[{"href":"https:\/\/volcanes.net\/index.php?rest_route=\/wp\/v2\/posts"}],"about":[{"href":"https:\/\/volcanes.net\/index.php?rest_route=\/wp\/v2\/types\/post"}],"author":[{"embeddable":true,"href":"https:\/\/volcanes.net\/index.php?rest_route=\/wp\/v2\/users\/1"}],"replies":[{"embeddable":true,"href":"https:\/\/volcanes.net\/index.php?rest_route=%2Fwp%2Fv2%2Fcomments&post=3079"}],"version-history":[{"count":1,"href":"https:\/\/volcanes.net\/index.php?rest_route=\/wp\/v2\/posts\/3079\/revisions"}],"predecessor-version":[{"id":3080,"href":"https:\/\/volcanes.net\/index.php?rest_route=\/wp\/v2\/posts\/3079\/revisions\/3080"}],"wp:featuredmedia":[{"embeddable":true,"href":"https:\/\/volcanes.net\/index.php?rest_route=\/wp\/v2\/media\/3078"}],"wp:attachment":[{"href":"https:\/\/volcanes.net\/index.php?rest_route=%2Fwp%2Fv2%2Fmedia&parent=3079"}],"wp:term":[{"taxonomy":"category","embeddable":true,"href":"https:\/\/volcanes.net\/index.php?rest_route=%2Fwp%2Fv2%2Fcategories&post=3079"},{"taxonomy":"post_tag","embeddable":true,"href":"https:\/\/volcanes.net\/index.php?rest_route=%2Fwp%2Fv2%2Ftags&post=3079"}],"curies":[{"name":"wp","href":"https:\/\/api.w.org\/{rel}","templated":true}]}}