{"id":3082,"date":"2019-01-02T03:29:09","date_gmt":"2019-01-02T03:29:09","guid":{"rendered":"http:\/\/volcanes.net\/?p=3082"},"modified":"2019-01-02T03:29:09","modified_gmt":"2019-01-02T03:29:09","slug":"cabildo-de-juchitepec-rechaza-propuestas-del-edil-felipe-mejia","status":"publish","type":"post","link":"https:\/\/volcanes.net\/?p=3082","title":{"rendered":"Cabildo de Juchitepec, rechaza propuestas del edil Felipe Mej\u00eda"},"content":{"rendered":"<div style=\"margin-top: 0px; margin-bottom: 0px;\" class=\"sharethis-inline-share-buttons\" ><\/div><p>* En un acto de coherencia y demostrando su compromiso con su pueblo, S\u00edndico y Regidores no le aprueban nada al edil.<\/p>\n<p>Por Ricardo Espejel.<\/p>\n<p>Juchitepec, M\u00e9x.&#8212; Habitantes de este municipio se alistan para reunirse en las oficinas de la alcald\u00eda para respaldar al S\u00edndico y Regidores que rechazaron tajantemente la propuesta del mun\u00edcipe, Felipe Mej\u00eda, para que Israel Hern\u00e1ndez Vallejo fuera designado como Secretario del Ayuntamiento.<\/p>\n<p>Ello porque los integrantes del Cabildo no est\u00e1n de acuerdo con esta propuesta ya que Israel Hern\u00e1ndez es un conocido militante del Partido Revolucionario Institucional (PRI) y empleado cercano del ex diputado local y ex edil de Chalco, Francisco Osorno Sober\u00f3n.<\/p>\n<p>Los valientes integrantes del Ayuntamiento tambi\u00e9n rechazaron las propuestas de Maribel Burgos como Tesorera; Claudia Segovia como Contralora y Eduardo Ib\u00e1\u00f1ez como director de Obras P\u00fablicas. De igual forma no aprobar\u00e1n las designaciones del director de seguridad p\u00fablica, protecci\u00f3n civil, gobierno, servicios p\u00fablicos y del administrador del relleno sanitario.<\/p>\n<p>Los integrantes del Ayuntamiento le exigieron de entrada al edil Felipe Mejia, de afiliaci\u00f3n al Partido Encuentro Social (PES) y que gan\u00f3 la elecci\u00f3n por la coalici\u00f3n Juntos Haremos Historia (MORENA-PES-PT) que cumpla con su ofrecimiento de hacer el primer Cabildo p\u00fablico para designar a sus funcionarios municipales.<\/p>\n<p>Lo segundo es que los regidores exigen que para los cargos de Directores sean designado ciudadanos oriundos de Juchitepec y no traer a gente de Chalco ni de la Ciudad de M\u00e9xico. Mucho menos que sean identificados como priistas, ya que contra ellos vot\u00f3 la gente el pasado 1 de julio.<\/p>\n<p>La sesi\u00f3n de Cabildo se suspendi\u00f3 ante el rechazo de los integrantes del Ayuntamiento para la designaci\u00f3n del Secretario y por ende no pudo continuar la misma.<\/p>\n<p>Vecinos se organizan para acudir a la alcald\u00eda a exigir que Felipe Mejia cumpla con sus ofrecimientos de campa\u00f1a y a mostrar su respaldo total al S\u00edndico y Regidores para que no aprueben a gente de fuera y con mala reputaci\u00f3n como Secretario y Directores.<\/p>\n<p>En las redes sociales los habitantes muestran su repudio y rechazo a estas propuestas y vinculan a gente de otros partidos como los beneficiarios del triunfo de Morena en la elecci\u00f3n pasada.<\/p>\n","protected":false},"excerpt":{"rendered":"<p>* En un acto de coherencia y demostrando su compromiso con su pueblo, S\u00edndico y<\/p>\n","protected":false},"author":1,"featured_media":3081,"comment_status":"open","ping_status":"open","sticky":false,"template":"","format":"standard","meta":{"footnotes":""},"categories":[1],"tags":[179],"class_list":["post-3082","post","type-post","status-publish","format-standard","has-post-thumbnail","hentry","category-municipales","tag-juchitepec"],"yoast_head":"<!-- This site is optimized with the Yoast SEO plugin v25.3 - https:\/\/yoast.com\/wordpress\/plugins\/seo\/ -->\n<title>Cabildo de Juchitepec, rechaza propuestas del edil Felipe Mej\u00eda - Volcanes<\/title>\n<meta name=\"robots\" content=\"index, follow, max-snippet:-1, max-image-preview:large, max-video-preview:-1\" \/>\n<link rel=\"canonical\" href=\"https:\/\/volcanes.net\/?p=3082\" \/>\n<meta property=\"og:locale\" content=\"es_MX\" \/>\n<meta property=\"og:type\" content=\"article\" \/>\n<meta property=\"og:title\" content=\"Cabildo de Juchitepec, rechaza propuestas del edil Felipe Mej\u00eda - Volcanes\" \/>\n<meta property=\"og:description\" content=\"* En un acto de coherencia y demostrando su compromiso con su pueblo, S\u00edndico y\" \/>\n<meta property=\"og:url\" content=\"https:\/\/volcanes.net\/?p=3082\" \/>\n<meta property=\"og:site_name\" content=\"Volcanes\" \/>\n<meta property=\"article:publisher\" content=\"https:\/\/www.facebook.com\/volcanes.net\/\" \/>\n<meta property=\"article:published_time\" content=\"2019-01-02T03:29:09+00:00\" \/>\n<meta property=\"og:image\" content=\"https:\/\/volcanes.net\/wp-content\/uploads\/2019\/01\/FB_IMG_1546397541498.jpg\" \/>\n\t<meta property=\"og:image:width\" content=\"720\" \/>\n\t<meta property=\"og:image:height\" content=\"540\" \/>\n\t<meta property=\"og:image:type\" content=\"image\/jpeg\" \/>\n<meta name=\"author\" content=\"admin\" \/>\n<meta name=\"twitter:card\" content=\"summary_large_image\" \/>\n<meta name=\"twitter:label1\" content=\"Escrito por\" \/>\n\t<meta name=\"twitter:data1\" content=\"admin\" \/>\n\t<meta name=\"twitter:label2\" content=\"Tiempo de lectura\" \/>\n\t<meta name=\"twitter:data2\" content=\"2 minutos\" \/>\n<script type=\"application\/ld+json\" class=\"yoast-schema-graph\">{\"@context\":\"https:\/\/schema.org\",\"@graph\":[{\"@type\":\"Article\",\"@id\":\"https:\/\/volcanes.net\/?p=3082#article\",\"isPartOf\":{\"@id\":\"https:\/\/volcanes.net\/?p=3082\"},\"author\":{\"name\":\"admin\",\"@id\":\"https:\/\/volcanes.net\/#\/schema\/person\/4bf0f383940966a4abd53f5048c0e6b9\"},\"headline\":\"Cabildo de Juchitepec, rechaza propuestas del edil Felipe Mej\u00eda\",\"datePublished\":\"2019-01-02T03:29:09+00:00\",\"mainEntityOfPage\":{\"@id\":\"https:\/\/volcanes.net\/?p=3082\"},\"wordCount\":398,\"commentCount\":0,\"publisher\":{\"@id\":\"https:\/\/volcanes.net\/#organization\"},\"image\":{\"@id\":\"https:\/\/volcanes.net\/?p=3082#primaryimage\"},\"thumbnailUrl\":\"https:\/\/volcanes.net\/wp-content\/uploads\/2019\/01\/FB_IMG_1546397541498.jpg\",\"keywords\":[\"Juchitepec\"],\"articleSection\":[\"Municipales\"],\"inLanguage\":\"es\",\"potentialAction\":[{\"@type\":\"CommentAction\",\"name\":\"Comment\",\"target\":[\"https:\/\/volcanes.net\/?p=3082#respond\"]}]},{\"@type\":\"WebPage\",\"@id\":\"https:\/\/volcanes.net\/?p=3082\",\"url\":\"https:\/\/volcanes.net\/?p=3082\",\"name\":\"Cabildo de Juchitepec, rechaza propuestas del edil Felipe Mej\u00eda - Volcanes\",\"isPartOf\":{\"@id\":\"https:\/\/volcanes.net\/#website\"},\"primaryImageOfPage\":{\"@id\":\"https:\/\/volcanes.net\/?p=3082#primaryimage\"},\"image\":{\"@id\":\"https:\/\/volcanes.net\/?p=3082#primaryimage\"},\"thumbnailUrl\":\"https:\/\/volcanes.net\/wp-content\/uploads\/2019\/01\/FB_IMG_1546397541498.jpg\",\"datePublished\":\"2019-01-02T03:29:09+00:00\",\"breadcrumb\":{\"@id\":\"https:\/\/volcanes.net\/?p=3082#breadcrumb\"},\"inLanguage\":\"es\",\"potentialAction\":[{\"@type\":\"ReadAction\",\"target\":[\"https:\/\/volcanes.net\/?p=3082\"]}]},{\"@type\":\"ImageObject\",\"inLanguage\":\"es\",\"@id\":\"https:\/\/volcanes.net\/?p=3082#primaryimage\",\"url\":\"https:\/\/volcanes.net\/wp-content\/uploads\/2019\/01\/FB_IMG_1546397541498.jpg\",\"contentUrl\":\"https:\/\/volcanes.net\/wp-content\/uploads\/2019\/01\/FB_IMG_1546397541498.jpg\",\"width\":720,\"height\":540},{\"@type\":\"BreadcrumbList\",\"@id\":\"https:\/\/volcanes.net\/?p=3082#breadcrumb\",\"itemListElement\":[{\"@type\":\"ListItem\",\"position\":1,\"name\":\"Portada\",\"item\":\"https:\/\/volcanes.net\/\"},{\"@type\":\"ListItem\",\"position\":2,\"name\":\"Cabildo de Juchitepec, rechaza propuestas del edil Felipe Mej\u00eda\"}]},{\"@type\":\"WebSite\",\"@id\":\"https:\/\/volcanes.net\/#website\",\"url\":\"https:\/\/volcanes.net\/\",\"name\":\"Volcanes.Net\",\"description\":\"Periodismo Profesional\",\"publisher\":{\"@id\":\"https:\/\/volcanes.net\/#organization\"},\"potentialAction\":[{\"@type\":\"SearchAction\",\"target\":{\"@type\":\"EntryPoint\",\"urlTemplate\":\"https:\/\/volcanes.net\/?s={search_term_string}\"},\"query-input\":{\"@type\":\"PropertyValueSpecification\",\"valueRequired\":true,\"valueName\":\"search_term_string\"}}],\"inLanguage\":\"es\"},{\"@type\":\"Organization\",\"@id\":\"https:\/\/volcanes.net\/#organization\",\"name\":\"Grupo Volcanes\",\"url\":\"https:\/\/volcanes.net\/\",\"logo\":{\"@type\":\"ImageObject\",\"inLanguage\":\"es\",\"@id\":\"https:\/\/volcanes.net\/#\/schema\/logo\/image\/\",\"url\":\"http:\/\/volcanes.net\/wp-content\/uploads\/2017\/12\/Avatar2.jpg\",\"contentUrl\":\"http:\/\/volcanes.net\/wp-content\/uploads\/2017\/12\/Avatar2.jpg\",\"width\":378,\"height\":378,\"caption\":\"Grupo Volcanes\"},\"image\":{\"@id\":\"https:\/\/volcanes.net\/#\/schema\/logo\/image\/\"},\"sameAs\":[\"https:\/\/www.facebook.com\/volcanes.net\/\"]},{\"@type\":\"Person\",\"@id\":\"https:\/\/volcanes.net\/#\/schema\/person\/4bf0f383940966a4abd53f5048c0e6b9\",\"name\":\"admin\",\"image\":{\"@type\":\"ImageObject\",\"inLanguage\":\"es\",\"@id\":\"https:\/\/volcanes.net\/#\/schema\/person\/image\/\",\"url\":\"https:\/\/secure.gravatar.com\/avatar\/ca004e6cba8462b8cb7abc86e382930c?s=96&d=mm&r=g\",\"contentUrl\":\"https:\/\/secure.gravatar.com\/avatar\/ca004e6cba8462b8cb7abc86e382930c?s=96&d=mm&r=g\",\"caption\":\"admin\"}}]}<\/script>\n<!-- \/ Yoast SEO plugin. -->","yoast_head_json":{"title":"Cabildo de Juchitepec, rechaza propuestas del edil Felipe Mej\u00eda - Volcanes","robots":{"index":"index","follow":"follow","max-snippet":"max-snippet:-1","max-image-preview":"max-image-preview:large","max-video-preview":"max-video-preview:-1"},"canonical":"https:\/\/volcanes.net\/?p=3082","og_locale":"es_MX","og_type":"article","og_title":"Cabildo de Juchitepec, rechaza propuestas del edil Felipe Mej\u00eda - Volcanes","og_description":"* En un acto de coherencia y demostrando su compromiso con su pueblo, S\u00edndico y","og_url":"https:\/\/volcanes.net\/?p=3082","og_site_name":"Volcanes","article_publisher":"https:\/\/www.facebook.com\/volcanes.net\/","article_published_time":"2019-01-02T03:29:09+00:00","og_image":[{"width":720,"height":540,"url":"https:\/\/volcanes.net\/wp-content\/uploads\/2019\/01\/FB_IMG_1546397541498.jpg","type":"image\/jpeg"}],"author":"admin","twitter_card":"summary_large_image","twitter_misc":{"Escrito por":"admin","Tiempo de lectura":"2 minutos"},"schema":{"@context":"https:\/\/schema.org","@graph":[{"@type":"Article","@id":"https:\/\/volcanes.net\/?p=3082#article","isPartOf":{"@id":"https:\/\/volcanes.net\/?p=3082"},"author":{"name":"admin","@id":"https:\/\/volcanes.net\/#\/schema\/person\/4bf0f383940966a4abd53f5048c0e6b9"},"headline":"Cabildo de Juchitepec, rechaza propuestas del edil Felipe Mej\u00eda","datePublished":"2019-01-02T03:29:09+00:00","mainEntityOfPage":{"@id":"https:\/\/volcanes.net\/?p=3082"},"wordCount":398,"commentCount":0,"publisher":{"@id":"https:\/\/volcanes.net\/#organization"},"image":{"@id":"https:\/\/volcanes.net\/?p=3082#primaryimage"},"thumbnailUrl":"https:\/\/volcanes.net\/wp-content\/uploads\/2019\/01\/FB_IMG_1546397541498.jpg","keywords":["Juchitepec"],"articleSection":["Municipales"],"inLanguage":"es","potentialAction":[{"@type":"CommentAction","name":"Comment","target":["https:\/\/volcanes.net\/?p=3082#respond"]}]},{"@type":"WebPage","@id":"https:\/\/volcanes.net\/?p=3082","url":"https:\/\/volcanes.net\/?p=3082","name":"Cabildo de Juchitepec, rechaza propuestas del edil Felipe Mej\u00eda - Volcanes","isPartOf":{"@id":"https:\/\/volcanes.net\/#website"},"primaryImageOfPage":{"@id":"https:\/\/volcanes.net\/?p=3082#primaryimage"},"image":{"@id":"https:\/\/volcanes.net\/?p=3082#primaryimage"},"thumbnailUrl":"https:\/\/volcanes.net\/wp-content\/uploads\/2019\/01\/FB_IMG_1546397541498.jpg","datePublished":"2019-01-02T03:29:09+00:00","breadcrumb":{"@id":"https:\/\/volcanes.net\/?p=3082#breadcrumb"},"inLanguage":"es","potentialAction":[{"@type":"ReadAction","target":["https:\/\/volcanes.net\/?p=3082"]}]},{"@type":"ImageObject","inLanguage":"es","@id":"https:\/\/volcanes.net\/?p=3082#primaryimage","url":"https:\/\/volcanes.net\/wp-content\/uploads\/2019\/01\/FB_IMG_1546397541498.jpg","contentUrl":"https:\/\/volcanes.net\/wp-content\/uploads\/2019\/01\/FB_IMG_1546397541498.jpg","width":720,"height":540},{"@type":"BreadcrumbList","@id":"https:\/\/volcanes.net\/?p=3082#breadcrumb","itemListElement":[{"@type":"ListItem","position":1,"name":"Portada","item":"https:\/\/volcanes.net\/"},{"@type":"ListItem","position":2,"name":"Cabildo de Juchitepec, rechaza propuestas del edil Felipe Mej\u00eda"}]},{"@type":"WebSite","@id":"https:\/\/volcanes.net\/#website","url":"https:\/\/volcanes.net\/","name":"Volcanes.Net","description":"Periodismo Profesional","publisher":{"@id":"https:\/\/volcanes.net\/#organization"},"potentialAction":[{"@type":"SearchAction","target":{"@type":"EntryPoint","urlTemplate":"https:\/\/volcanes.net\/?s={search_term_string}"},"query-input":{"@type":"PropertyValueSpecification","valueRequired":true,"valueName":"search_term_string"}}],"inLanguage":"es"},{"@type":"Organization","@id":"https:\/\/volcanes.net\/#organization","name":"Grupo Volcanes","url":"https:\/\/volcanes.net\/","logo":{"@type":"ImageObject","inLanguage":"es","@id":"https:\/\/volcanes.net\/#\/schema\/logo\/image\/","url":"http:\/\/volcanes.net\/wp-content\/uploads\/2017\/12\/Avatar2.jpg","contentUrl":"http:\/\/volcanes.net\/wp-content\/uploads\/2017\/12\/Avatar2.jpg","width":378,"height":378,"caption":"Grupo Volcanes"},"image":{"@id":"https:\/\/volcanes.net\/#\/schema\/logo\/image\/"},"sameAs":["https:\/\/www.facebook.com\/volcanes.net\/"]},{"@type":"Person","@id":"https:\/\/volcanes.net\/#\/schema\/person\/4bf0f383940966a4abd53f5048c0e6b9","name":"admin","image":{"@type":"ImageObject","inLanguage":"es","@id":"https:\/\/volcanes.net\/#\/schema\/person\/image\/","url":"https:\/\/secure.gravatar.com\/avatar\/ca004e6cba8462b8cb7abc86e382930c?s=96&d=mm&r=g","contentUrl":"https:\/\/secure.gravatar.com\/avatar\/ca004e6cba8462b8cb7abc86e382930c?s=96&d=mm&r=g","caption":"admin"}}]}},"_links":{"self":[{"href":"https:\/\/volcanes.net\/index.php?rest_route=\/wp\/v2\/posts\/3082"}],"collection":[{"href":"https:\/\/volcanes.net\/index.php?rest_route=\/wp\/v2\/posts"}],"about":[{"href":"https:\/\/volcanes.net\/index.php?rest_route=\/wp\/v2\/types\/post"}],"author":[{"embeddable":true,"href":"https:\/\/volcanes.net\/index.php?rest_route=\/wp\/v2\/users\/1"}],"replies":[{"embeddable":true,"href":"https:\/\/volcanes.net\/index.php?rest_route=%2Fwp%2Fv2%2Fcomments&post=3082"}],"version-history":[{"count":1,"href":"https:\/\/volcanes.net\/index.php?rest_route=\/wp\/v2\/posts\/3082\/revisions"}],"predecessor-version":[{"id":3083,"href":"https:\/\/volcanes.net\/index.php?rest_route=\/wp\/v2\/posts\/3082\/revisions\/3083"}],"wp:featuredmedia":[{"embeddable":true,"href":"https:\/\/volcanes.net\/index.php?rest_route=\/wp\/v2\/media\/3081"}],"wp:attachment":[{"href":"https:\/\/volcanes.net\/index.php?rest_route=%2Fwp%2Fv2%2Fmedia&parent=3082"}],"wp:term":[{"taxonomy":"category","embeddable":true,"href":"https:\/\/volcanes.net\/index.php?rest_route=%2Fwp%2Fv2%2Fcategories&post=3082"},{"taxonomy":"post_tag","embeddable":true,"href":"https:\/\/volcanes.net\/index.php?rest_route=%2Fwp%2Fv2%2Ftags&post=3082"}],"curies":[{"name":"wp","href":"https:\/\/api.w.org\/{rel}","templated":true}]}}