{"id":3087,"date":"2019-01-02T14:04:01","date_gmt":"2019-01-02T14:04:01","guid":{"rendered":"http:\/\/volcanes.net\/?p=3087"},"modified":"2019-01-02T14:04:01","modified_gmt":"2019-01-02T14:04:01","slug":"trabajo-unidad-y-desarrollo-por-encima-de-individualismos-maricela-serrano","status":"publish","type":"post","link":"https:\/\/volcanes.net\/?p=3087","title":{"rendered":"Trabajo, unidad y desarrollo, por encima de individualismos: Maricela Serrano"},"content":{"rendered":"<div style=\"margin-top: 0px; margin-bottom: 0px;\" class=\"sharethis-inline-share-buttons\" ><\/div><p>Ixtapaluca, Estado de M\u00e9xico, a 1 de enero del 2019<\/p>\n<p>*Se llev\u00f3 a cabo la toma de posesi\u00f3n del nuevo gobierno municipal de Ixtapaluca para el trienio 2019-2021<br \/>\nEn tranquilidad se llev\u00f3 a cabo en Ixtapaluca la transici\u00f3n de gobierno municipal de Ixtapaluca para el periodo 2019-2021, encabezado por la alcaldesa Maricela Serrano Hern\u00e1ndez, quien hizo el llamado a vencer las redes del individualismo y envidia para continuar abonando al progreso, con el \u00fanico objetivo de servir y beneficiar a los ixtapaluquenses.<br \/>\nEn el primer minuto del 1 de enero, y en presencia de vecinos, se llev\u00f3 a cabo la ceremonia c\u00edvica de cambio de mando policiaco de la Direcci\u00f3n de Seguridad Ciudadana y Tr\u00e1nsito Municipal, que estar\u00e1 a cargo del comandante Leonel Bastida Esquivel, quien horas m\u00e1s tarde fue ratificado por el Cabildo municipal.<br \/>\nSerrano Hern\u00e1ndez afirm\u00f3: \u201cno perderemos ning\u00fan minuto para trabajar, y segura estoy que lo haremos como ustedes dispongan, mientras todos nuestros objetivos confluyan en el bien com\u00fan y bienestar social, exista la paz y armon\u00eda en Ixtapaluca\u201d.<br \/>\nEnfatiz\u00f3 que se han sentado los cimientos del progreso, las elecciones quedaron atr\u00e1s, y delante vendr\u00e1n retos fuertes, pero las ganas de trabajar son inmensas, mismas que se sostienen en la solidaridad, pero sobre todo en la unidad de miles de vecinos y vecinas en torno a un proyecto de gobierno honrado que ha demostrado resultados.<br \/>\nSe pronunci\u00f3 a favor de una mejor distribuci\u00f3n del gasto social en beneficio de las colonias populares, en aras del desarrollo integral que permita no s\u00f3lo mejores servicios, sino la consolidaci\u00f3n del hombre nuevo con la promoci\u00f3n de la cultura y el deporte.<br \/>\nPor la ma\u00f1ana del 1 de enero y como lo dispone la Ley Org\u00e1nica Municipal del Estado de M\u00e9xico se realiz\u00f3 la primera sesi\u00f3n de Cabildo en la que qued\u00f3 leg\u00edtimamente instalado el Honorable Ayuntamiento para el trienio 2019-2021, y en la que fueron votadas y aceptadas las propuestas para las titularidades de direcciones y unidades que integrar\u00e1n la administraci\u00f3n p\u00fablica.<br \/>\nDe esta forma, al frente de la Secretar\u00eda del Ayuntamiento estar\u00e1 Armando Ram\u00edrez; Tesorer\u00eda, Yazm\u00edn L\u00f3pez Castellanos; Contralor\u00eda, Edna Ireta Aceves; Obras P\u00fablicas, Jorge S\u00e1nchez Bonilla; Desarrollo Urbano, C\u00e9sar Nieto Alan\u00eds; Organismo Descentralizado de Agua Potable y Saneamiento (ODAPAS), Maier Mu\u00f1oz; Sistema para el Desarrollo Integral de la Familia (DIF), Y\u00e9ssica Sara\u00ed Gonz\u00e1lez Figueroa.<br \/>\nEn el Instituto Municipal de Cultura F\u00edsica y Deporte estar\u00e1 Armando Archundia; Secretar\u00eda T\u00e9cnica, Astrid Arregu\u00edn; Direcci\u00f3n General de Planeaci\u00f3n, Evaluaci\u00f3n y Seguimiento, Mario Bautista; Direcci\u00f3n Jur\u00eddica, Tania L\u00f3pez Tepetzi; Direcci\u00f3n de Salud, Javier Obreg\u00f3n; Direcci\u00f3n de Desarrollo Social y Territorial, Mireya Guerrero; Instituto Municipal de la Juventud, Jes\u00fas Hern\u00e1ndez; Instituto para la Protecci\u00f3n de los Derechos de la Mujer, Rosario Arias y en la Unidad de Transparencia y Acceso a la Informaci\u00f3n P\u00fablica, Carlos L\u00e1zaro Cruz.<br \/>\nEn presencia de representantes del \u00d3rgano Superior de Fiscalizaci\u00f3n del Estado de M\u00e9xico (OSFEM), se llev\u00f3 a cabo la entrega recepci\u00f3n de la documentaci\u00f3n de la administraci\u00f3n municipal saliente que encabez\u00f3 Y\u00e9ssica Sara\u00ed G\u00f3nzalez Figueroa y la alcaldesa actual, Maricela Serrano Hern\u00e1ndez.<br \/>\n&#8211;<\/p>\n","protected":false},"excerpt":{"rendered":"<p>Ixtapaluca, Estado de M\u00e9xico, a 1 de enero del 2019 *Se llev\u00f3 a cabo la<\/p>\n","protected":false},"author":1,"featured_media":3086,"comment_status":"open","ping_status":"open","sticky":false,"template":"","format":"standard","meta":{"footnotes":""},"categories":[1],"tags":[6],"class_list":["post-3087","post","type-post","status-publish","format-standard","has-post-thumbnail","hentry","category-municipales","tag-ixtapaluca"],"yoast_head":"<!-- This site is optimized with the Yoast SEO plugin v25.3 - https:\/\/yoast.com\/wordpress\/plugins\/seo\/ -->\n<title>Trabajo, unidad y desarrollo, por encima de individualismos: Maricela Serrano - Volcanes<\/title>\n<meta name=\"robots\" content=\"index, follow, max-snippet:-1, max-image-preview:large, max-video-preview:-1\" \/>\n<link rel=\"canonical\" href=\"https:\/\/volcanes.net\/?p=3087\" \/>\n<meta property=\"og:locale\" content=\"es_MX\" \/>\n<meta property=\"og:type\" content=\"article\" \/>\n<meta property=\"og:title\" content=\"Trabajo, unidad y desarrollo, por encima de individualismos: Maricela Serrano - Volcanes\" \/>\n<meta property=\"og:description\" content=\"Ixtapaluca, Estado de M\u00e9xico, a 1 de enero del 2019 *Se llev\u00f3 a cabo la\" \/>\n<meta property=\"og:url\" content=\"https:\/\/volcanes.net\/?p=3087\" \/>\n<meta property=\"og:site_name\" content=\"Volcanes\" \/>\n<meta property=\"article:publisher\" content=\"https:\/\/www.facebook.com\/volcanes.net\/\" \/>\n<meta property=\"article:published_time\" content=\"2019-01-02T14:04:01+00:00\" \/>\n<meta property=\"og:image\" content=\"https:\/\/volcanes.net\/wp-content\/uploads\/2019\/01\/FB_IMG_1546437758909.jpg\" \/>\n\t<meta property=\"og:image:width\" content=\"612\" \/>\n\t<meta property=\"og:image:height\" content=\"408\" \/>\n\t<meta property=\"og:image:type\" content=\"image\/jpeg\" \/>\n<meta name=\"author\" content=\"admin\" \/>\n<meta name=\"twitter:card\" content=\"summary_large_image\" \/>\n<meta name=\"twitter:label1\" content=\"Escrito por\" \/>\n\t<meta name=\"twitter:data1\" content=\"admin\" \/>\n\t<meta name=\"twitter:label2\" content=\"Tiempo de lectura\" \/>\n\t<meta name=\"twitter:data2\" content=\"3 minutos\" \/>\n<script type=\"application\/ld+json\" class=\"yoast-schema-graph\">{\"@context\":\"https:\/\/schema.org\",\"@graph\":[{\"@type\":\"Article\",\"@id\":\"https:\/\/volcanes.net\/?p=3087#article\",\"isPartOf\":{\"@id\":\"https:\/\/volcanes.net\/?p=3087\"},\"author\":{\"name\":\"admin\",\"@id\":\"https:\/\/volcanes.net\/#\/schema\/person\/4bf0f383940966a4abd53f5048c0e6b9\"},\"headline\":\"Trabajo, unidad y desarrollo, por encima de individualismos: Maricela Serrano\",\"datePublished\":\"2019-01-02T14:04:01+00:00\",\"mainEntityOfPage\":{\"@id\":\"https:\/\/volcanes.net\/?p=3087\"},\"wordCount\":577,\"commentCount\":0,\"publisher\":{\"@id\":\"https:\/\/volcanes.net\/#organization\"},\"image\":{\"@id\":\"https:\/\/volcanes.net\/?p=3087#primaryimage\"},\"thumbnailUrl\":\"https:\/\/volcanes.net\/wp-content\/uploads\/2019\/01\/FB_IMG_1546437758909.jpg\",\"keywords\":[\"Ixtapaluca\"],\"articleSection\":[\"Municipales\"],\"inLanguage\":\"es\",\"potentialAction\":[{\"@type\":\"CommentAction\",\"name\":\"Comment\",\"target\":[\"https:\/\/volcanes.net\/?p=3087#respond\"]}]},{\"@type\":\"WebPage\",\"@id\":\"https:\/\/volcanes.net\/?p=3087\",\"url\":\"https:\/\/volcanes.net\/?p=3087\",\"name\":\"Trabajo, unidad y desarrollo, por encima de individualismos: Maricela Serrano - Volcanes\",\"isPartOf\":{\"@id\":\"https:\/\/volcanes.net\/#website\"},\"primaryImageOfPage\":{\"@id\":\"https:\/\/volcanes.net\/?p=3087#primaryimage\"},\"image\":{\"@id\":\"https:\/\/volcanes.net\/?p=3087#primaryimage\"},\"thumbnailUrl\":\"https:\/\/volcanes.net\/wp-content\/uploads\/2019\/01\/FB_IMG_1546437758909.jpg\",\"datePublished\":\"2019-01-02T14:04:01+00:00\",\"breadcrumb\":{\"@id\":\"https:\/\/volcanes.net\/?p=3087#breadcrumb\"},\"inLanguage\":\"es\",\"potentialAction\":[{\"@type\":\"ReadAction\",\"target\":[\"https:\/\/volcanes.net\/?p=3087\"]}]},{\"@type\":\"ImageObject\",\"inLanguage\":\"es\",\"@id\":\"https:\/\/volcanes.net\/?p=3087#primaryimage\",\"url\":\"https:\/\/volcanes.net\/wp-content\/uploads\/2019\/01\/FB_IMG_1546437758909.jpg\",\"contentUrl\":\"https:\/\/volcanes.net\/wp-content\/uploads\/2019\/01\/FB_IMG_1546437758909.jpg\",\"width\":612,\"height\":408},{\"@type\":\"BreadcrumbList\",\"@id\":\"https:\/\/volcanes.net\/?p=3087#breadcrumb\",\"itemListElement\":[{\"@type\":\"ListItem\",\"position\":1,\"name\":\"Portada\",\"item\":\"https:\/\/volcanes.net\/\"},{\"@type\":\"ListItem\",\"position\":2,\"name\":\"Trabajo, unidad y desarrollo, por encima de individualismos: Maricela Serrano\"}]},{\"@type\":\"WebSite\",\"@id\":\"https:\/\/volcanes.net\/#website\",\"url\":\"https:\/\/volcanes.net\/\",\"name\":\"Volcanes.Net\",\"description\":\"Periodismo Profesional\",\"publisher\":{\"@id\":\"https:\/\/volcanes.net\/#organization\"},\"potentialAction\":[{\"@type\":\"SearchAction\",\"target\":{\"@type\":\"EntryPoint\",\"urlTemplate\":\"https:\/\/volcanes.net\/?s={search_term_string}\"},\"query-input\":{\"@type\":\"PropertyValueSpecification\",\"valueRequired\":true,\"valueName\":\"search_term_string\"}}],\"inLanguage\":\"es\"},{\"@type\":\"Organization\",\"@id\":\"https:\/\/volcanes.net\/#organization\",\"name\":\"Grupo Volcanes\",\"url\":\"https:\/\/volcanes.net\/\",\"logo\":{\"@type\":\"ImageObject\",\"inLanguage\":\"es\",\"@id\":\"https:\/\/volcanes.net\/#\/schema\/logo\/image\/\",\"url\":\"http:\/\/volcanes.net\/wp-content\/uploads\/2017\/12\/Avatar2.jpg\",\"contentUrl\":\"http:\/\/volcanes.net\/wp-content\/uploads\/2017\/12\/Avatar2.jpg\",\"width\":378,\"height\":378,\"caption\":\"Grupo Volcanes\"},\"image\":{\"@id\":\"https:\/\/volcanes.net\/#\/schema\/logo\/image\/\"},\"sameAs\":[\"https:\/\/www.facebook.com\/volcanes.net\/\"]},{\"@type\":\"Person\",\"@id\":\"https:\/\/volcanes.net\/#\/schema\/person\/4bf0f383940966a4abd53f5048c0e6b9\",\"name\":\"admin\",\"image\":{\"@type\":\"ImageObject\",\"inLanguage\":\"es\",\"@id\":\"https:\/\/volcanes.net\/#\/schema\/person\/image\/\",\"url\":\"https:\/\/secure.gravatar.com\/avatar\/ca004e6cba8462b8cb7abc86e382930c?s=96&d=mm&r=g\",\"contentUrl\":\"https:\/\/secure.gravatar.com\/avatar\/ca004e6cba8462b8cb7abc86e382930c?s=96&d=mm&r=g\",\"caption\":\"admin\"}}]}<\/script>\n<!-- \/ Yoast SEO plugin. -->","yoast_head_json":{"title":"Trabajo, unidad y desarrollo, por encima de individualismos: Maricela Serrano - Volcanes","robots":{"index":"index","follow":"follow","max-snippet":"max-snippet:-1","max-image-preview":"max-image-preview:large","max-video-preview":"max-video-preview:-1"},"canonical":"https:\/\/volcanes.net\/?p=3087","og_locale":"es_MX","og_type":"article","og_title":"Trabajo, unidad y desarrollo, por encima de individualismos: Maricela Serrano - Volcanes","og_description":"Ixtapaluca, Estado de M\u00e9xico, a 1 de enero del 2019 *Se llev\u00f3 a cabo la","og_url":"https:\/\/volcanes.net\/?p=3087","og_site_name":"Volcanes","article_publisher":"https:\/\/www.facebook.com\/volcanes.net\/","article_published_time":"2019-01-02T14:04:01+00:00","og_image":[{"width":612,"height":408,"url":"https:\/\/volcanes.net\/wp-content\/uploads\/2019\/01\/FB_IMG_1546437758909.jpg","type":"image\/jpeg"}],"author":"admin","twitter_card":"summary_large_image","twitter_misc":{"Escrito por":"admin","Tiempo de lectura":"3 minutos"},"schema":{"@context":"https:\/\/schema.org","@graph":[{"@type":"Article","@id":"https:\/\/volcanes.net\/?p=3087#article","isPartOf":{"@id":"https:\/\/volcanes.net\/?p=3087"},"author":{"name":"admin","@id":"https:\/\/volcanes.net\/#\/schema\/person\/4bf0f383940966a4abd53f5048c0e6b9"},"headline":"Trabajo, unidad y desarrollo, por encima de individualismos: Maricela Serrano","datePublished":"2019-01-02T14:04:01+00:00","mainEntityOfPage":{"@id":"https:\/\/volcanes.net\/?p=3087"},"wordCount":577,"commentCount":0,"publisher":{"@id":"https:\/\/volcanes.net\/#organization"},"image":{"@id":"https:\/\/volcanes.net\/?p=3087#primaryimage"},"thumbnailUrl":"https:\/\/volcanes.net\/wp-content\/uploads\/2019\/01\/FB_IMG_1546437758909.jpg","keywords":["Ixtapaluca"],"articleSection":["Municipales"],"inLanguage":"es","potentialAction":[{"@type":"CommentAction","name":"Comment","target":["https:\/\/volcanes.net\/?p=3087#respond"]}]},{"@type":"WebPage","@id":"https:\/\/volcanes.net\/?p=3087","url":"https:\/\/volcanes.net\/?p=3087","name":"Trabajo, unidad y desarrollo, por encima de individualismos: Maricela Serrano - Volcanes","isPartOf":{"@id":"https:\/\/volcanes.net\/#website"},"primaryImageOfPage":{"@id":"https:\/\/volcanes.net\/?p=3087#primaryimage"},"image":{"@id":"https:\/\/volcanes.net\/?p=3087#primaryimage"},"thumbnailUrl":"https:\/\/volcanes.net\/wp-content\/uploads\/2019\/01\/FB_IMG_1546437758909.jpg","datePublished":"2019-01-02T14:04:01+00:00","breadcrumb":{"@id":"https:\/\/volcanes.net\/?p=3087#breadcrumb"},"inLanguage":"es","potentialAction":[{"@type":"ReadAction","target":["https:\/\/volcanes.net\/?p=3087"]}]},{"@type":"ImageObject","inLanguage":"es","@id":"https:\/\/volcanes.net\/?p=3087#primaryimage","url":"https:\/\/volcanes.net\/wp-content\/uploads\/2019\/01\/FB_IMG_1546437758909.jpg","contentUrl":"https:\/\/volcanes.net\/wp-content\/uploads\/2019\/01\/FB_IMG_1546437758909.jpg","width":612,"height":408},{"@type":"BreadcrumbList","@id":"https:\/\/volcanes.net\/?p=3087#breadcrumb","itemListElement":[{"@type":"ListItem","position":1,"name":"Portada","item":"https:\/\/volcanes.net\/"},{"@type":"ListItem","position":2,"name":"Trabajo, unidad y desarrollo, por encima de individualismos: Maricela Serrano"}]},{"@type":"WebSite","@id":"https:\/\/volcanes.net\/#website","url":"https:\/\/volcanes.net\/","name":"Volcanes.Net","description":"Periodismo Profesional","publisher":{"@id":"https:\/\/volcanes.net\/#organization"},"potentialAction":[{"@type":"SearchAction","target":{"@type":"EntryPoint","urlTemplate":"https:\/\/volcanes.net\/?s={search_term_string}"},"query-input":{"@type":"PropertyValueSpecification","valueRequired":true,"valueName":"search_term_string"}}],"inLanguage":"es"},{"@type":"Organization","@id":"https:\/\/volcanes.net\/#organization","name":"Grupo Volcanes","url":"https:\/\/volcanes.net\/","logo":{"@type":"ImageObject","inLanguage":"es","@id":"https:\/\/volcanes.net\/#\/schema\/logo\/image\/","url":"http:\/\/volcanes.net\/wp-content\/uploads\/2017\/12\/Avatar2.jpg","contentUrl":"http:\/\/volcanes.net\/wp-content\/uploads\/2017\/12\/Avatar2.jpg","width":378,"height":378,"caption":"Grupo Volcanes"},"image":{"@id":"https:\/\/volcanes.net\/#\/schema\/logo\/image\/"},"sameAs":["https:\/\/www.facebook.com\/volcanes.net\/"]},{"@type":"Person","@id":"https:\/\/volcanes.net\/#\/schema\/person\/4bf0f383940966a4abd53f5048c0e6b9","name":"admin","image":{"@type":"ImageObject","inLanguage":"es","@id":"https:\/\/volcanes.net\/#\/schema\/person\/image\/","url":"https:\/\/secure.gravatar.com\/avatar\/ca004e6cba8462b8cb7abc86e382930c?s=96&d=mm&r=g","contentUrl":"https:\/\/secure.gravatar.com\/avatar\/ca004e6cba8462b8cb7abc86e382930c?s=96&d=mm&r=g","caption":"admin"}}]}},"_links":{"self":[{"href":"https:\/\/volcanes.net\/index.php?rest_route=\/wp\/v2\/posts\/3087"}],"collection":[{"href":"https:\/\/volcanes.net\/index.php?rest_route=\/wp\/v2\/posts"}],"about":[{"href":"https:\/\/volcanes.net\/index.php?rest_route=\/wp\/v2\/types\/post"}],"author":[{"embeddable":true,"href":"https:\/\/volcanes.net\/index.php?rest_route=\/wp\/v2\/users\/1"}],"replies":[{"embeddable":true,"href":"https:\/\/volcanes.net\/index.php?rest_route=%2Fwp%2Fv2%2Fcomments&post=3087"}],"version-history":[{"count":1,"href":"https:\/\/volcanes.net\/index.php?rest_route=\/wp\/v2\/posts\/3087\/revisions"}],"predecessor-version":[{"id":3088,"href":"https:\/\/volcanes.net\/index.php?rest_route=\/wp\/v2\/posts\/3087\/revisions\/3088"}],"wp:featuredmedia":[{"embeddable":true,"href":"https:\/\/volcanes.net\/index.php?rest_route=\/wp\/v2\/media\/3086"}],"wp:attachment":[{"href":"https:\/\/volcanes.net\/index.php?rest_route=%2Fwp%2Fv2%2Fmedia&parent=3087"}],"wp:term":[{"taxonomy":"category","embeddable":true,"href":"https:\/\/volcanes.net\/index.php?rest_route=%2Fwp%2Fv2%2Fcategories&post=3087"},{"taxonomy":"post_tag","embeddable":true,"href":"https:\/\/volcanes.net\/index.php?rest_route=%2Fwp%2Fv2%2Ftags&post=3087"}],"curies":[{"name":"wp","href":"https:\/\/api.w.org\/{rel}","templated":true}]}}