{"id":309,"date":"2018-01-09T17:26:37","date_gmt":"2018-01-09T17:26:37","guid":{"rendered":"http:\/\/volcanes.net\/?p=309"},"modified":"2018-01-09T17:26:37","modified_gmt":"2018-01-09T17:26:37","slug":"descuentos-en-pagos-prediales-para-vallechalquenses","status":"publish","type":"post","link":"https:\/\/volcanes.net\/?p=309","title":{"rendered":"Descuentos en pagos prediales para Vallechalquenses"},"content":{"rendered":"<div style=\"margin-top: 0px; margin-bottom: 0px;\" class=\"sharethis-inline-share-buttons\" ><\/div><p>Con la finalidad de apoyar a los vallechalquenses en este mes de Enero, el Arquitecto Ram\u00f3n Montalvo Hern\u00e1ndez Presidente Municipal Constitucional, juntamente con integrantes del cabildo, establecieron grandes descuentos en el pago puntual de su impuesto predial.<\/p>\n<p>El beneficio, explico el jefe de gobierno, es de apoyo principalmente para personas en situaci\u00f3n vulnerable, la oferta se designa al mismo tiempo a contribuyentes cumplidos, durante los meses de enero, febrero y marzo de 2018.<\/p>\n<p>El ofrecimiento, ha provocado desde temprana hora formen largas hileras de personas, de todas edades que acuden a pagas sus impuestos a tesorer\u00eda municipal, establecida en el interior del inmueble en el cual se concentran el total de funcionarios del ayuntamiento 2016\/ 2018.<\/p>\n<p>Como ya es del dominio p\u00fablico el ejecutivo local Ram\u00f3n Montalvo Hern\u00e1ndez, cerro sus actividades sociales el 2017, entregando a la poblaci\u00f3n significativa torrente de apoyos, alimentarios, econ\u00f3micos y de enseres diversos, a la ciudadan\u00eda vallechalquense.<\/p>\n<p>De tal suerte que antes de finalizar el 2017, resultaron favorecidos, con becas econ\u00f3micas alumnos de educaci\u00f3n b\u00e1sica y media superior, adultos mayores, gente con capacidad diversa, ambos recibieron \u201ccostales conteniendo buena variedad de productos alimentarios, sillas de ruedas entre otros enseres necesarios para una existencia superior.<\/p>\n<p>El mandatario Montalvo Hern\u00e1ndez, se encuentra bien enterado de la situaci\u00f3n econ\u00f3mica que domina entre la poblaci\u00f3n, esto como consecuencia de sus constantes comparecencias y di\u00e1logos p\u00fablicos con vecinos de colonias que conforman Valle de Chalco Solidaridad.<\/p>\n<p>El panorama econ\u00f3mico que ha palpado en asambleas comunitarias, y entrega de obras, siempre acompa\u00f1ado por integrantes del cuerpo edilicio, y sus m\u00e1s cercanos colaboradores administrativos, es causa de que al iniciar este a\u00f1o 2018, se hayan implementado la magna cascada de descuentos en impuesto predial, a todo contribuyente correcto.<\/p>\n","protected":false},"excerpt":{"rendered":"<p>Con la finalidad de apoyar a los vallechalquenses en este mes de Enero, el Arquitecto<\/p>\n","protected":false},"author":1,"featured_media":310,"comment_status":"open","ping_status":"open","sticky":false,"template":"","format":"standard","meta":{"footnotes":""},"categories":[1],"tags":[50,5,46],"class_list":["post-309","post","type-post","status-publish","format-standard","has-post-thumbnail","hentry","category-municipales","tag-predio","tag-valle-de-chalco","tag-volcanes"],"yoast_head":"<!-- This site is optimized with the Yoast SEO plugin v25.3 - https:\/\/yoast.com\/wordpress\/plugins\/seo\/ -->\n<title>Descuentos en pagos prediales para Vallechalquenses - Volcanes<\/title>\n<meta name=\"robots\" content=\"index, follow, max-snippet:-1, max-image-preview:large, max-video-preview:-1\" \/>\n<link rel=\"canonical\" href=\"https:\/\/volcanes.net\/?p=309\" \/>\n<meta property=\"og:locale\" content=\"es_MX\" \/>\n<meta property=\"og:type\" content=\"article\" \/>\n<meta property=\"og:title\" content=\"Descuentos en pagos prediales para Vallechalquenses - Volcanes\" \/>\n<meta property=\"og:description\" content=\"Con la finalidad de apoyar a los vallechalquenses en este mes de Enero, el Arquitecto\" \/>\n<meta property=\"og:url\" content=\"https:\/\/volcanes.net\/?p=309\" \/>\n<meta property=\"og:site_name\" content=\"Volcanes\" \/>\n<meta property=\"article:publisher\" content=\"https:\/\/www.facebook.com\/volcanes.net\/\" \/>\n<meta property=\"article:published_time\" content=\"2018-01-09T17:26:37+00:00\" \/>\n<meta property=\"og:image\" content=\"https:\/\/volcanes.net\/wp-content\/uploads\/2018\/01\/26112208_1496647970384857_1000970229630631299_n-e1515598224182.jpg\" \/>\n\t<meta property=\"og:image:width\" content=\"400\" \/>\n\t<meta property=\"og:image:height\" content=\"308\" \/>\n\t<meta property=\"og:image:type\" content=\"image\/jpeg\" \/>\n<meta name=\"author\" content=\"admin\" \/>\n<meta name=\"twitter:card\" content=\"summary_large_image\" \/>\n<meta name=\"twitter:label1\" content=\"Escrito por\" \/>\n\t<meta name=\"twitter:data1\" content=\"admin\" \/>\n\t<meta name=\"twitter:label2\" content=\"Tiempo de lectura\" \/>\n\t<meta name=\"twitter:data2\" content=\"2 minutos\" \/>\n<script type=\"application\/ld+json\" class=\"yoast-schema-graph\">{\"@context\":\"https:\/\/schema.org\",\"@graph\":[{\"@type\":\"Article\",\"@id\":\"https:\/\/volcanes.net\/?p=309#article\",\"isPartOf\":{\"@id\":\"https:\/\/volcanes.net\/?p=309\"},\"author\":{\"name\":\"admin\",\"@id\":\"https:\/\/volcanes.net\/#\/schema\/person\/4bf0f383940966a4abd53f5048c0e6b9\"},\"headline\":\"Descuentos en pagos prediales para Vallechalquenses\",\"datePublished\":\"2018-01-09T17:26:37+00:00\",\"mainEntityOfPage\":{\"@id\":\"https:\/\/volcanes.net\/?p=309\"},\"wordCount\":309,\"commentCount\":0,\"publisher\":{\"@id\":\"https:\/\/volcanes.net\/#organization\"},\"image\":{\"@id\":\"https:\/\/volcanes.net\/?p=309#primaryimage\"},\"thumbnailUrl\":\"https:\/\/volcanes.net\/wp-content\/uploads\/2018\/01\/26112208_1496647970384857_1000970229630631299_n-e1515598224182.jpg\",\"keywords\":[\"Predio\",\"Valle de Chalco\",\"Volcanes\"],\"articleSection\":[\"Municipales\"],\"inLanguage\":\"es\",\"potentialAction\":[{\"@type\":\"CommentAction\",\"name\":\"Comment\",\"target\":[\"https:\/\/volcanes.net\/?p=309#respond\"]}]},{\"@type\":\"WebPage\",\"@id\":\"https:\/\/volcanes.net\/?p=309\",\"url\":\"https:\/\/volcanes.net\/?p=309\",\"name\":\"Descuentos en pagos prediales para Vallechalquenses - Volcanes\",\"isPartOf\":{\"@id\":\"https:\/\/volcanes.net\/#website\"},\"primaryImageOfPage\":{\"@id\":\"https:\/\/volcanes.net\/?p=309#primaryimage\"},\"image\":{\"@id\":\"https:\/\/volcanes.net\/?p=309#primaryimage\"},\"thumbnailUrl\":\"https:\/\/volcanes.net\/wp-content\/uploads\/2018\/01\/26112208_1496647970384857_1000970229630631299_n-e1515598224182.jpg\",\"datePublished\":\"2018-01-09T17:26:37+00:00\",\"breadcrumb\":{\"@id\":\"https:\/\/volcanes.net\/?p=309#breadcrumb\"},\"inLanguage\":\"es\",\"potentialAction\":[{\"@type\":\"ReadAction\",\"target\":[\"https:\/\/volcanes.net\/?p=309\"]}]},{\"@type\":\"ImageObject\",\"inLanguage\":\"es\",\"@id\":\"https:\/\/volcanes.net\/?p=309#primaryimage\",\"url\":\"https:\/\/volcanes.net\/wp-content\/uploads\/2018\/01\/26112208_1496647970384857_1000970229630631299_n-e1515598224182.jpg\",\"contentUrl\":\"https:\/\/volcanes.net\/wp-content\/uploads\/2018\/01\/26112208_1496647970384857_1000970229630631299_n-e1515598224182.jpg\",\"width\":400,\"height\":308},{\"@type\":\"BreadcrumbList\",\"@id\":\"https:\/\/volcanes.net\/?p=309#breadcrumb\",\"itemListElement\":[{\"@type\":\"ListItem\",\"position\":1,\"name\":\"Portada\",\"item\":\"https:\/\/volcanes.net\/\"},{\"@type\":\"ListItem\",\"position\":2,\"name\":\"Descuentos en pagos prediales para Vallechalquenses\"}]},{\"@type\":\"WebSite\",\"@id\":\"https:\/\/volcanes.net\/#website\",\"url\":\"https:\/\/volcanes.net\/\",\"name\":\"Volcanes.Net\",\"description\":\"Periodismo Profesional\",\"publisher\":{\"@id\":\"https:\/\/volcanes.net\/#organization\"},\"potentialAction\":[{\"@type\":\"SearchAction\",\"target\":{\"@type\":\"EntryPoint\",\"urlTemplate\":\"https:\/\/volcanes.net\/?s={search_term_string}\"},\"query-input\":{\"@type\":\"PropertyValueSpecification\",\"valueRequired\":true,\"valueName\":\"search_term_string\"}}],\"inLanguage\":\"es\"},{\"@type\":\"Organization\",\"@id\":\"https:\/\/volcanes.net\/#organization\",\"name\":\"Grupo Volcanes\",\"url\":\"https:\/\/volcanes.net\/\",\"logo\":{\"@type\":\"ImageObject\",\"inLanguage\":\"es\",\"@id\":\"https:\/\/volcanes.net\/#\/schema\/logo\/image\/\",\"url\":\"http:\/\/volcanes.net\/wp-content\/uploads\/2017\/12\/Avatar2.jpg\",\"contentUrl\":\"http:\/\/volcanes.net\/wp-content\/uploads\/2017\/12\/Avatar2.jpg\",\"width\":378,\"height\":378,\"caption\":\"Grupo Volcanes\"},\"image\":{\"@id\":\"https:\/\/volcanes.net\/#\/schema\/logo\/image\/\"},\"sameAs\":[\"https:\/\/www.facebook.com\/volcanes.net\/\"]},{\"@type\":\"Person\",\"@id\":\"https:\/\/volcanes.net\/#\/schema\/person\/4bf0f383940966a4abd53f5048c0e6b9\",\"name\":\"admin\",\"image\":{\"@type\":\"ImageObject\",\"inLanguage\":\"es\",\"@id\":\"https:\/\/volcanes.net\/#\/schema\/person\/image\/\",\"url\":\"https:\/\/secure.gravatar.com\/avatar\/ca004e6cba8462b8cb7abc86e382930c?s=96&d=mm&r=g\",\"contentUrl\":\"https:\/\/secure.gravatar.com\/avatar\/ca004e6cba8462b8cb7abc86e382930c?s=96&d=mm&r=g\",\"caption\":\"admin\"}}]}<\/script>\n<!-- \/ Yoast SEO plugin. -->","yoast_head_json":{"title":"Descuentos en pagos prediales para Vallechalquenses - Volcanes","robots":{"index":"index","follow":"follow","max-snippet":"max-snippet:-1","max-image-preview":"max-image-preview:large","max-video-preview":"max-video-preview:-1"},"canonical":"https:\/\/volcanes.net\/?p=309","og_locale":"es_MX","og_type":"article","og_title":"Descuentos en pagos prediales para Vallechalquenses - Volcanes","og_description":"Con la finalidad de apoyar a los vallechalquenses en este mes de Enero, el Arquitecto","og_url":"https:\/\/volcanes.net\/?p=309","og_site_name":"Volcanes","article_publisher":"https:\/\/www.facebook.com\/volcanes.net\/","article_published_time":"2018-01-09T17:26:37+00:00","og_image":[{"width":400,"height":308,"url":"https:\/\/volcanes.net\/wp-content\/uploads\/2018\/01\/26112208_1496647970384857_1000970229630631299_n-e1515598224182.jpg","type":"image\/jpeg"}],"author":"admin","twitter_card":"summary_large_image","twitter_misc":{"Escrito por":"admin","Tiempo de lectura":"2 minutos"},"schema":{"@context":"https:\/\/schema.org","@graph":[{"@type":"Article","@id":"https:\/\/volcanes.net\/?p=309#article","isPartOf":{"@id":"https:\/\/volcanes.net\/?p=309"},"author":{"name":"admin","@id":"https:\/\/volcanes.net\/#\/schema\/person\/4bf0f383940966a4abd53f5048c0e6b9"},"headline":"Descuentos en pagos prediales para Vallechalquenses","datePublished":"2018-01-09T17:26:37+00:00","mainEntityOfPage":{"@id":"https:\/\/volcanes.net\/?p=309"},"wordCount":309,"commentCount":0,"publisher":{"@id":"https:\/\/volcanes.net\/#organization"},"image":{"@id":"https:\/\/volcanes.net\/?p=309#primaryimage"},"thumbnailUrl":"https:\/\/volcanes.net\/wp-content\/uploads\/2018\/01\/26112208_1496647970384857_1000970229630631299_n-e1515598224182.jpg","keywords":["Predio","Valle de Chalco","Volcanes"],"articleSection":["Municipales"],"inLanguage":"es","potentialAction":[{"@type":"CommentAction","name":"Comment","target":["https:\/\/volcanes.net\/?p=309#respond"]}]},{"@type":"WebPage","@id":"https:\/\/volcanes.net\/?p=309","url":"https:\/\/volcanes.net\/?p=309","name":"Descuentos en pagos prediales para Vallechalquenses - Volcanes","isPartOf":{"@id":"https:\/\/volcanes.net\/#website"},"primaryImageOfPage":{"@id":"https:\/\/volcanes.net\/?p=309#primaryimage"},"image":{"@id":"https:\/\/volcanes.net\/?p=309#primaryimage"},"thumbnailUrl":"https:\/\/volcanes.net\/wp-content\/uploads\/2018\/01\/26112208_1496647970384857_1000970229630631299_n-e1515598224182.jpg","datePublished":"2018-01-09T17:26:37+00:00","breadcrumb":{"@id":"https:\/\/volcanes.net\/?p=309#breadcrumb"},"inLanguage":"es","potentialAction":[{"@type":"ReadAction","target":["https:\/\/volcanes.net\/?p=309"]}]},{"@type":"ImageObject","inLanguage":"es","@id":"https:\/\/volcanes.net\/?p=309#primaryimage","url":"https:\/\/volcanes.net\/wp-content\/uploads\/2018\/01\/26112208_1496647970384857_1000970229630631299_n-e1515598224182.jpg","contentUrl":"https:\/\/volcanes.net\/wp-content\/uploads\/2018\/01\/26112208_1496647970384857_1000970229630631299_n-e1515598224182.jpg","width":400,"height":308},{"@type":"BreadcrumbList","@id":"https:\/\/volcanes.net\/?p=309#breadcrumb","itemListElement":[{"@type":"ListItem","position":1,"name":"Portada","item":"https:\/\/volcanes.net\/"},{"@type":"ListItem","position":2,"name":"Descuentos en pagos prediales para Vallechalquenses"}]},{"@type":"WebSite","@id":"https:\/\/volcanes.net\/#website","url":"https:\/\/volcanes.net\/","name":"Volcanes.Net","description":"Periodismo Profesional","publisher":{"@id":"https:\/\/volcanes.net\/#organization"},"potentialAction":[{"@type":"SearchAction","target":{"@type":"EntryPoint","urlTemplate":"https:\/\/volcanes.net\/?s={search_term_string}"},"query-input":{"@type":"PropertyValueSpecification","valueRequired":true,"valueName":"search_term_string"}}],"inLanguage":"es"},{"@type":"Organization","@id":"https:\/\/volcanes.net\/#organization","name":"Grupo Volcanes","url":"https:\/\/volcanes.net\/","logo":{"@type":"ImageObject","inLanguage":"es","@id":"https:\/\/volcanes.net\/#\/schema\/logo\/image\/","url":"http:\/\/volcanes.net\/wp-content\/uploads\/2017\/12\/Avatar2.jpg","contentUrl":"http:\/\/volcanes.net\/wp-content\/uploads\/2017\/12\/Avatar2.jpg","width":378,"height":378,"caption":"Grupo Volcanes"},"image":{"@id":"https:\/\/volcanes.net\/#\/schema\/logo\/image\/"},"sameAs":["https:\/\/www.facebook.com\/volcanes.net\/"]},{"@type":"Person","@id":"https:\/\/volcanes.net\/#\/schema\/person\/4bf0f383940966a4abd53f5048c0e6b9","name":"admin","image":{"@type":"ImageObject","inLanguage":"es","@id":"https:\/\/volcanes.net\/#\/schema\/person\/image\/","url":"https:\/\/secure.gravatar.com\/avatar\/ca004e6cba8462b8cb7abc86e382930c?s=96&d=mm&r=g","contentUrl":"https:\/\/secure.gravatar.com\/avatar\/ca004e6cba8462b8cb7abc86e382930c?s=96&d=mm&r=g","caption":"admin"}}]}},"_links":{"self":[{"href":"https:\/\/volcanes.net\/index.php?rest_route=\/wp\/v2\/posts\/309"}],"collection":[{"href":"https:\/\/volcanes.net\/index.php?rest_route=\/wp\/v2\/posts"}],"about":[{"href":"https:\/\/volcanes.net\/index.php?rest_route=\/wp\/v2\/types\/post"}],"author":[{"embeddable":true,"href":"https:\/\/volcanes.net\/index.php?rest_route=\/wp\/v2\/users\/1"}],"replies":[{"embeddable":true,"href":"https:\/\/volcanes.net\/index.php?rest_route=%2Fwp%2Fv2%2Fcomments&post=309"}],"version-history":[{"count":1,"href":"https:\/\/volcanes.net\/index.php?rest_route=\/wp\/v2\/posts\/309\/revisions"}],"predecessor-version":[{"id":311,"href":"https:\/\/volcanes.net\/index.php?rest_route=\/wp\/v2\/posts\/309\/revisions\/311"}],"wp:featuredmedia":[{"embeddable":true,"href":"https:\/\/volcanes.net\/index.php?rest_route=\/wp\/v2\/media\/310"}],"wp:attachment":[{"href":"https:\/\/volcanes.net\/index.php?rest_route=%2Fwp%2Fv2%2Fmedia&parent=309"}],"wp:term":[{"taxonomy":"category","embeddable":true,"href":"https:\/\/volcanes.net\/index.php?rest_route=%2Fwp%2Fv2%2Fcategories&post=309"},{"taxonomy":"post_tag","embeddable":true,"href":"https:\/\/volcanes.net\/index.php?rest_route=%2Fwp%2Fv2%2Ftags&post=309"}],"curies":[{"name":"wp","href":"https:\/\/api.w.org\/{rel}","templated":true}]}}