{"id":3093,"date":"2019-01-03T17:34:29","date_gmt":"2019-01-03T17:34:29","guid":{"rendered":"http:\/\/volcanes.net\/?p=3093"},"modified":"2019-01-03T17:34:29","modified_gmt":"2019-01-03T17:34:29","slug":"rescatan-en-lo-alto-del-cerro-del-marques-a-joven-que-querian-linchar-en-valle-de-chalco","status":"publish","type":"post","link":"https:\/\/volcanes.net\/?p=3093","title":{"rendered":"Rescatan en lo alto del Cerro del Marqu\u00e9s a joven que quer\u00edan linchar en Valle de Chalco"},"content":{"rendered":"<div style=\"margin-top: 0px; margin-bottom: 0px;\" class=\"sharethis-inline-share-buttons\" ><\/div><p>Jos\u00e9 Cruz Garc\u00eda O<\/p>\n<p>La noche de ayer mi\u00e9rcoles, polic\u00edas municipales y elementos de Protecci\u00f3n Civil de Valle de Chalco, rescataron a un joven que cay\u00f3 a una barranca, en lo m\u00e1s alto del Cerro del Marqu\u00e9s, luego de que era perseguido por una turba, quienes pretend\u00edan lincharlo, al confundirlo con el asesino de la peque\u00f1a Camila.<\/p>\n<p>Seg\u00fan sus familiares, el joven de nombre Pedro Jes\u00fas Garc\u00eda, de 17 a\u00f1os, fue perseguido por las calles de la colonia Poder Popular, capturado por elementos del Ej\u00e9rcito Mexicano, quienes, al parecer, le dieron oportunidad de escapar, continuando su huida a la parte m\u00e1s alta del cerro, junto con otro joven, Pedro Jes\u00fas cay\u00f3 a un barranco, se fractur\u00f3 la pierna, en tanto, el otro muchacho que lo acompa\u00f1aba logr\u00f3 escapar.<\/p>\n<p>Al llegar en su socorro elementos de Protecci\u00f3n Civil y polic\u00edas, se supo que se trat\u00f3 de una confusi\u00f3n provocada por rumores, lo cu\u00e1l ya es investigado para castigar a los responsables.<\/p>\n<p>El alcalde Francisco Tenorio, qui\u00e9n recientemente asumi\u00f3 el cargo, se\u00f1al\u00f3 que ya se tienen identificadas a las personas que generaron los disturbios y se les fincar\u00e1n responsabilidades.<\/p>\n<p>El edil agreg\u00f3 que se reforzar\u00e1 la seguridad p\u00fablica en la zona d\u00f3nde se registraron los disturbios y as\u00ed mismo, se reabrir\u00e1 el paso para peatones y veh\u00edculos en la colonia, toda ves que hab\u00eda sido cerrada con rejas y bardas por el l\u00edder del movimiento Francisco Villa de nombre Gabriel Mart\u00ednez, lo que no permite el libre tr\u00e1nsito y pone en mayor riesgo a los habitantes.<\/p>\n","protected":false},"excerpt":{"rendered":"<p>Jos\u00e9 Cruz Garc\u00eda O La noche de ayer mi\u00e9rcoles, polic\u00edas municipales y elementos de Protecci\u00f3n<\/p>\n","protected":false},"author":1,"featured_media":3092,"comment_status":"open","ping_status":"open","sticky":false,"template":"","format":"standard","meta":{"footnotes":""},"categories":[1],"tags":[5],"class_list":["post-3093","post","type-post","status-publish","format-standard","has-post-thumbnail","hentry","category-municipales","tag-valle-de-chalco"],"yoast_head":"<!-- This site is optimized with the Yoast SEO plugin v25.3 - https:\/\/yoast.com\/wordpress\/plugins\/seo\/ -->\n<title>Rescatan en lo alto del Cerro del Marqu\u00e9s a joven que quer\u00edan linchar en Valle de Chalco - Volcanes<\/title>\n<meta name=\"robots\" content=\"index, follow, max-snippet:-1, max-image-preview:large, max-video-preview:-1\" \/>\n<link rel=\"canonical\" href=\"https:\/\/volcanes.net\/?p=3093\" \/>\n<meta property=\"og:locale\" content=\"es_MX\" \/>\n<meta property=\"og:type\" content=\"article\" \/>\n<meta property=\"og:title\" content=\"Rescatan en lo alto del Cerro del Marqu\u00e9s a joven que quer\u00edan linchar en Valle de Chalco - Volcanes\" \/>\n<meta property=\"og:description\" content=\"Jos\u00e9 Cruz Garc\u00eda O La noche de ayer mi\u00e9rcoles, polic\u00edas municipales y elementos de Protecci\u00f3n\" \/>\n<meta property=\"og:url\" content=\"https:\/\/volcanes.net\/?p=3093\" \/>\n<meta property=\"og:site_name\" content=\"Volcanes\" \/>\n<meta property=\"article:publisher\" content=\"https:\/\/www.facebook.com\/volcanes.net\/\" \/>\n<meta property=\"article:published_time\" content=\"2019-01-03T17:34:29+00:00\" \/>\n<meta property=\"og:image\" content=\"https:\/\/volcanes.net\/wp-content\/uploads\/2019\/01\/IMG-20190103-WA0010.jpg\" \/>\n\t<meta property=\"og:image:width\" content=\"1280\" \/>\n\t<meta property=\"og:image:height\" content=\"720\" \/>\n\t<meta property=\"og:image:type\" content=\"image\/jpeg\" \/>\n<meta name=\"author\" content=\"admin\" \/>\n<meta name=\"twitter:card\" content=\"summary_large_image\" \/>\n<meta name=\"twitter:label1\" content=\"Escrito por\" \/>\n\t<meta name=\"twitter:data1\" content=\"admin\" \/>\n\t<meta name=\"twitter:label2\" content=\"Tiempo de lectura\" \/>\n\t<meta name=\"twitter:data2\" content=\"1 minuto\" \/>\n<script type=\"application\/ld+json\" class=\"yoast-schema-graph\">{\"@context\":\"https:\/\/schema.org\",\"@graph\":[{\"@type\":\"Article\",\"@id\":\"https:\/\/volcanes.net\/?p=3093#article\",\"isPartOf\":{\"@id\":\"https:\/\/volcanes.net\/?p=3093\"},\"author\":{\"name\":\"admin\",\"@id\":\"https:\/\/volcanes.net\/#\/schema\/person\/4bf0f383940966a4abd53f5048c0e6b9\"},\"headline\":\"Rescatan en lo alto del Cerro del Marqu\u00e9s a joven que quer\u00edan linchar en Valle de Chalco\",\"datePublished\":\"2019-01-03T17:34:29+00:00\",\"mainEntityOfPage\":{\"@id\":\"https:\/\/volcanes.net\/?p=3093\"},\"wordCount\":302,\"commentCount\":0,\"publisher\":{\"@id\":\"https:\/\/volcanes.net\/#organization\"},\"image\":{\"@id\":\"https:\/\/volcanes.net\/?p=3093#primaryimage\"},\"thumbnailUrl\":\"https:\/\/volcanes.net\/wp-content\/uploads\/2019\/01\/IMG-20190103-WA0010.jpg\",\"keywords\":[\"Valle de Chalco\"],\"articleSection\":[\"Municipales\"],\"inLanguage\":\"es\",\"potentialAction\":[{\"@type\":\"CommentAction\",\"name\":\"Comment\",\"target\":[\"https:\/\/volcanes.net\/?p=3093#respond\"]}]},{\"@type\":\"WebPage\",\"@id\":\"https:\/\/volcanes.net\/?p=3093\",\"url\":\"https:\/\/volcanes.net\/?p=3093\",\"name\":\"Rescatan en lo alto del Cerro del Marqu\u00e9s a joven que quer\u00edan linchar en Valle de Chalco - Volcanes\",\"isPartOf\":{\"@id\":\"https:\/\/volcanes.net\/#website\"},\"primaryImageOfPage\":{\"@id\":\"https:\/\/volcanes.net\/?p=3093#primaryimage\"},\"image\":{\"@id\":\"https:\/\/volcanes.net\/?p=3093#primaryimage\"},\"thumbnailUrl\":\"https:\/\/volcanes.net\/wp-content\/uploads\/2019\/01\/IMG-20190103-WA0010.jpg\",\"datePublished\":\"2019-01-03T17:34:29+00:00\",\"breadcrumb\":{\"@id\":\"https:\/\/volcanes.net\/?p=3093#breadcrumb\"},\"inLanguage\":\"es\",\"potentialAction\":[{\"@type\":\"ReadAction\",\"target\":[\"https:\/\/volcanes.net\/?p=3093\"]}]},{\"@type\":\"ImageObject\",\"inLanguage\":\"es\",\"@id\":\"https:\/\/volcanes.net\/?p=3093#primaryimage\",\"url\":\"https:\/\/volcanes.net\/wp-content\/uploads\/2019\/01\/IMG-20190103-WA0010.jpg\",\"contentUrl\":\"https:\/\/volcanes.net\/wp-content\/uploads\/2019\/01\/IMG-20190103-WA0010.jpg\",\"width\":1280,\"height\":720},{\"@type\":\"BreadcrumbList\",\"@id\":\"https:\/\/volcanes.net\/?p=3093#breadcrumb\",\"itemListElement\":[{\"@type\":\"ListItem\",\"position\":1,\"name\":\"Portada\",\"item\":\"https:\/\/volcanes.net\/\"},{\"@type\":\"ListItem\",\"position\":2,\"name\":\"Rescatan en lo alto del Cerro del Marqu\u00e9s a joven que quer\u00edan linchar en Valle de Chalco\"}]},{\"@type\":\"WebSite\",\"@id\":\"https:\/\/volcanes.net\/#website\",\"url\":\"https:\/\/volcanes.net\/\",\"name\":\"Volcanes.Net\",\"description\":\"Periodismo Profesional\",\"publisher\":{\"@id\":\"https:\/\/volcanes.net\/#organization\"},\"potentialAction\":[{\"@type\":\"SearchAction\",\"target\":{\"@type\":\"EntryPoint\",\"urlTemplate\":\"https:\/\/volcanes.net\/?s={search_term_string}\"},\"query-input\":{\"@type\":\"PropertyValueSpecification\",\"valueRequired\":true,\"valueName\":\"search_term_string\"}}],\"inLanguage\":\"es\"},{\"@type\":\"Organization\",\"@id\":\"https:\/\/volcanes.net\/#organization\",\"name\":\"Grupo Volcanes\",\"url\":\"https:\/\/volcanes.net\/\",\"logo\":{\"@type\":\"ImageObject\",\"inLanguage\":\"es\",\"@id\":\"https:\/\/volcanes.net\/#\/schema\/logo\/image\/\",\"url\":\"http:\/\/volcanes.net\/wp-content\/uploads\/2017\/12\/Avatar2.jpg\",\"contentUrl\":\"http:\/\/volcanes.net\/wp-content\/uploads\/2017\/12\/Avatar2.jpg\",\"width\":378,\"height\":378,\"caption\":\"Grupo Volcanes\"},\"image\":{\"@id\":\"https:\/\/volcanes.net\/#\/schema\/logo\/image\/\"},\"sameAs\":[\"https:\/\/www.facebook.com\/volcanes.net\/\"]},{\"@type\":\"Person\",\"@id\":\"https:\/\/volcanes.net\/#\/schema\/person\/4bf0f383940966a4abd53f5048c0e6b9\",\"name\":\"admin\",\"image\":{\"@type\":\"ImageObject\",\"inLanguage\":\"es\",\"@id\":\"https:\/\/volcanes.net\/#\/schema\/person\/image\/\",\"url\":\"https:\/\/secure.gravatar.com\/avatar\/ca004e6cba8462b8cb7abc86e382930c?s=96&d=mm&r=g\",\"contentUrl\":\"https:\/\/secure.gravatar.com\/avatar\/ca004e6cba8462b8cb7abc86e382930c?s=96&d=mm&r=g\",\"caption\":\"admin\"}}]}<\/script>\n<!-- \/ Yoast SEO plugin. -->","yoast_head_json":{"title":"Rescatan en lo alto del Cerro del Marqu\u00e9s a joven que quer\u00edan linchar en Valle de Chalco - Volcanes","robots":{"index":"index","follow":"follow","max-snippet":"max-snippet:-1","max-image-preview":"max-image-preview:large","max-video-preview":"max-video-preview:-1"},"canonical":"https:\/\/volcanes.net\/?p=3093","og_locale":"es_MX","og_type":"article","og_title":"Rescatan en lo alto del Cerro del Marqu\u00e9s a joven que quer\u00edan linchar en Valle de Chalco - Volcanes","og_description":"Jos\u00e9 Cruz Garc\u00eda O La noche de ayer mi\u00e9rcoles, polic\u00edas municipales y elementos de Protecci\u00f3n","og_url":"https:\/\/volcanes.net\/?p=3093","og_site_name":"Volcanes","article_publisher":"https:\/\/www.facebook.com\/volcanes.net\/","article_published_time":"2019-01-03T17:34:29+00:00","og_image":[{"width":1280,"height":720,"url":"https:\/\/volcanes.net\/wp-content\/uploads\/2019\/01\/IMG-20190103-WA0010.jpg","type":"image\/jpeg"}],"author":"admin","twitter_card":"summary_large_image","twitter_misc":{"Escrito por":"admin","Tiempo de lectura":"1 minuto"},"schema":{"@context":"https:\/\/schema.org","@graph":[{"@type":"Article","@id":"https:\/\/volcanes.net\/?p=3093#article","isPartOf":{"@id":"https:\/\/volcanes.net\/?p=3093"},"author":{"name":"admin","@id":"https:\/\/volcanes.net\/#\/schema\/person\/4bf0f383940966a4abd53f5048c0e6b9"},"headline":"Rescatan en lo alto del Cerro del Marqu\u00e9s a joven que quer\u00edan linchar en Valle de Chalco","datePublished":"2019-01-03T17:34:29+00:00","mainEntityOfPage":{"@id":"https:\/\/volcanes.net\/?p=3093"},"wordCount":302,"commentCount":0,"publisher":{"@id":"https:\/\/volcanes.net\/#organization"},"image":{"@id":"https:\/\/volcanes.net\/?p=3093#primaryimage"},"thumbnailUrl":"https:\/\/volcanes.net\/wp-content\/uploads\/2019\/01\/IMG-20190103-WA0010.jpg","keywords":["Valle de Chalco"],"articleSection":["Municipales"],"inLanguage":"es","potentialAction":[{"@type":"CommentAction","name":"Comment","target":["https:\/\/volcanes.net\/?p=3093#respond"]}]},{"@type":"WebPage","@id":"https:\/\/volcanes.net\/?p=3093","url":"https:\/\/volcanes.net\/?p=3093","name":"Rescatan en lo alto del Cerro del Marqu\u00e9s a joven que quer\u00edan linchar en Valle de Chalco - Volcanes","isPartOf":{"@id":"https:\/\/volcanes.net\/#website"},"primaryImageOfPage":{"@id":"https:\/\/volcanes.net\/?p=3093#primaryimage"},"image":{"@id":"https:\/\/volcanes.net\/?p=3093#primaryimage"},"thumbnailUrl":"https:\/\/volcanes.net\/wp-content\/uploads\/2019\/01\/IMG-20190103-WA0010.jpg","datePublished":"2019-01-03T17:34:29+00:00","breadcrumb":{"@id":"https:\/\/volcanes.net\/?p=3093#breadcrumb"},"inLanguage":"es","potentialAction":[{"@type":"ReadAction","target":["https:\/\/volcanes.net\/?p=3093"]}]},{"@type":"ImageObject","inLanguage":"es","@id":"https:\/\/volcanes.net\/?p=3093#primaryimage","url":"https:\/\/volcanes.net\/wp-content\/uploads\/2019\/01\/IMG-20190103-WA0010.jpg","contentUrl":"https:\/\/volcanes.net\/wp-content\/uploads\/2019\/01\/IMG-20190103-WA0010.jpg","width":1280,"height":720},{"@type":"BreadcrumbList","@id":"https:\/\/volcanes.net\/?p=3093#breadcrumb","itemListElement":[{"@type":"ListItem","position":1,"name":"Portada","item":"https:\/\/volcanes.net\/"},{"@type":"ListItem","position":2,"name":"Rescatan en lo alto del Cerro del Marqu\u00e9s a joven que quer\u00edan linchar en Valle de Chalco"}]},{"@type":"WebSite","@id":"https:\/\/volcanes.net\/#website","url":"https:\/\/volcanes.net\/","name":"Volcanes.Net","description":"Periodismo Profesional","publisher":{"@id":"https:\/\/volcanes.net\/#organization"},"potentialAction":[{"@type":"SearchAction","target":{"@type":"EntryPoint","urlTemplate":"https:\/\/volcanes.net\/?s={search_term_string}"},"query-input":{"@type":"PropertyValueSpecification","valueRequired":true,"valueName":"search_term_string"}}],"inLanguage":"es"},{"@type":"Organization","@id":"https:\/\/volcanes.net\/#organization","name":"Grupo Volcanes","url":"https:\/\/volcanes.net\/","logo":{"@type":"ImageObject","inLanguage":"es","@id":"https:\/\/volcanes.net\/#\/schema\/logo\/image\/","url":"http:\/\/volcanes.net\/wp-content\/uploads\/2017\/12\/Avatar2.jpg","contentUrl":"http:\/\/volcanes.net\/wp-content\/uploads\/2017\/12\/Avatar2.jpg","width":378,"height":378,"caption":"Grupo Volcanes"},"image":{"@id":"https:\/\/volcanes.net\/#\/schema\/logo\/image\/"},"sameAs":["https:\/\/www.facebook.com\/volcanes.net\/"]},{"@type":"Person","@id":"https:\/\/volcanes.net\/#\/schema\/person\/4bf0f383940966a4abd53f5048c0e6b9","name":"admin","image":{"@type":"ImageObject","inLanguage":"es","@id":"https:\/\/volcanes.net\/#\/schema\/person\/image\/","url":"https:\/\/secure.gravatar.com\/avatar\/ca004e6cba8462b8cb7abc86e382930c?s=96&d=mm&r=g","contentUrl":"https:\/\/secure.gravatar.com\/avatar\/ca004e6cba8462b8cb7abc86e382930c?s=96&d=mm&r=g","caption":"admin"}}]}},"_links":{"self":[{"href":"https:\/\/volcanes.net\/index.php?rest_route=\/wp\/v2\/posts\/3093"}],"collection":[{"href":"https:\/\/volcanes.net\/index.php?rest_route=\/wp\/v2\/posts"}],"about":[{"href":"https:\/\/volcanes.net\/index.php?rest_route=\/wp\/v2\/types\/post"}],"author":[{"embeddable":true,"href":"https:\/\/volcanes.net\/index.php?rest_route=\/wp\/v2\/users\/1"}],"replies":[{"embeddable":true,"href":"https:\/\/volcanes.net\/index.php?rest_route=%2Fwp%2Fv2%2Fcomments&post=3093"}],"version-history":[{"count":1,"href":"https:\/\/volcanes.net\/index.php?rest_route=\/wp\/v2\/posts\/3093\/revisions"}],"predecessor-version":[{"id":3094,"href":"https:\/\/volcanes.net\/index.php?rest_route=\/wp\/v2\/posts\/3093\/revisions\/3094"}],"wp:featuredmedia":[{"embeddable":true,"href":"https:\/\/volcanes.net\/index.php?rest_route=\/wp\/v2\/media\/3092"}],"wp:attachment":[{"href":"https:\/\/volcanes.net\/index.php?rest_route=%2Fwp%2Fv2%2Fmedia&parent=3093"}],"wp:term":[{"taxonomy":"category","embeddable":true,"href":"https:\/\/volcanes.net\/index.php?rest_route=%2Fwp%2Fv2%2Fcategories&post=3093"},{"taxonomy":"post_tag","embeddable":true,"href":"https:\/\/volcanes.net\/index.php?rest_route=%2Fwp%2Fv2%2Ftags&post=3093"}],"curies":[{"name":"wp","href":"https:\/\/api.w.org\/{rel}","templated":true}]}}