{"id":3109,"date":"2019-01-05T05:31:56","date_gmt":"2019-01-05T05:31:56","guid":{"rendered":"http:\/\/volcanes.net\/?p=3109"},"modified":"2019-01-05T05:31:56","modified_gmt":"2019-01-05T05:31:56","slug":"se-manifiestan-policias-en-los-reyes-la-paz","status":"publish","type":"post","link":"https:\/\/volcanes.net\/?p=3109","title":{"rendered":"Se manifiestan Polic\u00edas en Los Reyes, La Paz"},"content":{"rendered":"<div style=\"margin-top: 0px; margin-bottom: 0px;\" class=\"sharethis-inline-share-buttons\" ><\/div><p>Al grito de \u00a1\u00a1fuera, fuera el Director!!, un centenar de polic\u00edas municipales, se manifestaron en la Presidencia del municipio de La Paz, Estado de M\u00e9xico, para exigir la destituci\u00f3n del reci\u00e9n designado Director de Seguridad P\u00fablica Municipal, Ricardo Sim\u00f3n Cedillo.<\/p>\n<p>Los servidores p\u00fablicos inconformes se dirigieron a la oficina de la Presidenta Municipal Feliciana Olga Medina, para entregarle un pliego petitorio en el que incluyen varios puntos, entre estos la destituci\u00f3n del actual Director, ya que seg\u00fan ellos, son obligados a trabajar turnos encerrados, pagar por gasolina y pintura para las unidades y son maltratados verbalmente por el Director.<\/p>\n<p>La Presidenta Municipal, en entrevista, mencion\u00f3 que ella tom\u00f3 la determinaci\u00f3n de elegir al Director de Seguridad P\u00fablica, pues ya lo conoc\u00eda tiempo atr\u00e1s y no le import\u00f3 con que no cuente con la documentaci\u00f3n requerida para ocupar este cargo&#8230;<\/p>\n<p>*&#8221;Tiene que volver a someterse al Control de confianza, y tiene que cumplir con todos los requisitos, yo lo conozco, pero lo he dicho, no meto las manos al fuego por nadie&#8230; \u00bfAl momento de tomar la decisi\u00f3n de designar al Director, no tomo en cuenta que ya cumpliera o ya tuviera todos estos documentos a la mano? No, la Ley me permite, o mejor dicho, les permite a todos los Directores, que merecen tener una certificaci\u00f3n, seis meses, entonces \u00e9l, como todos, est\u00e1n a prueba&#8221;.*<\/p>\n<p>De igual manera, la edil dijo, que si los polic\u00edas inconformes, no le presentan pruebas irrefutables del mal comportamiento de su elegido como responsable de la seguridad en el municipio, ella lo iba a sostener en el cargo.<\/p>\n<p>*&#8221;Les coment\u00e9 que ellos deber\u00edan mostrarme pruebas si es que este se\u00f1or hab\u00eda cometido actos de corrupci\u00f3n&#8221;.*<\/p>\n<p>As\u00ed mismo aseguro la alcaldesa que no se iban a tomar represalias, ni a ser despedidos los polic\u00edas por manifestarse&#8230;<\/p>\n<p>*&#8221;Me compromet\u00ed con ellos de que nadie los va a despedir, solamente se tendr\u00edan que retirar de la corporaci\u00f3n aquellos que cometan alguna anomal\u00eda, alg\u00fan il\u00edcito, o si no pasan el ex\u00e1men de control, \u00bfentre ellos estar\u00eda incluido el propio Director? Todos, el Director&#8221;.*<\/p>\n<p>Tras manifestarse, algunos polic\u00edas se\u00f1alaron que desde la anterior ocasi\u00f3n que Sim\u00f3n Cedillo fue Director de la Polic\u00eda Municipal, sufrieron abusos y despidos injustificados por parte del denunciado.<\/p>\n<p>Ra\u00fal Pacheco, ex polic\u00eda de La Paz, asegur\u00f3 que fue despedido sin raz\u00f3n alguna, que gan\u00f3 un juicio de reinstalaci\u00f3n, no le han hecho caso, y que m\u00e1s bien por haber denunciado fue golpeado&#8230;<\/p>\n<p>*&#8221;Me toc\u00f3 ser v\u00edctima de \u00e9l, de una prepotencia muy fuerte&#8230; Nos obligaba, antes de las ocho de la noche a encerrar las patrullas y que nadie pod\u00eda patrullar despu\u00e9s de las ocho de la noche, porque el ven\u00eda por su lana&#8221;.*<\/p>\n<p>Ra\u00fal Pacheco mostr\u00f3 los documentos d\u00f3nde se ordena su reinstalaci\u00f3n y pago, sin embargo sigue esperando&#8230;<\/p>\n<p>*&#8221;No me han pagado ni mucho menos me han dado una indemnizaci\u00f3n, de las golpizas ya no se diga&#8221;.*<\/p>\n<p>Por su parte Juan Hern\u00e1ndez, polic\u00eda en activo, de igual manera se\u00f1al\u00f3 que el actual Director, no es bien recibido por la corporaci\u00f3n&#8230;<\/p>\n<p>*&#8221;Ya estuvo en una administraci\u00f3n anterior y no dio buenos resultados, corri\u00f3 a muchos elementos, y hubo muchos problemas, despidos injustificados, arrestos injustificados, un alto \u00edndice de delincuencia&#8230; no deber\u00eda de estar hasta que tuviera el perfil y que tuviera sus ex\u00e1menes de Control de Confianza&#8221;.*<\/p>\n<p>Intentamos entrevistar al Director, sin embargo, nos evadi\u00f3 y no quiso dar ning\u00fan comentario sobre lo que los polic\u00edas le imputan.<\/p>\n<p>Al hacer un breve recorrido por las instalaciones de seguridad p\u00fablica de La Paz, pudimos observar las malas condiciones en que se encuentran y varias motocicletas guardadas sin que les den utilidad.<\/p>\n<p>Por lo pronto Sim\u00f3n seguir\u00e1 en su cargo y los polic\u00edas inconformes tendr\u00e1n que presentarle pruebas contundentes de lo que se quejan a la alcaldesa Olga Medina, de lo contrario el acusado seguir\u00e1 en su cargo.<\/p>\n","protected":false},"excerpt":{"rendered":"<p>Al grito de \u00a1\u00a1fuera, fuera el Director!!, un centenar de polic\u00edas municipales, se manifestaron en<\/p>\n","protected":false},"author":1,"featured_media":3108,"comment_status":"open","ping_status":"open","sticky":false,"template":"","format":"standard","meta":{"footnotes":""},"categories":[3],"tags":[90],"class_list":["post-3109","post","type-post","status-publish","format-standard","has-post-thumbnail","hentry","category-estatales","tag-la-paz"],"yoast_head":"<!-- This site is optimized with the Yoast SEO plugin v25.3 - https:\/\/yoast.com\/wordpress\/plugins\/seo\/ -->\n<title>Se manifiestan Polic\u00edas en Los Reyes, La Paz - Volcanes<\/title>\n<meta name=\"robots\" content=\"index, follow, max-snippet:-1, max-image-preview:large, max-video-preview:-1\" \/>\n<link rel=\"canonical\" href=\"https:\/\/volcanes.net\/?p=3109\" \/>\n<meta property=\"og:locale\" content=\"es_MX\" \/>\n<meta property=\"og:type\" content=\"article\" \/>\n<meta property=\"og:title\" content=\"Se manifiestan Polic\u00edas en Los Reyes, La Paz - Volcanes\" \/>\n<meta property=\"og:description\" content=\"Al grito de \u00a1\u00a1fuera, fuera el Director!!, un centenar de polic\u00edas municipales, se manifestaron en\" \/>\n<meta property=\"og:url\" content=\"https:\/\/volcanes.net\/?p=3109\" \/>\n<meta property=\"og:site_name\" content=\"Volcanes\" \/>\n<meta property=\"article:publisher\" content=\"https:\/\/www.facebook.com\/volcanes.net\/\" \/>\n<meta property=\"article:published_time\" content=\"2019-01-05T05:31:56+00:00\" \/>\n<meta property=\"og:image\" content=\"https:\/\/volcanes.net\/wp-content\/uploads\/2019\/01\/IMG-20190104-WA0016.jpg\" \/>\n\t<meta property=\"og:image:width\" content=\"1280\" \/>\n\t<meta property=\"og:image:height\" content=\"721\" \/>\n\t<meta property=\"og:image:type\" content=\"image\/jpeg\" \/>\n<meta name=\"author\" content=\"admin\" \/>\n<meta name=\"twitter:card\" content=\"summary_large_image\" \/>\n<meta name=\"twitter:label1\" content=\"Escrito por\" \/>\n\t<meta name=\"twitter:data1\" content=\"admin\" \/>\n\t<meta name=\"twitter:label2\" content=\"Tiempo de lectura\" \/>\n\t<meta name=\"twitter:data2\" content=\"4 minutos\" \/>\n<script type=\"application\/ld+json\" class=\"yoast-schema-graph\">{\"@context\":\"https:\/\/schema.org\",\"@graph\":[{\"@type\":\"Article\",\"@id\":\"https:\/\/volcanes.net\/?p=3109#article\",\"isPartOf\":{\"@id\":\"https:\/\/volcanes.net\/?p=3109\"},\"author\":{\"name\":\"admin\",\"@id\":\"https:\/\/volcanes.net\/#\/schema\/person\/4bf0f383940966a4abd53f5048c0e6b9\"},\"headline\":\"Se manifiestan Polic\u00edas en Los Reyes, La Paz\",\"datePublished\":\"2019-01-05T05:31:56+00:00\",\"mainEntityOfPage\":{\"@id\":\"https:\/\/volcanes.net\/?p=3109\"},\"wordCount\":711,\"commentCount\":0,\"publisher\":{\"@id\":\"https:\/\/volcanes.net\/#organization\"},\"image\":{\"@id\":\"https:\/\/volcanes.net\/?p=3109#primaryimage\"},\"thumbnailUrl\":\"https:\/\/volcanes.net\/wp-content\/uploads\/2019\/01\/IMG-20190104-WA0016.jpg\",\"keywords\":[\"La Paz\"],\"articleSection\":[\"Estatales\"],\"inLanguage\":\"es\",\"potentialAction\":[{\"@type\":\"CommentAction\",\"name\":\"Comment\",\"target\":[\"https:\/\/volcanes.net\/?p=3109#respond\"]}]},{\"@type\":\"WebPage\",\"@id\":\"https:\/\/volcanes.net\/?p=3109\",\"url\":\"https:\/\/volcanes.net\/?p=3109\",\"name\":\"Se manifiestan Polic\u00edas en Los Reyes, La Paz - Volcanes\",\"isPartOf\":{\"@id\":\"https:\/\/volcanes.net\/#website\"},\"primaryImageOfPage\":{\"@id\":\"https:\/\/volcanes.net\/?p=3109#primaryimage\"},\"image\":{\"@id\":\"https:\/\/volcanes.net\/?p=3109#primaryimage\"},\"thumbnailUrl\":\"https:\/\/volcanes.net\/wp-content\/uploads\/2019\/01\/IMG-20190104-WA0016.jpg\",\"datePublished\":\"2019-01-05T05:31:56+00:00\",\"breadcrumb\":{\"@id\":\"https:\/\/volcanes.net\/?p=3109#breadcrumb\"},\"inLanguage\":\"es\",\"potentialAction\":[{\"@type\":\"ReadAction\",\"target\":[\"https:\/\/volcanes.net\/?p=3109\"]}]},{\"@type\":\"ImageObject\",\"inLanguage\":\"es\",\"@id\":\"https:\/\/volcanes.net\/?p=3109#primaryimage\",\"url\":\"https:\/\/volcanes.net\/wp-content\/uploads\/2019\/01\/IMG-20190104-WA0016.jpg\",\"contentUrl\":\"https:\/\/volcanes.net\/wp-content\/uploads\/2019\/01\/IMG-20190104-WA0016.jpg\",\"width\":1280,\"height\":721},{\"@type\":\"BreadcrumbList\",\"@id\":\"https:\/\/volcanes.net\/?p=3109#breadcrumb\",\"itemListElement\":[{\"@type\":\"ListItem\",\"position\":1,\"name\":\"Portada\",\"item\":\"https:\/\/volcanes.net\/\"},{\"@type\":\"ListItem\",\"position\":2,\"name\":\"Se manifiestan Polic\u00edas en Los Reyes, La Paz\"}]},{\"@type\":\"WebSite\",\"@id\":\"https:\/\/volcanes.net\/#website\",\"url\":\"https:\/\/volcanes.net\/\",\"name\":\"Volcanes.Net\",\"description\":\"Periodismo Profesional\",\"publisher\":{\"@id\":\"https:\/\/volcanes.net\/#organization\"},\"potentialAction\":[{\"@type\":\"SearchAction\",\"target\":{\"@type\":\"EntryPoint\",\"urlTemplate\":\"https:\/\/volcanes.net\/?s={search_term_string}\"},\"query-input\":{\"@type\":\"PropertyValueSpecification\",\"valueRequired\":true,\"valueName\":\"search_term_string\"}}],\"inLanguage\":\"es\"},{\"@type\":\"Organization\",\"@id\":\"https:\/\/volcanes.net\/#organization\",\"name\":\"Grupo Volcanes\",\"url\":\"https:\/\/volcanes.net\/\",\"logo\":{\"@type\":\"ImageObject\",\"inLanguage\":\"es\",\"@id\":\"https:\/\/volcanes.net\/#\/schema\/logo\/image\/\",\"url\":\"http:\/\/volcanes.net\/wp-content\/uploads\/2017\/12\/Avatar2.jpg\",\"contentUrl\":\"http:\/\/volcanes.net\/wp-content\/uploads\/2017\/12\/Avatar2.jpg\",\"width\":378,\"height\":378,\"caption\":\"Grupo Volcanes\"},\"image\":{\"@id\":\"https:\/\/volcanes.net\/#\/schema\/logo\/image\/\"},\"sameAs\":[\"https:\/\/www.facebook.com\/volcanes.net\/\"]},{\"@type\":\"Person\",\"@id\":\"https:\/\/volcanes.net\/#\/schema\/person\/4bf0f383940966a4abd53f5048c0e6b9\",\"name\":\"admin\",\"image\":{\"@type\":\"ImageObject\",\"inLanguage\":\"es\",\"@id\":\"https:\/\/volcanes.net\/#\/schema\/person\/image\/\",\"url\":\"https:\/\/secure.gravatar.com\/avatar\/ca004e6cba8462b8cb7abc86e382930c?s=96&d=mm&r=g\",\"contentUrl\":\"https:\/\/secure.gravatar.com\/avatar\/ca004e6cba8462b8cb7abc86e382930c?s=96&d=mm&r=g\",\"caption\":\"admin\"}}]}<\/script>\n<!-- \/ Yoast SEO plugin. -->","yoast_head_json":{"title":"Se manifiestan Polic\u00edas en Los Reyes, La Paz - Volcanes","robots":{"index":"index","follow":"follow","max-snippet":"max-snippet:-1","max-image-preview":"max-image-preview:large","max-video-preview":"max-video-preview:-1"},"canonical":"https:\/\/volcanes.net\/?p=3109","og_locale":"es_MX","og_type":"article","og_title":"Se manifiestan Polic\u00edas en Los Reyes, La Paz - Volcanes","og_description":"Al grito de \u00a1\u00a1fuera, fuera el Director!!, un centenar de polic\u00edas municipales, se manifestaron en","og_url":"https:\/\/volcanes.net\/?p=3109","og_site_name":"Volcanes","article_publisher":"https:\/\/www.facebook.com\/volcanes.net\/","article_published_time":"2019-01-05T05:31:56+00:00","og_image":[{"width":1280,"height":721,"url":"https:\/\/volcanes.net\/wp-content\/uploads\/2019\/01\/IMG-20190104-WA0016.jpg","type":"image\/jpeg"}],"author":"admin","twitter_card":"summary_large_image","twitter_misc":{"Escrito por":"admin","Tiempo de lectura":"4 minutos"},"schema":{"@context":"https:\/\/schema.org","@graph":[{"@type":"Article","@id":"https:\/\/volcanes.net\/?p=3109#article","isPartOf":{"@id":"https:\/\/volcanes.net\/?p=3109"},"author":{"name":"admin","@id":"https:\/\/volcanes.net\/#\/schema\/person\/4bf0f383940966a4abd53f5048c0e6b9"},"headline":"Se manifiestan Polic\u00edas en Los Reyes, La Paz","datePublished":"2019-01-05T05:31:56+00:00","mainEntityOfPage":{"@id":"https:\/\/volcanes.net\/?p=3109"},"wordCount":711,"commentCount":0,"publisher":{"@id":"https:\/\/volcanes.net\/#organization"},"image":{"@id":"https:\/\/volcanes.net\/?p=3109#primaryimage"},"thumbnailUrl":"https:\/\/volcanes.net\/wp-content\/uploads\/2019\/01\/IMG-20190104-WA0016.jpg","keywords":["La Paz"],"articleSection":["Estatales"],"inLanguage":"es","potentialAction":[{"@type":"CommentAction","name":"Comment","target":["https:\/\/volcanes.net\/?p=3109#respond"]}]},{"@type":"WebPage","@id":"https:\/\/volcanes.net\/?p=3109","url":"https:\/\/volcanes.net\/?p=3109","name":"Se manifiestan Polic\u00edas en Los Reyes, La Paz - Volcanes","isPartOf":{"@id":"https:\/\/volcanes.net\/#website"},"primaryImageOfPage":{"@id":"https:\/\/volcanes.net\/?p=3109#primaryimage"},"image":{"@id":"https:\/\/volcanes.net\/?p=3109#primaryimage"},"thumbnailUrl":"https:\/\/volcanes.net\/wp-content\/uploads\/2019\/01\/IMG-20190104-WA0016.jpg","datePublished":"2019-01-05T05:31:56+00:00","breadcrumb":{"@id":"https:\/\/volcanes.net\/?p=3109#breadcrumb"},"inLanguage":"es","potentialAction":[{"@type":"ReadAction","target":["https:\/\/volcanes.net\/?p=3109"]}]},{"@type":"ImageObject","inLanguage":"es","@id":"https:\/\/volcanes.net\/?p=3109#primaryimage","url":"https:\/\/volcanes.net\/wp-content\/uploads\/2019\/01\/IMG-20190104-WA0016.jpg","contentUrl":"https:\/\/volcanes.net\/wp-content\/uploads\/2019\/01\/IMG-20190104-WA0016.jpg","width":1280,"height":721},{"@type":"BreadcrumbList","@id":"https:\/\/volcanes.net\/?p=3109#breadcrumb","itemListElement":[{"@type":"ListItem","position":1,"name":"Portada","item":"https:\/\/volcanes.net\/"},{"@type":"ListItem","position":2,"name":"Se manifiestan Polic\u00edas en Los Reyes, La Paz"}]},{"@type":"WebSite","@id":"https:\/\/volcanes.net\/#website","url":"https:\/\/volcanes.net\/","name":"Volcanes.Net","description":"Periodismo Profesional","publisher":{"@id":"https:\/\/volcanes.net\/#organization"},"potentialAction":[{"@type":"SearchAction","target":{"@type":"EntryPoint","urlTemplate":"https:\/\/volcanes.net\/?s={search_term_string}"},"query-input":{"@type":"PropertyValueSpecification","valueRequired":true,"valueName":"search_term_string"}}],"inLanguage":"es"},{"@type":"Organization","@id":"https:\/\/volcanes.net\/#organization","name":"Grupo Volcanes","url":"https:\/\/volcanes.net\/","logo":{"@type":"ImageObject","inLanguage":"es","@id":"https:\/\/volcanes.net\/#\/schema\/logo\/image\/","url":"http:\/\/volcanes.net\/wp-content\/uploads\/2017\/12\/Avatar2.jpg","contentUrl":"http:\/\/volcanes.net\/wp-content\/uploads\/2017\/12\/Avatar2.jpg","width":378,"height":378,"caption":"Grupo Volcanes"},"image":{"@id":"https:\/\/volcanes.net\/#\/schema\/logo\/image\/"},"sameAs":["https:\/\/www.facebook.com\/volcanes.net\/"]},{"@type":"Person","@id":"https:\/\/volcanes.net\/#\/schema\/person\/4bf0f383940966a4abd53f5048c0e6b9","name":"admin","image":{"@type":"ImageObject","inLanguage":"es","@id":"https:\/\/volcanes.net\/#\/schema\/person\/image\/","url":"https:\/\/secure.gravatar.com\/avatar\/ca004e6cba8462b8cb7abc86e382930c?s=96&d=mm&r=g","contentUrl":"https:\/\/secure.gravatar.com\/avatar\/ca004e6cba8462b8cb7abc86e382930c?s=96&d=mm&r=g","caption":"admin"}}]}},"_links":{"self":[{"href":"https:\/\/volcanes.net\/index.php?rest_route=\/wp\/v2\/posts\/3109"}],"collection":[{"href":"https:\/\/volcanes.net\/index.php?rest_route=\/wp\/v2\/posts"}],"about":[{"href":"https:\/\/volcanes.net\/index.php?rest_route=\/wp\/v2\/types\/post"}],"author":[{"embeddable":true,"href":"https:\/\/volcanes.net\/index.php?rest_route=\/wp\/v2\/users\/1"}],"replies":[{"embeddable":true,"href":"https:\/\/volcanes.net\/index.php?rest_route=%2Fwp%2Fv2%2Fcomments&post=3109"}],"version-history":[{"count":1,"href":"https:\/\/volcanes.net\/index.php?rest_route=\/wp\/v2\/posts\/3109\/revisions"}],"predecessor-version":[{"id":3110,"href":"https:\/\/volcanes.net\/index.php?rest_route=\/wp\/v2\/posts\/3109\/revisions\/3110"}],"wp:featuredmedia":[{"embeddable":true,"href":"https:\/\/volcanes.net\/index.php?rest_route=\/wp\/v2\/media\/3108"}],"wp:attachment":[{"href":"https:\/\/volcanes.net\/index.php?rest_route=%2Fwp%2Fv2%2Fmedia&parent=3109"}],"wp:term":[{"taxonomy":"category","embeddable":true,"href":"https:\/\/volcanes.net\/index.php?rest_route=%2Fwp%2Fv2%2Fcategories&post=3109"},{"taxonomy":"post_tag","embeddable":true,"href":"https:\/\/volcanes.net\/index.php?rest_route=%2Fwp%2Fv2%2Ftags&post=3109"}],"curies":[{"name":"wp","href":"https:\/\/api.w.org\/{rel}","templated":true}]}}