{"id":312,"date":"2018-01-09T21:05:49","date_gmt":"2018-01-09T21:05:49","guid":{"rendered":"http:\/\/volcanes.net\/?p=312"},"modified":"2018-01-09T21:05:49","modified_gmt":"2018-01-09T21:05:49","slug":"del-mazo-convocara-a-municipios-para-reuniones-de-seguridad-video","status":"publish","type":"post","link":"https:\/\/volcanes.net\/?p=312","title":{"rendered":"Del Mazo convocar\u00e1 a municipios para reuniones de seguridad (VIDEO)"},"content":{"rendered":"<div style=\"margin-top: 0px; margin-bottom: 0px;\" class=\"sharethis-inline-share-buttons\" ><\/div><p>El gobernador del Estado de M\u00e9xico, Alfredo Del Mazo Maza se\u00f1al\u00f3 que se invitar\u00e1 a participar a las autoridades municipales en las reuniones del Grupo de Seguridad del Estado de M\u00e9xico para realizar estrategias coordinadas y trabajar de manera integral en este rubro.<\/p>\n<p>\u201cEstaremos invitando a los distintos municipios a que participen en estas reuniones de seguridad, para que presenten los avances, los retos o las dificultades que tienen cada uno, y ver c\u00f3mo podemos coordinarnos de mejor manera con las polic\u00edas municipales y los gobiernos municipales, para trabajar de manera integral en la atenci\u00f3n de la seguridad en todo el Estado de M\u00e9xico\u201d, puntualiz\u00f3.<\/p>\n<p>El gobernador mexiquense destac\u00f3 que es en las reuniones del Grupo de Seguridad en donde se definen las estrategias conjuntas para atender las prioridades en materia de seguridad en el Estado de M\u00e9xico.<\/p>\n<p>Por ello, reiter\u00f3 su agradecimiento por el trabajo realizado por la Secretar\u00eda de Gobernaci\u00f3n, Ej\u00e9rcito, Marina, Polic\u00eda Federal, Centro de Investigaci\u00f3n y Seguridad Nacional (Cisen), Procuradur\u00eda General de Justicia de la Rep\u00fablica, as\u00ed como de la Secretar\u00eda de Seguridad y la Fiscal\u00eda General de Justicia de la entidad.<\/p>\n<p>Del Mazo Maza reconoci\u00f3 tambi\u00e9n la labor realizada por los cuerpos de seguridad federales y estatales, y principalmente de la Polic\u00eda Cibern\u00e9tica, para contener los saqueos registrados en d\u00edas pasados en la entidad, en donde se logr\u00f3 la detenci\u00f3n de 113 personas.<\/p>\n<p>\u201cAgradeciendo el apoyo de la Polic\u00eda Federal, en particular de la Polic\u00eda Cibern\u00e9tica, el apoyo tambi\u00e9n del Ej\u00e9rcito que estuvo presente en los distintos puntos donde se quer\u00edan seguir dando estos saqueos, y el resultado es que se logr\u00f3, en dos d\u00edas, contener el avance de los saqueos y que se eliminaran de manera completa\u201d, afirm\u00f3.<\/p>\n<p>El mandatario estatal indic\u00f3 que el trabajo en equipo con las diferentes fuerzas de seguridad permiti\u00f3 que los operativos que se pusieron en marcha en esta temporada decembrina, tanto en Navidad, como en A\u00f1o Nuevo y D\u00eda de Reyes, tuvieran buenos resultados para atender y cuidar a la poblaci\u00f3n.<\/p>\n<p>Manifest\u00f3 que el Operativo Seguridad Integral Mexiquense tambi\u00e9n presenta resultados, pues se ha logrado la disminuci\u00f3n de delitos de alto impacto como el secuestro, extorsi\u00f3n y homicidio, adem\u00e1s de tener avances en la disminuci\u00f3n en el robo con violencia a transporte p\u00fablico y veh\u00edculos.<\/p>\n<p>Dijo adem\u00e1s que se refuerzan las estrategias en los municipios de Ecatepec, Naucalpan y Tlalnepantla, los cuales est\u00e1n calificados como prioritarios en materia de seguridad y se contin\u00faa con los operativos Rastrillo y de las Bases de Operaci\u00f3n Mixta (BOM) en las zonas con altos \u00edndices delictivos.<\/p>\n<p><iframe loading=\"lazy\" title=\"Del Mazo convocar\u00e1 a municipios para reuniones de seguridad\" width=\"640\" height=\"360\" src=\"https:\/\/www.youtube.com\/embed\/E044IlZLsZ4?feature=oembed\" frameborder=\"0\" allow=\"accelerometer; autoplay; clipboard-write; encrypted-media; gyroscope; picture-in-picture; web-share\" referrerpolicy=\"strict-origin-when-cross-origin\" allowfullscreen><\/iframe><\/p>\n","protected":false},"excerpt":{"rendered":"<p>El gobernador del Estado de M\u00e9xico, Alfredo Del Mazo Maza se\u00f1al\u00f3 que se invitar\u00e1 a<\/p>\n","protected":false},"author":1,"featured_media":313,"comment_status":"open","ping_status":"open","sticky":false,"template":"","format":"standard","meta":{"footnotes":""},"categories":[3],"tags":[51,4],"class_list":["post-312","post","type-post","status-publish","format-standard","has-post-thumbnail","hentry","category-estatales","tag-del-mazo","tag-gobierno-del-estado-de-mexico"],"yoast_head":"<!-- This site is optimized with the Yoast SEO plugin v25.3 - https:\/\/yoast.com\/wordpress\/plugins\/seo\/ -->\n<title>Del Mazo convocar\u00e1 a municipios para reuniones de seguridad (VIDEO) - Volcanes<\/title>\n<meta name=\"robots\" content=\"index, follow, max-snippet:-1, max-image-preview:large, max-video-preview:-1\" \/>\n<link rel=\"canonical\" href=\"https:\/\/volcanes.net\/?p=312\" \/>\n<meta property=\"og:locale\" content=\"es_MX\" \/>\n<meta property=\"og:type\" content=\"article\" \/>\n<meta property=\"og:title\" content=\"Del Mazo convocar\u00e1 a municipios para reuniones de seguridad (VIDEO) - Volcanes\" \/>\n<meta property=\"og:description\" content=\"El gobernador del Estado de M\u00e9xico, Alfredo Del Mazo Maza se\u00f1al\u00f3 que se invitar\u00e1 a\" \/>\n<meta property=\"og:url\" content=\"https:\/\/volcanes.net\/?p=312\" \/>\n<meta property=\"og:site_name\" content=\"Volcanes\" \/>\n<meta property=\"article:publisher\" content=\"https:\/\/www.facebook.com\/volcanes.net\/\" \/>\n<meta property=\"article:published_time\" content=\"2018-01-09T21:05:49+00:00\" \/>\n<meta property=\"og:image\" content=\"https:\/\/volcanes.net\/wp-content\/uploads\/2018\/01\/del-mazo1.jpg\" \/>\n\t<meta property=\"og:image:width\" content=\"554\" \/>\n\t<meta property=\"og:image:height\" content=\"368\" \/>\n\t<meta property=\"og:image:type\" content=\"image\/jpeg\" \/>\n<meta name=\"author\" content=\"admin\" \/>\n<meta name=\"twitter:card\" content=\"summary_large_image\" \/>\n<meta name=\"twitter:label1\" content=\"Escrito por\" \/>\n\t<meta name=\"twitter:data1\" content=\"admin\" \/>\n\t<meta name=\"twitter:label2\" content=\"Tiempo de lectura\" \/>\n\t<meta name=\"twitter:data2\" content=\"2 minutos\" \/>\n<script type=\"application\/ld+json\" class=\"yoast-schema-graph\">{\"@context\":\"https:\/\/schema.org\",\"@graph\":[{\"@type\":\"Article\",\"@id\":\"https:\/\/volcanes.net\/?p=312#article\",\"isPartOf\":{\"@id\":\"https:\/\/volcanes.net\/?p=312\"},\"author\":{\"name\":\"admin\",\"@id\":\"https:\/\/volcanes.net\/#\/schema\/person\/4bf0f383940966a4abd53f5048c0e6b9\"},\"headline\":\"Del Mazo convocar\u00e1 a municipios para reuniones de seguridad (VIDEO)\",\"datePublished\":\"2018-01-09T21:05:49+00:00\",\"mainEntityOfPage\":{\"@id\":\"https:\/\/volcanes.net\/?p=312\"},\"wordCount\":481,\"commentCount\":0,\"publisher\":{\"@id\":\"https:\/\/volcanes.net\/#organization\"},\"image\":{\"@id\":\"https:\/\/volcanes.net\/?p=312#primaryimage\"},\"thumbnailUrl\":\"https:\/\/volcanes.net\/wp-content\/uploads\/2018\/01\/del-mazo1.jpg\",\"keywords\":[\"Del Mazo\",\"Gobierno del Estado de M\u00e9xico\"],\"articleSection\":[\"Estatales\"],\"inLanguage\":\"es\",\"potentialAction\":[{\"@type\":\"CommentAction\",\"name\":\"Comment\",\"target\":[\"https:\/\/volcanes.net\/?p=312#respond\"]}]},{\"@type\":\"WebPage\",\"@id\":\"https:\/\/volcanes.net\/?p=312\",\"url\":\"https:\/\/volcanes.net\/?p=312\",\"name\":\"Del Mazo convocar\u00e1 a municipios para reuniones de seguridad (VIDEO) - Volcanes\",\"isPartOf\":{\"@id\":\"https:\/\/volcanes.net\/#website\"},\"primaryImageOfPage\":{\"@id\":\"https:\/\/volcanes.net\/?p=312#primaryimage\"},\"image\":{\"@id\":\"https:\/\/volcanes.net\/?p=312#primaryimage\"},\"thumbnailUrl\":\"https:\/\/volcanes.net\/wp-content\/uploads\/2018\/01\/del-mazo1.jpg\",\"datePublished\":\"2018-01-09T21:05:49+00:00\",\"breadcrumb\":{\"@id\":\"https:\/\/volcanes.net\/?p=312#breadcrumb\"},\"inLanguage\":\"es\",\"potentialAction\":[{\"@type\":\"ReadAction\",\"target\":[\"https:\/\/volcanes.net\/?p=312\"]}]},{\"@type\":\"ImageObject\",\"inLanguage\":\"es\",\"@id\":\"https:\/\/volcanes.net\/?p=312#primaryimage\",\"url\":\"https:\/\/volcanes.net\/wp-content\/uploads\/2018\/01\/del-mazo1.jpg\",\"contentUrl\":\"https:\/\/volcanes.net\/wp-content\/uploads\/2018\/01\/del-mazo1.jpg\",\"width\":554,\"height\":368},{\"@type\":\"BreadcrumbList\",\"@id\":\"https:\/\/volcanes.net\/?p=312#breadcrumb\",\"itemListElement\":[{\"@type\":\"ListItem\",\"position\":1,\"name\":\"Portada\",\"item\":\"https:\/\/volcanes.net\/\"},{\"@type\":\"ListItem\",\"position\":2,\"name\":\"Del Mazo convocar\u00e1 a municipios para reuniones de seguridad (VIDEO)\"}]},{\"@type\":\"WebSite\",\"@id\":\"https:\/\/volcanes.net\/#website\",\"url\":\"https:\/\/volcanes.net\/\",\"name\":\"Volcanes.Net\",\"description\":\"Periodismo Profesional\",\"publisher\":{\"@id\":\"https:\/\/volcanes.net\/#organization\"},\"potentialAction\":[{\"@type\":\"SearchAction\",\"target\":{\"@type\":\"EntryPoint\",\"urlTemplate\":\"https:\/\/volcanes.net\/?s={search_term_string}\"},\"query-input\":{\"@type\":\"PropertyValueSpecification\",\"valueRequired\":true,\"valueName\":\"search_term_string\"}}],\"inLanguage\":\"es\"},{\"@type\":\"Organization\",\"@id\":\"https:\/\/volcanes.net\/#organization\",\"name\":\"Grupo Volcanes\",\"url\":\"https:\/\/volcanes.net\/\",\"logo\":{\"@type\":\"ImageObject\",\"inLanguage\":\"es\",\"@id\":\"https:\/\/volcanes.net\/#\/schema\/logo\/image\/\",\"url\":\"http:\/\/volcanes.net\/wp-content\/uploads\/2017\/12\/Avatar2.jpg\",\"contentUrl\":\"http:\/\/volcanes.net\/wp-content\/uploads\/2017\/12\/Avatar2.jpg\",\"width\":378,\"height\":378,\"caption\":\"Grupo Volcanes\"},\"image\":{\"@id\":\"https:\/\/volcanes.net\/#\/schema\/logo\/image\/\"},\"sameAs\":[\"https:\/\/www.facebook.com\/volcanes.net\/\"]},{\"@type\":\"Person\",\"@id\":\"https:\/\/volcanes.net\/#\/schema\/person\/4bf0f383940966a4abd53f5048c0e6b9\",\"name\":\"admin\",\"image\":{\"@type\":\"ImageObject\",\"inLanguage\":\"es\",\"@id\":\"https:\/\/volcanes.net\/#\/schema\/person\/image\/\",\"url\":\"https:\/\/secure.gravatar.com\/avatar\/ca004e6cba8462b8cb7abc86e382930c?s=96&d=mm&r=g\",\"contentUrl\":\"https:\/\/secure.gravatar.com\/avatar\/ca004e6cba8462b8cb7abc86e382930c?s=96&d=mm&r=g\",\"caption\":\"admin\"}}]}<\/script>\n<!-- \/ Yoast SEO plugin. -->","yoast_head_json":{"title":"Del Mazo convocar\u00e1 a municipios para reuniones de seguridad (VIDEO) - Volcanes","robots":{"index":"index","follow":"follow","max-snippet":"max-snippet:-1","max-image-preview":"max-image-preview:large","max-video-preview":"max-video-preview:-1"},"canonical":"https:\/\/volcanes.net\/?p=312","og_locale":"es_MX","og_type":"article","og_title":"Del Mazo convocar\u00e1 a municipios para reuniones de seguridad (VIDEO) - Volcanes","og_description":"El gobernador del Estado de M\u00e9xico, Alfredo Del Mazo Maza se\u00f1al\u00f3 que se invitar\u00e1 a","og_url":"https:\/\/volcanes.net\/?p=312","og_site_name":"Volcanes","article_publisher":"https:\/\/www.facebook.com\/volcanes.net\/","article_published_time":"2018-01-09T21:05:49+00:00","og_image":[{"width":554,"height":368,"url":"https:\/\/volcanes.net\/wp-content\/uploads\/2018\/01\/del-mazo1.jpg","type":"image\/jpeg"}],"author":"admin","twitter_card":"summary_large_image","twitter_misc":{"Escrito por":"admin","Tiempo de lectura":"2 minutos"},"schema":{"@context":"https:\/\/schema.org","@graph":[{"@type":"Article","@id":"https:\/\/volcanes.net\/?p=312#article","isPartOf":{"@id":"https:\/\/volcanes.net\/?p=312"},"author":{"name":"admin","@id":"https:\/\/volcanes.net\/#\/schema\/person\/4bf0f383940966a4abd53f5048c0e6b9"},"headline":"Del Mazo convocar\u00e1 a municipios para reuniones de seguridad (VIDEO)","datePublished":"2018-01-09T21:05:49+00:00","mainEntityOfPage":{"@id":"https:\/\/volcanes.net\/?p=312"},"wordCount":481,"commentCount":0,"publisher":{"@id":"https:\/\/volcanes.net\/#organization"},"image":{"@id":"https:\/\/volcanes.net\/?p=312#primaryimage"},"thumbnailUrl":"https:\/\/volcanes.net\/wp-content\/uploads\/2018\/01\/del-mazo1.jpg","keywords":["Del Mazo","Gobierno del Estado de M\u00e9xico"],"articleSection":["Estatales"],"inLanguage":"es","potentialAction":[{"@type":"CommentAction","name":"Comment","target":["https:\/\/volcanes.net\/?p=312#respond"]}]},{"@type":"WebPage","@id":"https:\/\/volcanes.net\/?p=312","url":"https:\/\/volcanes.net\/?p=312","name":"Del Mazo convocar\u00e1 a municipios para reuniones de seguridad (VIDEO) - Volcanes","isPartOf":{"@id":"https:\/\/volcanes.net\/#website"},"primaryImageOfPage":{"@id":"https:\/\/volcanes.net\/?p=312#primaryimage"},"image":{"@id":"https:\/\/volcanes.net\/?p=312#primaryimage"},"thumbnailUrl":"https:\/\/volcanes.net\/wp-content\/uploads\/2018\/01\/del-mazo1.jpg","datePublished":"2018-01-09T21:05:49+00:00","breadcrumb":{"@id":"https:\/\/volcanes.net\/?p=312#breadcrumb"},"inLanguage":"es","potentialAction":[{"@type":"ReadAction","target":["https:\/\/volcanes.net\/?p=312"]}]},{"@type":"ImageObject","inLanguage":"es","@id":"https:\/\/volcanes.net\/?p=312#primaryimage","url":"https:\/\/volcanes.net\/wp-content\/uploads\/2018\/01\/del-mazo1.jpg","contentUrl":"https:\/\/volcanes.net\/wp-content\/uploads\/2018\/01\/del-mazo1.jpg","width":554,"height":368},{"@type":"BreadcrumbList","@id":"https:\/\/volcanes.net\/?p=312#breadcrumb","itemListElement":[{"@type":"ListItem","position":1,"name":"Portada","item":"https:\/\/volcanes.net\/"},{"@type":"ListItem","position":2,"name":"Del Mazo convocar\u00e1 a municipios para reuniones de seguridad (VIDEO)"}]},{"@type":"WebSite","@id":"https:\/\/volcanes.net\/#website","url":"https:\/\/volcanes.net\/","name":"Volcanes.Net","description":"Periodismo Profesional","publisher":{"@id":"https:\/\/volcanes.net\/#organization"},"potentialAction":[{"@type":"SearchAction","target":{"@type":"EntryPoint","urlTemplate":"https:\/\/volcanes.net\/?s={search_term_string}"},"query-input":{"@type":"PropertyValueSpecification","valueRequired":true,"valueName":"search_term_string"}}],"inLanguage":"es"},{"@type":"Organization","@id":"https:\/\/volcanes.net\/#organization","name":"Grupo Volcanes","url":"https:\/\/volcanes.net\/","logo":{"@type":"ImageObject","inLanguage":"es","@id":"https:\/\/volcanes.net\/#\/schema\/logo\/image\/","url":"http:\/\/volcanes.net\/wp-content\/uploads\/2017\/12\/Avatar2.jpg","contentUrl":"http:\/\/volcanes.net\/wp-content\/uploads\/2017\/12\/Avatar2.jpg","width":378,"height":378,"caption":"Grupo Volcanes"},"image":{"@id":"https:\/\/volcanes.net\/#\/schema\/logo\/image\/"},"sameAs":["https:\/\/www.facebook.com\/volcanes.net\/"]},{"@type":"Person","@id":"https:\/\/volcanes.net\/#\/schema\/person\/4bf0f383940966a4abd53f5048c0e6b9","name":"admin","image":{"@type":"ImageObject","inLanguage":"es","@id":"https:\/\/volcanes.net\/#\/schema\/person\/image\/","url":"https:\/\/secure.gravatar.com\/avatar\/ca004e6cba8462b8cb7abc86e382930c?s=96&d=mm&r=g","contentUrl":"https:\/\/secure.gravatar.com\/avatar\/ca004e6cba8462b8cb7abc86e382930c?s=96&d=mm&r=g","caption":"admin"}}]}},"_links":{"self":[{"href":"https:\/\/volcanes.net\/index.php?rest_route=\/wp\/v2\/posts\/312"}],"collection":[{"href":"https:\/\/volcanes.net\/index.php?rest_route=\/wp\/v2\/posts"}],"about":[{"href":"https:\/\/volcanes.net\/index.php?rest_route=\/wp\/v2\/types\/post"}],"author":[{"embeddable":true,"href":"https:\/\/volcanes.net\/index.php?rest_route=\/wp\/v2\/users\/1"}],"replies":[{"embeddable":true,"href":"https:\/\/volcanes.net\/index.php?rest_route=%2Fwp%2Fv2%2Fcomments&post=312"}],"version-history":[{"count":1,"href":"https:\/\/volcanes.net\/index.php?rest_route=\/wp\/v2\/posts\/312\/revisions"}],"predecessor-version":[{"id":314,"href":"https:\/\/volcanes.net\/index.php?rest_route=\/wp\/v2\/posts\/312\/revisions\/314"}],"wp:featuredmedia":[{"embeddable":true,"href":"https:\/\/volcanes.net\/index.php?rest_route=\/wp\/v2\/media\/313"}],"wp:attachment":[{"href":"https:\/\/volcanes.net\/index.php?rest_route=%2Fwp%2Fv2%2Fmedia&parent=312"}],"wp:term":[{"taxonomy":"category","embeddable":true,"href":"https:\/\/volcanes.net\/index.php?rest_route=%2Fwp%2Fv2%2Fcategories&post=312"},{"taxonomy":"post_tag","embeddable":true,"href":"https:\/\/volcanes.net\/index.php?rest_route=%2Fwp%2Fv2%2Ftags&post=312"}],"curies":[{"name":"wp","href":"https:\/\/api.w.org\/{rel}","templated":true}]}}