{"id":3123,"date":"2019-01-07T09:30:22","date_gmt":"2019-01-07T09:30:22","guid":{"rendered":"http:\/\/volcanes.net\/?p=3123"},"modified":"2019-01-07T09:30:22","modified_gmt":"2019-01-07T09:30:22","slug":"recupera-secretaria-de-seguridad-vehiculo-reportado-como-robado","status":"publish","type":"post","link":"https:\/\/volcanes.net\/?p=3123","title":{"rendered":"Recupera Secretar\u00eda de Seguridad veh\u00edculo reportado como robado"},"content":{"rendered":"<div style=\"margin-top: 0px; margin-bottom: 0px;\" class=\"sharethis-inline-share-buttons\" ><\/div><p><strong>Cuautitl\u00e1n Izcalli, Estado de M\u00e9xico,05<\/strong><span> <\/span>de enero de 2019.- En acci\u00f3n coordinada, Polic\u00edas Estatales y Municipales localizaron y recuperaron un veh\u00edculo reportado como robado.<\/p>\n<p style=\"margin-top:0px;margin-bottom:0px;font-family:Calibri,Arial,Helvetica,sans-serif;font-size:16px;font-style:normal;font-weight:400;letter-spacing:normal;text-indent:0px;text-align:left\">\n<p style=\"margin-top:0px;margin-bottom:0px;font-family:Calibri,Arial,Helvetica,sans-serif;font-size:16px;font-style:normal;font-weight:400;letter-spacing:normal;text-indent:0px;text-align:left\">A trav\u00e9s del monitoreo de las c\u00e1maras del Centro de Vigilancia de este municipio (C4), se detect\u00f3 un automotor aparentemente abandonado sobre la calle San Francisco de As\u00eds, la colonia San Francisco Tepojaco, por lo que los efectivos de ambas corporaciones se trasladaron al sitio para descartar cualquier irregularidad.<\/p>\n<p style=\"margin-top:0px;margin-bottom:0px;font-family:Calibri,Arial,Helvetica,sans-serif;font-size:16px;font-style:normal;font-weight:400;letter-spacing:normal;text-indent:0px;text-align:left\">\n<p style=\"margin-top:0px;margin-bottom:0px;font-family:Calibri,Arial,Helvetica,sans-serif;font-size:16px;font-style:normal;font-weight:400;letter-spacing:normal;text-indent:0px;text-align:left\">En el \u00e1rea se\u00f1alada, los uniformados se aproximaron hasta la camioneta Chevrolet Equinox, misma que al verificar sus placas en la Plataforma M\u00e9xico, se corrobor\u00f3 que contaba con reporte de robo vigente.<\/p>\n<p style=\"margin-top:0px;margin-bottom:0px;font-family:Calibri,Arial,Helvetica,sans-serif;font-size:16px;font-style:normal;font-weight:400;letter-spacing:normal;text-indent:0px;text-align:left\">\n<p style=\"margin-top:0px;margin-bottom:0px;font-family:Calibri,Arial,Helvetica,sans-serif;font-size:16px;font-style:normal;font-weight:400;letter-spacing:normal;text-indent:0px;text-align:left\">Luego de hacer una inspecci\u00f3n como lo marca el protocolo de actuaci\u00f3n, el automotor fue trasladado al Ministerio P\u00fablico para continuar con la Carpeta de Investigaci\u00f3n y contactar a los leg\u00edtimos propietarios.<\/p>\n<p style=\"margin-top:0px;margin-bottom:0px;font-family:Calibri,Arial,Helvetica,sans-serif;font-size:16px;font-style:normal;font-weight:400;letter-spacing:normal;text-indent:0px;text-align:left\">\n<p style=\"margin-top:0px;margin-bottom:0px;font-family:Calibri,Arial,Helvetica,sans-serif;font-size:16px;font-style:normal;font-weight:400;letter-spacing:normal;text-indent:0px;text-align:left\">La Secretar\u00eda de Seguridad le recuerda que los tel\u00e9fonos de Denuncia An\u00f3nima 0-8-9 y de emergencia 9-1-1 trabajan las 24 horas del d\u00eda; tambi\u00e9n puede contactarnos a trav\u00e9s de nuestras redes sociales: en Facebook @SS.Edomex, y el Twitter @SS_Edomex<\/p>\n","protected":false},"excerpt":{"rendered":"<p>Cuautitl\u00e1n Izcalli, Estado de M\u00e9xico,05 de enero de 2019.- En acci\u00f3n coordinada, Polic\u00edas Estatales y<\/p>\n","protected":false},"author":1,"featured_media":3122,"comment_status":"open","ping_status":"open","sticky":false,"template":"","format":"standard","meta":{"footnotes":""},"categories":[1],"tags":[85],"class_list":["post-3123","post","type-post","status-publish","format-standard","has-post-thumbnail","hentry","category-municipales","tag-izcalli"],"yoast_head":"<!-- This site is optimized with the Yoast SEO plugin v25.3 - https:\/\/yoast.com\/wordpress\/plugins\/seo\/ -->\n<title>Recupera Secretar\u00eda de Seguridad veh\u00edculo reportado como robado - Volcanes<\/title>\n<meta name=\"robots\" content=\"index, follow, max-snippet:-1, max-image-preview:large, max-video-preview:-1\" \/>\n<link rel=\"canonical\" href=\"https:\/\/volcanes.net\/?p=3123\" \/>\n<meta property=\"og:locale\" content=\"es_MX\" \/>\n<meta property=\"og:type\" content=\"article\" \/>\n<meta property=\"og:title\" content=\"Recupera Secretar\u00eda de Seguridad veh\u00edculo reportado como robado - Volcanes\" \/>\n<meta property=\"og:description\" content=\"Cuautitl\u00e1n Izcalli, Estado de M\u00e9xico,05 de enero de 2019.- En acci\u00f3n coordinada, Polic\u00edas Estatales y\" \/>\n<meta property=\"og:url\" content=\"https:\/\/volcanes.net\/?p=3123\" \/>\n<meta property=\"og:site_name\" content=\"Volcanes\" \/>\n<meta property=\"article:publisher\" content=\"https:\/\/www.facebook.com\/volcanes.net\/\" \/>\n<meta property=\"article:published_time\" content=\"2019-01-07T09:30:22+00:00\" \/>\n<meta property=\"og:image\" content=\"https:\/\/volcanes.net\/wp-content\/uploads\/2019\/01\/WhatsApp-Image-2019-01-05-at-5.45.34-PM.jpeg\" \/>\n\t<meta property=\"og:image:width\" content=\"1148\" \/>\n\t<meta property=\"og:image:height\" content=\"582\" \/>\n\t<meta property=\"og:image:type\" content=\"image\/jpeg\" \/>\n<meta name=\"author\" content=\"admin\" \/>\n<meta name=\"twitter:card\" content=\"summary_large_image\" \/>\n<meta name=\"twitter:label1\" content=\"Escrito por\" \/>\n\t<meta name=\"twitter:data1\" content=\"admin\" \/>\n\t<meta name=\"twitter:label2\" content=\"Tiempo de lectura\" \/>\n\t<meta name=\"twitter:data2\" content=\"1 minuto\" \/>\n<script type=\"application\/ld+json\" class=\"yoast-schema-graph\">{\"@context\":\"https:\/\/schema.org\",\"@graph\":[{\"@type\":\"Article\",\"@id\":\"https:\/\/volcanes.net\/?p=3123#article\",\"isPartOf\":{\"@id\":\"https:\/\/volcanes.net\/?p=3123\"},\"author\":{\"name\":\"admin\",\"@id\":\"https:\/\/volcanes.net\/#\/schema\/person\/4bf0f383940966a4abd53f5048c0e6b9\"},\"headline\":\"Recupera Secretar\u00eda de Seguridad veh\u00edculo reportado como robado\",\"datePublished\":\"2019-01-07T09:30:22+00:00\",\"mainEntityOfPage\":{\"@id\":\"https:\/\/volcanes.net\/?p=3123\"},\"wordCount\":210,\"commentCount\":0,\"publisher\":{\"@id\":\"https:\/\/volcanes.net\/#organization\"},\"image\":{\"@id\":\"https:\/\/volcanes.net\/?p=3123#primaryimage\"},\"thumbnailUrl\":\"https:\/\/volcanes.net\/wp-content\/uploads\/2019\/01\/WhatsApp-Image-2019-01-05-at-5.45.34-PM.jpeg\",\"keywords\":[\"Izcalli\"],\"articleSection\":[\"Municipales\"],\"inLanguage\":\"es\",\"potentialAction\":[{\"@type\":\"CommentAction\",\"name\":\"Comment\",\"target\":[\"https:\/\/volcanes.net\/?p=3123#respond\"]}]},{\"@type\":\"WebPage\",\"@id\":\"https:\/\/volcanes.net\/?p=3123\",\"url\":\"https:\/\/volcanes.net\/?p=3123\",\"name\":\"Recupera Secretar\u00eda de Seguridad veh\u00edculo reportado como robado - Volcanes\",\"isPartOf\":{\"@id\":\"https:\/\/volcanes.net\/#website\"},\"primaryImageOfPage\":{\"@id\":\"https:\/\/volcanes.net\/?p=3123#primaryimage\"},\"image\":{\"@id\":\"https:\/\/volcanes.net\/?p=3123#primaryimage\"},\"thumbnailUrl\":\"https:\/\/volcanes.net\/wp-content\/uploads\/2019\/01\/WhatsApp-Image-2019-01-05-at-5.45.34-PM.jpeg\",\"datePublished\":\"2019-01-07T09:30:22+00:00\",\"breadcrumb\":{\"@id\":\"https:\/\/volcanes.net\/?p=3123#breadcrumb\"},\"inLanguage\":\"es\",\"potentialAction\":[{\"@type\":\"ReadAction\",\"target\":[\"https:\/\/volcanes.net\/?p=3123\"]}]},{\"@type\":\"ImageObject\",\"inLanguage\":\"es\",\"@id\":\"https:\/\/volcanes.net\/?p=3123#primaryimage\",\"url\":\"https:\/\/volcanes.net\/wp-content\/uploads\/2019\/01\/WhatsApp-Image-2019-01-05-at-5.45.34-PM.jpeg\",\"contentUrl\":\"https:\/\/volcanes.net\/wp-content\/uploads\/2019\/01\/WhatsApp-Image-2019-01-05-at-5.45.34-PM.jpeg\",\"width\":1148,\"height\":582},{\"@type\":\"BreadcrumbList\",\"@id\":\"https:\/\/volcanes.net\/?p=3123#breadcrumb\",\"itemListElement\":[{\"@type\":\"ListItem\",\"position\":1,\"name\":\"Portada\",\"item\":\"https:\/\/volcanes.net\/\"},{\"@type\":\"ListItem\",\"position\":2,\"name\":\"Recupera Secretar\u00eda de Seguridad veh\u00edculo reportado como robado\"}]},{\"@type\":\"WebSite\",\"@id\":\"https:\/\/volcanes.net\/#website\",\"url\":\"https:\/\/volcanes.net\/\",\"name\":\"Volcanes.Net\",\"description\":\"Periodismo Profesional\",\"publisher\":{\"@id\":\"https:\/\/volcanes.net\/#organization\"},\"potentialAction\":[{\"@type\":\"SearchAction\",\"target\":{\"@type\":\"EntryPoint\",\"urlTemplate\":\"https:\/\/volcanes.net\/?s={search_term_string}\"},\"query-input\":{\"@type\":\"PropertyValueSpecification\",\"valueRequired\":true,\"valueName\":\"search_term_string\"}}],\"inLanguage\":\"es\"},{\"@type\":\"Organization\",\"@id\":\"https:\/\/volcanes.net\/#organization\",\"name\":\"Grupo Volcanes\",\"url\":\"https:\/\/volcanes.net\/\",\"logo\":{\"@type\":\"ImageObject\",\"inLanguage\":\"es\",\"@id\":\"https:\/\/volcanes.net\/#\/schema\/logo\/image\/\",\"url\":\"http:\/\/volcanes.net\/wp-content\/uploads\/2017\/12\/Avatar2.jpg\",\"contentUrl\":\"http:\/\/volcanes.net\/wp-content\/uploads\/2017\/12\/Avatar2.jpg\",\"width\":378,\"height\":378,\"caption\":\"Grupo Volcanes\"},\"image\":{\"@id\":\"https:\/\/volcanes.net\/#\/schema\/logo\/image\/\"},\"sameAs\":[\"https:\/\/www.facebook.com\/volcanes.net\/\"]},{\"@type\":\"Person\",\"@id\":\"https:\/\/volcanes.net\/#\/schema\/person\/4bf0f383940966a4abd53f5048c0e6b9\",\"name\":\"admin\",\"image\":{\"@type\":\"ImageObject\",\"inLanguage\":\"es\",\"@id\":\"https:\/\/volcanes.net\/#\/schema\/person\/image\/\",\"url\":\"https:\/\/secure.gravatar.com\/avatar\/ca004e6cba8462b8cb7abc86e382930c?s=96&d=mm&r=g\",\"contentUrl\":\"https:\/\/secure.gravatar.com\/avatar\/ca004e6cba8462b8cb7abc86e382930c?s=96&d=mm&r=g\",\"caption\":\"admin\"}}]}<\/script>\n<!-- \/ Yoast SEO plugin. -->","yoast_head_json":{"title":"Recupera Secretar\u00eda de Seguridad veh\u00edculo reportado como robado - Volcanes","robots":{"index":"index","follow":"follow","max-snippet":"max-snippet:-1","max-image-preview":"max-image-preview:large","max-video-preview":"max-video-preview:-1"},"canonical":"https:\/\/volcanes.net\/?p=3123","og_locale":"es_MX","og_type":"article","og_title":"Recupera Secretar\u00eda de Seguridad veh\u00edculo reportado como robado - Volcanes","og_description":"Cuautitl\u00e1n Izcalli, Estado de M\u00e9xico,05 de enero de 2019.- En acci\u00f3n coordinada, Polic\u00edas Estatales y","og_url":"https:\/\/volcanes.net\/?p=3123","og_site_name":"Volcanes","article_publisher":"https:\/\/www.facebook.com\/volcanes.net\/","article_published_time":"2019-01-07T09:30:22+00:00","og_image":[{"width":1148,"height":582,"url":"https:\/\/volcanes.net\/wp-content\/uploads\/2019\/01\/WhatsApp-Image-2019-01-05-at-5.45.34-PM.jpeg","type":"image\/jpeg"}],"author":"admin","twitter_card":"summary_large_image","twitter_misc":{"Escrito por":"admin","Tiempo de lectura":"1 minuto"},"schema":{"@context":"https:\/\/schema.org","@graph":[{"@type":"Article","@id":"https:\/\/volcanes.net\/?p=3123#article","isPartOf":{"@id":"https:\/\/volcanes.net\/?p=3123"},"author":{"name":"admin","@id":"https:\/\/volcanes.net\/#\/schema\/person\/4bf0f383940966a4abd53f5048c0e6b9"},"headline":"Recupera Secretar\u00eda de Seguridad veh\u00edculo reportado como robado","datePublished":"2019-01-07T09:30:22+00:00","mainEntityOfPage":{"@id":"https:\/\/volcanes.net\/?p=3123"},"wordCount":210,"commentCount":0,"publisher":{"@id":"https:\/\/volcanes.net\/#organization"},"image":{"@id":"https:\/\/volcanes.net\/?p=3123#primaryimage"},"thumbnailUrl":"https:\/\/volcanes.net\/wp-content\/uploads\/2019\/01\/WhatsApp-Image-2019-01-05-at-5.45.34-PM.jpeg","keywords":["Izcalli"],"articleSection":["Municipales"],"inLanguage":"es","potentialAction":[{"@type":"CommentAction","name":"Comment","target":["https:\/\/volcanes.net\/?p=3123#respond"]}]},{"@type":"WebPage","@id":"https:\/\/volcanes.net\/?p=3123","url":"https:\/\/volcanes.net\/?p=3123","name":"Recupera Secretar\u00eda de Seguridad veh\u00edculo reportado como robado - Volcanes","isPartOf":{"@id":"https:\/\/volcanes.net\/#website"},"primaryImageOfPage":{"@id":"https:\/\/volcanes.net\/?p=3123#primaryimage"},"image":{"@id":"https:\/\/volcanes.net\/?p=3123#primaryimage"},"thumbnailUrl":"https:\/\/volcanes.net\/wp-content\/uploads\/2019\/01\/WhatsApp-Image-2019-01-05-at-5.45.34-PM.jpeg","datePublished":"2019-01-07T09:30:22+00:00","breadcrumb":{"@id":"https:\/\/volcanes.net\/?p=3123#breadcrumb"},"inLanguage":"es","potentialAction":[{"@type":"ReadAction","target":["https:\/\/volcanes.net\/?p=3123"]}]},{"@type":"ImageObject","inLanguage":"es","@id":"https:\/\/volcanes.net\/?p=3123#primaryimage","url":"https:\/\/volcanes.net\/wp-content\/uploads\/2019\/01\/WhatsApp-Image-2019-01-05-at-5.45.34-PM.jpeg","contentUrl":"https:\/\/volcanes.net\/wp-content\/uploads\/2019\/01\/WhatsApp-Image-2019-01-05-at-5.45.34-PM.jpeg","width":1148,"height":582},{"@type":"BreadcrumbList","@id":"https:\/\/volcanes.net\/?p=3123#breadcrumb","itemListElement":[{"@type":"ListItem","position":1,"name":"Portada","item":"https:\/\/volcanes.net\/"},{"@type":"ListItem","position":2,"name":"Recupera Secretar\u00eda de Seguridad veh\u00edculo reportado como robado"}]},{"@type":"WebSite","@id":"https:\/\/volcanes.net\/#website","url":"https:\/\/volcanes.net\/","name":"Volcanes.Net","description":"Periodismo Profesional","publisher":{"@id":"https:\/\/volcanes.net\/#organization"},"potentialAction":[{"@type":"SearchAction","target":{"@type":"EntryPoint","urlTemplate":"https:\/\/volcanes.net\/?s={search_term_string}"},"query-input":{"@type":"PropertyValueSpecification","valueRequired":true,"valueName":"search_term_string"}}],"inLanguage":"es"},{"@type":"Organization","@id":"https:\/\/volcanes.net\/#organization","name":"Grupo Volcanes","url":"https:\/\/volcanes.net\/","logo":{"@type":"ImageObject","inLanguage":"es","@id":"https:\/\/volcanes.net\/#\/schema\/logo\/image\/","url":"http:\/\/volcanes.net\/wp-content\/uploads\/2017\/12\/Avatar2.jpg","contentUrl":"http:\/\/volcanes.net\/wp-content\/uploads\/2017\/12\/Avatar2.jpg","width":378,"height":378,"caption":"Grupo Volcanes"},"image":{"@id":"https:\/\/volcanes.net\/#\/schema\/logo\/image\/"},"sameAs":["https:\/\/www.facebook.com\/volcanes.net\/"]},{"@type":"Person","@id":"https:\/\/volcanes.net\/#\/schema\/person\/4bf0f383940966a4abd53f5048c0e6b9","name":"admin","image":{"@type":"ImageObject","inLanguage":"es","@id":"https:\/\/volcanes.net\/#\/schema\/person\/image\/","url":"https:\/\/secure.gravatar.com\/avatar\/ca004e6cba8462b8cb7abc86e382930c?s=96&d=mm&r=g","contentUrl":"https:\/\/secure.gravatar.com\/avatar\/ca004e6cba8462b8cb7abc86e382930c?s=96&d=mm&r=g","caption":"admin"}}]}},"_links":{"self":[{"href":"https:\/\/volcanes.net\/index.php?rest_route=\/wp\/v2\/posts\/3123"}],"collection":[{"href":"https:\/\/volcanes.net\/index.php?rest_route=\/wp\/v2\/posts"}],"about":[{"href":"https:\/\/volcanes.net\/index.php?rest_route=\/wp\/v2\/types\/post"}],"author":[{"embeddable":true,"href":"https:\/\/volcanes.net\/index.php?rest_route=\/wp\/v2\/users\/1"}],"replies":[{"embeddable":true,"href":"https:\/\/volcanes.net\/index.php?rest_route=%2Fwp%2Fv2%2Fcomments&post=3123"}],"version-history":[{"count":1,"href":"https:\/\/volcanes.net\/index.php?rest_route=\/wp\/v2\/posts\/3123\/revisions"}],"predecessor-version":[{"id":3124,"href":"https:\/\/volcanes.net\/index.php?rest_route=\/wp\/v2\/posts\/3123\/revisions\/3124"}],"wp:featuredmedia":[{"embeddable":true,"href":"https:\/\/volcanes.net\/index.php?rest_route=\/wp\/v2\/media\/3122"}],"wp:attachment":[{"href":"https:\/\/volcanes.net\/index.php?rest_route=%2Fwp%2Fv2%2Fmedia&parent=3123"}],"wp:term":[{"taxonomy":"category","embeddable":true,"href":"https:\/\/volcanes.net\/index.php?rest_route=%2Fwp%2Fv2%2Fcategories&post=3123"},{"taxonomy":"post_tag","embeddable":true,"href":"https:\/\/volcanes.net\/index.php?rest_route=%2Fwp%2Fv2%2Ftags&post=3123"}],"curies":[{"name":"wp","href":"https:\/\/api.w.org\/{rel}","templated":true}]}}