{"id":3129,"date":"2019-01-07T09:37:02","date_gmt":"2019-01-07T09:37:02","guid":{"rendered":"http:\/\/volcanes.net\/?p=3129"},"modified":"2019-01-07T09:37:02","modified_gmt":"2019-01-07T09:37:02","slug":"vinculan-a-proceso-a-tres-por-robo-con-violencia-en-ixtapaluca","status":"publish","type":"post","link":"https:\/\/volcanes.net\/?p=3129","title":{"rendered":"Vinculan a proceso a tres por robo con violencia en Ixtapaluca"},"content":{"rendered":"<div style=\"margin-top: 0px; margin-bottom: 0px;\" class=\"sharethis-inline-share-buttons\" ><\/div><p align=\"center\" class=\"MsoNormal\" style=\"font-style:normal;font-weight:400;letter-spacing:normal;text-indent:0px;margin:12pt0cm0.0001ptline-height:25.68px;font-size:12pt;font-family:Cambria,serif;text-align:center\"><span lang=\"ES-TRAD\" style=\"font-size:11pt;line-height:23.54px;font-family:\"><b>Ixtapaluca, M\u00e9xico,  06 de enero de 2019.-<\/b><\/span><span lang=\"ES-TRAD\" style=\"font-size:11pt;line-height:23.54px;font-family:\"><span> <\/span>El Ministerio P\u00fablico de la Fiscal\u00eda General de Justicia del Estado de M\u00e9xico (FGJEM), acredit\u00f3 la probable participaci\u00f3n en el delito de robo con violencia de tres hombres, los cuales fueron detenidos con armas de fuego en este municipio.<\/span><\/p>\n<p class=\"MsoNormal\" style=\"font-style:normal;font-weight:400;letter-spacing:normal;text-indent:0px;margin:12pt0cm0.0001ptline-height:25.68px;font-size:12pt;font-family:Cambria,serif;text-align:left\"><span lang=\"ES-TRAD\" style=\"font-size:11pt;line-height:23.54px;font-family:\">            Luego de revisar las pruebas aportadas por la Representaci\u00f3n Social, un Juez determin\u00f3 vincularlos a proceso, para lo cual se\u00f1al\u00f3 una medida cautelar de prisi\u00f3n preventiva, por lo que permanecer\u00e1n en prisi\u00f3n en tanto se desarrolla el procedimiento legal en su contra; adem\u00e1s fue decretado un mes para el cierre de investigaci\u00f3n.<\/span><\/p>\n<p class=\"MsoNormal\" style=\"font-style:normal;font-weight:400;letter-spacing:normal;text-indent:0px;margin:12pt0cm0.0001ptline-height:25.68px;font-size:12pt;font-family:Cambria,serif;text-align:left\"><span lang=\"ES-TRAD\" style=\"font-size:11pt;line-height:23.54px;font-family:\">            Los detenidos fueron identificados como Alejandro Roberto \u201cN\u201d, Brandon \u201cN\u201d, y Oscar \u201cN\u201d, y los hechos por los cuales son investigados se registraron el 29 de diciembre pasado, cuando elementos de esta Instituci\u00f3n, as\u00ed como de la Secretar\u00eda de Seguridad del Estado de M\u00e9xico (SSEM) y polic\u00edas municipales, quienes participaban en el operativo conjunto \u201cEstado-Municipios\u201d, fueron alertados por una mujer, quien inform\u00f3 que los tres individuos la asaltaron utilizando armas de fuego.<\/span><\/p>\n<p class=\"MsoNormal\" style=\"font-style:normal;font-weight:400;letter-spacing:normal;text-indent:0px;margin:12pt0cm0.0001ptline-height:25.68px;font-size:12pt;font-family:Cambria,serif;text-align:left\"><span lang=\"ES-TRAD\" style=\"font-size:11pt;line-height:23.54px;font-family:\">            Los uniformados se desplegaron en la zona y comenzaron la persecuci\u00f3n de los tres sujetos, quienes iban a bordo de un veh\u00edculo, al cual lograron darle alcance y por consiguiente fue posible asegurar a estas tres personas.<\/span><\/p>\n<p class=\"MsoNormal\" style=\"font-style:normal;font-weight:400;letter-spacing:normal;text-indent:0px;margin:12pt0cm0.0001ptline-height:25.68px;font-size:12pt;font-family:Cambria,serif;text-align:left\"><span lang=\"ES-TRAD\" style=\"font-size:11pt;line-height:23.54px;font-family:\">            Durante la revisi\u00f3n realizada a los sospechosos, los elementos de estas tres corporaciones encontraron un arma de fuego y pertenencias de la v\u00edctima, adem\u00e1s de una caja de madera en cuyo interior fue localizada una granada de metal.<\/span><\/p>\n<p class=\"MsoNormal\" style=\"font-style:normal;font-weight:400;letter-spacing:normal;text-indent:0px;margin:12pt0cm0.0001ptline-height:25.68px;font-size:12pt;font-family:Cambria,serif;text-align:left\"><span lang=\"ES-TRAD\" style=\"font-size:11pt;line-height:23.54px;font-family:\">            Estos tres individuos fueron presentados ante el Agente del Ministerio P\u00fablico, quien inici\u00f3 la carpeta de investigaci\u00f3n correspondiente y posteriormente los puso a disposici\u00f3n de un Juez, quien decret\u00f3 la vinculaci\u00f3n a proceso correspondiente. A estos tres detenidos se les debe considerar inocentes hasta que sea se\u00f1alada una sentencia condenatoria en su contra.<\/span><\/p>\n","protected":false},"excerpt":{"rendered":"<p>Ixtapaluca, M\u00e9xico, 06 de enero de 2019.- El Ministerio P\u00fablico de la Fiscal\u00eda General de<\/p>\n","protected":false},"author":1,"featured_media":3128,"comment_status":"open","ping_status":"open","sticky":false,"template":"","format":"standard","meta":{"footnotes":""},"categories":[1],"tags":[6],"class_list":["post-3129","post","type-post","status-publish","format-standard","has-post-thumbnail","hentry","category-municipales","tag-ixtapaluca"],"yoast_head":"<!-- This site is optimized with the Yoast SEO plugin v25.3 - https:\/\/yoast.com\/wordpress\/plugins\/seo\/ -->\n<title>Vinculan a proceso a tres por robo con violencia en Ixtapaluca - Volcanes<\/title>\n<meta name=\"robots\" content=\"index, follow, max-snippet:-1, max-image-preview:large, max-video-preview:-1\" \/>\n<link rel=\"canonical\" href=\"https:\/\/volcanes.net\/?p=3129\" \/>\n<meta property=\"og:locale\" content=\"es_MX\" \/>\n<meta property=\"og:type\" content=\"article\" \/>\n<meta property=\"og:title\" content=\"Vinculan a proceso a tres por robo con violencia en Ixtapaluca - Volcanes\" \/>\n<meta property=\"og:description\" content=\"Ixtapaluca, M\u00e9xico, 06 de enero de 2019.- El Ministerio P\u00fablico de la Fiscal\u00eda General de\" \/>\n<meta property=\"og:url\" content=\"https:\/\/volcanes.net\/?p=3129\" \/>\n<meta property=\"og:site_name\" content=\"Volcanes\" \/>\n<meta property=\"article:publisher\" content=\"https:\/\/www.facebook.com\/volcanes.net\/\" \/>\n<meta property=\"article:published_time\" content=\"2019-01-07T09:37:02+00:00\" \/>\n<meta property=\"og:image\" content=\"https:\/\/volcanes.net\/wp-content\/uploads\/2019\/01\/C-18.jpg\" \/>\n\t<meta property=\"og:image:width\" content=\"640\" \/>\n\t<meta property=\"og:image:height\" content=\"427\" \/>\n\t<meta property=\"og:image:type\" content=\"image\/jpeg\" \/>\n<meta name=\"author\" content=\"admin\" \/>\n<meta name=\"twitter:card\" content=\"summary_large_image\" \/>\n<meta name=\"twitter:label1\" content=\"Escrito por\" \/>\n\t<meta name=\"twitter:data1\" content=\"admin\" \/>\n\t<meta name=\"twitter:label2\" content=\"Tiempo de lectura\" \/>\n\t<meta name=\"twitter:data2\" content=\"2 minutos\" \/>\n<script type=\"application\/ld+json\" class=\"yoast-schema-graph\">{\"@context\":\"https:\/\/schema.org\",\"@graph\":[{\"@type\":\"Article\",\"@id\":\"https:\/\/volcanes.net\/?p=3129#article\",\"isPartOf\":{\"@id\":\"https:\/\/volcanes.net\/?p=3129\"},\"author\":{\"name\":\"admin\",\"@id\":\"https:\/\/volcanes.net\/#\/schema\/person\/4bf0f383940966a4abd53f5048c0e6b9\"},\"headline\":\"Vinculan a proceso a tres por robo con violencia en Ixtapaluca\",\"datePublished\":\"2019-01-07T09:37:02+00:00\",\"mainEntityOfPage\":{\"@id\":\"https:\/\/volcanes.net\/?p=3129\"},\"wordCount\":333,\"commentCount\":0,\"publisher\":{\"@id\":\"https:\/\/volcanes.net\/#organization\"},\"image\":{\"@id\":\"https:\/\/volcanes.net\/?p=3129#primaryimage\"},\"thumbnailUrl\":\"https:\/\/volcanes.net\/wp-content\/uploads\/2019\/01\/C-18.jpg\",\"keywords\":[\"Ixtapaluca\"],\"articleSection\":[\"Municipales\"],\"inLanguage\":\"es\",\"potentialAction\":[{\"@type\":\"CommentAction\",\"name\":\"Comment\",\"target\":[\"https:\/\/volcanes.net\/?p=3129#respond\"]}]},{\"@type\":\"WebPage\",\"@id\":\"https:\/\/volcanes.net\/?p=3129\",\"url\":\"https:\/\/volcanes.net\/?p=3129\",\"name\":\"Vinculan a proceso a tres por robo con violencia en Ixtapaluca - Volcanes\",\"isPartOf\":{\"@id\":\"https:\/\/volcanes.net\/#website\"},\"primaryImageOfPage\":{\"@id\":\"https:\/\/volcanes.net\/?p=3129#primaryimage\"},\"image\":{\"@id\":\"https:\/\/volcanes.net\/?p=3129#primaryimage\"},\"thumbnailUrl\":\"https:\/\/volcanes.net\/wp-content\/uploads\/2019\/01\/C-18.jpg\",\"datePublished\":\"2019-01-07T09:37:02+00:00\",\"breadcrumb\":{\"@id\":\"https:\/\/volcanes.net\/?p=3129#breadcrumb\"},\"inLanguage\":\"es\",\"potentialAction\":[{\"@type\":\"ReadAction\",\"target\":[\"https:\/\/volcanes.net\/?p=3129\"]}]},{\"@type\":\"ImageObject\",\"inLanguage\":\"es\",\"@id\":\"https:\/\/volcanes.net\/?p=3129#primaryimage\",\"url\":\"https:\/\/volcanes.net\/wp-content\/uploads\/2019\/01\/C-18.jpg\",\"contentUrl\":\"https:\/\/volcanes.net\/wp-content\/uploads\/2019\/01\/C-18.jpg\",\"width\":640,\"height\":427},{\"@type\":\"BreadcrumbList\",\"@id\":\"https:\/\/volcanes.net\/?p=3129#breadcrumb\",\"itemListElement\":[{\"@type\":\"ListItem\",\"position\":1,\"name\":\"Portada\",\"item\":\"https:\/\/volcanes.net\/\"},{\"@type\":\"ListItem\",\"position\":2,\"name\":\"Vinculan a proceso a tres por robo con violencia en Ixtapaluca\"}]},{\"@type\":\"WebSite\",\"@id\":\"https:\/\/volcanes.net\/#website\",\"url\":\"https:\/\/volcanes.net\/\",\"name\":\"Volcanes.Net\",\"description\":\"Periodismo Profesional\",\"publisher\":{\"@id\":\"https:\/\/volcanes.net\/#organization\"},\"potentialAction\":[{\"@type\":\"SearchAction\",\"target\":{\"@type\":\"EntryPoint\",\"urlTemplate\":\"https:\/\/volcanes.net\/?s={search_term_string}\"},\"query-input\":{\"@type\":\"PropertyValueSpecification\",\"valueRequired\":true,\"valueName\":\"search_term_string\"}}],\"inLanguage\":\"es\"},{\"@type\":\"Organization\",\"@id\":\"https:\/\/volcanes.net\/#organization\",\"name\":\"Grupo Volcanes\",\"url\":\"https:\/\/volcanes.net\/\",\"logo\":{\"@type\":\"ImageObject\",\"inLanguage\":\"es\",\"@id\":\"https:\/\/volcanes.net\/#\/schema\/logo\/image\/\",\"url\":\"http:\/\/volcanes.net\/wp-content\/uploads\/2017\/12\/Avatar2.jpg\",\"contentUrl\":\"http:\/\/volcanes.net\/wp-content\/uploads\/2017\/12\/Avatar2.jpg\",\"width\":378,\"height\":378,\"caption\":\"Grupo Volcanes\"},\"image\":{\"@id\":\"https:\/\/volcanes.net\/#\/schema\/logo\/image\/\"},\"sameAs\":[\"https:\/\/www.facebook.com\/volcanes.net\/\"]},{\"@type\":\"Person\",\"@id\":\"https:\/\/volcanes.net\/#\/schema\/person\/4bf0f383940966a4abd53f5048c0e6b9\",\"name\":\"admin\",\"image\":{\"@type\":\"ImageObject\",\"inLanguage\":\"es\",\"@id\":\"https:\/\/volcanes.net\/#\/schema\/person\/image\/\",\"url\":\"https:\/\/secure.gravatar.com\/avatar\/ca004e6cba8462b8cb7abc86e382930c?s=96&d=mm&r=g\",\"contentUrl\":\"https:\/\/secure.gravatar.com\/avatar\/ca004e6cba8462b8cb7abc86e382930c?s=96&d=mm&r=g\",\"caption\":\"admin\"}}]}<\/script>\n<!-- \/ Yoast SEO plugin. -->","yoast_head_json":{"title":"Vinculan a proceso a tres por robo con violencia en Ixtapaluca - Volcanes","robots":{"index":"index","follow":"follow","max-snippet":"max-snippet:-1","max-image-preview":"max-image-preview:large","max-video-preview":"max-video-preview:-1"},"canonical":"https:\/\/volcanes.net\/?p=3129","og_locale":"es_MX","og_type":"article","og_title":"Vinculan a proceso a tres por robo con violencia en Ixtapaluca - Volcanes","og_description":"Ixtapaluca, M\u00e9xico, 06 de enero de 2019.- El Ministerio P\u00fablico de la Fiscal\u00eda General de","og_url":"https:\/\/volcanes.net\/?p=3129","og_site_name":"Volcanes","article_publisher":"https:\/\/www.facebook.com\/volcanes.net\/","article_published_time":"2019-01-07T09:37:02+00:00","og_image":[{"width":640,"height":427,"url":"https:\/\/volcanes.net\/wp-content\/uploads\/2019\/01\/C-18.jpg","type":"image\/jpeg"}],"author":"admin","twitter_card":"summary_large_image","twitter_misc":{"Escrito por":"admin","Tiempo de lectura":"2 minutos"},"schema":{"@context":"https:\/\/schema.org","@graph":[{"@type":"Article","@id":"https:\/\/volcanes.net\/?p=3129#article","isPartOf":{"@id":"https:\/\/volcanes.net\/?p=3129"},"author":{"name":"admin","@id":"https:\/\/volcanes.net\/#\/schema\/person\/4bf0f383940966a4abd53f5048c0e6b9"},"headline":"Vinculan a proceso a tres por robo con violencia en Ixtapaluca","datePublished":"2019-01-07T09:37:02+00:00","mainEntityOfPage":{"@id":"https:\/\/volcanes.net\/?p=3129"},"wordCount":333,"commentCount":0,"publisher":{"@id":"https:\/\/volcanes.net\/#organization"},"image":{"@id":"https:\/\/volcanes.net\/?p=3129#primaryimage"},"thumbnailUrl":"https:\/\/volcanes.net\/wp-content\/uploads\/2019\/01\/C-18.jpg","keywords":["Ixtapaluca"],"articleSection":["Municipales"],"inLanguage":"es","potentialAction":[{"@type":"CommentAction","name":"Comment","target":["https:\/\/volcanes.net\/?p=3129#respond"]}]},{"@type":"WebPage","@id":"https:\/\/volcanes.net\/?p=3129","url":"https:\/\/volcanes.net\/?p=3129","name":"Vinculan a proceso a tres por robo con violencia en Ixtapaluca - Volcanes","isPartOf":{"@id":"https:\/\/volcanes.net\/#website"},"primaryImageOfPage":{"@id":"https:\/\/volcanes.net\/?p=3129#primaryimage"},"image":{"@id":"https:\/\/volcanes.net\/?p=3129#primaryimage"},"thumbnailUrl":"https:\/\/volcanes.net\/wp-content\/uploads\/2019\/01\/C-18.jpg","datePublished":"2019-01-07T09:37:02+00:00","breadcrumb":{"@id":"https:\/\/volcanes.net\/?p=3129#breadcrumb"},"inLanguage":"es","potentialAction":[{"@type":"ReadAction","target":["https:\/\/volcanes.net\/?p=3129"]}]},{"@type":"ImageObject","inLanguage":"es","@id":"https:\/\/volcanes.net\/?p=3129#primaryimage","url":"https:\/\/volcanes.net\/wp-content\/uploads\/2019\/01\/C-18.jpg","contentUrl":"https:\/\/volcanes.net\/wp-content\/uploads\/2019\/01\/C-18.jpg","width":640,"height":427},{"@type":"BreadcrumbList","@id":"https:\/\/volcanes.net\/?p=3129#breadcrumb","itemListElement":[{"@type":"ListItem","position":1,"name":"Portada","item":"https:\/\/volcanes.net\/"},{"@type":"ListItem","position":2,"name":"Vinculan a proceso a tres por robo con violencia en Ixtapaluca"}]},{"@type":"WebSite","@id":"https:\/\/volcanes.net\/#website","url":"https:\/\/volcanes.net\/","name":"Volcanes.Net","description":"Periodismo Profesional","publisher":{"@id":"https:\/\/volcanes.net\/#organization"},"potentialAction":[{"@type":"SearchAction","target":{"@type":"EntryPoint","urlTemplate":"https:\/\/volcanes.net\/?s={search_term_string}"},"query-input":{"@type":"PropertyValueSpecification","valueRequired":true,"valueName":"search_term_string"}}],"inLanguage":"es"},{"@type":"Organization","@id":"https:\/\/volcanes.net\/#organization","name":"Grupo Volcanes","url":"https:\/\/volcanes.net\/","logo":{"@type":"ImageObject","inLanguage":"es","@id":"https:\/\/volcanes.net\/#\/schema\/logo\/image\/","url":"http:\/\/volcanes.net\/wp-content\/uploads\/2017\/12\/Avatar2.jpg","contentUrl":"http:\/\/volcanes.net\/wp-content\/uploads\/2017\/12\/Avatar2.jpg","width":378,"height":378,"caption":"Grupo Volcanes"},"image":{"@id":"https:\/\/volcanes.net\/#\/schema\/logo\/image\/"},"sameAs":["https:\/\/www.facebook.com\/volcanes.net\/"]},{"@type":"Person","@id":"https:\/\/volcanes.net\/#\/schema\/person\/4bf0f383940966a4abd53f5048c0e6b9","name":"admin","image":{"@type":"ImageObject","inLanguage":"es","@id":"https:\/\/volcanes.net\/#\/schema\/person\/image\/","url":"https:\/\/secure.gravatar.com\/avatar\/ca004e6cba8462b8cb7abc86e382930c?s=96&d=mm&r=g","contentUrl":"https:\/\/secure.gravatar.com\/avatar\/ca004e6cba8462b8cb7abc86e382930c?s=96&d=mm&r=g","caption":"admin"}}]}},"_links":{"self":[{"href":"https:\/\/volcanes.net\/index.php?rest_route=\/wp\/v2\/posts\/3129"}],"collection":[{"href":"https:\/\/volcanes.net\/index.php?rest_route=\/wp\/v2\/posts"}],"about":[{"href":"https:\/\/volcanes.net\/index.php?rest_route=\/wp\/v2\/types\/post"}],"author":[{"embeddable":true,"href":"https:\/\/volcanes.net\/index.php?rest_route=\/wp\/v2\/users\/1"}],"replies":[{"embeddable":true,"href":"https:\/\/volcanes.net\/index.php?rest_route=%2Fwp%2Fv2%2Fcomments&post=3129"}],"version-history":[{"count":1,"href":"https:\/\/volcanes.net\/index.php?rest_route=\/wp\/v2\/posts\/3129\/revisions"}],"predecessor-version":[{"id":3130,"href":"https:\/\/volcanes.net\/index.php?rest_route=\/wp\/v2\/posts\/3129\/revisions\/3130"}],"wp:featuredmedia":[{"embeddable":true,"href":"https:\/\/volcanes.net\/index.php?rest_route=\/wp\/v2\/media\/3128"}],"wp:attachment":[{"href":"https:\/\/volcanes.net\/index.php?rest_route=%2Fwp%2Fv2%2Fmedia&parent=3129"}],"wp:term":[{"taxonomy":"category","embeddable":true,"href":"https:\/\/volcanes.net\/index.php?rest_route=%2Fwp%2Fv2%2Fcategories&post=3129"},{"taxonomy":"post_tag","embeddable":true,"href":"https:\/\/volcanes.net\/index.php?rest_route=%2Fwp%2Fv2%2Ftags&post=3129"}],"curies":[{"name":"wp","href":"https:\/\/api.w.org\/{rel}","templated":true}]}}