{"id":3132,"date":"2019-01-07T09:40:14","date_gmt":"2019-01-07T09:40:14","guid":{"rendered":"http:\/\/volcanes.net\/?p=3132"},"modified":"2019-01-07T09:40:14","modified_gmt":"2019-01-07T09:40:14","slug":"inicio-el-programa-sembrando-vida-que-impulsara-el-bienestar-de-las-familias-en-el-estado-de-durango-2","status":"publish","type":"post","link":"https:\/\/volcanes.net\/?p=3132","title":{"rendered":"Inici\u00f3 el Programa Sembrando Vida que impulsar\u00e1 el bienestar de las familias en el estado de Durango"},"content":{"rendered":"<div style=\"margin-top: 0px; margin-bottom: 0px;\" class=\"sharethis-inline-share-buttons\" ><\/div><p>\u00b7 Mar\u00eda Luisa Albores Gonz\u00e1lez ratifica el compromiso del Gobierno de M\u00e9xico por apoyar proyectos productivos<\/p>\n<p>A fin de dar mayor proyecci\u00f3n a los programas de inclusi\u00f3n productiva que el Gobierno de M\u00e9xico tiene para combatir la desigualdad, la Secretaria de Bienestar, Mar\u00eda Luisa Albores Gonz\u00e1lez realiz\u00f3 una gira por la entidad.<br \/>\nEn una reuni\u00f3n de trabajo realizada en el Centro Cultural y de Convenciones Bicentenario, la funcionaria federal present\u00f3 el Programa Sembrando Vida, orientado a la restauraci\u00f3n productiva y a la reforestaci\u00f3n mediante la plantaci\u00f3n de \u00e1rboles frutales y maderables en un mill\u00f3n de hect\u00e1reas del pa\u00eds.<br \/>\nAnte el gobernador del estado, Jos\u00e9 Rosas Aispuro Torres, y del titular de la Comisi\u00f3n Nacional Forestal (CONAFOR), Le\u00f3n Jorge Casta\u00f1os Mart\u00ednez, la Secretaria de Bienestar explic\u00f3 las caracter\u00edsticas de Sembrando Vida, uno de los programas prioritarios de la presente administraci\u00f3n.<br \/>\nSe trata, dijo, de un programa en el que van a participar, con su fuerza laboral, productores, ejidatarios y peque\u00f1os propietarios de diversas entidades de la Rep\u00fablica, quienes recibir\u00e1n un apoyo de cinco mil pesos mensuales, de los cuales, 500 pesos tendr\u00e1n como destino la caja de ahorro que ser\u00e1 administrada por los propios habitantes de cada comunidad.<br \/>\nLa Secretaria de Bienestar afirm\u00f3 que este Programa de inclusi\u00f3n productiva ofrece varias ventajas adicionales a las personas y a las comunidades. En el corto plazo se obtiene la milpa integrada a la plantaci\u00f3n de \u00e1rboles, al igual que el cultivo de frijol, calabaza y quelites, que se destinan al consumo de la gente.<br \/>\nEn el mediano plazo, se obtendr\u00edan los frutos de los \u00e1rboles y, en un lapso de 15 a 20 a\u00f1os, se aprovechar\u00e1 la madera de manera racional y bajo el principio de respeto al ecosistema.<br \/>\nLa funcionaria expres\u00f3 que en la instrumentaci\u00f3n de Sembrando Vida \u201cmucho tenemos que aprender de la experiencia de Durango, por su vocaci\u00f3n forestal y que por su producci\u00f3n maderable actualmente se ubica en primer lugar a nivel nacional\u201d.<br \/>\nSostuvo que la dependencia a su cargo experimenta \u201cun cambio de fondo y no solamente de nombre, ya que ahora tiene el objetivo de mejorar la condici\u00f3n de vida de los grupos sociales m\u00e1s desprotegidos, entre los cuales se encuentran los ind\u00edgenas, y concretamente, aqu\u00ed en Durango, los Tepehuanes, Huicholes, Coras y Mexicaneros\u201d.<br \/>\nDurante su recorrido por la entidad, la Secretaria de Bienestar adem\u00e1s visit\u00f3 el vivero ubicado en la localidad de Jos\u00e9 Mar\u00eda Pino Su\u00e1rez de la capital estatal.<br \/>\nAsimismo, Albores Gonz\u00e1lez ratific\u00f3 el compromiso del Gobierno de M\u00e9xico por impulsar proyectos productivos con el prop\u00f3sito de generar condiciones de bienestar para las familias duranguenses.<\/p>\n<p>#QueremosBienestar<\/p>\n","protected":false},"excerpt":{"rendered":"<p>\u00b7 Mar\u00eda Luisa Albores Gonz\u00e1lez ratifica el compromiso del Gobierno de M\u00e9xico por apoyar proyectos<\/p>\n","protected":false},"author":1,"featured_media":3131,"comment_status":"open","ping_status":"open","sticky":false,"template":"","format":"standard","meta":{"footnotes":""},"categories":[1],"tags":[44],"class_list":["post-3132","post","type-post","status-publish","format-standard","has-post-thumbnail","hentry","category-municipales","tag-gobierno-de-la-republica"],"yoast_head":"<!-- This site is optimized with the Yoast SEO plugin v25.3 - https:\/\/yoast.com\/wordpress\/plugins\/seo\/ -->\n<title>Inici\u00f3 el Programa Sembrando Vida que impulsar\u00e1 el bienestar de las familias en el estado de Durango - Volcanes<\/title>\n<meta name=\"robots\" content=\"index, follow, max-snippet:-1, max-image-preview:large, max-video-preview:-1\" \/>\n<link rel=\"canonical\" href=\"https:\/\/volcanes.net\/?p=3132\" \/>\n<meta property=\"og:locale\" content=\"es_MX\" \/>\n<meta property=\"og:type\" content=\"article\" \/>\n<meta property=\"og:title\" content=\"Inici\u00f3 el Programa Sembrando Vida que impulsar\u00e1 el bienestar de las familias en el estado de Durango - Volcanes\" \/>\n<meta property=\"og:description\" content=\"\u00b7 Mar\u00eda Luisa Albores Gonz\u00e1lez ratifica el compromiso del Gobierno de M\u00e9xico por apoyar proyectos\" \/>\n<meta property=\"og:url\" content=\"https:\/\/volcanes.net\/?p=3132\" \/>\n<meta property=\"og:site_name\" content=\"Volcanes\" \/>\n<meta property=\"article:publisher\" content=\"https:\/\/www.facebook.com\/volcanes.net\/\" \/>\n<meta property=\"article:published_time\" content=\"2019-01-07T09:40:14+00:00\" \/>\n<meta property=\"og:image\" content=\"https:\/\/volcanes.net\/wp-content\/uploads\/2019\/01\/1546853951614267.jpg\" \/>\n\t<meta property=\"og:image:width\" content=\"640\" \/>\n\t<meta property=\"og:image:height\" content=\"425\" \/>\n\t<meta property=\"og:image:type\" content=\"image\/jpeg\" \/>\n<meta name=\"author\" content=\"admin\" \/>\n<meta name=\"twitter:card\" content=\"summary_large_image\" \/>\n<meta name=\"twitter:label1\" content=\"Escrito por\" \/>\n\t<meta name=\"twitter:data1\" content=\"admin\" \/>\n\t<meta name=\"twitter:label2\" content=\"Tiempo de lectura\" \/>\n\t<meta name=\"twitter:data2\" content=\"2 minutos\" \/>\n<script type=\"application\/ld+json\" class=\"yoast-schema-graph\">{\"@context\":\"https:\/\/schema.org\",\"@graph\":[{\"@type\":\"Article\",\"@id\":\"https:\/\/volcanes.net\/?p=3132#article\",\"isPartOf\":{\"@id\":\"https:\/\/volcanes.net\/?p=3132\"},\"author\":{\"name\":\"admin\",\"@id\":\"https:\/\/volcanes.net\/#\/schema\/person\/4bf0f383940966a4abd53f5048c0e6b9\"},\"headline\":\"Inici\u00f3 el Programa Sembrando Vida que impulsar\u00e1 el bienestar de las familias en el estado de Durango\",\"datePublished\":\"2019-01-07T09:40:14+00:00\",\"mainEntityOfPage\":{\"@id\":\"https:\/\/volcanes.net\/?p=3132\"},\"wordCount\":485,\"commentCount\":0,\"publisher\":{\"@id\":\"https:\/\/volcanes.net\/#organization\"},\"image\":{\"@id\":\"https:\/\/volcanes.net\/?p=3132#primaryimage\"},\"thumbnailUrl\":\"https:\/\/volcanes.net\/wp-content\/uploads\/2019\/01\/1546853951614267.jpg\",\"keywords\":[\"Gobierno de la Rep\u00fablica\"],\"articleSection\":[\"Municipales\"],\"inLanguage\":\"es\",\"potentialAction\":[{\"@type\":\"CommentAction\",\"name\":\"Comment\",\"target\":[\"https:\/\/volcanes.net\/?p=3132#respond\"]}]},{\"@type\":\"WebPage\",\"@id\":\"https:\/\/volcanes.net\/?p=3132\",\"url\":\"https:\/\/volcanes.net\/?p=3132\",\"name\":\"Inici\u00f3 el Programa Sembrando Vida que impulsar\u00e1 el bienestar de las familias en el estado de Durango - Volcanes\",\"isPartOf\":{\"@id\":\"https:\/\/volcanes.net\/#website\"},\"primaryImageOfPage\":{\"@id\":\"https:\/\/volcanes.net\/?p=3132#primaryimage\"},\"image\":{\"@id\":\"https:\/\/volcanes.net\/?p=3132#primaryimage\"},\"thumbnailUrl\":\"https:\/\/volcanes.net\/wp-content\/uploads\/2019\/01\/1546853951614267.jpg\",\"datePublished\":\"2019-01-07T09:40:14+00:00\",\"breadcrumb\":{\"@id\":\"https:\/\/volcanes.net\/?p=3132#breadcrumb\"},\"inLanguage\":\"es\",\"potentialAction\":[{\"@type\":\"ReadAction\",\"target\":[\"https:\/\/volcanes.net\/?p=3132\"]}]},{\"@type\":\"ImageObject\",\"inLanguage\":\"es\",\"@id\":\"https:\/\/volcanes.net\/?p=3132#primaryimage\",\"url\":\"https:\/\/volcanes.net\/wp-content\/uploads\/2019\/01\/1546853951614267.jpg\",\"contentUrl\":\"https:\/\/volcanes.net\/wp-content\/uploads\/2019\/01\/1546853951614267.jpg\",\"width\":640,\"height\":425},{\"@type\":\"BreadcrumbList\",\"@id\":\"https:\/\/volcanes.net\/?p=3132#breadcrumb\",\"itemListElement\":[{\"@type\":\"ListItem\",\"position\":1,\"name\":\"Portada\",\"item\":\"https:\/\/volcanes.net\/\"},{\"@type\":\"ListItem\",\"position\":2,\"name\":\"Inici\u00f3 el Programa Sembrando Vida que impulsar\u00e1 el bienestar de las familias en el estado de Durango\"}]},{\"@type\":\"WebSite\",\"@id\":\"https:\/\/volcanes.net\/#website\",\"url\":\"https:\/\/volcanes.net\/\",\"name\":\"Volcanes.Net\",\"description\":\"Periodismo Profesional\",\"publisher\":{\"@id\":\"https:\/\/volcanes.net\/#organization\"},\"potentialAction\":[{\"@type\":\"SearchAction\",\"target\":{\"@type\":\"EntryPoint\",\"urlTemplate\":\"https:\/\/volcanes.net\/?s={search_term_string}\"},\"query-input\":{\"@type\":\"PropertyValueSpecification\",\"valueRequired\":true,\"valueName\":\"search_term_string\"}}],\"inLanguage\":\"es\"},{\"@type\":\"Organization\",\"@id\":\"https:\/\/volcanes.net\/#organization\",\"name\":\"Grupo Volcanes\",\"url\":\"https:\/\/volcanes.net\/\",\"logo\":{\"@type\":\"ImageObject\",\"inLanguage\":\"es\",\"@id\":\"https:\/\/volcanes.net\/#\/schema\/logo\/image\/\",\"url\":\"http:\/\/volcanes.net\/wp-content\/uploads\/2017\/12\/Avatar2.jpg\",\"contentUrl\":\"http:\/\/volcanes.net\/wp-content\/uploads\/2017\/12\/Avatar2.jpg\",\"width\":378,\"height\":378,\"caption\":\"Grupo Volcanes\"},\"image\":{\"@id\":\"https:\/\/volcanes.net\/#\/schema\/logo\/image\/\"},\"sameAs\":[\"https:\/\/www.facebook.com\/volcanes.net\/\"]},{\"@type\":\"Person\",\"@id\":\"https:\/\/volcanes.net\/#\/schema\/person\/4bf0f383940966a4abd53f5048c0e6b9\",\"name\":\"admin\",\"image\":{\"@type\":\"ImageObject\",\"inLanguage\":\"es\",\"@id\":\"https:\/\/volcanes.net\/#\/schema\/person\/image\/\",\"url\":\"https:\/\/secure.gravatar.com\/avatar\/ca004e6cba8462b8cb7abc86e382930c?s=96&d=mm&r=g\",\"contentUrl\":\"https:\/\/secure.gravatar.com\/avatar\/ca004e6cba8462b8cb7abc86e382930c?s=96&d=mm&r=g\",\"caption\":\"admin\"}}]}<\/script>\n<!-- \/ Yoast SEO plugin. -->","yoast_head_json":{"title":"Inici\u00f3 el Programa Sembrando Vida que impulsar\u00e1 el bienestar de las familias en el estado de Durango - Volcanes","robots":{"index":"index","follow":"follow","max-snippet":"max-snippet:-1","max-image-preview":"max-image-preview:large","max-video-preview":"max-video-preview:-1"},"canonical":"https:\/\/volcanes.net\/?p=3132","og_locale":"es_MX","og_type":"article","og_title":"Inici\u00f3 el Programa Sembrando Vida que impulsar\u00e1 el bienestar de las familias en el estado de Durango - Volcanes","og_description":"\u00b7 Mar\u00eda Luisa Albores Gonz\u00e1lez ratifica el compromiso del Gobierno de M\u00e9xico por apoyar proyectos","og_url":"https:\/\/volcanes.net\/?p=3132","og_site_name":"Volcanes","article_publisher":"https:\/\/www.facebook.com\/volcanes.net\/","article_published_time":"2019-01-07T09:40:14+00:00","og_image":[{"width":640,"height":425,"url":"https:\/\/volcanes.net\/wp-content\/uploads\/2019\/01\/1546853951614267.jpg","type":"image\/jpeg"}],"author":"admin","twitter_card":"summary_large_image","twitter_misc":{"Escrito por":"admin","Tiempo de lectura":"2 minutos"},"schema":{"@context":"https:\/\/schema.org","@graph":[{"@type":"Article","@id":"https:\/\/volcanes.net\/?p=3132#article","isPartOf":{"@id":"https:\/\/volcanes.net\/?p=3132"},"author":{"name":"admin","@id":"https:\/\/volcanes.net\/#\/schema\/person\/4bf0f383940966a4abd53f5048c0e6b9"},"headline":"Inici\u00f3 el Programa Sembrando Vida que impulsar\u00e1 el bienestar de las familias en el estado de Durango","datePublished":"2019-01-07T09:40:14+00:00","mainEntityOfPage":{"@id":"https:\/\/volcanes.net\/?p=3132"},"wordCount":485,"commentCount":0,"publisher":{"@id":"https:\/\/volcanes.net\/#organization"},"image":{"@id":"https:\/\/volcanes.net\/?p=3132#primaryimage"},"thumbnailUrl":"https:\/\/volcanes.net\/wp-content\/uploads\/2019\/01\/1546853951614267.jpg","keywords":["Gobierno de la Rep\u00fablica"],"articleSection":["Municipales"],"inLanguage":"es","potentialAction":[{"@type":"CommentAction","name":"Comment","target":["https:\/\/volcanes.net\/?p=3132#respond"]}]},{"@type":"WebPage","@id":"https:\/\/volcanes.net\/?p=3132","url":"https:\/\/volcanes.net\/?p=3132","name":"Inici\u00f3 el Programa Sembrando Vida que impulsar\u00e1 el bienestar de las familias en el estado de Durango - Volcanes","isPartOf":{"@id":"https:\/\/volcanes.net\/#website"},"primaryImageOfPage":{"@id":"https:\/\/volcanes.net\/?p=3132#primaryimage"},"image":{"@id":"https:\/\/volcanes.net\/?p=3132#primaryimage"},"thumbnailUrl":"https:\/\/volcanes.net\/wp-content\/uploads\/2019\/01\/1546853951614267.jpg","datePublished":"2019-01-07T09:40:14+00:00","breadcrumb":{"@id":"https:\/\/volcanes.net\/?p=3132#breadcrumb"},"inLanguage":"es","potentialAction":[{"@type":"ReadAction","target":["https:\/\/volcanes.net\/?p=3132"]}]},{"@type":"ImageObject","inLanguage":"es","@id":"https:\/\/volcanes.net\/?p=3132#primaryimage","url":"https:\/\/volcanes.net\/wp-content\/uploads\/2019\/01\/1546853951614267.jpg","contentUrl":"https:\/\/volcanes.net\/wp-content\/uploads\/2019\/01\/1546853951614267.jpg","width":640,"height":425},{"@type":"BreadcrumbList","@id":"https:\/\/volcanes.net\/?p=3132#breadcrumb","itemListElement":[{"@type":"ListItem","position":1,"name":"Portada","item":"https:\/\/volcanes.net\/"},{"@type":"ListItem","position":2,"name":"Inici\u00f3 el Programa Sembrando Vida que impulsar\u00e1 el bienestar de las familias en el estado de Durango"}]},{"@type":"WebSite","@id":"https:\/\/volcanes.net\/#website","url":"https:\/\/volcanes.net\/","name":"Volcanes.Net","description":"Periodismo Profesional","publisher":{"@id":"https:\/\/volcanes.net\/#organization"},"potentialAction":[{"@type":"SearchAction","target":{"@type":"EntryPoint","urlTemplate":"https:\/\/volcanes.net\/?s={search_term_string}"},"query-input":{"@type":"PropertyValueSpecification","valueRequired":true,"valueName":"search_term_string"}}],"inLanguage":"es"},{"@type":"Organization","@id":"https:\/\/volcanes.net\/#organization","name":"Grupo Volcanes","url":"https:\/\/volcanes.net\/","logo":{"@type":"ImageObject","inLanguage":"es","@id":"https:\/\/volcanes.net\/#\/schema\/logo\/image\/","url":"http:\/\/volcanes.net\/wp-content\/uploads\/2017\/12\/Avatar2.jpg","contentUrl":"http:\/\/volcanes.net\/wp-content\/uploads\/2017\/12\/Avatar2.jpg","width":378,"height":378,"caption":"Grupo Volcanes"},"image":{"@id":"https:\/\/volcanes.net\/#\/schema\/logo\/image\/"},"sameAs":["https:\/\/www.facebook.com\/volcanes.net\/"]},{"@type":"Person","@id":"https:\/\/volcanes.net\/#\/schema\/person\/4bf0f383940966a4abd53f5048c0e6b9","name":"admin","image":{"@type":"ImageObject","inLanguage":"es","@id":"https:\/\/volcanes.net\/#\/schema\/person\/image\/","url":"https:\/\/secure.gravatar.com\/avatar\/ca004e6cba8462b8cb7abc86e382930c?s=96&d=mm&r=g","contentUrl":"https:\/\/secure.gravatar.com\/avatar\/ca004e6cba8462b8cb7abc86e382930c?s=96&d=mm&r=g","caption":"admin"}}]}},"_links":{"self":[{"href":"https:\/\/volcanes.net\/index.php?rest_route=\/wp\/v2\/posts\/3132"}],"collection":[{"href":"https:\/\/volcanes.net\/index.php?rest_route=\/wp\/v2\/posts"}],"about":[{"href":"https:\/\/volcanes.net\/index.php?rest_route=\/wp\/v2\/types\/post"}],"author":[{"embeddable":true,"href":"https:\/\/volcanes.net\/index.php?rest_route=\/wp\/v2\/users\/1"}],"replies":[{"embeddable":true,"href":"https:\/\/volcanes.net\/index.php?rest_route=%2Fwp%2Fv2%2Fcomments&post=3132"}],"version-history":[{"count":1,"href":"https:\/\/volcanes.net\/index.php?rest_route=\/wp\/v2\/posts\/3132\/revisions"}],"predecessor-version":[{"id":3133,"href":"https:\/\/volcanes.net\/index.php?rest_route=\/wp\/v2\/posts\/3132\/revisions\/3133"}],"wp:featuredmedia":[{"embeddable":true,"href":"https:\/\/volcanes.net\/index.php?rest_route=\/wp\/v2\/media\/3131"}],"wp:attachment":[{"href":"https:\/\/volcanes.net\/index.php?rest_route=%2Fwp%2Fv2%2Fmedia&parent=3132"}],"wp:term":[{"taxonomy":"category","embeddable":true,"href":"https:\/\/volcanes.net\/index.php?rest_route=%2Fwp%2Fv2%2Fcategories&post=3132"},{"taxonomy":"post_tag","embeddable":true,"href":"https:\/\/volcanes.net\/index.php?rest_route=%2Fwp%2Fv2%2Ftags&post=3132"}],"curies":[{"name":"wp","href":"https:\/\/api.w.org\/{rel}","templated":true}]}}