{"id":3135,"date":"2019-01-07T09:48:35","date_gmt":"2019-01-07T09:48:35","guid":{"rendered":"http:\/\/volcanes.net\/?p=3135"},"modified":"2019-01-07T09:48:35","modified_gmt":"2019-01-07T09:48:35","slug":"denuncia-alcalde-de-amecameca-que-el-gobierno-saliente-otorgo-permisos-que-violentan-la-paz","status":"publish","type":"post","link":"https:\/\/volcanes.net\/?p=3135","title":{"rendered":"Denuncia Alcalde de Amecameca que el gobierno saliente otorg\u00f3 permisos que violentan la paz"},"content":{"rendered":"<div style=\"margin-top: 0px; margin-bottom: 0px;\" class=\"sharethis-inline-share-buttons\" ><\/div><p>\u2022\tEn sesi\u00f3n de cabildo el Ayuntamiento de Amecameca aprob\u00f3 con 10 votos a favor y dos en contra la prohibici\u00f3n de la instalaci\u00f3n de comerciantes ambulantes en el centro de la poblaci\u00f3n.<\/p>\n<p>El Alcalde de Amecameca, Miguel \u00c1ngel Salom\u00f3n, denunci\u00f3 que la administraci\u00f3n municipal saliente otorg\u00f3 permisos hasta el d\u00eda 6 de enero del 2019, acci\u00f3n que &#8220;est\u00e1 violentando la paz&#8221;, asegur\u00f3 el alcalde amecamequense.<\/p>\n<p>Inform\u00f3 que la polic\u00eda municipal implementa un operativo de disuasi\u00f3n y prevenci\u00f3n con m\u00e1s de 80 elementos para evitar la instalaci\u00f3n puestos semifijos y la proliferaci\u00f3n del comercio informal en el primer cuadro del municipio.<\/p>\n<p>Dio a conocer que con el objetivo de dar cumplimiento al art\u00edculo 1 de Ley de Movilidad del Estado de M\u00e9xico, el cual reconoce a la movilidad como un derecho humano as\u00ed como al art\u00edculo 113 del bando municipal de Amecameca, que establece que la v\u00eda p\u00fablica no ser\u00e1 objeto de concesi\u00f3n para ejercer actividad comercial; la polic\u00eda municipal implementa un operativo de disuasi\u00f3n y prevenci\u00f3n para evitar la instalaci\u00f3n puestos semifijos y la proliferaci\u00f3n del comercio informal en el primer cuadro del municipio.<\/p>\n<p>Estas acciones dar\u00e1n inicio a partir del mediod\u00eda de este viernes 4 de enero y contar\u00e1n con la participaci\u00f3n coordinada de elementos de la Secretar\u00eda de Seguridad P\u00fablica del Estado de M\u00e9xico, la Direcci\u00f3n de Movilidad, \u00c1rea Jur\u00eddica, Protecci\u00f3n Civil local y m\u00e1s de ochenta elementos polic\u00edacos a bordo cerca de diez unidades, as\u00ed como con la presencia de representantes de Derechos Humanos y un notario p\u00fablico.<\/p>\n<p>En pasado 2 de enero en sesi\u00f3n de cabildo el Ayuntamiento de Amecameca aprob\u00f3 con 10 votos a favor y dos en contra la prohibici\u00f3n de la instalaci\u00f3n de comerciantes ambulantes en el centro de la poblaci\u00f3n, que comprende la explanada de la casa de cultura, jard\u00edn municipal (hemiciclo a Benito Ju\u00e1rez y Miguel Hidalgo) y todos los espacios p\u00fablicos laterales a los monumentos se\u00f1alados as\u00ed como las avenidas 20 de Noviembre e Hidalgo.<\/p>\n","protected":false},"excerpt":{"rendered":"<p>\u2022 En sesi\u00f3n de cabildo el Ayuntamiento de Amecameca aprob\u00f3 con 10 votos a favor<\/p>\n","protected":false},"author":1,"featured_media":3134,"comment_status":"open","ping_status":"open","sticky":false,"template":"","format":"standard","meta":{"footnotes":""},"categories":[1],"tags":[7],"class_list":["post-3135","post","type-post","status-publish","format-standard","has-post-thumbnail","hentry","category-municipales","tag-amecameca"],"yoast_head":"<!-- This site is optimized with the Yoast SEO plugin v25.3 - https:\/\/yoast.com\/wordpress\/plugins\/seo\/ -->\n<title>Denuncia Alcalde de Amecameca que el gobierno saliente otorg\u00f3 permisos que violentan la paz - Volcanes<\/title>\n<meta name=\"robots\" content=\"index, follow, max-snippet:-1, max-image-preview:large, max-video-preview:-1\" \/>\n<link rel=\"canonical\" href=\"https:\/\/volcanes.net\/?p=3135\" \/>\n<meta property=\"og:locale\" content=\"es_MX\" \/>\n<meta property=\"og:type\" content=\"article\" \/>\n<meta property=\"og:title\" content=\"Denuncia Alcalde de Amecameca que el gobierno saliente otorg\u00f3 permisos que violentan la paz - Volcanes\" \/>\n<meta property=\"og:description\" content=\"\u2022 En sesi\u00f3n de cabildo el Ayuntamiento de Amecameca aprob\u00f3 con 10 votos a favor\" \/>\n<meta property=\"og:url\" content=\"https:\/\/volcanes.net\/?p=3135\" \/>\n<meta property=\"og:site_name\" content=\"Volcanes\" \/>\n<meta property=\"article:publisher\" content=\"https:\/\/www.facebook.com\/volcanes.net\/\" \/>\n<meta property=\"article:published_time\" content=\"2019-01-07T09:48:35+00:00\" \/>\n<meta property=\"og:image\" content=\"https:\/\/volcanes.net\/wp-content\/uploads\/2019\/01\/1_IMG-20190104-WA0007.jpg\" \/>\n\t<meta property=\"og:image:width\" content=\"1221\" \/>\n\t<meta property=\"og:image:height\" content=\"663\" \/>\n\t<meta property=\"og:image:type\" content=\"image\/jpeg\" \/>\n<meta name=\"author\" content=\"admin\" \/>\n<meta name=\"twitter:card\" content=\"summary_large_image\" \/>\n<meta name=\"twitter:label1\" content=\"Escrito por\" \/>\n\t<meta name=\"twitter:data1\" content=\"admin\" \/>\n\t<meta name=\"twitter:label2\" content=\"Tiempo de lectura\" \/>\n\t<meta name=\"twitter:data2\" content=\"2 minutos\" \/>\n<script type=\"application\/ld+json\" class=\"yoast-schema-graph\">{\"@context\":\"https:\/\/schema.org\",\"@graph\":[{\"@type\":\"Article\",\"@id\":\"https:\/\/volcanes.net\/?p=3135#article\",\"isPartOf\":{\"@id\":\"https:\/\/volcanes.net\/?p=3135\"},\"author\":{\"name\":\"admin\",\"@id\":\"https:\/\/volcanes.net\/#\/schema\/person\/4bf0f383940966a4abd53f5048c0e6b9\"},\"headline\":\"Denuncia Alcalde de Amecameca que el gobierno saliente otorg\u00f3 permisos que violentan la paz\",\"datePublished\":\"2019-01-07T09:48:35+00:00\",\"mainEntityOfPage\":{\"@id\":\"https:\/\/volcanes.net\/?p=3135\"},\"wordCount\":375,\"commentCount\":0,\"publisher\":{\"@id\":\"https:\/\/volcanes.net\/#organization\"},\"image\":{\"@id\":\"https:\/\/volcanes.net\/?p=3135#primaryimage\"},\"thumbnailUrl\":\"https:\/\/volcanes.net\/wp-content\/uploads\/2019\/01\/1_IMG-20190104-WA0007.jpg\",\"keywords\":[\"Amecameca\"],\"articleSection\":[\"Municipales\"],\"inLanguage\":\"es\",\"potentialAction\":[{\"@type\":\"CommentAction\",\"name\":\"Comment\",\"target\":[\"https:\/\/volcanes.net\/?p=3135#respond\"]}]},{\"@type\":\"WebPage\",\"@id\":\"https:\/\/volcanes.net\/?p=3135\",\"url\":\"https:\/\/volcanes.net\/?p=3135\",\"name\":\"Denuncia Alcalde de Amecameca que el gobierno saliente otorg\u00f3 permisos que violentan la paz - Volcanes\",\"isPartOf\":{\"@id\":\"https:\/\/volcanes.net\/#website\"},\"primaryImageOfPage\":{\"@id\":\"https:\/\/volcanes.net\/?p=3135#primaryimage\"},\"image\":{\"@id\":\"https:\/\/volcanes.net\/?p=3135#primaryimage\"},\"thumbnailUrl\":\"https:\/\/volcanes.net\/wp-content\/uploads\/2019\/01\/1_IMG-20190104-WA0007.jpg\",\"datePublished\":\"2019-01-07T09:48:35+00:00\",\"breadcrumb\":{\"@id\":\"https:\/\/volcanes.net\/?p=3135#breadcrumb\"},\"inLanguage\":\"es\",\"potentialAction\":[{\"@type\":\"ReadAction\",\"target\":[\"https:\/\/volcanes.net\/?p=3135\"]}]},{\"@type\":\"ImageObject\",\"inLanguage\":\"es\",\"@id\":\"https:\/\/volcanes.net\/?p=3135#primaryimage\",\"url\":\"https:\/\/volcanes.net\/wp-content\/uploads\/2019\/01\/1_IMG-20190104-WA0007.jpg\",\"contentUrl\":\"https:\/\/volcanes.net\/wp-content\/uploads\/2019\/01\/1_IMG-20190104-WA0007.jpg\",\"width\":1221,\"height\":663},{\"@type\":\"BreadcrumbList\",\"@id\":\"https:\/\/volcanes.net\/?p=3135#breadcrumb\",\"itemListElement\":[{\"@type\":\"ListItem\",\"position\":1,\"name\":\"Portada\",\"item\":\"https:\/\/volcanes.net\/\"},{\"@type\":\"ListItem\",\"position\":2,\"name\":\"Denuncia Alcalde de Amecameca que el gobierno saliente otorg\u00f3 permisos que violentan la paz\"}]},{\"@type\":\"WebSite\",\"@id\":\"https:\/\/volcanes.net\/#website\",\"url\":\"https:\/\/volcanes.net\/\",\"name\":\"Volcanes.Net\",\"description\":\"Periodismo Profesional\",\"publisher\":{\"@id\":\"https:\/\/volcanes.net\/#organization\"},\"potentialAction\":[{\"@type\":\"SearchAction\",\"target\":{\"@type\":\"EntryPoint\",\"urlTemplate\":\"https:\/\/volcanes.net\/?s={search_term_string}\"},\"query-input\":{\"@type\":\"PropertyValueSpecification\",\"valueRequired\":true,\"valueName\":\"search_term_string\"}}],\"inLanguage\":\"es\"},{\"@type\":\"Organization\",\"@id\":\"https:\/\/volcanes.net\/#organization\",\"name\":\"Grupo Volcanes\",\"url\":\"https:\/\/volcanes.net\/\",\"logo\":{\"@type\":\"ImageObject\",\"inLanguage\":\"es\",\"@id\":\"https:\/\/volcanes.net\/#\/schema\/logo\/image\/\",\"url\":\"http:\/\/volcanes.net\/wp-content\/uploads\/2017\/12\/Avatar2.jpg\",\"contentUrl\":\"http:\/\/volcanes.net\/wp-content\/uploads\/2017\/12\/Avatar2.jpg\",\"width\":378,\"height\":378,\"caption\":\"Grupo Volcanes\"},\"image\":{\"@id\":\"https:\/\/volcanes.net\/#\/schema\/logo\/image\/\"},\"sameAs\":[\"https:\/\/www.facebook.com\/volcanes.net\/\"]},{\"@type\":\"Person\",\"@id\":\"https:\/\/volcanes.net\/#\/schema\/person\/4bf0f383940966a4abd53f5048c0e6b9\",\"name\":\"admin\",\"image\":{\"@type\":\"ImageObject\",\"inLanguage\":\"es\",\"@id\":\"https:\/\/volcanes.net\/#\/schema\/person\/image\/\",\"url\":\"https:\/\/secure.gravatar.com\/avatar\/ca004e6cba8462b8cb7abc86e382930c?s=96&d=mm&r=g\",\"contentUrl\":\"https:\/\/secure.gravatar.com\/avatar\/ca004e6cba8462b8cb7abc86e382930c?s=96&d=mm&r=g\",\"caption\":\"admin\"}}]}<\/script>\n<!-- \/ Yoast SEO plugin. -->","yoast_head_json":{"title":"Denuncia Alcalde de Amecameca que el gobierno saliente otorg\u00f3 permisos que violentan la paz - Volcanes","robots":{"index":"index","follow":"follow","max-snippet":"max-snippet:-1","max-image-preview":"max-image-preview:large","max-video-preview":"max-video-preview:-1"},"canonical":"https:\/\/volcanes.net\/?p=3135","og_locale":"es_MX","og_type":"article","og_title":"Denuncia Alcalde de Amecameca que el gobierno saliente otorg\u00f3 permisos que violentan la paz - Volcanes","og_description":"\u2022 En sesi\u00f3n de cabildo el Ayuntamiento de Amecameca aprob\u00f3 con 10 votos a favor","og_url":"https:\/\/volcanes.net\/?p=3135","og_site_name":"Volcanes","article_publisher":"https:\/\/www.facebook.com\/volcanes.net\/","article_published_time":"2019-01-07T09:48:35+00:00","og_image":[{"width":1221,"height":663,"url":"https:\/\/volcanes.net\/wp-content\/uploads\/2019\/01\/1_IMG-20190104-WA0007.jpg","type":"image\/jpeg"}],"author":"admin","twitter_card":"summary_large_image","twitter_misc":{"Escrito por":"admin","Tiempo de lectura":"2 minutos"},"schema":{"@context":"https:\/\/schema.org","@graph":[{"@type":"Article","@id":"https:\/\/volcanes.net\/?p=3135#article","isPartOf":{"@id":"https:\/\/volcanes.net\/?p=3135"},"author":{"name":"admin","@id":"https:\/\/volcanes.net\/#\/schema\/person\/4bf0f383940966a4abd53f5048c0e6b9"},"headline":"Denuncia Alcalde de Amecameca que el gobierno saliente otorg\u00f3 permisos que violentan la paz","datePublished":"2019-01-07T09:48:35+00:00","mainEntityOfPage":{"@id":"https:\/\/volcanes.net\/?p=3135"},"wordCount":375,"commentCount":0,"publisher":{"@id":"https:\/\/volcanes.net\/#organization"},"image":{"@id":"https:\/\/volcanes.net\/?p=3135#primaryimage"},"thumbnailUrl":"https:\/\/volcanes.net\/wp-content\/uploads\/2019\/01\/1_IMG-20190104-WA0007.jpg","keywords":["Amecameca"],"articleSection":["Municipales"],"inLanguage":"es","potentialAction":[{"@type":"CommentAction","name":"Comment","target":["https:\/\/volcanes.net\/?p=3135#respond"]}]},{"@type":"WebPage","@id":"https:\/\/volcanes.net\/?p=3135","url":"https:\/\/volcanes.net\/?p=3135","name":"Denuncia Alcalde de Amecameca que el gobierno saliente otorg\u00f3 permisos que violentan la paz - Volcanes","isPartOf":{"@id":"https:\/\/volcanes.net\/#website"},"primaryImageOfPage":{"@id":"https:\/\/volcanes.net\/?p=3135#primaryimage"},"image":{"@id":"https:\/\/volcanes.net\/?p=3135#primaryimage"},"thumbnailUrl":"https:\/\/volcanes.net\/wp-content\/uploads\/2019\/01\/1_IMG-20190104-WA0007.jpg","datePublished":"2019-01-07T09:48:35+00:00","breadcrumb":{"@id":"https:\/\/volcanes.net\/?p=3135#breadcrumb"},"inLanguage":"es","potentialAction":[{"@type":"ReadAction","target":["https:\/\/volcanes.net\/?p=3135"]}]},{"@type":"ImageObject","inLanguage":"es","@id":"https:\/\/volcanes.net\/?p=3135#primaryimage","url":"https:\/\/volcanes.net\/wp-content\/uploads\/2019\/01\/1_IMG-20190104-WA0007.jpg","contentUrl":"https:\/\/volcanes.net\/wp-content\/uploads\/2019\/01\/1_IMG-20190104-WA0007.jpg","width":1221,"height":663},{"@type":"BreadcrumbList","@id":"https:\/\/volcanes.net\/?p=3135#breadcrumb","itemListElement":[{"@type":"ListItem","position":1,"name":"Portada","item":"https:\/\/volcanes.net\/"},{"@type":"ListItem","position":2,"name":"Denuncia Alcalde de Amecameca que el gobierno saliente otorg\u00f3 permisos que violentan la paz"}]},{"@type":"WebSite","@id":"https:\/\/volcanes.net\/#website","url":"https:\/\/volcanes.net\/","name":"Volcanes.Net","description":"Periodismo Profesional","publisher":{"@id":"https:\/\/volcanes.net\/#organization"},"potentialAction":[{"@type":"SearchAction","target":{"@type":"EntryPoint","urlTemplate":"https:\/\/volcanes.net\/?s={search_term_string}"},"query-input":{"@type":"PropertyValueSpecification","valueRequired":true,"valueName":"search_term_string"}}],"inLanguage":"es"},{"@type":"Organization","@id":"https:\/\/volcanes.net\/#organization","name":"Grupo Volcanes","url":"https:\/\/volcanes.net\/","logo":{"@type":"ImageObject","inLanguage":"es","@id":"https:\/\/volcanes.net\/#\/schema\/logo\/image\/","url":"http:\/\/volcanes.net\/wp-content\/uploads\/2017\/12\/Avatar2.jpg","contentUrl":"http:\/\/volcanes.net\/wp-content\/uploads\/2017\/12\/Avatar2.jpg","width":378,"height":378,"caption":"Grupo Volcanes"},"image":{"@id":"https:\/\/volcanes.net\/#\/schema\/logo\/image\/"},"sameAs":["https:\/\/www.facebook.com\/volcanes.net\/"]},{"@type":"Person","@id":"https:\/\/volcanes.net\/#\/schema\/person\/4bf0f383940966a4abd53f5048c0e6b9","name":"admin","image":{"@type":"ImageObject","inLanguage":"es","@id":"https:\/\/volcanes.net\/#\/schema\/person\/image\/","url":"https:\/\/secure.gravatar.com\/avatar\/ca004e6cba8462b8cb7abc86e382930c?s=96&d=mm&r=g","contentUrl":"https:\/\/secure.gravatar.com\/avatar\/ca004e6cba8462b8cb7abc86e382930c?s=96&d=mm&r=g","caption":"admin"}}]}},"_links":{"self":[{"href":"https:\/\/volcanes.net\/index.php?rest_route=\/wp\/v2\/posts\/3135"}],"collection":[{"href":"https:\/\/volcanes.net\/index.php?rest_route=\/wp\/v2\/posts"}],"about":[{"href":"https:\/\/volcanes.net\/index.php?rest_route=\/wp\/v2\/types\/post"}],"author":[{"embeddable":true,"href":"https:\/\/volcanes.net\/index.php?rest_route=\/wp\/v2\/users\/1"}],"replies":[{"embeddable":true,"href":"https:\/\/volcanes.net\/index.php?rest_route=%2Fwp%2Fv2%2Fcomments&post=3135"}],"version-history":[{"count":1,"href":"https:\/\/volcanes.net\/index.php?rest_route=\/wp\/v2\/posts\/3135\/revisions"}],"predecessor-version":[{"id":3136,"href":"https:\/\/volcanes.net\/index.php?rest_route=\/wp\/v2\/posts\/3135\/revisions\/3136"}],"wp:featuredmedia":[{"embeddable":true,"href":"https:\/\/volcanes.net\/index.php?rest_route=\/wp\/v2\/media\/3134"}],"wp:attachment":[{"href":"https:\/\/volcanes.net\/index.php?rest_route=%2Fwp%2Fv2%2Fmedia&parent=3135"}],"wp:term":[{"taxonomy":"category","embeddable":true,"href":"https:\/\/volcanes.net\/index.php?rest_route=%2Fwp%2Fv2%2Fcategories&post=3135"},{"taxonomy":"post_tag","embeddable":true,"href":"https:\/\/volcanes.net\/index.php?rest_route=%2Fwp%2Fv2%2Ftags&post=3135"}],"curies":[{"name":"wp","href":"https:\/\/api.w.org\/{rel}","templated":true}]}}