{"id":3153,"date":"2019-01-08T12:45:39","date_gmt":"2019-01-08T12:45:39","guid":{"rendered":"http:\/\/volcanes.net\/?p=3153"},"modified":"2019-01-08T12:45:39","modified_gmt":"2019-01-08T12:45:39","slug":"modernizacion-de-administracion-de-uaem-no-va-contra-de-quienes-verdaderamente-trabajan","status":"publish","type":"post","link":"https:\/\/volcanes.net\/?p=3153","title":{"rendered":"Modernizaci\u00f3n de administraci\u00f3n de UAEM  no va contra de quienes verdaderamente trabajan"},"content":{"rendered":"<div style=\"margin-top: 0px; margin-bottom: 0px;\" class=\"sharethis-inline-share-buttons\" ><\/div><p align=\"center\" class=\"MsoNormal\" style=\"font-style:normal;font-weight:400;letter-spacing:normal;text-indent:0px;font-size:12pt;font-family:Calibri,sans-serif;text-align:center\"><span lang=\"ES-TRAD\" style=\"font-size:11pt;font-family:Symbol\">\u00b7<span style=\"font-size:7pt;line-height:normal;font-family:\">        <span> <\/span><\/span><\/span><span lang=\"ES-TRAD\" style=\"font-size:11pt;font-family:Arial,sans-serif\"><i>El rector Alfredo Barrera Baca encabez\u00f3 la instalaci\u00f3n de las mesas de negociaci\u00f3n salarial y contractual con la FAAPAUAEM y el SUTESUAEM.<\/i><\/span><\/p>\n<p class=\"m_-6584398350250841858gmail-MsoListParagraphCxSpMiddle\" style=\"font-style:normal;font-weight:400;letter-spacing:normal;text-indent:0px;font-size:12pt;font-family:Calibri,sans-serif;text-align:left\"><span lang=\"ES-TRAD\" style=\"font-size:11pt;font-family:Symbol\">\u00b7<span style=\"font-size:7pt;line-height:normal;font-family:\">        <span> <\/span><\/span><\/span><span lang=\"ES-TRAD\" style=\"font-size:11pt;font-family:Arial,sans-serif\"><i>Consider\u00f3 necesario \u201cllegar a acuerdos justos y satisfactorios que favorezcan a toda la comunidad universitaria, as\u00ed como la viabilidad y futuro de la instituci\u00f3n\u201d.<\/i><\/span><\/p>\n<p class=\"m_-6584398350250841858gmail-MsoListParagraphCxSpLast\" style=\"font-style:normal;font-weight:400;letter-spacing:normal;text-indent:0px;font-size:12pt;font-family:Calibri,sans-serif;text-align:left\"><span lang=\"ES-TRAD\" style=\"font-family:Arial,sans-serif;color:black\"> <\/span><\/p>\n<p class=\"MsoNormal\" style=\"font-style:normal;font-weight:400;letter-spacing:normal;text-indent:0px;font-size:12pt;font-family:Calibri,sans-serif;text-align:left\"><span lang=\"ES-MX\" style=\"font-family:Arial,sans-serif\"><b>Toluca, M\u00e9x. \u2013 07 de enero de 2019.<\/b><\/span><span lang=\"ES-MX\" style=\"font-family:Arial,sans-serif\"><span> <\/span>Las acciones emprendidas para la modernizaci\u00f3n y transparencia de la administraci\u00f3n de la Universidad Aut\u00f3noma del Estado de M\u00e9xico no van en contra de quienes verdaderamente trabajan, afirm\u00f3 el rector Alfredo Barrera Baca, durante la instalaci\u00f3n de las mesas de negociaci\u00f3n salarial y contractual con la Federaci\u00f3n de Asociaciones Aut\u00f3nomas de Personal Acad\u00e9mico (FAAPAUAEM) y el Sindicato \u00danico de Trabajadores y Empleados al Servicio de esta casa de estudios (SUTESUAEM).<\/span><\/p>\n<p class=\"MsoNormal\" style=\"font-style:normal;font-weight:400;letter-spacing:normal;margin:0cm0cm0.0001pt;font-size:12pt;font-family:Calibri,sans-serif;text-align:left\"><span lang=\"ES-MX\" style=\"font-family:Arial,sans-serif\">\u201cLa cr\u00edtica oscura no nos distrae. Esta administraci\u00f3n trabaja al l\u00edmite de su capacidad para reducir adeudos y rezagos. Lucharemos hasta el \u00faltimo d\u00eda para que el pasado no cancele nuestro futuro\u201d.<\/span><\/p>\n<p class=\"MsoNormal\" style=\"font-style:normal;font-weight:400;letter-spacing:normal;margin:0cm0cm0.0001pt;font-size:12pt;font-family:Calibri,sans-serif;text-align:left\"><span lang=\"ES-MX\" style=\"font-family:Arial,sans-serif\">En reuniones por separado, ante los secretarios generales de la FAAPAUAEM, Gilda Gonz\u00e1lez Villase\u00f1or, y SUTESUAEM, Pedro Rodr\u00edguez Magallanes, puntualiz\u00f3 que conf\u00eda en el apoyo de la FAAPAUAEM y el SUTESUAEM para garantizar la estabilidad y gobernabilidad institucional.<\/span><\/p>\n<p class=\"MsoNormal\" style=\"font-style:normal;font-weight:400;letter-spacing:normal;margin:0cm0cm0.0001pt;font-size:12pt;font-family:Calibri,sans-serif;text-align:left\"><span lang=\"ES-MX\" style=\"font-family:Arial,sans-serif\">En la Sala \u201cDr. Gustavo Baz Prada\u201d del Edificio de Rector\u00eda, Barrera Baca llam\u00f3 a quienes integran las comisiones temporales mixtas para la negociaci\u00f3n salarial y contractual de ambas agrupaciones sindicales a apegarse a los ejes de austeridad, racionalidad y optimizaci\u00f3n de los recursos. \u201cEs necesario llegar a acuerdos justos y satisfactorios que favorezcan a toda la comunidad universitaria, as\u00ed como la viabilidad y futuro de la instituci\u00f3n\u201d.<\/span><\/p>\n<p class=\"MsoNormal\" style=\"font-style:normal;font-weight:400;letter-spacing:normal;margin:0cm0cm0.0001pt;font-size:12pt;font-family:Calibri,sans-serif;text-align:left\"><span lang=\"ES-MX\" style=\"font-family:Arial,sans-serif\">En los \u00faltimos 25 a\u00f1os, enfatiz\u00f3, el crecimiento de la Aut\u00f3noma mexiquense en cuanto a matr\u00edcula e infraestructura no ha sido proporcional a los subsidios federal y estatal que recibe.<\/span><\/p>\n<p class=\"MsoNormal\" style=\"font-style:normal;font-weight:400;letter-spacing:normal;margin:0cm0cm0.0001pt;font-size:12pt;font-family:Calibri,sans-serif;text-align:left\"><span lang=\"ES-MX\" style=\"font-family:Arial,sans-serif\">El cubrir sueldos, prestaciones y seguridad social de las cinco mil plazas acad\u00e9micas que la SEP no reconoce ha dejado a la m\u00e1xima casa de estudios mexiquense en una situaci\u00f3n financiera cr\u00edtica. Trabajamos, dijo, para abatir esta carga acumulada que sigue siendo un riesgo grave.<\/span><\/p>\n<p class=\"MsoNormal\" style=\"font-style:normal;font-weight:400;letter-spacing:normal;margin:0cm0cm0.0001pt;font-size:12pt;font-family:Calibri,sans-serif;text-align:left\"><span lang=\"ES-MX\" style=\"font-family:Arial,sans-serif\">Alfredo Barrera Baca afirm\u00f3 que \u201cla Administraci\u00f3n 2017-2021 de la Aut\u00f3noma mexiquense trabaja al m\u00e1ximo para reducir adeudos y rezagos, para evitar que sigamos siendo esclavos de nuestro pasado\u201d.<\/span><\/p>\n<p class=\"MsoNormal\" style=\"font-style:normal;font-weight:400;letter-spacing:normal;margin:0cm0cm0.0001pt;font-size:12pt;font-family:Calibri,sans-serif;text-align:left\"><span lang=\"ES-MX\" style=\"font-family:Arial,sans-serif\">Gilda Gonz\u00e1lez Villase\u00f1or y Pedro Rodr\u00edguez Magallanes expresaron que la instalaci\u00f3n de las mesas de negociaci\u00f3n tiene como objetivo mejorar la calidad de vida de los acad\u00e9micos y trabajadores administrativos de esta casa de estudios y reconocieron la disposici\u00f3n de la administraci\u00f3n del rector Alfredo Barrera Baca para cumplir con las cl\u00e1usulas del contrato colectivo de trabajo.<\/span><\/p>\n<p class=\"MsoNormal\" style=\"font-style:normal;font-weight:400;letter-spacing:normal;margin:0cm0cm0.0001pt;font-size:12pt;font-family:Calibri,sans-serif;text-align:left\"><span lang=\"ES-MX\" style=\"font-family:Arial,sans-serif\">La comisi\u00f3n temporal mixta de la FAAPAUAEM est\u00e1 conformada por Gilda Gonz\u00e1lez Villase\u00f1or, Bel\u00e9n Salvador Ben\u00edtez, Luis Roberto Garc\u00eda Winder, Mar\u00eda del Carmen Ch\u00e1vez Cruz, Mar\u00eda Eugenia Guadarrama Guadarrama, Jos\u00e9 Francisco Barrera Pichardo.<\/span><\/p>\n<p class=\"MsoNormal\" style=\"font-style:normal;font-weight:400;letter-spacing:normal;margin:0cm0cm0.0001pt;font-size:12pt;font-family:Calibri,sans-serif;text-align:left\"><span lang=\"ES-MX\" style=\"font-family:Arial,sans-serif\">La comisi\u00f3n temporal mixta del SUTESUAEM est\u00e1 conformada por Pedro Rodr\u00edguez Magallanes, Iv\u00e1n Gonz\u00e1lez Gonz\u00e1lez, Betzabe Hern\u00e1ndez Cruz, Jos\u00e9 Luis Hern\u00e1ndez V\u00e1zquez, Lucrecia Mirian Almaz\u00e1n Arcos, Francisco Col\u00edn Conejo, Carlos Jos\u00e9 T\u00e9llez Fern\u00e1ndez y Abel Tenorio Su\u00e1rez.<\/span><\/p>\n<p class=\"MsoNormal\" style=\"font-style:normal;font-weight:400;letter-spacing:normal;margin:0cm0cm0.0001pt;font-size:12pt;font-family:Calibri,sans-serif;text-align:left\"><span lang=\"ES-MX\" style=\"font-family:Arial,sans-serif\">Tambi\u00e9n conforman ambas mesas la directora de Recursos Humanos, Mar\u00eda de los \u00c1ngeles Araujo Gonz\u00e1lez; el Abogado General, Luis Ra\u00fal Ortiz Ram\u00edrez, y el secretario de Administraci\u00f3n de la UAEM, Juan Miguel Reyes Viurquez.<\/span><\/p>\n","protected":false},"excerpt":{"rendered":"<p>\u00b7 El rector Alfredo Barrera Baca encabez\u00f3 la instalaci\u00f3n de las mesas de negociaci\u00f3n salarial<\/p>\n","protected":false},"author":1,"featured_media":3152,"comment_status":"open","ping_status":"open","sticky":false,"template":"","format":"standard","meta":{"footnotes":""},"categories":[1],"tags":[25],"class_list":["post-3153","post","type-post","status-publish","format-standard","has-post-thumbnail","hentry","category-municipales","tag-uaem"],"yoast_head":"<!-- This site is optimized with the Yoast SEO plugin v25.3 - https:\/\/yoast.com\/wordpress\/plugins\/seo\/ -->\n<title>Modernizaci\u00f3n de administraci\u00f3n de UAEM no va contra de quienes verdaderamente trabajan - Volcanes<\/title>\n<meta name=\"robots\" content=\"index, follow, max-snippet:-1, max-image-preview:large, max-video-preview:-1\" \/>\n<link rel=\"canonical\" href=\"https:\/\/volcanes.net\/?p=3153\" \/>\n<meta property=\"og:locale\" content=\"es_MX\" \/>\n<meta property=\"og:type\" content=\"article\" \/>\n<meta property=\"og:title\" content=\"Modernizaci\u00f3n de administraci\u00f3n de UAEM no va contra de quienes verdaderamente trabajan - Volcanes\" \/>\n<meta property=\"og:description\" content=\"\u00b7 El rector Alfredo Barrera Baca encabez\u00f3 la instalaci\u00f3n de las mesas de negociaci\u00f3n salarial\" \/>\n<meta property=\"og:url\" content=\"https:\/\/volcanes.net\/?p=3153\" \/>\n<meta property=\"og:site_name\" content=\"Volcanes\" \/>\n<meta property=\"article:publisher\" content=\"https:\/\/www.facebook.com\/volcanes.net\/\" \/>\n<meta property=\"article:published_time\" content=\"2019-01-08T12:45:39+00:00\" \/>\n<meta property=\"og:image\" content=\"https:\/\/volcanes.net\/wp-content\/uploads\/2019\/01\/154695143935414.jpg\" \/>\n\t<meta property=\"og:image:width\" content=\"1771\" \/>\n\t<meta property=\"og:image:height\" content=\"1181\" \/>\n\t<meta property=\"og:image:type\" content=\"image\/jpeg\" \/>\n<meta name=\"author\" content=\"admin\" \/>\n<meta name=\"twitter:card\" content=\"summary_large_image\" \/>\n<meta name=\"twitter:label1\" content=\"Escrito por\" \/>\n\t<meta name=\"twitter:data1\" content=\"admin\" \/>\n\t<meta name=\"twitter:label2\" content=\"Tiempo de lectura\" \/>\n\t<meta name=\"twitter:data2\" content=\"3 minutos\" \/>\n<script type=\"application\/ld+json\" class=\"yoast-schema-graph\">{\"@context\":\"https:\/\/schema.org\",\"@graph\":[{\"@type\":\"Article\",\"@id\":\"https:\/\/volcanes.net\/?p=3153#article\",\"isPartOf\":{\"@id\":\"https:\/\/volcanes.net\/?p=3153\"},\"author\":{\"name\":\"admin\",\"@id\":\"https:\/\/volcanes.net\/#\/schema\/person\/4bf0f383940966a4abd53f5048c0e6b9\"},\"headline\":\"Modernizaci\u00f3n de administraci\u00f3n de UAEM no va contra de quienes verdaderamente trabajan\",\"datePublished\":\"2019-01-08T12:45:39+00:00\",\"mainEntityOfPage\":{\"@id\":\"https:\/\/volcanes.net\/?p=3153\"},\"wordCount\":609,\"commentCount\":0,\"publisher\":{\"@id\":\"https:\/\/volcanes.net\/#organization\"},\"image\":{\"@id\":\"https:\/\/volcanes.net\/?p=3153#primaryimage\"},\"thumbnailUrl\":\"https:\/\/volcanes.net\/wp-content\/uploads\/2019\/01\/154695143935414.jpg\",\"keywords\":[\"UAEM\"],\"articleSection\":[\"Municipales\"],\"inLanguage\":\"es\",\"potentialAction\":[{\"@type\":\"CommentAction\",\"name\":\"Comment\",\"target\":[\"https:\/\/volcanes.net\/?p=3153#respond\"]}]},{\"@type\":\"WebPage\",\"@id\":\"https:\/\/volcanes.net\/?p=3153\",\"url\":\"https:\/\/volcanes.net\/?p=3153\",\"name\":\"Modernizaci\u00f3n de administraci\u00f3n de UAEM no va contra de quienes verdaderamente trabajan - Volcanes\",\"isPartOf\":{\"@id\":\"https:\/\/volcanes.net\/#website\"},\"primaryImageOfPage\":{\"@id\":\"https:\/\/volcanes.net\/?p=3153#primaryimage\"},\"image\":{\"@id\":\"https:\/\/volcanes.net\/?p=3153#primaryimage\"},\"thumbnailUrl\":\"https:\/\/volcanes.net\/wp-content\/uploads\/2019\/01\/154695143935414.jpg\",\"datePublished\":\"2019-01-08T12:45:39+00:00\",\"breadcrumb\":{\"@id\":\"https:\/\/volcanes.net\/?p=3153#breadcrumb\"},\"inLanguage\":\"es\",\"potentialAction\":[{\"@type\":\"ReadAction\",\"target\":[\"https:\/\/volcanes.net\/?p=3153\"]}]},{\"@type\":\"ImageObject\",\"inLanguage\":\"es\",\"@id\":\"https:\/\/volcanes.net\/?p=3153#primaryimage\",\"url\":\"https:\/\/volcanes.net\/wp-content\/uploads\/2019\/01\/154695143935414.jpg\",\"contentUrl\":\"https:\/\/volcanes.net\/wp-content\/uploads\/2019\/01\/154695143935414.jpg\",\"width\":1771,\"height\":1181},{\"@type\":\"BreadcrumbList\",\"@id\":\"https:\/\/volcanes.net\/?p=3153#breadcrumb\",\"itemListElement\":[{\"@type\":\"ListItem\",\"position\":1,\"name\":\"Portada\",\"item\":\"https:\/\/volcanes.net\/\"},{\"@type\":\"ListItem\",\"position\":2,\"name\":\"Modernizaci\u00f3n de administraci\u00f3n de UAEM no va contra de quienes verdaderamente trabajan\"}]},{\"@type\":\"WebSite\",\"@id\":\"https:\/\/volcanes.net\/#website\",\"url\":\"https:\/\/volcanes.net\/\",\"name\":\"Volcanes.Net\",\"description\":\"Periodismo Profesional\",\"publisher\":{\"@id\":\"https:\/\/volcanes.net\/#organization\"},\"potentialAction\":[{\"@type\":\"SearchAction\",\"target\":{\"@type\":\"EntryPoint\",\"urlTemplate\":\"https:\/\/volcanes.net\/?s={search_term_string}\"},\"query-input\":{\"@type\":\"PropertyValueSpecification\",\"valueRequired\":true,\"valueName\":\"search_term_string\"}}],\"inLanguage\":\"es\"},{\"@type\":\"Organization\",\"@id\":\"https:\/\/volcanes.net\/#organization\",\"name\":\"Grupo Volcanes\",\"url\":\"https:\/\/volcanes.net\/\",\"logo\":{\"@type\":\"ImageObject\",\"inLanguage\":\"es\",\"@id\":\"https:\/\/volcanes.net\/#\/schema\/logo\/image\/\",\"url\":\"http:\/\/volcanes.net\/wp-content\/uploads\/2017\/12\/Avatar2.jpg\",\"contentUrl\":\"http:\/\/volcanes.net\/wp-content\/uploads\/2017\/12\/Avatar2.jpg\",\"width\":378,\"height\":378,\"caption\":\"Grupo Volcanes\"},\"image\":{\"@id\":\"https:\/\/volcanes.net\/#\/schema\/logo\/image\/\"},\"sameAs\":[\"https:\/\/www.facebook.com\/volcanes.net\/\"]},{\"@type\":\"Person\",\"@id\":\"https:\/\/volcanes.net\/#\/schema\/person\/4bf0f383940966a4abd53f5048c0e6b9\",\"name\":\"admin\",\"image\":{\"@type\":\"ImageObject\",\"inLanguage\":\"es\",\"@id\":\"https:\/\/volcanes.net\/#\/schema\/person\/image\/\",\"url\":\"https:\/\/secure.gravatar.com\/avatar\/ca004e6cba8462b8cb7abc86e382930c?s=96&d=mm&r=g\",\"contentUrl\":\"https:\/\/secure.gravatar.com\/avatar\/ca004e6cba8462b8cb7abc86e382930c?s=96&d=mm&r=g\",\"caption\":\"admin\"}}]}<\/script>\n<!-- \/ Yoast SEO plugin. -->","yoast_head_json":{"title":"Modernizaci\u00f3n de administraci\u00f3n de UAEM no va contra de quienes verdaderamente trabajan - Volcanes","robots":{"index":"index","follow":"follow","max-snippet":"max-snippet:-1","max-image-preview":"max-image-preview:large","max-video-preview":"max-video-preview:-1"},"canonical":"https:\/\/volcanes.net\/?p=3153","og_locale":"es_MX","og_type":"article","og_title":"Modernizaci\u00f3n de administraci\u00f3n de UAEM no va contra de quienes verdaderamente trabajan - Volcanes","og_description":"\u00b7 El rector Alfredo Barrera Baca encabez\u00f3 la instalaci\u00f3n de las mesas de negociaci\u00f3n salarial","og_url":"https:\/\/volcanes.net\/?p=3153","og_site_name":"Volcanes","article_publisher":"https:\/\/www.facebook.com\/volcanes.net\/","article_published_time":"2019-01-08T12:45:39+00:00","og_image":[{"width":1771,"height":1181,"url":"https:\/\/volcanes.net\/wp-content\/uploads\/2019\/01\/154695143935414.jpg","type":"image\/jpeg"}],"author":"admin","twitter_card":"summary_large_image","twitter_misc":{"Escrito por":"admin","Tiempo de lectura":"3 minutos"},"schema":{"@context":"https:\/\/schema.org","@graph":[{"@type":"Article","@id":"https:\/\/volcanes.net\/?p=3153#article","isPartOf":{"@id":"https:\/\/volcanes.net\/?p=3153"},"author":{"name":"admin","@id":"https:\/\/volcanes.net\/#\/schema\/person\/4bf0f383940966a4abd53f5048c0e6b9"},"headline":"Modernizaci\u00f3n de administraci\u00f3n de UAEM no va contra de quienes verdaderamente trabajan","datePublished":"2019-01-08T12:45:39+00:00","mainEntityOfPage":{"@id":"https:\/\/volcanes.net\/?p=3153"},"wordCount":609,"commentCount":0,"publisher":{"@id":"https:\/\/volcanes.net\/#organization"},"image":{"@id":"https:\/\/volcanes.net\/?p=3153#primaryimage"},"thumbnailUrl":"https:\/\/volcanes.net\/wp-content\/uploads\/2019\/01\/154695143935414.jpg","keywords":["UAEM"],"articleSection":["Municipales"],"inLanguage":"es","potentialAction":[{"@type":"CommentAction","name":"Comment","target":["https:\/\/volcanes.net\/?p=3153#respond"]}]},{"@type":"WebPage","@id":"https:\/\/volcanes.net\/?p=3153","url":"https:\/\/volcanes.net\/?p=3153","name":"Modernizaci\u00f3n de administraci\u00f3n de UAEM no va contra de quienes verdaderamente trabajan - Volcanes","isPartOf":{"@id":"https:\/\/volcanes.net\/#website"},"primaryImageOfPage":{"@id":"https:\/\/volcanes.net\/?p=3153#primaryimage"},"image":{"@id":"https:\/\/volcanes.net\/?p=3153#primaryimage"},"thumbnailUrl":"https:\/\/volcanes.net\/wp-content\/uploads\/2019\/01\/154695143935414.jpg","datePublished":"2019-01-08T12:45:39+00:00","breadcrumb":{"@id":"https:\/\/volcanes.net\/?p=3153#breadcrumb"},"inLanguage":"es","potentialAction":[{"@type":"ReadAction","target":["https:\/\/volcanes.net\/?p=3153"]}]},{"@type":"ImageObject","inLanguage":"es","@id":"https:\/\/volcanes.net\/?p=3153#primaryimage","url":"https:\/\/volcanes.net\/wp-content\/uploads\/2019\/01\/154695143935414.jpg","contentUrl":"https:\/\/volcanes.net\/wp-content\/uploads\/2019\/01\/154695143935414.jpg","width":1771,"height":1181},{"@type":"BreadcrumbList","@id":"https:\/\/volcanes.net\/?p=3153#breadcrumb","itemListElement":[{"@type":"ListItem","position":1,"name":"Portada","item":"https:\/\/volcanes.net\/"},{"@type":"ListItem","position":2,"name":"Modernizaci\u00f3n de administraci\u00f3n de UAEM no va contra de quienes verdaderamente trabajan"}]},{"@type":"WebSite","@id":"https:\/\/volcanes.net\/#website","url":"https:\/\/volcanes.net\/","name":"Volcanes.Net","description":"Periodismo Profesional","publisher":{"@id":"https:\/\/volcanes.net\/#organization"},"potentialAction":[{"@type":"SearchAction","target":{"@type":"EntryPoint","urlTemplate":"https:\/\/volcanes.net\/?s={search_term_string}"},"query-input":{"@type":"PropertyValueSpecification","valueRequired":true,"valueName":"search_term_string"}}],"inLanguage":"es"},{"@type":"Organization","@id":"https:\/\/volcanes.net\/#organization","name":"Grupo Volcanes","url":"https:\/\/volcanes.net\/","logo":{"@type":"ImageObject","inLanguage":"es","@id":"https:\/\/volcanes.net\/#\/schema\/logo\/image\/","url":"http:\/\/volcanes.net\/wp-content\/uploads\/2017\/12\/Avatar2.jpg","contentUrl":"http:\/\/volcanes.net\/wp-content\/uploads\/2017\/12\/Avatar2.jpg","width":378,"height":378,"caption":"Grupo Volcanes"},"image":{"@id":"https:\/\/volcanes.net\/#\/schema\/logo\/image\/"},"sameAs":["https:\/\/www.facebook.com\/volcanes.net\/"]},{"@type":"Person","@id":"https:\/\/volcanes.net\/#\/schema\/person\/4bf0f383940966a4abd53f5048c0e6b9","name":"admin","image":{"@type":"ImageObject","inLanguage":"es","@id":"https:\/\/volcanes.net\/#\/schema\/person\/image\/","url":"https:\/\/secure.gravatar.com\/avatar\/ca004e6cba8462b8cb7abc86e382930c?s=96&d=mm&r=g","contentUrl":"https:\/\/secure.gravatar.com\/avatar\/ca004e6cba8462b8cb7abc86e382930c?s=96&d=mm&r=g","caption":"admin"}}]}},"_links":{"self":[{"href":"https:\/\/volcanes.net\/index.php?rest_route=\/wp\/v2\/posts\/3153"}],"collection":[{"href":"https:\/\/volcanes.net\/index.php?rest_route=\/wp\/v2\/posts"}],"about":[{"href":"https:\/\/volcanes.net\/index.php?rest_route=\/wp\/v2\/types\/post"}],"author":[{"embeddable":true,"href":"https:\/\/volcanes.net\/index.php?rest_route=\/wp\/v2\/users\/1"}],"replies":[{"embeddable":true,"href":"https:\/\/volcanes.net\/index.php?rest_route=%2Fwp%2Fv2%2Fcomments&post=3153"}],"version-history":[{"count":1,"href":"https:\/\/volcanes.net\/index.php?rest_route=\/wp\/v2\/posts\/3153\/revisions"}],"predecessor-version":[{"id":3154,"href":"https:\/\/volcanes.net\/index.php?rest_route=\/wp\/v2\/posts\/3153\/revisions\/3154"}],"wp:featuredmedia":[{"embeddable":true,"href":"https:\/\/volcanes.net\/index.php?rest_route=\/wp\/v2\/media\/3152"}],"wp:attachment":[{"href":"https:\/\/volcanes.net\/index.php?rest_route=%2Fwp%2Fv2%2Fmedia&parent=3153"}],"wp:term":[{"taxonomy":"category","embeddable":true,"href":"https:\/\/volcanes.net\/index.php?rest_route=%2Fwp%2Fv2%2Fcategories&post=3153"},{"taxonomy":"post_tag","embeddable":true,"href":"https:\/\/volcanes.net\/index.php?rest_route=%2Fwp%2Fv2%2Ftags&post=3153"}],"curies":[{"name":"wp","href":"https:\/\/api.w.org\/{rel}","templated":true}]}}