{"id":3156,"date":"2019-01-08T12:48:05","date_gmt":"2019-01-08T12:48:05","guid":{"rendered":"http:\/\/volcanes.net\/?p=3156"},"modified":"2019-01-08T12:48:05","modified_gmt":"2019-01-08T12:48:05","slug":"reactiva-seguridad-ciudadana-vigilancia-en-escuelas","status":"publish","type":"post","link":"https:\/\/volcanes.net\/?p=3156","title":{"rendered":"Reactiva Seguridad Ciudadana vigilancia en escuelas"},"content":{"rendered":"<div style=\"margin-top: 0px; margin-bottom: 0px;\" class=\"sharethis-inline-share-buttons\" ><\/div><p>Ixtapaluca.- Luego del periodo vacacional decembrino se reactiv\u00f3 el operativo Escuela Segura en los centros escolares del municipio, con la recomendaci\u00f3n a los padres de familia que eviten estacionarse en doble fila para no entorpecer la entrada a los planteles, inform\u00f3 el Comisario, Leonel Bastida Esquivel de la Direcci\u00f3n General de Seguridad Ciudadana y Tr\u00e1nsito municipal (DGSCyTM).<br \/>\nExplic\u00f3 que elementos y las patrullas permanecer\u00e1n en los horarios de entrada y salida de los turnos matutino y vespertino para salvaguardar la integridad f\u00edsica tanto del alumnado, profesores y padres de familia.<br \/>\nRespecto al Operativo Mochila mencion\u00f3 que de acuerdo a la petici\u00f3n de los padres de familia y directivos escolares \u00e9stas acciones continuar\u00e1n en las escuelas, a fin de prevenir la portaci\u00f3n de armas blancas y de fuego, posesi\u00f3n de enervantes u objetos que pongan en riesgo la integridad de la plantilla escolar.<br \/>\nBastida Esquivel mencion\u00f3 que durante los operativos ya realizados se han decomisado armas punzo cortantes, enervantes y objetos que no son propios para llevar en una mochila de un estudiante. En estos casos se procede conforme lo determinen los directivos de la escuela en coordinaci\u00f3n con los propios padres de familia.<br \/>\nA su vez se pide a los progenitores asistan junto con sus hijos a la direcci\u00f3n de Seguridad Ciudadana para que reciban asesor\u00eda y orientaci\u00f3n psicol\u00f3gica, a fin corregir este tipo de conductas.<br \/>\nDurante el Operativo Mochila Segura siempre estar\u00e1 presente el titular y personal de la Defensor\u00eda Municipal de los Derechos Humanos para supervisar que no se cometen faltas que da\u00f1en la integridad f\u00edsica y moral de los alumnos.<\/p>\n","protected":false},"excerpt":{"rendered":"<p>Ixtapaluca.- Luego del periodo vacacional decembrino se reactiv\u00f3 el operativo Escuela Segura en los centros<\/p>\n","protected":false},"author":1,"featured_media":3155,"comment_status":"open","ping_status":"open","sticky":false,"template":"","format":"standard","meta":{"footnotes":""},"categories":[1],"tags":[6],"class_list":["post-3156","post","type-post","status-publish","format-standard","has-post-thumbnail","hentry","category-municipales","tag-ixtapaluca"],"yoast_head":"<!-- This site is optimized with the Yoast SEO plugin v25.3 - https:\/\/yoast.com\/wordpress\/plugins\/seo\/ -->\n<title>Reactiva Seguridad Ciudadana vigilancia en escuelas - Volcanes<\/title>\n<meta name=\"robots\" content=\"index, follow, max-snippet:-1, max-image-preview:large, max-video-preview:-1\" \/>\n<link rel=\"canonical\" href=\"https:\/\/volcanes.net\/?p=3156\" \/>\n<meta property=\"og:locale\" content=\"es_MX\" \/>\n<meta property=\"og:type\" content=\"article\" \/>\n<meta property=\"og:title\" content=\"Reactiva Seguridad Ciudadana vigilancia en escuelas - Volcanes\" \/>\n<meta property=\"og:description\" content=\"Ixtapaluca.- Luego del periodo vacacional decembrino se reactiv\u00f3 el operativo Escuela Segura en los centros\" \/>\n<meta property=\"og:url\" content=\"https:\/\/volcanes.net\/?p=3156\" \/>\n<meta property=\"og:site_name\" content=\"Volcanes\" \/>\n<meta property=\"article:publisher\" content=\"https:\/\/www.facebook.com\/volcanes.net\/\" \/>\n<meta property=\"article:published_time\" content=\"2019-01-08T12:48:05+00:00\" \/>\n<meta property=\"og:image\" content=\"https:\/\/volcanes.net\/wp-content\/uploads\/2019\/01\/FOTOS-BOL-0006.jpg\" \/>\n\t<meta property=\"og:image:width\" content=\"960\" \/>\n\t<meta property=\"og:image:height\" content=\"720\" \/>\n\t<meta property=\"og:image:type\" content=\"image\/jpeg\" \/>\n<meta name=\"author\" content=\"admin\" \/>\n<meta name=\"twitter:card\" content=\"summary_large_image\" \/>\n<meta name=\"twitter:label1\" content=\"Escrito por\" \/>\n\t<meta name=\"twitter:data1\" content=\"admin\" \/>\n\t<meta name=\"twitter:label2\" content=\"Tiempo de lectura\" \/>\n\t<meta name=\"twitter:data2\" content=\"1 minuto\" \/>\n<script type=\"application\/ld+json\" class=\"yoast-schema-graph\">{\"@context\":\"https:\/\/schema.org\",\"@graph\":[{\"@type\":\"Article\",\"@id\":\"https:\/\/volcanes.net\/?p=3156#article\",\"isPartOf\":{\"@id\":\"https:\/\/volcanes.net\/?p=3156\"},\"author\":{\"name\":\"admin\",\"@id\":\"https:\/\/volcanes.net\/#\/schema\/person\/4bf0f383940966a4abd53f5048c0e6b9\"},\"headline\":\"Reactiva Seguridad Ciudadana vigilancia en escuelas\",\"datePublished\":\"2019-01-08T12:48:05+00:00\",\"mainEntityOfPage\":{\"@id\":\"https:\/\/volcanes.net\/?p=3156\"},\"wordCount\":287,\"commentCount\":0,\"publisher\":{\"@id\":\"https:\/\/volcanes.net\/#organization\"},\"image\":{\"@id\":\"https:\/\/volcanes.net\/?p=3156#primaryimage\"},\"thumbnailUrl\":\"https:\/\/volcanes.net\/wp-content\/uploads\/2019\/01\/FOTOS-BOL-0006.jpg\",\"keywords\":[\"Ixtapaluca\"],\"articleSection\":[\"Municipales\"],\"inLanguage\":\"es\",\"potentialAction\":[{\"@type\":\"CommentAction\",\"name\":\"Comment\",\"target\":[\"https:\/\/volcanes.net\/?p=3156#respond\"]}]},{\"@type\":\"WebPage\",\"@id\":\"https:\/\/volcanes.net\/?p=3156\",\"url\":\"https:\/\/volcanes.net\/?p=3156\",\"name\":\"Reactiva Seguridad Ciudadana vigilancia en escuelas - Volcanes\",\"isPartOf\":{\"@id\":\"https:\/\/volcanes.net\/#website\"},\"primaryImageOfPage\":{\"@id\":\"https:\/\/volcanes.net\/?p=3156#primaryimage\"},\"image\":{\"@id\":\"https:\/\/volcanes.net\/?p=3156#primaryimage\"},\"thumbnailUrl\":\"https:\/\/volcanes.net\/wp-content\/uploads\/2019\/01\/FOTOS-BOL-0006.jpg\",\"datePublished\":\"2019-01-08T12:48:05+00:00\",\"breadcrumb\":{\"@id\":\"https:\/\/volcanes.net\/?p=3156#breadcrumb\"},\"inLanguage\":\"es\",\"potentialAction\":[{\"@type\":\"ReadAction\",\"target\":[\"https:\/\/volcanes.net\/?p=3156\"]}]},{\"@type\":\"ImageObject\",\"inLanguage\":\"es\",\"@id\":\"https:\/\/volcanes.net\/?p=3156#primaryimage\",\"url\":\"https:\/\/volcanes.net\/wp-content\/uploads\/2019\/01\/FOTOS-BOL-0006.jpg\",\"contentUrl\":\"https:\/\/volcanes.net\/wp-content\/uploads\/2019\/01\/FOTOS-BOL-0006.jpg\",\"width\":960,\"height\":720},{\"@type\":\"BreadcrumbList\",\"@id\":\"https:\/\/volcanes.net\/?p=3156#breadcrumb\",\"itemListElement\":[{\"@type\":\"ListItem\",\"position\":1,\"name\":\"Portada\",\"item\":\"https:\/\/volcanes.net\/\"},{\"@type\":\"ListItem\",\"position\":2,\"name\":\"Reactiva Seguridad Ciudadana vigilancia en escuelas\"}]},{\"@type\":\"WebSite\",\"@id\":\"https:\/\/volcanes.net\/#website\",\"url\":\"https:\/\/volcanes.net\/\",\"name\":\"Volcanes.Net\",\"description\":\"Periodismo Profesional\",\"publisher\":{\"@id\":\"https:\/\/volcanes.net\/#organization\"},\"potentialAction\":[{\"@type\":\"SearchAction\",\"target\":{\"@type\":\"EntryPoint\",\"urlTemplate\":\"https:\/\/volcanes.net\/?s={search_term_string}\"},\"query-input\":{\"@type\":\"PropertyValueSpecification\",\"valueRequired\":true,\"valueName\":\"search_term_string\"}}],\"inLanguage\":\"es\"},{\"@type\":\"Organization\",\"@id\":\"https:\/\/volcanes.net\/#organization\",\"name\":\"Grupo Volcanes\",\"url\":\"https:\/\/volcanes.net\/\",\"logo\":{\"@type\":\"ImageObject\",\"inLanguage\":\"es\",\"@id\":\"https:\/\/volcanes.net\/#\/schema\/logo\/image\/\",\"url\":\"http:\/\/volcanes.net\/wp-content\/uploads\/2017\/12\/Avatar2.jpg\",\"contentUrl\":\"http:\/\/volcanes.net\/wp-content\/uploads\/2017\/12\/Avatar2.jpg\",\"width\":378,\"height\":378,\"caption\":\"Grupo Volcanes\"},\"image\":{\"@id\":\"https:\/\/volcanes.net\/#\/schema\/logo\/image\/\"},\"sameAs\":[\"https:\/\/www.facebook.com\/volcanes.net\/\"]},{\"@type\":\"Person\",\"@id\":\"https:\/\/volcanes.net\/#\/schema\/person\/4bf0f383940966a4abd53f5048c0e6b9\",\"name\":\"admin\",\"image\":{\"@type\":\"ImageObject\",\"inLanguage\":\"es\",\"@id\":\"https:\/\/volcanes.net\/#\/schema\/person\/image\/\",\"url\":\"https:\/\/secure.gravatar.com\/avatar\/ca004e6cba8462b8cb7abc86e382930c?s=96&d=mm&r=g\",\"contentUrl\":\"https:\/\/secure.gravatar.com\/avatar\/ca004e6cba8462b8cb7abc86e382930c?s=96&d=mm&r=g\",\"caption\":\"admin\"}}]}<\/script>\n<!-- \/ Yoast SEO plugin. -->","yoast_head_json":{"title":"Reactiva Seguridad Ciudadana vigilancia en escuelas - Volcanes","robots":{"index":"index","follow":"follow","max-snippet":"max-snippet:-1","max-image-preview":"max-image-preview:large","max-video-preview":"max-video-preview:-1"},"canonical":"https:\/\/volcanes.net\/?p=3156","og_locale":"es_MX","og_type":"article","og_title":"Reactiva Seguridad Ciudadana vigilancia en escuelas - Volcanes","og_description":"Ixtapaluca.- Luego del periodo vacacional decembrino se reactiv\u00f3 el operativo Escuela Segura en los centros","og_url":"https:\/\/volcanes.net\/?p=3156","og_site_name":"Volcanes","article_publisher":"https:\/\/www.facebook.com\/volcanes.net\/","article_published_time":"2019-01-08T12:48:05+00:00","og_image":[{"width":960,"height":720,"url":"https:\/\/volcanes.net\/wp-content\/uploads\/2019\/01\/FOTOS-BOL-0006.jpg","type":"image\/jpeg"}],"author":"admin","twitter_card":"summary_large_image","twitter_misc":{"Escrito por":"admin","Tiempo de lectura":"1 minuto"},"schema":{"@context":"https:\/\/schema.org","@graph":[{"@type":"Article","@id":"https:\/\/volcanes.net\/?p=3156#article","isPartOf":{"@id":"https:\/\/volcanes.net\/?p=3156"},"author":{"name":"admin","@id":"https:\/\/volcanes.net\/#\/schema\/person\/4bf0f383940966a4abd53f5048c0e6b9"},"headline":"Reactiva Seguridad Ciudadana vigilancia en escuelas","datePublished":"2019-01-08T12:48:05+00:00","mainEntityOfPage":{"@id":"https:\/\/volcanes.net\/?p=3156"},"wordCount":287,"commentCount":0,"publisher":{"@id":"https:\/\/volcanes.net\/#organization"},"image":{"@id":"https:\/\/volcanes.net\/?p=3156#primaryimage"},"thumbnailUrl":"https:\/\/volcanes.net\/wp-content\/uploads\/2019\/01\/FOTOS-BOL-0006.jpg","keywords":["Ixtapaluca"],"articleSection":["Municipales"],"inLanguage":"es","potentialAction":[{"@type":"CommentAction","name":"Comment","target":["https:\/\/volcanes.net\/?p=3156#respond"]}]},{"@type":"WebPage","@id":"https:\/\/volcanes.net\/?p=3156","url":"https:\/\/volcanes.net\/?p=3156","name":"Reactiva Seguridad Ciudadana vigilancia en escuelas - Volcanes","isPartOf":{"@id":"https:\/\/volcanes.net\/#website"},"primaryImageOfPage":{"@id":"https:\/\/volcanes.net\/?p=3156#primaryimage"},"image":{"@id":"https:\/\/volcanes.net\/?p=3156#primaryimage"},"thumbnailUrl":"https:\/\/volcanes.net\/wp-content\/uploads\/2019\/01\/FOTOS-BOL-0006.jpg","datePublished":"2019-01-08T12:48:05+00:00","breadcrumb":{"@id":"https:\/\/volcanes.net\/?p=3156#breadcrumb"},"inLanguage":"es","potentialAction":[{"@type":"ReadAction","target":["https:\/\/volcanes.net\/?p=3156"]}]},{"@type":"ImageObject","inLanguage":"es","@id":"https:\/\/volcanes.net\/?p=3156#primaryimage","url":"https:\/\/volcanes.net\/wp-content\/uploads\/2019\/01\/FOTOS-BOL-0006.jpg","contentUrl":"https:\/\/volcanes.net\/wp-content\/uploads\/2019\/01\/FOTOS-BOL-0006.jpg","width":960,"height":720},{"@type":"BreadcrumbList","@id":"https:\/\/volcanes.net\/?p=3156#breadcrumb","itemListElement":[{"@type":"ListItem","position":1,"name":"Portada","item":"https:\/\/volcanes.net\/"},{"@type":"ListItem","position":2,"name":"Reactiva Seguridad Ciudadana vigilancia en escuelas"}]},{"@type":"WebSite","@id":"https:\/\/volcanes.net\/#website","url":"https:\/\/volcanes.net\/","name":"Volcanes.Net","description":"Periodismo Profesional","publisher":{"@id":"https:\/\/volcanes.net\/#organization"},"potentialAction":[{"@type":"SearchAction","target":{"@type":"EntryPoint","urlTemplate":"https:\/\/volcanes.net\/?s={search_term_string}"},"query-input":{"@type":"PropertyValueSpecification","valueRequired":true,"valueName":"search_term_string"}}],"inLanguage":"es"},{"@type":"Organization","@id":"https:\/\/volcanes.net\/#organization","name":"Grupo Volcanes","url":"https:\/\/volcanes.net\/","logo":{"@type":"ImageObject","inLanguage":"es","@id":"https:\/\/volcanes.net\/#\/schema\/logo\/image\/","url":"http:\/\/volcanes.net\/wp-content\/uploads\/2017\/12\/Avatar2.jpg","contentUrl":"http:\/\/volcanes.net\/wp-content\/uploads\/2017\/12\/Avatar2.jpg","width":378,"height":378,"caption":"Grupo Volcanes"},"image":{"@id":"https:\/\/volcanes.net\/#\/schema\/logo\/image\/"},"sameAs":["https:\/\/www.facebook.com\/volcanes.net\/"]},{"@type":"Person","@id":"https:\/\/volcanes.net\/#\/schema\/person\/4bf0f383940966a4abd53f5048c0e6b9","name":"admin","image":{"@type":"ImageObject","inLanguage":"es","@id":"https:\/\/volcanes.net\/#\/schema\/person\/image\/","url":"https:\/\/secure.gravatar.com\/avatar\/ca004e6cba8462b8cb7abc86e382930c?s=96&d=mm&r=g","contentUrl":"https:\/\/secure.gravatar.com\/avatar\/ca004e6cba8462b8cb7abc86e382930c?s=96&d=mm&r=g","caption":"admin"}}]}},"_links":{"self":[{"href":"https:\/\/volcanes.net\/index.php?rest_route=\/wp\/v2\/posts\/3156"}],"collection":[{"href":"https:\/\/volcanes.net\/index.php?rest_route=\/wp\/v2\/posts"}],"about":[{"href":"https:\/\/volcanes.net\/index.php?rest_route=\/wp\/v2\/types\/post"}],"author":[{"embeddable":true,"href":"https:\/\/volcanes.net\/index.php?rest_route=\/wp\/v2\/users\/1"}],"replies":[{"embeddable":true,"href":"https:\/\/volcanes.net\/index.php?rest_route=%2Fwp%2Fv2%2Fcomments&post=3156"}],"version-history":[{"count":1,"href":"https:\/\/volcanes.net\/index.php?rest_route=\/wp\/v2\/posts\/3156\/revisions"}],"predecessor-version":[{"id":3157,"href":"https:\/\/volcanes.net\/index.php?rest_route=\/wp\/v2\/posts\/3156\/revisions\/3157"}],"wp:featuredmedia":[{"embeddable":true,"href":"https:\/\/volcanes.net\/index.php?rest_route=\/wp\/v2\/media\/3155"}],"wp:attachment":[{"href":"https:\/\/volcanes.net\/index.php?rest_route=%2Fwp%2Fv2%2Fmedia&parent=3156"}],"wp:term":[{"taxonomy":"category","embeddable":true,"href":"https:\/\/volcanes.net\/index.php?rest_route=%2Fwp%2Fv2%2Fcategories&post=3156"},{"taxonomy":"post_tag","embeddable":true,"href":"https:\/\/volcanes.net\/index.php?rest_route=%2Fwp%2Fv2%2Ftags&post=3156"}],"curies":[{"name":"wp","href":"https:\/\/api.w.org\/{rel}","templated":true}]}}