{"id":3162,"date":"2019-01-08T12:53:45","date_gmt":"2019-01-08T12:53:45","guid":{"rendered":"http:\/\/volcanes.net\/?p=3162"},"modified":"2019-01-08T12:53:45","modified_gmt":"2019-01-08T12:53:45","slug":"modelo-de-la-policia-de-proximidad-de-neza-aporte-a-la-discusion-de-la-guardia-nacional-alcalde-juan-hugo-de-la-rosa","status":"publish","type":"post","link":"https:\/\/volcanes.net\/?p=3162","title":{"rendered":"Modelo de la polic\u00eda de proximidad de Neza, aporte a la discusi\u00f3n de la guardia nacional: alcalde Juan Hugo de la Rosa"},"content":{"rendered":"<div style=\"margin-top: 0px; margin-bottom: 0px;\" class=\"sharethis-inline-share-buttons\" ><\/div><p align=\"center\" class=\"MsoNormal\" style=\"font-style:normal;font-weight:400;letter-spacing:normal;text-indent:0px;line-height:16.7919px;font-size:11pt;font-family:Calibri,sans-serif;text-align:center\"><span style=\"font-size:12pt;line-height:18.3184px;font-family:Symbol\">\u00b7<span style=\"font-size:7pt;line-height:normal;font-family:\">        <span> <\/span><\/span><\/span><span style=\"font-size:12pt;line-height:18.3184px;font-family:Arial,sans-serif\"><b>Expondr\u00e1 Juan Hugo de la Rosa a Diputados modelo de seguridad de Neza en Audiencias P\u00fablicas el nueve de enero<\/b><\/span><\/p>\n<p class=\"m_-6963827821929789867gmail-MsoListParagraphCxSpMiddle\" style=\"font-style:normal;font-weight:400;letter-spacing:normal;margin:0cm0cm0.0001pt36pt;line-height:16.7919px;font-size:11pt;font-family:Calibri,sans-serif;text-align:left\"><span style=\"font-size:12pt;line-height:18.3184px;font-family:Arial,sans-serif\"><b> <\/b><\/span><\/p>\n<p class=\"m_-6963827821929789867gmail-MsoListParagraphCxSpLast\" style=\"font-style:normal;font-weight:400;letter-spacing:normal;margin:0cm0cm8pt36pt;line-height:16.7919px;font-size:11pt;font-family:Calibri,sans-serif;text-align:left\"><span style=\"font-size:12pt;line-height:18.3184px;font-family:Symbol\">\u00b7<span style=\"font-size:7pt;line-height:normal;font-family:\">        <span> <\/span><\/span><\/span><span style=\"font-size:12pt;line-height:18.3184px;font-family:Arial,sans-serif\"><b>Enriquecer\u00e1n en la C\u00e1mara de Diputados la discusi\u00f3n de la Guardia Nacional con los sectores involucrados<\/b><\/span><\/p>\n<p class=\"MsoNormal\" style=\"font-style:normal;font-weight:400;letter-spacing:normal;margin:0cm0cm8pt;line-height:16.7919px;font-size:11pt;font-family:Calibri,sans-serif;text-align:left\"><span style=\"font-size:12pt;line-height:18.3184px;font-family:Arial,sans-serif\"> <\/span><\/p>\n<p class=\"MsoNormal\" style=\"font-style:normal;font-weight:400;letter-spacing:normal;margin:0cm0cm8pt;line-height:16.7919px;font-size:11pt;font-family:Calibri,sans-serif;text-align:left\"><span style=\"font-size:12pt;line-height:18.3184px;font-family:Arial,sans-serif\">El alcalde de Nezahualc\u00f3yotl Juan Hugo de la Rosa Garc\u00eda inform\u00f3 que el pr\u00f3ximo nueve de enero participar\u00e1 en las audiencias p\u00fablicas a realizarse bajo la iniciativa de la C\u00e1mara de Diputados para analizar la reforma constitucional en materia de Guardia Nacional propuesta por el ejecutivo nacional con los sectores involucrados, donde expondr\u00e1 el modelo desarrollado en el municipio mexiquense, el cual se ha convertido en un referente de \u00e9xito a nivel nacional e incluso internacional como un aporte para la seguridad nacional.<\/span><span style=\"font-family:Arial,sans-serif;font-size:12pt\"> <\/span><\/p>\n<p class=\"MsoNormal\" style=\"font-style:normal;font-weight:400;letter-spacing:normal;margin:0cm0cm8pt;line-height:16.7919px;font-size:11pt;font-family:Calibri,sans-serif;text-align:left\"><span style=\"font-size:12pt;line-height:18.3184px;font-family:Arial,sans-serif\">En entrevista, el presidente municipal dijo dudar de que la Guardia Nacional sea la mejor opci\u00f3n, pues no todos los municipios del pa\u00eds presentan las mismas necesidades, avances o retos, hecho por el cual se deben dise\u00f1ar estrategias en materia de seguridad acordes a cada una de las poblaciones y regiones del pa\u00eds, pues<span> <\/span><span style=\"background-image:initial\">centrar los esfuerzos del estado mexicano en implementar modelos reactivos que se enfocan \u00fanicamente en el delito y no en sus causas probablemente generar\u00e1 resultados poco satisfactorios.<\/span><\/span><span style=\"font-family:Arial,sans-serif;font-size:12pt\"> <\/span><\/p>\n<p class=\"MsoNormal\" style=\"font-style:normal;font-weight:400;letter-spacing:normal;margin:0cm0cm8pt;line-height:16.7919px;font-size:11pt;font-family:Calibri,sans-serif;text-align:left\"><span style=\"font-size:12pt;line-height:18.3184px;font-family:Arial,sans-serif\">De la Rosa Garc\u00eda reconoci\u00f3 la importancia de que la C\u00e1mara de Diputados mantenga la apertura y sobre todo la disposici\u00f3n de considerar a quienes est\u00e1n involucrados y deben expresar sus propuestas y preocupaciones respecto a la reforma constitucional que permitir\u00e1 la creaci\u00f3n de la llamada Guardia Nacional en el pa\u00eds, un tema de suma relevancia toda vez que la falta de seguridad y el aumento en la violencia se ha convertido en una de las principales preocupaciones de los mexicanos.<\/span><span style=\"font-family:Arial,sans-serif;font-size:12pt\"> <\/span><\/p>\n<p class=\"MsoNormal\" style=\"font-style:normal;font-weight:400;letter-spacing:normal;margin:0cm0cm8pt;line-height:16.7919px;font-size:11pt;font-family:Calibri,sans-serif;text-align:left\"><span style=\"font-size:12pt;line-height:18.3184px;font-family:Arial,sans-serif\">En ese sentido, solicit\u00f3 que adem\u00e1s de ser escuchados sean verdaderamente tomadas en cuenta todas las propuestas y experiencias que verter\u00e1n senadores, gobernadores, alcaldes y representantes de organismos e instituciones de derechos humanos, especialistas y acad\u00e9micos, pues de no ser as\u00ed se ver\u00e1n sumamente desgastados los mecanismos institucionales para lograr consensos y sobre todo dise\u00f1ar estrategias que permitan verdaderos avances en la materia, pues sin lugar a dudas la seguridad es tarea de todos.<\/span><span style=\"font-family:Arial,sans-serif;font-size:12pt\"> <\/span><\/p>\n<p class=\"MsoNormal\" style=\"font-style:normal;font-weight:400;letter-spacing:normal;margin:0cm0cm8pt;line-height:16.7919px;font-size:11pt;font-family:Calibri,sans-serif;text-align:left\"><span style=\"font-size:12pt;line-height:18.3184px;font-family:Arial,sans-serif\">Record\u00f3 que el modelo policial de proximidad de Nezahualc\u00f3yotl que actualmente ha logrado conformar m\u00e1s de 11 mil redes de seguridad vecinales, puede aportar elementos sumamente valiosos a favor de la seguridad en el pa\u00eds, pues afirm\u00f3 es a partir del entorno local donde se tiene el contacto directo con la ciudadan\u00eda y donde la prevenci\u00f3n juega un papel verdaderamente trascendental para la pacificaci\u00f3n del pa\u00eds desde los municipios, principal n\u00facleo del federalismo y la rep\u00fablica.<\/span><span style=\"font-family:Arial,sans-serif;font-size:12pt\"> <\/span><\/p>\n<p class=\"MsoNormal\" style=\"font-style:normal;font-weight:400;letter-spacing:normal;margin:0cm0cm8pt;line-height:16.7919px;font-size:11pt;font-family:Calibri,sans-serif;text-align:left\"><span style=\"font-size:12pt;line-height:18.3184px;font-family:Arial,sans-serif\">Finalmente, el presidente municipal Juan Hugo de la Rosa Garc\u00eda solicit\u00f3 al Congreso de la Uni\u00f3n considerar las posturas y propuestas que emitir\u00e1n los participantes en el tema que definir\u00e1 sin lugar a dudas el futuro del pa\u00eds en la materia y con ello tambi\u00e9n la tranquilidad y el futuro de los mexicanos.<\/span><\/p>\n","protected":false},"excerpt":{"rendered":"<p>\u00b7 Expondr\u00e1 Juan Hugo de la Rosa a Diputados modelo de seguridad de Neza en<\/p>\n","protected":false},"author":1,"featured_media":3161,"comment_status":"open","ping_status":"open","sticky":false,"template":"","format":"standard","meta":{"footnotes":""},"categories":[1],"tags":[21],"class_list":["post-3162","post","type-post","status-publish","format-standard","has-post-thumbnail","hentry","category-municipales","tag-nezahualcoyotl"],"yoast_head":"<!-- This site is optimized with the Yoast SEO plugin v25.3 - https:\/\/yoast.com\/wordpress\/plugins\/seo\/ -->\n<title>Modelo de la polic\u00eda de proximidad de Neza, aporte a la discusi\u00f3n de la guardia nacional: alcalde Juan Hugo de la Rosa - Volcanes<\/title>\n<meta name=\"robots\" content=\"index, follow, max-snippet:-1, max-image-preview:large, max-video-preview:-1\" \/>\n<link rel=\"canonical\" href=\"https:\/\/volcanes.net\/?p=3162\" \/>\n<meta property=\"og:locale\" content=\"es_MX\" \/>\n<meta property=\"og:type\" content=\"article\" \/>\n<meta property=\"og:title\" content=\"Modelo de la polic\u00eda de proximidad de Neza, aporte a la discusi\u00f3n de la guardia nacional: alcalde Juan Hugo de la Rosa - Volcanes\" \/>\n<meta property=\"og:description\" content=\"\u00b7 Expondr\u00e1 Juan Hugo de la Rosa a Diputados modelo de seguridad de Neza en\" \/>\n<meta property=\"og:url\" content=\"https:\/\/volcanes.net\/?p=3162\" \/>\n<meta property=\"og:site_name\" content=\"Volcanes\" \/>\n<meta property=\"article:publisher\" content=\"https:\/\/www.facebook.com\/volcanes.net\/\" \/>\n<meta property=\"article:published_time\" content=\"2019-01-08T12:53:45+00:00\" \/>\n<meta property=\"og:image\" content=\"https:\/\/volcanes.net\/wp-content\/uploads\/2019\/01\/1546951897005143.jpg\" \/>\n\t<meta property=\"og:image:width\" content=\"640\" \/>\n\t<meta property=\"og:image:height\" content=\"427\" \/>\n\t<meta property=\"og:image:type\" content=\"image\/jpeg\" \/>\n<meta name=\"author\" content=\"admin\" \/>\n<meta name=\"twitter:card\" content=\"summary_large_image\" \/>\n<meta name=\"twitter:label1\" content=\"Escrito por\" \/>\n\t<meta name=\"twitter:data1\" content=\"admin\" \/>\n\t<meta name=\"twitter:label2\" content=\"Tiempo de lectura\" \/>\n\t<meta name=\"twitter:data2\" content=\"3 minutos\" \/>\n<script type=\"application\/ld+json\" class=\"yoast-schema-graph\">{\"@context\":\"https:\/\/schema.org\",\"@graph\":[{\"@type\":\"Article\",\"@id\":\"https:\/\/volcanes.net\/?p=3162#article\",\"isPartOf\":{\"@id\":\"https:\/\/volcanes.net\/?p=3162\"},\"author\":{\"name\":\"admin\",\"@id\":\"https:\/\/volcanes.net\/#\/schema\/person\/4bf0f383940966a4abd53f5048c0e6b9\"},\"headline\":\"Modelo de la polic\u00eda de proximidad de Neza, aporte a la discusi\u00f3n de la guardia nacional: alcalde Juan Hugo de la Rosa\",\"datePublished\":\"2019-01-08T12:53:45+00:00\",\"mainEntityOfPage\":{\"@id\":\"https:\/\/volcanes.net\/?p=3162\"},\"wordCount\":545,\"commentCount\":0,\"publisher\":{\"@id\":\"https:\/\/volcanes.net\/#organization\"},\"image\":{\"@id\":\"https:\/\/volcanes.net\/?p=3162#primaryimage\"},\"thumbnailUrl\":\"https:\/\/volcanes.net\/wp-content\/uploads\/2019\/01\/1546951897005143.jpg\",\"keywords\":[\"Nezahualc\u00f3yotl\"],\"articleSection\":[\"Municipales\"],\"inLanguage\":\"es\",\"potentialAction\":[{\"@type\":\"CommentAction\",\"name\":\"Comment\",\"target\":[\"https:\/\/volcanes.net\/?p=3162#respond\"]}]},{\"@type\":\"WebPage\",\"@id\":\"https:\/\/volcanes.net\/?p=3162\",\"url\":\"https:\/\/volcanes.net\/?p=3162\",\"name\":\"Modelo de la polic\u00eda de proximidad de Neza, aporte a la discusi\u00f3n de la guardia nacional: alcalde Juan Hugo de la Rosa - Volcanes\",\"isPartOf\":{\"@id\":\"https:\/\/volcanes.net\/#website\"},\"primaryImageOfPage\":{\"@id\":\"https:\/\/volcanes.net\/?p=3162#primaryimage\"},\"image\":{\"@id\":\"https:\/\/volcanes.net\/?p=3162#primaryimage\"},\"thumbnailUrl\":\"https:\/\/volcanes.net\/wp-content\/uploads\/2019\/01\/1546951897005143.jpg\",\"datePublished\":\"2019-01-08T12:53:45+00:00\",\"breadcrumb\":{\"@id\":\"https:\/\/volcanes.net\/?p=3162#breadcrumb\"},\"inLanguage\":\"es\",\"potentialAction\":[{\"@type\":\"ReadAction\",\"target\":[\"https:\/\/volcanes.net\/?p=3162\"]}]},{\"@type\":\"ImageObject\",\"inLanguage\":\"es\",\"@id\":\"https:\/\/volcanes.net\/?p=3162#primaryimage\",\"url\":\"https:\/\/volcanes.net\/wp-content\/uploads\/2019\/01\/1546951897005143.jpg\",\"contentUrl\":\"https:\/\/volcanes.net\/wp-content\/uploads\/2019\/01\/1546951897005143.jpg\",\"width\":640,\"height\":427},{\"@type\":\"BreadcrumbList\",\"@id\":\"https:\/\/volcanes.net\/?p=3162#breadcrumb\",\"itemListElement\":[{\"@type\":\"ListItem\",\"position\":1,\"name\":\"Portada\",\"item\":\"https:\/\/volcanes.net\/\"},{\"@type\":\"ListItem\",\"position\":2,\"name\":\"Modelo de la polic\u00eda de proximidad de Neza, aporte a la discusi\u00f3n de la guardia nacional: alcalde Juan Hugo de la Rosa\"}]},{\"@type\":\"WebSite\",\"@id\":\"https:\/\/volcanes.net\/#website\",\"url\":\"https:\/\/volcanes.net\/\",\"name\":\"Volcanes.Net\",\"description\":\"Periodismo Profesional\",\"publisher\":{\"@id\":\"https:\/\/volcanes.net\/#organization\"},\"potentialAction\":[{\"@type\":\"SearchAction\",\"target\":{\"@type\":\"EntryPoint\",\"urlTemplate\":\"https:\/\/volcanes.net\/?s={search_term_string}\"},\"query-input\":{\"@type\":\"PropertyValueSpecification\",\"valueRequired\":true,\"valueName\":\"search_term_string\"}}],\"inLanguage\":\"es\"},{\"@type\":\"Organization\",\"@id\":\"https:\/\/volcanes.net\/#organization\",\"name\":\"Grupo Volcanes\",\"url\":\"https:\/\/volcanes.net\/\",\"logo\":{\"@type\":\"ImageObject\",\"inLanguage\":\"es\",\"@id\":\"https:\/\/volcanes.net\/#\/schema\/logo\/image\/\",\"url\":\"http:\/\/volcanes.net\/wp-content\/uploads\/2017\/12\/Avatar2.jpg\",\"contentUrl\":\"http:\/\/volcanes.net\/wp-content\/uploads\/2017\/12\/Avatar2.jpg\",\"width\":378,\"height\":378,\"caption\":\"Grupo Volcanes\"},\"image\":{\"@id\":\"https:\/\/volcanes.net\/#\/schema\/logo\/image\/\"},\"sameAs\":[\"https:\/\/www.facebook.com\/volcanes.net\/\"]},{\"@type\":\"Person\",\"@id\":\"https:\/\/volcanes.net\/#\/schema\/person\/4bf0f383940966a4abd53f5048c0e6b9\",\"name\":\"admin\",\"image\":{\"@type\":\"ImageObject\",\"inLanguage\":\"es\",\"@id\":\"https:\/\/volcanes.net\/#\/schema\/person\/image\/\",\"url\":\"https:\/\/secure.gravatar.com\/avatar\/ca004e6cba8462b8cb7abc86e382930c?s=96&d=mm&r=g\",\"contentUrl\":\"https:\/\/secure.gravatar.com\/avatar\/ca004e6cba8462b8cb7abc86e382930c?s=96&d=mm&r=g\",\"caption\":\"admin\"}}]}<\/script>\n<!-- \/ Yoast SEO plugin. -->","yoast_head_json":{"title":"Modelo de la polic\u00eda de proximidad de Neza, aporte a la discusi\u00f3n de la guardia nacional: alcalde Juan Hugo de la Rosa - Volcanes","robots":{"index":"index","follow":"follow","max-snippet":"max-snippet:-1","max-image-preview":"max-image-preview:large","max-video-preview":"max-video-preview:-1"},"canonical":"https:\/\/volcanes.net\/?p=3162","og_locale":"es_MX","og_type":"article","og_title":"Modelo de la polic\u00eda de proximidad de Neza, aporte a la discusi\u00f3n de la guardia nacional: alcalde Juan Hugo de la Rosa - Volcanes","og_description":"\u00b7 Expondr\u00e1 Juan Hugo de la Rosa a Diputados modelo de seguridad de Neza en","og_url":"https:\/\/volcanes.net\/?p=3162","og_site_name":"Volcanes","article_publisher":"https:\/\/www.facebook.com\/volcanes.net\/","article_published_time":"2019-01-08T12:53:45+00:00","og_image":[{"width":640,"height":427,"url":"https:\/\/volcanes.net\/wp-content\/uploads\/2019\/01\/1546951897005143.jpg","type":"image\/jpeg"}],"author":"admin","twitter_card":"summary_large_image","twitter_misc":{"Escrito por":"admin","Tiempo de lectura":"3 minutos"},"schema":{"@context":"https:\/\/schema.org","@graph":[{"@type":"Article","@id":"https:\/\/volcanes.net\/?p=3162#article","isPartOf":{"@id":"https:\/\/volcanes.net\/?p=3162"},"author":{"name":"admin","@id":"https:\/\/volcanes.net\/#\/schema\/person\/4bf0f383940966a4abd53f5048c0e6b9"},"headline":"Modelo de la polic\u00eda de proximidad de Neza, aporte a la discusi\u00f3n de la guardia nacional: alcalde Juan Hugo de la Rosa","datePublished":"2019-01-08T12:53:45+00:00","mainEntityOfPage":{"@id":"https:\/\/volcanes.net\/?p=3162"},"wordCount":545,"commentCount":0,"publisher":{"@id":"https:\/\/volcanes.net\/#organization"},"image":{"@id":"https:\/\/volcanes.net\/?p=3162#primaryimage"},"thumbnailUrl":"https:\/\/volcanes.net\/wp-content\/uploads\/2019\/01\/1546951897005143.jpg","keywords":["Nezahualc\u00f3yotl"],"articleSection":["Municipales"],"inLanguage":"es","potentialAction":[{"@type":"CommentAction","name":"Comment","target":["https:\/\/volcanes.net\/?p=3162#respond"]}]},{"@type":"WebPage","@id":"https:\/\/volcanes.net\/?p=3162","url":"https:\/\/volcanes.net\/?p=3162","name":"Modelo de la polic\u00eda de proximidad de Neza, aporte a la discusi\u00f3n de la guardia nacional: alcalde Juan Hugo de la Rosa - Volcanes","isPartOf":{"@id":"https:\/\/volcanes.net\/#website"},"primaryImageOfPage":{"@id":"https:\/\/volcanes.net\/?p=3162#primaryimage"},"image":{"@id":"https:\/\/volcanes.net\/?p=3162#primaryimage"},"thumbnailUrl":"https:\/\/volcanes.net\/wp-content\/uploads\/2019\/01\/1546951897005143.jpg","datePublished":"2019-01-08T12:53:45+00:00","breadcrumb":{"@id":"https:\/\/volcanes.net\/?p=3162#breadcrumb"},"inLanguage":"es","potentialAction":[{"@type":"ReadAction","target":["https:\/\/volcanes.net\/?p=3162"]}]},{"@type":"ImageObject","inLanguage":"es","@id":"https:\/\/volcanes.net\/?p=3162#primaryimage","url":"https:\/\/volcanes.net\/wp-content\/uploads\/2019\/01\/1546951897005143.jpg","contentUrl":"https:\/\/volcanes.net\/wp-content\/uploads\/2019\/01\/1546951897005143.jpg","width":640,"height":427},{"@type":"BreadcrumbList","@id":"https:\/\/volcanes.net\/?p=3162#breadcrumb","itemListElement":[{"@type":"ListItem","position":1,"name":"Portada","item":"https:\/\/volcanes.net\/"},{"@type":"ListItem","position":2,"name":"Modelo de la polic\u00eda de proximidad de Neza, aporte a la discusi\u00f3n de la guardia nacional: alcalde Juan Hugo de la Rosa"}]},{"@type":"WebSite","@id":"https:\/\/volcanes.net\/#website","url":"https:\/\/volcanes.net\/","name":"Volcanes.Net","description":"Periodismo Profesional","publisher":{"@id":"https:\/\/volcanes.net\/#organization"},"potentialAction":[{"@type":"SearchAction","target":{"@type":"EntryPoint","urlTemplate":"https:\/\/volcanes.net\/?s={search_term_string}"},"query-input":{"@type":"PropertyValueSpecification","valueRequired":true,"valueName":"search_term_string"}}],"inLanguage":"es"},{"@type":"Organization","@id":"https:\/\/volcanes.net\/#organization","name":"Grupo Volcanes","url":"https:\/\/volcanes.net\/","logo":{"@type":"ImageObject","inLanguage":"es","@id":"https:\/\/volcanes.net\/#\/schema\/logo\/image\/","url":"http:\/\/volcanes.net\/wp-content\/uploads\/2017\/12\/Avatar2.jpg","contentUrl":"http:\/\/volcanes.net\/wp-content\/uploads\/2017\/12\/Avatar2.jpg","width":378,"height":378,"caption":"Grupo Volcanes"},"image":{"@id":"https:\/\/volcanes.net\/#\/schema\/logo\/image\/"},"sameAs":["https:\/\/www.facebook.com\/volcanes.net\/"]},{"@type":"Person","@id":"https:\/\/volcanes.net\/#\/schema\/person\/4bf0f383940966a4abd53f5048c0e6b9","name":"admin","image":{"@type":"ImageObject","inLanguage":"es","@id":"https:\/\/volcanes.net\/#\/schema\/person\/image\/","url":"https:\/\/secure.gravatar.com\/avatar\/ca004e6cba8462b8cb7abc86e382930c?s=96&d=mm&r=g","contentUrl":"https:\/\/secure.gravatar.com\/avatar\/ca004e6cba8462b8cb7abc86e382930c?s=96&d=mm&r=g","caption":"admin"}}]}},"_links":{"self":[{"href":"https:\/\/volcanes.net\/index.php?rest_route=\/wp\/v2\/posts\/3162"}],"collection":[{"href":"https:\/\/volcanes.net\/index.php?rest_route=\/wp\/v2\/posts"}],"about":[{"href":"https:\/\/volcanes.net\/index.php?rest_route=\/wp\/v2\/types\/post"}],"author":[{"embeddable":true,"href":"https:\/\/volcanes.net\/index.php?rest_route=\/wp\/v2\/users\/1"}],"replies":[{"embeddable":true,"href":"https:\/\/volcanes.net\/index.php?rest_route=%2Fwp%2Fv2%2Fcomments&post=3162"}],"version-history":[{"count":1,"href":"https:\/\/volcanes.net\/index.php?rest_route=\/wp\/v2\/posts\/3162\/revisions"}],"predecessor-version":[{"id":3163,"href":"https:\/\/volcanes.net\/index.php?rest_route=\/wp\/v2\/posts\/3162\/revisions\/3163"}],"wp:featuredmedia":[{"embeddable":true,"href":"https:\/\/volcanes.net\/index.php?rest_route=\/wp\/v2\/media\/3161"}],"wp:attachment":[{"href":"https:\/\/volcanes.net\/index.php?rest_route=%2Fwp%2Fv2%2Fmedia&parent=3162"}],"wp:term":[{"taxonomy":"category","embeddable":true,"href":"https:\/\/volcanes.net\/index.php?rest_route=%2Fwp%2Fv2%2Fcategories&post=3162"},{"taxonomy":"post_tag","embeddable":true,"href":"https:\/\/volcanes.net\/index.php?rest_route=%2Fwp%2Fv2%2Ftags&post=3162"}],"curies":[{"name":"wp","href":"https:\/\/api.w.org\/{rel}","templated":true}]}}